{"id":2114,"date":"2018-07-24T16:09:27","date_gmt":"2018-07-24T14:09:27","guid":{"rendered":"http:\/\/www.proof.de\/?p=2114"},"modified":"2024-05-06T01:22:27","modified_gmt":"2024-05-05T23:22:27","slug":"perfis-individuais-icc-para-utilizacao-da-prova","status":"publish","type":"post","link":"https:\/\/blog.proofs.de\/pt\/individuelle-icc-profile-fuer-den-proof-verwenden\/","title":{"rendered":"Utilize perfis ICC individuais para a prova"},"content":{"rendered":"<div class=\"kk-star-ratings kksr-auto kksr-align-right kksr-valign-top\" data-payload='{\"align\":\"right\",\"id\":\"2114\",\"slug\":\"default\",\"valign\":\"top\",\"ignore\":\"\",\"reference\":\"auto\",\"class\":\"\",\"count\":\"0\",\"legendonly\":\"\",\"readonly\":\"\",\"score\":\"0\",\"starsonly\":\"\",\"best\":\"5\",\"gap\":\"5\",\"greet\":\"Jetzt bewerten\",\"legend\":\"0\\\/5 - (0 votes)\",\"size\":\"24\",\"title\":\"Individuelle ICC Profile f&uuml;r den Proof verwenden\",\"width\":\"0\",\"_legend\":\"{score}\\\/{best} - ({count} {votes})\",\"font_factor\":\"1.25\"}'>\n            \n<div class=\"kksr-stars\">\n    \n<div class=\"kksr-stars-inactive\">\n            <div class=\"kksr-star\" data-star=\"1\" style=\"padding-right: 5px\">\n            \n\n<div class=\"kksr-icon\" style=\"width: 24px; height: 24px;\"><\/div>\n        <\/div>\n            <div class=\"kksr-star\" data-star=\"2\" style=\"padding-right: 5px\">\n            \n\n<div class=\"kksr-icon\" style=\"width: 24px; height: 24px;\"><\/div>\n        <\/div>\n            <div class=\"kksr-star\" data-star=\"3\" style=\"padding-right: 5px\">\n            \n\n<div class=\"kksr-icon\" style=\"width: 24px; height: 24px;\"><\/div>\n        <\/div>\n            <div class=\"kksr-star\" data-star=\"4\" style=\"padding-right: 5px\">\n            \n\n<div class=\"kksr-icon\" style=\"width: 24px; height: 24px;\"><\/div>\n        <\/div>\n            <div class=\"kksr-star\" data-star=\"5\" style=\"padding-right: 5px\">\n            \n\n<div class=\"kksr-icon\" style=\"width: 24px; height: 24px;\"><\/div>\n        <\/div>\n    <\/div>\n    \n<div class=\"kksr-stars-active\" style=\"width: 0px;\">\n            <div class=\"kksr-star\" style=\"padding-right: 5px\">\n            \n\n<div class=\"kksr-icon\" style=\"width: 24px; height: 24px;\"><\/div>\n        <\/div>\n            <div class=\"kksr-star\" style=\"padding-right: 5px\">\n            \n\n<div class=\"kksr-icon\" style=\"width: 24px; height: 24px;\"><\/div>\n        <\/div>\n            <div class=\"kksr-star\" style=\"padding-right: 5px\">\n            \n\n<div class=\"kksr-icon\" style=\"width: 24px; height: 24px;\"><\/div>\n        <\/div>\n            <div class=\"kksr-star\" style=\"padding-right: 5px\">\n            \n\n<div class=\"kksr-icon\" style=\"width: 24px; height: 24px;\"><\/div>\n        <\/div>\n            <div class=\"kksr-star\" style=\"padding-right: 5px\">\n            \n\n<div class=\"kksr-icon\" style=\"width: 24px; height: 24px;\"><\/div>\n        <\/div>\n    <\/div>\n<\/div>\n                \n\n<div class=\"kksr-legend\" style=\"font-size: 19.2px;\">\n            <span class=\"kksr-muted\">Avalie agora<\/span>\n    <\/div>\n    <\/div>\n<p>Um novo cliente telefonou-nos hoje: Ele <a href=\"https:\/\/blog.proofs.de\/pt\/lexikon\/proof\/\" target=\"_self\" title=\"Uma prova (correctamente: prova de contrato) \u00e9 um dispositivo de prova certificado ISO 12647-7 para a ind\u00fastria das artes gr\u00e1ficas. Uma prova simula o colorido da impress\u00e3o offset ou da impress\u00e3o de gravura a cores e juridicamente vinculativa dentro das estreitas toler\u00e2ncias da norma ISO.\" class=\"encyclopedia\">prova<\/a>t para os fornecedores chineses, e criado at\u00e9 \u00e0 data <a href=\"https:\/\/blog.proofs.de\/pt\/lexikon\/proofs\/\" target=\"_self\" title=\"No sector da impress\u00e3o, as provas (ou impress\u00f5es de provas) referem-se \u00e0 encaderna\u00e7\u00e3o a cores e \u00e0 simula\u00e7\u00e3o legalmente vinculativa de um resultado de impress\u00e3o para efeitos de controlo. A norma respons\u00e1vel pelas provas \u00e9 a ISO 12647-7:2016, ou seja, a revis\u00e3o actual de 2016.\" class=\"encyclopedia\">Provas<\/a> em Japan Color 2001 Coated (JapanColor2001Coated.<a href=\"https:\/\/blog.proofs.de\/pt\/lexikon\/icc\/\" target=\"_self\" title=\"O Cons\u00f3rcio Internacional de Cor, ICC, \u00e9 um comit\u00e9 internacional respons\u00e1vel pela normaliza\u00e7\u00e3o dos perfis de cor.&nbsp;\" class=\"encyclopedia\">icc<\/a>). At\u00e9 \u00e0 data, temos o perfil no nosso <a href=\"https:\/\/blog.proofs.de\/pt\/lexikon\/rip\/\" target=\"_self\" title='Um RIP \u00e9 um processador de imagem raster. Ele processa dados em PDF ou Postscript e envia-os para impressoras de imagens conectadas ou impressoras de provas.' class=\"encyclopedia\">RIP<\/a> mas, num curto espa\u00e7o de tempo, conseguimos carregar o perfil no nosso RIP, criar fluxos de trabalho e tornar o perfil encomend\u00e1vel na loja.<\/p>\n<h2>Temos todo o gosto em incorporar os seus perfis de prova ICC individuais e criar provas para eles.<\/h2>\n<p>N\u00f3s <a href=\"https:\/\/blog.proofs.de\/pt\/lexikon\/proofen\/\" target=\"_self\" title='&quot;Proofing&quot; significa fazer uma prova ou mandar fazer uma prova. &quot;Eu ainda tenho de ter a brochura \u00e0 prova&quot; \u00e9 a formula\u00e7\u00e3o t\u00edpica para a palavra &quot;prova&quot;. Assim, a prova significa ter uma prova de cor e legalmente vinculativa produzida de acordo com a actual norma ISO 12647-7.' class=\"encyclopedia\">proofen<\/a> mais de 50 normas internacionais de prova, mas mesmo entre estas h\u00e1 sempre uma ou duas normas que ainda n\u00e3o oferecemos. Muitas vezes, os fabricantes de tintas ou de papel tamb\u00e9m oferecem perfis ICC, como \u00e9 o caso de <a href=\"https:\/\/blog.proofs.de\/pt\/lexikon\/aniva\/\" target=\"_self\" title=\"A Aniva \u00e9 uma tinta de impress\u00e3o altamente pigmentada da Epple que atinge uma colora\u00e7\u00e3o significativamente mais alta no modo CMYK do que as tintas de impress\u00e3o cl\u00e1ssicas.\" class=\"encyclopedia\">Aniva<\/a> ou Heaven42 e o <a href=\"https:\/\/blog.proofs.de\/pt\/lexikon\/munken\/\" target=\"_self\" title=\"Os pap\u00e9is Munken s\u00e3o pap\u00e9is n\u00e3o revestidos de alta qualidade de papel \u00e1rctico que est\u00e3o dispon\u00edveis em corantes especiais. O \u00c1rctico tamb\u00e9m criou perfis ICC para eles, que levam em conta as propriedades especiais dos pap\u00e9is. Os perfis de prova est\u00e3o dispon\u00edveis para alguns destes pap\u00e9is.\" class=\"encyclopedia\">Munken<\/a>, <a href=\"https:\/\/blog.proofs.de\/pt\/lexikon\/amber\/\" target=\"_self\" title=\"O \u00e2mbar \u00e9 um papel branco brilhante, n\u00e3o revestido de papel \u00c1rtico.\" class=\"encyclopedia\">\u00c2mbar<\/a> e a gama de papel Arctic Paper da Arctic. Ou calibrou um padr\u00e3o interno para os seus par\u00e2metros de impress\u00e3o que gostaria de utilizar para provas? Ent\u00e3o fale connosco. Teremos todo o gosto em apoi\u00e1-lo.<\/p>\n<h2>Tamb\u00e9m s\u00e3o poss\u00edveis perfis 7C e perfis de canal N personalizados<\/h2>\n<p>Desde 2024, oferecemos tamb\u00e9m provas com perfis 7C personalizados para a impress\u00e3o com <a href=\"https:\/\/blog.proofs.de\/pt\/lexikon\/farbraum\/\" target=\"_self\" title=\"O espa\u00e7o de cor \u00e9 baseado num modelo de cor e \u00e9 a sua aplica\u00e7\u00e3o concreta a um m\u00e9todo de cor (impressora, ecr\u00e3, etc). Portanto, cont\u00e9m todas as cores que podem realmente ser representadas com este m\u00e9todo e os materiais correspondentes.\" class=\"encyclopedia\">Espa\u00e7o de cor<\/a> em <a href=\"https:\/\/blog.proofs.de\/pt\/lexikon\/cmyk\/\" target=\"_self\" title='CMYK significa as quatro cores de impress\u00e3o: ciano, magenta, amarelo (amarelo) e &quot;chave&quot; (por\u00e7\u00e3o preta ou preta).' class=\"encyclopedia\">CMYK<\/a>Tamb\u00e9m podem ser produzidos perfis individuais OGV, de 5 e 6 cores.<\/p>","protected":false},"excerpt":{"rendered":"<p>Um novo cliente telefonou-nos hoje: Faz provas para fornecedores chineses e tem estado a criar provas em Japan Color 2001 Coated (JapanColor2001Coated.icc). N\u00e3o t\u00ednhamos configurado previamente o perfil no nosso RIP, mas conseguimos carregar o perfil no nosso RIP, criar fluxos de trabalho e disponibilizar o perfil para encomenda na loja num curto espa\u00e7o de tempo. Temos todo o gosto em integrar os seus perfis de prova ICC individuais e criar provas para si. Efectuamos mais de 50 normas de prova internacionais, mas h\u00e1 sempre uma ou duas normas que ainda n\u00e3o oferecemos. ... <\/p>\n<p class=\"read-more-container\"><a title=\"Utilize perfis ICC individuais para a prova\" class=\"read-more button\" href=\"https:\/\/blog.proofs.de\/pt\/individuelle-icc-profile-fuer-den-proof-verwenden\/#more-2114\" aria-label=\"Leia mais sobre Utilizar perfis ICC personalizados para a prova\">Leia mais<\/a><\/p>","protected":false},"author":2,"featured_media":178,"comment_status":"open","ping_status":"open","sticky":false,"template":"","format":"standard","meta":{"om_disable_all_campaigns":false,"inline_featured_image":false,"_monsterinsights_skip_tracking":false,"footnotes":""},"categories":[1,435],"tags":[764,760,761,767,766,498,758,757,759,336,765,763,762,239],"class_list":["post-2114","post","type-post","status-publish","format-standard","has-post-thumbnail","hentry","category-allgemein","category-farbraeume-und-farbprofile","tag-amber","tag-aniva","tag-arctic","tag-eigenes-icc-profil","tag-eigenes-profil","tag-heaven42","tag-icc","tag-icc-profil","tag-individuelle-icc-profile","tag-japan-color-2011-coated","tag-japancolor2001coated","tag-lynx","tag-munken","tag-proof-profil","generate-columns","tablet-grid-50","mobile-grid-100","grid-parent","grid-50","no-featured-image-padding","resize-featured-image"],"aioseo_notices":[],"aioseo_head":"\n\t\t<!-- All in One SEO 5.0.1.1 - aioseo.com -->\n\t<meta name=\"description\" content=\"Gerne binden wir Ihre individuellen ICC Proof Profile ein und erstellen Ihnen daf\u00fcr Proofs. Sprechen Sie mit uns. Wir unterst\u00fctzen Sie gerne.\" \/>\n\t<meta name=\"robots\" content=\"max-image-preview:large\" \/>\n\t<meta name=\"author\" content=\"Matthias Betz\"\/>\n\t<meta name=\"google-site-verification\" content=\"TuXxyRwxcEg2-WfOaQ8vScWQh3-uBAnxXmY7g3GT90A\" \/>\n\t<meta name=\"keywords\" content=\"amber,aniva,arctic,eigenes icc profil,eigenes profil,heaven42,icc,icc profil,individuelle icc profile,japan color 2011 coated,japancolor2001coated,lynx,munken,proof profil\" \/>\n\t<link rel=\"canonical\" href=\"https:\/\/blog.proofs.de\/pt\/individuelle-icc-profile-fuer-den-proof-verwenden\/\" \/>\n\t<meta name=\"generator\" content=\"All in One SEO (AIOSEO) 5.0.1.1\" \/>\n\n\t\t<meta name=\"seobility\" content=\"593a8578143db71543f014978c690d47\">\n\t\t<meta property=\"og:locale\" content=\"pt_PT\" \/>\n\t\t<meta property=\"og:site_name\" content=\"Proof.de | Alles zu Proof, Farbmanagement, Grafik, Messtechnik &amp; Co.\" \/>\n\t\t<meta property=\"og:type\" content=\"article\" \/>\n\t\t<meta property=\"og:title\" content=\"Individuelle ICC Profile f\u00fcr den Proof verwenden | proof.de\" \/>\n\t\t<meta property=\"og:description\" content=\"Gerne binden wir Ihre individuellen ICC Proof Profile ein und erstellen Ihnen daf\u00fcr Proofs. Sprechen Sie mit uns. Wir unterst\u00fctzen Sie gerne.\" \/>\n\t\t<meta property=\"og:url\" content=\"https:\/\/blog.proofs.de\/pt\/individuelle-icc-profile-fuer-den-proof-verwenden\/\" \/>\n\t\t<meta property=\"og:image\" content=\"https:\/\/blog.proofs.de\/wp-content\/uploads\/2012\/03\/Bildschirmfoto-2012-03-20-um-00.29.41.jpg\" \/>\n\t\t<meta property=\"og:image:secure_url\" content=\"https:\/\/blog.proofs.de\/wp-content\/uploads\/2012\/03\/Bildschirmfoto-2012-03-20-um-00.29.41.jpg\" \/>\n\t\t<meta property=\"og:image:width\" content=\"604\" \/>\n\t\t<meta property=\"og:image:height\" content=\"580\" \/>\n\t\t<meta property=\"article:published_time\" content=\"2018-07-24T14:09:27+00:00\" \/>\n\t\t<meta property=\"article:modified_time\" content=\"2024-05-05T23:22:27+00:00\" \/>\n\t\t<meta property=\"article:publisher\" content=\"https:\/\/www.facebook.com\/Proof.de\/\" \/>\n\t\t<meta name=\"twitter:card\" content=\"summary\" \/>\n\t\t<meta name=\"twitter:title\" content=\"Individuelle ICC Profile f\u00fcr den Proof verwenden | proof.de\" \/>\n\t\t<meta name=\"twitter:description\" content=\"Gerne binden wir Ihre individuellen ICC Proof Profile ein und erstellen Ihnen daf\u00fcr Proofs. Sprechen Sie mit uns. Wir unterst\u00fctzen Sie gerne.\" \/>\n\t\t<meta name=\"twitter:image\" content=\"https:\/\/blog1.proofen.de\/wp-content\/uploads\/2020\/04\/proof_background.jpg\" \/>\n\t\t<script type=\"application\/ld+json\" class=\"aioseo-schema\">\n\t\t\t{\"@context\":\"https:\\\/\\\/schema.org\",\"@graph\":[{\"@type\":\"Article\",\"@id\":\"https:\\\/\\\/blog.proofs.de\\\/pt\\\/individuelle-icc-profile-fuer-den-proof-verwenden\\\/#article\",\"name\":\"Individuelle ICC Profile f\\u00fcr den Proof verwenden | proof.de\",\"headline\":\"Individuelle ICC Profile f\\u00fcr den Proof verwenden\",\"author\":{\"@id\":\"https:\\\/\\\/blog.proofs.de\\\/pt\\\/author\\\/mbetz\\\/#author\"},\"publisher\":{\"@id\":\"https:\\\/\\\/blog.proofs.de\\\/pt\\\/#organization\"},\"image\":{\"@type\":\"ImageObject\",\"url\":\"https:\\\/\\\/blog.proofs.de\\\/wp-content\\\/uploads\\\/2012\\\/03\\\/Bildschirmfoto-2012-03-20-um-00.29.41.jpg\",\"width\":604,\"height\":580,\"caption\":\"Vergleich eciRGB_V2 (wei\\u00df) und ISOCoatedV2\"},\"datePublished\":\"2018-07-24T16:09:27+02:00\",\"dateModified\":\"2024-05-06T01:22:27+02:00\",\"inLanguage\":\"pt-PT\",\"mainEntityOfPage\":{\"@id\":\"https:\\\/\\\/blog.proofs.de\\\/pt\\\/individuelle-icc-profile-fuer-den-proof-verwenden\\\/#webpage\"},\"isPartOf\":{\"@id\":\"https:\\\/\\\/blog.proofs.de\\\/pt\\\/individuelle-icc-profile-fuer-den-proof-verwenden\\\/#webpage\"},\"articleSection\":\"Allgemein, Farbr\\u00e4ume und Farbprofile, Amber, Aniva, Arctic, eigenes ICC Profil, eigenes Profil, Heaven42, ICC, ICC Profil, Individuelle ICC Profile, Japan Color 2011 Coated, JapanColor2001Coated, Lynx, Munken, Proof Profil\"},{\"@type\":\"BreadcrumbList\",\"@id\":\"https:\\\/\\\/blog.proofs.de\\\/pt\\\/individuelle-icc-profile-fuer-den-proof-verwenden\\\/#breadcrumblist\",\"itemListElement\":[{\"@type\":\"ListItem\",\"@id\":\"https:\\\/\\\/blog.proofs.de\\\/pt#listItem\",\"position\":1,\"name\":\"Home\",\"item\":\"https:\\\/\\\/blog.proofs.de\\\/pt\",\"nextItem\":{\"@type\":\"ListItem\",\"@id\":\"https:\\\/\\\/blog.proofs.de\\\/pt\\\/thema\\\/proof-wissen\\\/#listItem\",\"name\":\"Proof Wissen\"}},{\"@type\":\"ListItem\",\"@id\":\"https:\\\/\\\/blog.proofs.de\\\/pt\\\/thema\\\/proof-wissen\\\/#listItem\",\"position\":2,\"name\":\"Proof Wissen\",\"item\":\"https:\\\/\\\/blog.proofs.de\\\/pt\\\/thema\\\/proof-wissen\\\/\",\"nextItem\":{\"@type\":\"ListItem\",\"@id\":\"https:\\\/\\\/blog.proofs.de\\\/pt\\\/thema\\\/proof-wissen\\\/farbraeume-und-farbprofile\\\/#listItem\",\"name\":\"Farbr\\u00e4ume und Farbprofile\"},\"previousItem\":{\"@type\":\"ListItem\",\"@id\":\"https:\\\/\\\/blog.proofs.de\\\/pt#listItem\",\"name\":\"Home\"}},{\"@type\":\"ListItem\",\"@id\":\"https:\\\/\\\/blog.proofs.de\\\/pt\\\/thema\\\/proof-wissen\\\/farbraeume-und-farbprofile\\\/#listItem\",\"position\":3,\"name\":\"Farbr\\u00e4ume und Farbprofile\",\"item\":\"https:\\\/\\\/blog.proofs.de\\\/pt\\\/thema\\\/proof-wissen\\\/farbraeume-und-farbprofile\\\/\",\"nextItem\":{\"@type\":\"ListItem\",\"@id\":\"https:\\\/\\\/blog.proofs.de\\\/pt\\\/individuelle-icc-profile-fuer-den-proof-verwenden\\\/#listItem\",\"name\":\"Individuelle ICC Profile f\\u00fcr den Proof verwenden\"},\"previousItem\":{\"@type\":\"ListItem\",\"@id\":\"https:\\\/\\\/blog.proofs.de\\\/pt\\\/thema\\\/proof-wissen\\\/#listItem\",\"name\":\"Proof Wissen\"}},{\"@type\":\"ListItem\",\"@id\":\"https:\\\/\\\/blog.proofs.de\\\/pt\\\/individuelle-icc-profile-fuer-den-proof-verwenden\\\/#listItem\",\"position\":4,\"name\":\"Individuelle ICC Profile f\\u00fcr den Proof verwenden\",\"previousItem\":{\"@type\":\"ListItem\",\"@id\":\"https:\\\/\\\/blog.proofs.de\\\/pt\\\/thema\\\/proof-wissen\\\/farbraeume-und-farbprofile\\\/#listItem\",\"name\":\"Farbr\\u00e4ume und Farbprofile\"}}]},{\"@type\":\"Organization\",\"@id\":\"https:\\\/\\\/blog.proofs.de\\\/pt\\\/#organization\",\"name\":\"Proof GmbH\",\"description\":\"Farbverbindlicher Proof, Farbproof, Digitalproof und Online-Proof.\",\"url\":\"https:\\\/\\\/blog.proofs.de\\\/pt\\\/\",\"telephone\":\"+4970717952740\",\"logo\":{\"@type\":\"ImageObject\",\"url\":\"https:\\\/\\\/blog1.proofen.de\\\/wp-content\\\/uploads\\\/2019\\\/09\\\/logo_proof_rgb_mit_balken_250px.png\",\"@id\":\"https:\\\/\\\/blog.proofs.de\\\/pt\\\/individuelle-icc-profile-fuer-den-proof-verwenden\\\/#organizationLogo\"},\"image\":{\"@id\":\"https:\\\/\\\/blog.proofs.de\\\/pt\\\/individuelle-icc-profile-fuer-den-proof-verwenden\\\/#organizationLogo\"},\"sameAs\":[\"https:\\\/\\\/www.facebook.com\\\/Proof.de\\\/\",\"https:\\\/\\\/www.instagram.com\\\/proof.de\\\/\",\"https:\\\/\\\/www.tiktok.com\\\/@proof_de\",\"https:\\\/\\\/www.youtube.com\\\/channel\\\/UCk80fQVQ25wC9wu3SywB-Nw\",\"https:\\\/\\\/www.linkedin.com\\\/company\\\/proof-de\"]},{\"@type\":\"Person\",\"@id\":\"https:\\\/\\\/blog.proofs.de\\\/pt\\\/author\\\/mbetz\\\/#author\",\"url\":\"https:\\\/\\\/blog.proofs.de\\\/pt\\\/author\\\/mbetz\\\/\",\"name\":\"Matthias Betz\",\"image\":{\"@type\":\"ImageObject\",\"@id\":\"https:\\\/\\\/blog.proofs.de\\\/pt\\\/individuelle-icc-profile-fuer-den-proof-verwenden\\\/#authorImage\",\"url\":\"https:\\\/\\\/blog.proofs.de\\\/wp-content\\\/uploads\\\/2020\\\/10\\\/matthias-betz-e1603934518350-150x150.png\",\"width\":96,\"height\":96,\"caption\":\"Matthias Betz\"}},{\"@type\":\"WebPage\",\"@id\":\"https:\\\/\\\/blog.proofs.de\\\/pt\\\/individuelle-icc-profile-fuer-den-proof-verwenden\\\/#webpage\",\"url\":\"https:\\\/\\\/blog.proofs.de\\\/pt\\\/individuelle-icc-profile-fuer-den-proof-verwenden\\\/\",\"name\":\"Individuelle ICC Profile f\\u00fcr den Proof verwenden | proof.de\",\"description\":\"Gerne binden wir Ihre individuellen ICC Proof Profile ein und erstellen Ihnen daf\\u00fcr Proofs. Sprechen Sie mit uns. Wir unterst\\u00fctzen Sie gerne.\",\"inLanguage\":\"pt-PT\",\"isPartOf\":{\"@id\":\"https:\\\/\\\/blog.proofs.de\\\/pt\\\/#website\"},\"breadcrumb\":{\"@id\":\"https:\\\/\\\/blog.proofs.de\\\/pt\\\/individuelle-icc-profile-fuer-den-proof-verwenden\\\/#breadcrumblist\"},\"author\":{\"@id\":\"https:\\\/\\\/blog.proofs.de\\\/pt\\\/author\\\/mbetz\\\/#author\"},\"creator\":{\"@id\":\"https:\\\/\\\/blog.proofs.de\\\/pt\\\/author\\\/mbetz\\\/#author\"},\"image\":{\"@type\":\"ImageObject\",\"url\":\"https:\\\/\\\/blog.proofs.de\\\/wp-content\\\/uploads\\\/2012\\\/03\\\/Bildschirmfoto-2012-03-20-um-00.29.41.jpg\",\"@id\":\"https:\\\/\\\/blog.proofs.de\\\/pt\\\/individuelle-icc-profile-fuer-den-proof-verwenden\\\/#mainImage\",\"width\":604,\"height\":580,\"caption\":\"Vergleich eciRGB_V2 (wei\\u00df) und ISOCoatedV2\"},\"primaryImageOfPage\":{\"@id\":\"https:\\\/\\\/blog.proofs.de\\\/pt\\\/individuelle-icc-profile-fuer-den-proof-verwenden\\\/#mainImage\"},\"datePublished\":\"2018-07-24T16:09:27+02:00\",\"dateModified\":\"2024-05-06T01:22:27+02:00\"},{\"@type\":\"WebSite\",\"@id\":\"https:\\\/\\\/blog.proofs.de\\\/pt\\\/#website\",\"url\":\"https:\\\/\\\/blog.proofs.de\\\/pt\\\/\",\"name\":\"Proof.de\",\"description\":\"Farbverbindlicher Proof, Farbproof, Digitalproof und Online-Proof.\",\"inLanguage\":\"pt-PT\",\"publisher\":{\"@id\":\"https:\\\/\\\/blog.proofs.de\\\/pt\\\/#organization\"}}]}\n\t\t<\/script>\n\t\t<!-- All in One SEO -->\n\n","aioseo_head_json":{"title":"Utilize perfis ICC individuais para a prova | proof.de","description":"Teremos todo o gosto em incorporar os seus perfis de prova ICC individuais e criar provas para si. Fale connosco. Teremos todo o gosto em apoi\u00e1-lo.","canonical_url":"https:\/\/blog.proofs.de\/pt\/individuelle-icc-profile-fuer-den-proof-verwenden\/","robots":"max-image-preview:large","keywords":"amber,aniva,arctic,eigenes icc profil,eigenes profil,heaven42,icc,icc profil,individuelle icc profile,japan color 2011 coated,japancolor2001coated,lynx,munken,proof profil","webmasterTools":{"google-site-verification":"TuXxyRwxcEg2-WfOaQ8vScWQh3-uBAnxXmY7g3GT90A","miscellaneous":"&lt;meta name=\"seobility\" content=\"593a8578143db71543f014978c690d47\"&gt;"},"schema":{"@context":"https:\/\/schema.org","@graph":[{"@type":"Article","@id":"https:\/\/blog.proofs.de\/pt\/individuelle-icc-profile-fuer-den-proof-verwenden\/#article","name":"Individuelle ICC Profile f\u00fcr den Proof verwenden | proof.de","headline":"Individuelle ICC Profile f\u00fcr den Proof verwenden","author":{"@id":"https:\/\/blog.proofs.de\/pt\/author\/mbetz\/#author"},"publisher":{"@id":"https:\/\/blog.proofs.de\/pt\/#organization"},"image":{"@type":"ImageObject","url":"https:\/\/blog.proofs.de\/wp-content\/uploads\/2012\/03\/Bildschirmfoto-2012-03-20-um-00.29.41.jpg","width":604,"height":580,"caption":"Vergleich eciRGB_V2 (wei\u00df) und ISOCoatedV2"},"datePublished":"2018-07-24T16:09:27+02:00","dateModified":"2024-05-06T01:22:27+02:00","inLanguage":"pt-PT","mainEntityOfPage":{"@id":"https:\/\/blog.proofs.de\/pt\/individuelle-icc-profile-fuer-den-proof-verwenden\/#webpage"},"isPartOf":{"@id":"https:\/\/blog.proofs.de\/pt\/individuelle-icc-profile-fuer-den-proof-verwenden\/#webpage"},"articleSection":"Allgemein, Farbr\u00e4ume und Farbprofile, Amber, Aniva, Arctic, eigenes ICC Profil, eigenes Profil, Heaven42, ICC, ICC Profil, Individuelle ICC Profile, Japan Color 2011 Coated, JapanColor2001Coated, Lynx, Munken, Proof Profil"},{"@type":"BreadcrumbList","@id":"https:\/\/blog.proofs.de\/pt\/individuelle-icc-profile-fuer-den-proof-verwenden\/#breadcrumblist","itemListElement":[{"@type":"ListItem","@id":"https:\/\/blog.proofs.de\/pt#listItem","position":1,"name":"Home","item":"https:\/\/blog.proofs.de\/pt","nextItem":{"@type":"ListItem","@id":"https:\/\/blog.proofs.de\/pt\/thema\/proof-wissen\/#listItem","name":"Proof Wissen"}},{"@type":"ListItem","@id":"https:\/\/blog.proofs.de\/pt\/thema\/proof-wissen\/#listItem","position":2,"name":"Proof Wissen","item":"https:\/\/blog.proofs.de\/pt\/thema\/proof-wissen\/","nextItem":{"@type":"ListItem","@id":"https:\/\/blog.proofs.de\/pt\/thema\/proof-wissen\/farbraeume-und-farbprofile\/#listItem","name":"Farbr\u00e4ume und Farbprofile"},"previousItem":{"@type":"ListItem","@id":"https:\/\/blog.proofs.de\/pt#listItem","name":"Home"}},{"@type":"ListItem","@id":"https:\/\/blog.proofs.de\/pt\/thema\/proof-wissen\/farbraeume-und-farbprofile\/#listItem","position":3,"name":"Farbr\u00e4ume und Farbprofile","item":"https:\/\/blog.proofs.de\/pt\/thema\/proof-wissen\/farbraeume-und-farbprofile\/","nextItem":{"@type":"ListItem","@id":"https:\/\/blog.proofs.de\/pt\/individuelle-icc-profile-fuer-den-proof-verwenden\/#listItem","name":"Individuelle ICC Profile f\u00fcr den Proof verwenden"},"previousItem":{"@type":"ListItem","@id":"https:\/\/blog.proofs.de\/pt\/thema\/proof-wissen\/#listItem","name":"Proof Wissen"}},{"@type":"ListItem","@id":"https:\/\/blog.proofs.de\/pt\/individuelle-icc-profile-fuer-den-proof-verwenden\/#listItem","position":4,"name":"Individuelle ICC Profile f\u00fcr den Proof verwenden","previousItem":{"@type":"ListItem","@id":"https:\/\/blog.proofs.de\/pt\/thema\/proof-wissen\/farbraeume-und-farbprofile\/#listItem","name":"Farbr\u00e4ume und Farbprofile"}}]},{"@type":"Organization","@id":"https:\/\/blog.proofs.de\/pt\/#organization","name":"Proof GmbH","description":"Farbverbindlicher Proof, Farbproof, Digitalproof und Online-Proof.","url":"https:\/\/blog.proofs.de\/pt\/","telephone":"+4970717952740","logo":{"@type":"ImageObject","url":"https:\/\/blog1.proofen.de\/wp-content\/uploads\/2019\/09\/logo_proof_rgb_mit_balken_250px.png","@id":"https:\/\/blog.proofs.de\/pt\/individuelle-icc-profile-fuer-den-proof-verwenden\/#organizationLogo"},"image":{"@id":"https:\/\/blog.proofs.de\/pt\/individuelle-icc-profile-fuer-den-proof-verwenden\/#organizationLogo"},"sameAs":["https:\/\/www.facebook.com\/Proof.de\/","https:\/\/www.instagram.com\/proof.de\/","https:\/\/www.tiktok.com\/@proof_de","https:\/\/www.youtube.com\/channel\/UCk80fQVQ25wC9wu3SywB-Nw","https:\/\/www.linkedin.com\/company\/proof-de"]},{"@type":"Person","@id":"https:\/\/blog.proofs.de\/pt\/author\/mbetz\/#author","url":"https:\/\/blog.proofs.de\/pt\/author\/mbetz\/","name":"Matthias Betz","image":{"@type":"ImageObject","@id":"https:\/\/blog.proofs.de\/pt\/individuelle-icc-profile-fuer-den-proof-verwenden\/#authorImage","url":"https:\/\/blog.proofs.de\/wp-content\/uploads\/2020\/10\/matthias-betz-e1603934518350-150x150.png","width":96,"height":96,"caption":"Matthias Betz"}},{"@type":"WebPage","@id":"https:\/\/blog.proofs.de\/pt\/individuelle-icc-profile-fuer-den-proof-verwenden\/#webpage","url":"https:\/\/blog.proofs.de\/pt\/individuelle-icc-profile-fuer-den-proof-verwenden\/","name":"Individuelle ICC Profile f\u00fcr den Proof verwenden | proof.de","description":"Gerne binden wir Ihre individuellen ICC Proof Profile ein und erstellen Ihnen daf\u00fcr Proofs. Sprechen Sie mit uns. Wir unterst\u00fctzen Sie gerne.","inLanguage":"pt-PT","isPartOf":{"@id":"https:\/\/blog.proofs.de\/pt\/#website"},"breadcrumb":{"@id":"https:\/\/blog.proofs.de\/pt\/individuelle-icc-profile-fuer-den-proof-verwenden\/#breadcrumblist"},"author":{"@id":"https:\/\/blog.proofs.de\/pt\/author\/mbetz\/#author"},"creator":{"@id":"https:\/\/blog.proofs.de\/pt\/author\/mbetz\/#author"},"image":{"@type":"ImageObject","url":"https:\/\/blog.proofs.de\/wp-content\/uploads\/2012\/03\/Bildschirmfoto-2012-03-20-um-00.29.41.jpg","@id":"https:\/\/blog.proofs.de\/pt\/individuelle-icc-profile-fuer-den-proof-verwenden\/#mainImage","width":604,"height":580,"caption":"Vergleich eciRGB_V2 (wei\u00df) und ISOCoatedV2"},"primaryImageOfPage":{"@id":"https:\/\/blog.proofs.de\/pt\/individuelle-icc-profile-fuer-den-proof-verwenden\/#mainImage"},"datePublished":"2018-07-24T16:09:27+02:00","dateModified":"2024-05-06T01:22:27+02:00"},{"@type":"WebSite","@id":"https:\/\/blog.proofs.de\/pt\/#website","url":"https:\/\/blog.proofs.de\/pt\/","name":"Proof.de","description":"Farbverbindlicher Proof, Farbproof, Digitalproof und Online-Proof.","inLanguage":"pt-PT","publisher":{"@id":"https:\/\/blog.proofs.de\/pt\/#organization"}}]},"og:locale":"pt_PT","og:site_name":"Proof.de | Alles zu Proof, Farbmanagement, Grafik, Messtechnik &amp; Co.","og:type":"article","og:title":"Individuelle ICC Profile f\u00fcr den Proof verwenden | proof.de","og:description":"Gerne binden wir Ihre individuellen ICC Proof Profile ein und erstellen Ihnen daf\u00fcr Proofs. Sprechen Sie mit uns. Wir unterst\u00fctzen Sie gerne.","og:url":"https:\/\/blog.proofs.de\/pt\/individuelle-icc-profile-fuer-den-proof-verwenden\/","og:image":"https:\/\/blog.proofs.de\/wp-content\/uploads\/2012\/03\/Bildschirmfoto-2012-03-20-um-00.29.41.jpg","og:image:secure_url":"https:\/\/blog.proofs.de\/wp-content\/uploads\/2012\/03\/Bildschirmfoto-2012-03-20-um-00.29.41.jpg","og:image:width":604,"og:image:height":580,"article:published_time":"2018-07-24T14:09:27+00:00","article:modified_time":"2024-05-05T23:22:27+00:00","article:publisher":"https:\/\/www.facebook.com\/Proof.de\/","twitter:card":"summary","twitter:title":"Individuelle ICC Profile f\u00fcr den Proof verwenden | proof.de","twitter:description":"Gerne binden wir Ihre individuellen ICC Proof Profile ein und erstellen Ihnen daf\u00fcr Proofs. Sprechen Sie mit uns. Wir unterst\u00fctzen Sie gerne.","twitter:image":"https:\/\/blog1.proofen.de\/wp-content\/uploads\/2020\/04\/proof_background.jpg"},"aioseo_meta_data":{"post_id":"2114","title":"Utilizar perfis ICC personalizados para a prova | proof.de","description":"Teremos todo o gosto em incorporar os seus perfis de prova ICC individuais e criar provas para si. Fale connosco. Teremos todo o gosto em apoi\u00e1-lo.","keywords":null,"keyphrases":{"focus":{"keyphrase":"","score":0,"analysis":{"keyphraseInTitle":{"score":0,"maxScore":9,"error":1}}},"additional":[]},"primary_term":null,"canonical_url":null,"og_title":null,"og_description":null,"og_object_type":"default","og_image_type":"default","og_image_url":null,"og_image_width":null,"og_image_height":null,"og_image_custom_url":null,"og_image_custom_fields":null,"og_video":"","og_custom_url":null,"og_article_section":null,"og_article_tags":null,"twitter_use_og":false,"twitter_card":"default","twitter_image_type":"default","twitter_image_url":null,"twitter_image_custom_url":null,"twitter_image_custom_fields":null,"twitter_title":null,"twitter_description":null,"schema":{"blockGraphs":[],"customGraphs":[],"default":{"data":{"Article":[],"Course":[],"Dataset":[],"FAQPage":[],"Movie":[],"Person":[],"Product":[],"ProductReview":[],"Car":[],"Recipe":[],"Service":[],"SoftwareApplication":[],"WebPage":[]},"graphName":"Article","isEnabled":true},"graphs":[],"defaultGraph":"","defaultPostTypeGraph":""},"schema_type":null,"schema_type_options":null,"pillar_content":false,"robots_default":true,"robots_noindex":false,"robots_noarchive":false,"robots_nosnippet":false,"robots_nofollow":false,"robots_noimageindex":false,"robots_noodp":false,"robots_notranslate":false,"robots_max_snippet":"-1","robots_max_videopreview":"-1","robots_max_imagepreview":"large","priority":null,"frequency":"default","local_seo":null,"breadcrumb_settings":null,"limit_modified_date":false,"ai":null,"created":"2020-12-21 00:35:00","updated":"2025-06-04 14:22:05","seo_analyzer_scan_date":null,"focus_keyword":null,"additional_keywords":null,"truseo_locale":null},"_links":{"self":[{"href":"https:\/\/blog.proofs.de\/pt\/wp-json\/wp\/v2\/posts\/2114","targetHints":{"allow":["GET"]}}],"collection":[{"href":"https:\/\/blog.proofs.de\/pt\/wp-json\/wp\/v2\/posts"}],"about":[{"href":"https:\/\/blog.proofs.de\/pt\/wp-json\/wp\/v2\/types\/post"}],"author":[{"embeddable":true,"href":"https:\/\/blog.proofs.de\/pt\/wp-json\/wp\/v2\/users\/2"}],"replies":[{"embeddable":true,"href":"https:\/\/blog.proofs.de\/pt\/wp-json\/wp\/v2\/comments?post=2114"}],"version-history":[{"count":3,"href":"https:\/\/blog.proofs.de\/pt\/wp-json\/wp\/v2\/posts\/2114\/revisions"}],"predecessor-version":[{"id":5738,"href":"https:\/\/blog.proofs.de\/pt\/wp-json\/wp\/v2\/posts\/2114\/revisions\/5738"}],"wp:featuredmedia":[{"embeddable":true,"href":"https:\/\/blog.proofs.de\/pt\/wp-json\/wp\/v2\/media\/178"}],"wp:attachment":[{"href":"https:\/\/blog.proofs.de\/pt\/wp-json\/wp\/v2\/media?parent=2114"}],"wp:term":[{"taxonomy":"category","embeddable":true,"href":"https:\/\/blog.proofs.de\/pt\/wp-json\/wp\/v2\/categories?post=2114"},{"taxonomy":"post_tag","embeddable":true,"href":"https:\/\/blog.proofs.de\/pt\/wp-json\/wp\/v2\/tags?post=2114"}],"curies":[{"name":"wp","href":"https:\/\/api.w.org\/{rel}","templated":true}]}}