{"id":2343,"date":"2019-03-29T16:51:43","date_gmt":"2019-03-29T15:51:43","guid":{"rendered":"http:\/\/www.proof.de\/?p=2343"},"modified":"2021-11-30T14:39:55","modified_gmt":"2021-11-30T13:39:55","slug":"ecicmyk-profile-for-the-proof-available","status":"publish","type":"post","link":"https:\/\/blog.proofs.de\/pt\/ecicmyk-profil-fuer-den-proof-verfuegbar\/","title":{"rendered":"Perfil eciCMYK dispon\u00edvel para a prova"},"content":{"rendered":"<div class=\"kk-star-ratings kksr-auto kksr-align-right kksr-valign-top\" data-payload='{\"align\":\"right\",\"id\":\"2343\",\"slug\":\"default\",\"valign\":\"top\",\"ignore\":\"\",\"reference\":\"auto\",\"class\":\"\",\"count\":\"0\",\"legendonly\":\"\",\"readonly\":\"\",\"score\":\"0\",\"starsonly\":\"\",\"best\":\"5\",\"gap\":\"5\",\"greet\":\"Jetzt bewerten\",\"legend\":\"0\\\/5 - (0 votes)\",\"size\":\"24\",\"title\":\"eciCMYK Profil f&uuml;r den Proof verf&uuml;gbar\",\"width\":\"0\",\"_legend\":\"{score}\\\/{best} - ({count} {votes})\",\"font_factor\":\"1.25\"}'>\n            \n<div class=\"kksr-stars\">\n    \n<div class=\"kksr-stars-inactive\">\n            <div class=\"kksr-star\" data-star=\"1\" style=\"padding-right: 5px\">\n            \n\n<div class=\"kksr-icon\" style=\"width: 24px; height: 24px;\"><\/div>\n        <\/div>\n            <div class=\"kksr-star\" data-star=\"2\" style=\"padding-right: 5px\">\n            \n\n<div class=\"kksr-icon\" style=\"width: 24px; height: 24px;\"><\/div>\n        <\/div>\n            <div class=\"kksr-star\" data-star=\"3\" style=\"padding-right: 5px\">\n            \n\n<div class=\"kksr-icon\" style=\"width: 24px; height: 24px;\"><\/div>\n        <\/div>\n            <div class=\"kksr-star\" data-star=\"4\" style=\"padding-right: 5px\">\n            \n\n<div class=\"kksr-icon\" style=\"width: 24px; height: 24px;\"><\/div>\n        <\/div>\n            <div class=\"kksr-star\" data-star=\"5\" style=\"padding-right: 5px\">\n            \n\n<div class=\"kksr-icon\" style=\"width: 24px; height: 24px;\"><\/div>\n        <\/div>\n    <\/div>\n    \n<div class=\"kksr-stars-active\" style=\"width: 0px;\">\n            <div class=\"kksr-star\" style=\"padding-right: 5px\">\n            \n\n<div class=\"kksr-icon\" style=\"width: 24px; height: 24px;\"><\/div>\n        <\/div>\n            <div class=\"kksr-star\" style=\"padding-right: 5px\">\n            \n\n<div class=\"kksr-icon\" style=\"width: 24px; height: 24px;\"><\/div>\n        <\/div>\n            <div class=\"kksr-star\" style=\"padding-right: 5px\">\n            \n\n<div class=\"kksr-icon\" style=\"width: 24px; height: 24px;\"><\/div>\n        <\/div>\n            <div class=\"kksr-star\" style=\"padding-right: 5px\">\n            \n\n<div class=\"kksr-icon\" style=\"width: 24px; height: 24px;\"><\/div>\n        <\/div>\n            <div class=\"kksr-star\" style=\"padding-right: 5px\">\n            \n\n<div class=\"kksr-icon\" style=\"width: 24px; height: 24px;\"><\/div>\n        <\/div>\n    <\/div>\n<\/div>\n                \n\n<div class=\"kksr-legend\" style=\"font-size: 19.2px;\">\n            <span class=\"kksr-muted\">Avalie agora<\/span>\n    <\/div>\n    <\/div>\n\r\n<p class=\"wp-block-paragraph\">Hoje temos a troca<a href=\"https:\/\/blog.proofs.de\/pt\/lexikon\/farbraum\/\" target=\"_self\" title=\"O espa\u00e7o de cor \u00e9 baseado num modelo de cor e \u00e9 a sua aplica\u00e7\u00e3o concreta a um m\u00e9todo de cor (impressora, ecr\u00e3, etc). Portanto, cont\u00e9m todas as cores que podem realmente ser representadas com este m\u00e9todo e os materiais correspondentes.\" class=\"encyclopedia\">espa\u00e7o de cor<\/a> <a href=\"https:\/\/blog.proofs.de\/pt\/lexikon\/eci\/\" target=\"_self\" title=\"A ECI - Iniciativa Europeia das Cores \u00e9 um grupo de peritos preocupados com o processamento de dados de cor em sistemas de publica\u00e7\u00e3o.\" class=\"encyclopedia\">eci<\/a><a href=\"https:\/\/blog.proofs.de\/pt\/lexikon\/cmyk\/\" target=\"_self\" title='CMYK significa as quatro cores de impress\u00e3o: ciano, magenta, amarelo (amarelo) e &quot;chave&quot; (por\u00e7\u00e3o preta ou preta).' class=\"encyclopedia\">CMYK<\/a>, <a href=\"https:\/\/blog.proofs.de\/pt\/lexikon\/fogra\/\" target=\"_self\" title=\"Fogra Forschungsgesellschaft Druck e.V., com sede em Munique.\" class=\"encyclopedia\">Fogra<\/a>53 para o <a href=\"https:\/\/blog.proofs.de\/pt\/lexikon\/proof\/\" target=\"_self\" title=\"Uma prova (correctamente: prova de contrato) \u00e9 um dispositivo de prova certificado ISO 12647-7 para a ind\u00fastria das artes gr\u00e1ficas. Uma prova simula o colorido da impress\u00e3o offset ou da impress\u00e3o de gravura a cores e juridicamente vinculativa dentro das estreitas toler\u00e2ncias da norma ISO.\" class=\"encyclopedia\">Comprova\u00e7\u00e3o<\/a> e integrado na loja online do proof.de para encomendas.<\/p>\r\n\r\n\r\n\r\n<p class=\"wp-block-paragraph\">O eciCMYK \u00e9 o espa\u00e7o de cor para a produ\u00e7\u00e3o de impress\u00e3o CMYK e complementa os outros espa\u00e7os de cor Fogra, mas ao contr\u00e1rio destes n\u00e3o representa um processo de impress\u00e3o espec\u00edfico, mas \u00e9 quase \"CMYK neutro\". Devido ao grande <a href=\"https:\/\/blog.proofs.de\/pt\/lexikon\/gamut\/\" target=\"_self\" title=\"A gama (tamb\u00e9m: gama de cores) compreende o conjunto de todas as cores de um espa\u00e7o de cor que pode ser reconhecido (c\u00e2mara, scanner) ou reproduzido (impressora, monitor) por um dispositivo. \u00c9 ilustrada sob a forma de um corpo de cor.\" class=\"encyclopedia\">Gamut<\/a> do eciCMYK pode ser usado para exibir todos os processos cl\u00e1ssicos de impress\u00e3o, pode ser usado sem problemas nos processos modernos <a href=\"https:\/\/blog.proofs.de\/pt\/lexikon\/proofs\/\" target=\"_self\" title=\"No sector da impress\u00e3o, as provas (ou impress\u00f5es de provas) referem-se \u00e0 encaderna\u00e7\u00e3o a cores e \u00e0 simula\u00e7\u00e3o legalmente vinculativa de um resultado de impress\u00e3o para efeitos de controlo. A norma respons\u00e1vel pelas provas \u00e9 a ISO 12647-7:2016, ou seja, a revis\u00e3o actual de 2016.\" class=\"encyclopedia\">Provas<\/a>ystems <a href=\"https:\/\/blog.proofs.de\/pt\/lexikon\/proofen\/\" target=\"_self\" title='&quot;Proofing&quot; significa fazer uma prova ou mandar fazer uma prova. &quot;Eu ainda tenho de ter a brochura \u00e0 prova&quot; \u00e9 a formula\u00e7\u00e3o t\u00edpica para a palavra &quot;prova&quot;. Assim, a prova significa ter uma prova de cor e legalmente vinculativa produzida de acordo com a actual norma ISO 12647-7.' class=\"encyclopedia\">proofen<\/a> e corresponde nas suas caracter\u00edsticas aos t\u00edpicos espa\u00e7os de cor de impress\u00e3o CMYK.<\/p>\r\n\r\n\r\n\r\n<p class=\"wp-block-paragraph\">As provas no eciCMYK \/ Fogra 53 podem agora ser facilmente encomendadas de n\u00f3s no <a href=\"https:\/\/shop.proof.de\" target=\"_blank\" rel=\"noreferrer noopener\" aria-label=\"Proof Shop (abre em novo separador)\">Loja de provas<\/a> ser encomendado, voc\u00ea pode seleccionar o perfil directamente ao encomendar.<\/p>\r\n\r\n\r\n\r\n<p class=\"wp-block-paragraph\"><a href=\"http:\/\/www.eci.org\/de\/colourstandards\/workingcolorspaces\" target=\"_blank\" rel=\"noreferrer noopener\" aria-label=\"Mais informa\u00e7\u00f5es sobre a Fogra 53 tamb\u00e9m podem ser encontradas nas p\u00e1ginas da Iniciativa Europeia de Cores ECI (abre em novo separador)\">Mais informa\u00e7\u00f5es sobre a Fogra 53 tamb\u00e9m podem ser encontradas nas p\u00e1ginas da Iniciativa Europeia de Cores ECI. <\/a>Andreas Kraushaar da Fogra tamb\u00e9m definiu o espa\u00e7o de cor no <a href=\"https:\/\/fogra.org\/downloads\/veroeffentlichungen\/fogra-aktuell\" target=\"_blank\" rel=\"noopener\">Fogra News Issue 201<\/a> apresentado.<\/p>\r\n\r\n\r\n\r\n<p class=\"wp-block-paragraph\">&nbsp;<\/p>\r\n\r\n\r\n\r\n<p class=\"wp-block-paragraph\">&nbsp;<\/p>","protected":false},"excerpt":{"rendered":"<p>O eciCMYK \u00e9 o espa\u00e7o de cor para a produ\u00e7\u00e3o de impress\u00e3o CMYK e complementa os outros espa\u00e7os de cor Fogra, mas, ao contr\u00e1rio destes, n\u00e3o representa um processo de impress\u00e3o espec\u00edfico, sendo praticamente um \"CMYK neutro\". Gra\u00e7as \u00e0 vasta gama de cores do eciCMYK, todos os processos de impress\u00e3o cl\u00e1ssicos podem ser representados, pode ser facilmente testado em sistemas de prova modernos e as suas caracter\u00edsticas correspondem aos espa\u00e7os de cor de impress\u00e3o CMYK t\u00edpicos. As provas em eciCMYK \/ Fogra 53 podem agora ser facilmente encomendadas em ... <\/p>\n<p class=\"read-more-container\"><a title=\"Perfil eciCMYK dispon\u00edvel para a prova\" class=\"read-more button\" href=\"https:\/\/blog.proofs.de\/pt\/ecicmyk-profil-fuer-den-proof-verfuegbar\/#more-2343\" aria-label=\"Leia mais sobre o perfil eciCMYK dispon\u00edvel para a prova\">Leia mais<\/a><\/p>","protected":false},"author":2,"featured_media":0,"comment_status":"open","ping_status":"open","sticky":false,"template":"","format":"standard","meta":{"om_disable_all_campaigns":false,"inline_featured_image":false,"_monsterinsights_skip_tracking":false,"footnotes":""},"categories":[1,435,120],"tags":[256,860,529,861,522,859],"class_list":["post-2343","post","type-post","status-publish","format-standard","hentry","category-allgemein","category-farbraeume-und-farbprofile","category-kategorie-proof-gmbh","tag-arbeitsfarbraum","tag-austauschfarbraum","tag-cmyk","tag-ecicmyk","tag-fogra","tag-fogra53","generate-columns","tablet-grid-50","mobile-grid-100","grid-parent","grid-50","no-featured-image-padding"],"aioseo_notices":[],"aioseo_head":"\n\t\t<!-- All in One SEO 5.0.1.1 - aioseo.com -->\n\t<meta name=\"description\" content=\"Wir haben heute den Austauschfarbraum eciCMYK, Fogra53 f\u00fcr den Proof freigeschaltet und in Online-Shop von proof.de zur Bestellung integriert.\" \/>\n\t<meta name=\"robots\" content=\"max-image-preview:large\" \/>\n\t<meta name=\"author\" content=\"Matthias Betz\"\/>\n\t<meta name=\"google-site-verification\" content=\"TuXxyRwxcEg2-WfOaQ8vScWQh3-uBAnxXmY7g3GT90A\" \/>\n\t<meta name=\"keywords\" content=\"ecicmyk,fogra53,cmyk,austauschfarbraum,arbeitsfarbraum,fogra,eci,arbeitsfarbraum,austauschfarbraum,cmyk,ecicmyk,fogra,fogra53\" \/>\n\t<link rel=\"canonical\" href=\"https:\/\/blog.proofs.de\/pt\/ecicmyk-profil-fuer-den-proof-verfuegbar\/\" \/>\n\t<meta name=\"generator\" content=\"All in One SEO (AIOSEO) 5.0.1.1\" \/>\n\n\t\t<meta name=\"seobility\" content=\"593a8578143db71543f014978c690d47\">\n\t\t<meta property=\"og:locale\" content=\"pt_PT\" \/>\n\t\t<meta property=\"og:site_name\" content=\"Proof.de | Alles zu Proof, Farbmanagement, Grafik, Messtechnik &amp; Co.\" \/>\n\t\t<meta property=\"og:type\" content=\"article\" \/>\n\t\t<meta property=\"og:title\" content=\"eciCMYK Profil f\u00fcr den Proof verf\u00fcgbar | proof.de\" \/>\n\t\t<meta property=\"og:description\" content=\"Wir haben heute den Austauschfarbraum eciCMYK, Fogra53 f\u00fcr den Proof freigeschaltet und in Online-Shop von proof.de zur Bestellung integriert.\" \/>\n\t\t<meta property=\"og:url\" content=\"https:\/\/blog.proofs.de\/pt\/ecicmyk-profil-fuer-den-proof-verfuegbar\/\" \/>\n\t\t<meta property=\"og:image\" content=\"https:\/\/blog1.proofen.de\/wp-content\/uploads\/2020\/04\/proof_background.jpg\" \/>\n\t\t<meta property=\"og:image:secure_url\" content=\"https:\/\/blog1.proofen.de\/wp-content\/uploads\/2020\/04\/proof_background.jpg\" \/>\n\t\t<meta property=\"article:published_time\" content=\"2019-03-29T15:51:43+00:00\" \/>\n\t\t<meta property=\"article:modified_time\" content=\"2021-11-30T13:39:55+00:00\" \/>\n\t\t<meta property=\"article:publisher\" content=\"https:\/\/www.facebook.com\/Proof.de\/\" \/>\n\t\t<meta name=\"twitter:card\" content=\"summary\" \/>\n\t\t<meta name=\"twitter:title\" content=\"eciCMYK Profil f\u00fcr den Proof verf\u00fcgbar | proof.de\" \/>\n\t\t<meta name=\"twitter:description\" content=\"Wir haben heute den Austauschfarbraum eciCMYK, Fogra53 f\u00fcr den Proof freigeschaltet und in Online-Shop von proof.de zur Bestellung integriert.\" \/>\n\t\t<meta name=\"twitter:image\" content=\"https:\/\/blog1.proofen.de\/wp-content\/uploads\/2020\/04\/proof_background.jpg\" \/>\n\t\t<script type=\"application\/ld+json\" class=\"aioseo-schema\">\n\t\t\t{\"@context\":\"https:\\\/\\\/schema.org\",\"@graph\":[{\"@type\":\"Article\",\"@id\":\"https:\\\/\\\/blog.proofs.de\\\/pt\\\/ecicmyk-profil-fuer-den-proof-verfuegbar\\\/#article\",\"name\":\"eciCMYK Profil f\\u00fcr den Proof verf\\u00fcgbar | proof.de\",\"headline\":\"eciCMYK Profil f\\u00fcr den Proof verf\\u00fcgbar\",\"author\":{\"@id\":\"https:\\\/\\\/blog.proofs.de\\\/pt\\\/author\\\/mbetz\\\/#author\"},\"publisher\":{\"@id\":\"https:\\\/\\\/blog.proofs.de\\\/pt\\\/#organization\"},\"image\":{\"@type\":\"ImageObject\",\"url\":\"https:\\\/\\\/blog1.proofen.de\\\/wp-content\\\/uploads\\\/2019\\\/09\\\/logo_proof_rgb_mit_balken_250px.png\",\"@id\":\"https:\\\/\\\/blog.proofs.de\\\/pt\\\/#articleImage\"},\"datePublished\":\"2019-03-29T16:51:43+01:00\",\"dateModified\":\"2021-11-30T14:39:55+01:00\",\"inLanguage\":\"pt-PT\",\"mainEntityOfPage\":{\"@id\":\"https:\\\/\\\/blog.proofs.de\\\/pt\\\/ecicmyk-profil-fuer-den-proof-verfuegbar\\\/#webpage\"},\"isPartOf\":{\"@id\":\"https:\\\/\\\/blog.proofs.de\\\/pt\\\/ecicmyk-profil-fuer-den-proof-verfuegbar\\\/#webpage\"},\"articleSection\":\"Allgemein, Farbr\\u00e4ume und Farbprofile, Proof GmbH, Arbeitsfarbraum, Austauschfarbraum, CMYK, eciCMYK, Fogra, Fogra53\"},{\"@type\":\"BreadcrumbList\",\"@id\":\"https:\\\/\\\/blog.proofs.de\\\/pt\\\/ecicmyk-profil-fuer-den-proof-verfuegbar\\\/#breadcrumblist\",\"itemListElement\":[{\"@type\":\"ListItem\",\"@id\":\"https:\\\/\\\/blog.proofs.de\\\/pt#listItem\",\"position\":1,\"name\":\"Home\",\"item\":\"https:\\\/\\\/blog.proofs.de\\\/pt\",\"nextItem\":{\"@type\":\"ListItem\",\"@id\":\"https:\\\/\\\/blog.proofs.de\\\/pt\\\/thema\\\/proof-wissen\\\/#listItem\",\"name\":\"Proof Wissen\"}},{\"@type\":\"ListItem\",\"@id\":\"https:\\\/\\\/blog.proofs.de\\\/pt\\\/thema\\\/proof-wissen\\\/#listItem\",\"position\":2,\"name\":\"Proof Wissen\",\"item\":\"https:\\\/\\\/blog.proofs.de\\\/pt\\\/thema\\\/proof-wissen\\\/\",\"nextItem\":{\"@type\":\"ListItem\",\"@id\":\"https:\\\/\\\/blog.proofs.de\\\/pt\\\/thema\\\/proof-wissen\\\/kategorie-proof-gmbh\\\/#listItem\",\"name\":\"Proof GmbH\"},\"previousItem\":{\"@type\":\"ListItem\",\"@id\":\"https:\\\/\\\/blog.proofs.de\\\/pt#listItem\",\"name\":\"Home\"}},{\"@type\":\"ListItem\",\"@id\":\"https:\\\/\\\/blog.proofs.de\\\/pt\\\/thema\\\/proof-wissen\\\/kategorie-proof-gmbh\\\/#listItem\",\"position\":3,\"name\":\"Proof GmbH\",\"item\":\"https:\\\/\\\/blog.proofs.de\\\/pt\\\/thema\\\/proof-wissen\\\/kategorie-proof-gmbh\\\/\",\"nextItem\":{\"@type\":\"ListItem\",\"@id\":\"https:\\\/\\\/blog.proofs.de\\\/pt\\\/ecicmyk-profil-fuer-den-proof-verfuegbar\\\/#listItem\",\"name\":\"eciCMYK Profil f\\u00fcr den Proof verf\\u00fcgbar\"},\"previousItem\":{\"@type\":\"ListItem\",\"@id\":\"https:\\\/\\\/blog.proofs.de\\\/pt\\\/thema\\\/proof-wissen\\\/#listItem\",\"name\":\"Proof Wissen\"}},{\"@type\":\"ListItem\",\"@id\":\"https:\\\/\\\/blog.proofs.de\\\/pt\\\/ecicmyk-profil-fuer-den-proof-verfuegbar\\\/#listItem\",\"position\":4,\"name\":\"eciCMYK Profil f\\u00fcr den Proof verf\\u00fcgbar\",\"previousItem\":{\"@type\":\"ListItem\",\"@id\":\"https:\\\/\\\/blog.proofs.de\\\/pt\\\/thema\\\/proof-wissen\\\/kategorie-proof-gmbh\\\/#listItem\",\"name\":\"Proof GmbH\"}}]},{\"@type\":\"Organization\",\"@id\":\"https:\\\/\\\/blog.proofs.de\\\/pt\\\/#organization\",\"name\":\"Proof GmbH\",\"description\":\"Farbverbindlicher Proof, Farbproof, Digitalproof und Online-Proof.\",\"url\":\"https:\\\/\\\/blog.proofs.de\\\/pt\\\/\",\"telephone\":\"+4970717952740\",\"logo\":{\"@type\":\"ImageObject\",\"url\":\"https:\\\/\\\/blog1.proofen.de\\\/wp-content\\\/uploads\\\/2019\\\/09\\\/logo_proof_rgb_mit_balken_250px.png\",\"@id\":\"https:\\\/\\\/blog.proofs.de\\\/pt\\\/ecicmyk-profil-fuer-den-proof-verfuegbar\\\/#organizationLogo\"},\"image\":{\"@id\":\"https:\\\/\\\/blog.proofs.de\\\/pt\\\/ecicmyk-profil-fuer-den-proof-verfuegbar\\\/#organizationLogo\"},\"sameAs\":[\"https:\\\/\\\/www.facebook.com\\\/Proof.de\\\/\",\"https:\\\/\\\/www.instagram.com\\\/proof.de\\\/\",\"https:\\\/\\\/www.tiktok.com\\\/@proof_de\",\"https:\\\/\\\/www.youtube.com\\\/channel\\\/UCk80fQVQ25wC9wu3SywB-Nw\",\"https:\\\/\\\/www.linkedin.com\\\/company\\\/proof-de\"]},{\"@type\":\"Person\",\"@id\":\"https:\\\/\\\/blog.proofs.de\\\/pt\\\/author\\\/mbetz\\\/#author\",\"url\":\"https:\\\/\\\/blog.proofs.de\\\/pt\\\/author\\\/mbetz\\\/\",\"name\":\"Matthias Betz\",\"image\":{\"@type\":\"ImageObject\",\"@id\":\"https:\\\/\\\/blog.proofs.de\\\/pt\\\/ecicmyk-profil-fuer-den-proof-verfuegbar\\\/#authorImage\",\"url\":\"https:\\\/\\\/blog.proofs.de\\\/wp-content\\\/uploads\\\/2020\\\/10\\\/matthias-betz-e1603934518350-150x150.png\",\"width\":96,\"height\":96,\"caption\":\"Matthias Betz\"}},{\"@type\":\"WebPage\",\"@id\":\"https:\\\/\\\/blog.proofs.de\\\/pt\\\/ecicmyk-profil-fuer-den-proof-verfuegbar\\\/#webpage\",\"url\":\"https:\\\/\\\/blog.proofs.de\\\/pt\\\/ecicmyk-profil-fuer-den-proof-verfuegbar\\\/\",\"name\":\"eciCMYK Profil f\\u00fcr den Proof verf\\u00fcgbar | proof.de\",\"description\":\"Wir haben heute den Austauschfarbraum eciCMYK, Fogra53 f\\u00fcr den Proof freigeschaltet und in Online-Shop von proof.de zur Bestellung integriert.\",\"inLanguage\":\"pt-PT\",\"isPartOf\":{\"@id\":\"https:\\\/\\\/blog.proofs.de\\\/pt\\\/#website\"},\"breadcrumb\":{\"@id\":\"https:\\\/\\\/blog.proofs.de\\\/pt\\\/ecicmyk-profil-fuer-den-proof-verfuegbar\\\/#breadcrumblist\"},\"author\":{\"@id\":\"https:\\\/\\\/blog.proofs.de\\\/pt\\\/author\\\/mbetz\\\/#author\"},\"creator\":{\"@id\":\"https:\\\/\\\/blog.proofs.de\\\/pt\\\/author\\\/mbetz\\\/#author\"},\"datePublished\":\"2019-03-29T16:51:43+01:00\",\"dateModified\":\"2021-11-30T14:39:55+01:00\"},{\"@type\":\"WebSite\",\"@id\":\"https:\\\/\\\/blog.proofs.de\\\/pt\\\/#website\",\"url\":\"https:\\\/\\\/blog.proofs.de\\\/pt\\\/\",\"name\":\"Proof.de\",\"description\":\"Farbverbindlicher Proof, Farbproof, Digitalproof und Online-Proof.\",\"inLanguage\":\"pt-PT\",\"publisher\":{\"@id\":\"https:\\\/\\\/blog.proofs.de\\\/pt\\\/#organization\"}}]}\n\t\t<\/script>\n\t\t<!-- All in One SEO -->\n\n","aioseo_head_json":{"title":"Perfil eciCMYK dispon\u00edvel para a prova | proof.de","description":"Hoje lan\u00e7\u00e1mos o espa\u00e7o de cor de troca eciCMYK, Fogra53 para a prova e integr\u00e1mo-lo na loja online do proof.de para encomendas.","canonical_url":"https:\/\/blog.proofs.de\/pt\/ecicmyk-profil-fuer-den-proof-verfuegbar\/","robots":"max-image-preview:large","keywords":"ecicmyk,fogra53,cmyk,austauschfarbraum,arbeitsfarbraum,fogra,eci,arbeitsfarbraum,austauschfarbraum,cmyk,ecicmyk,fogra,fogra53","webmasterTools":{"google-site-verification":"TuXxyRwxcEg2-WfOaQ8vScWQh3-uBAnxXmY7g3GT90A","miscellaneous":"&lt;meta name=\"seobility\" content=\"593a8578143db71543f014978c690d47\"&gt;"},"schema":{"@context":"https:\/\/schema.org","@graph":[{"@type":"Article","@id":"https:\/\/blog.proofs.de\/pt\/ecicmyk-profil-fuer-den-proof-verfuegbar\/#article","name":"eciCMYK Profil f\u00fcr den Proof verf\u00fcgbar | proof.de","headline":"eciCMYK Profil f\u00fcr den Proof verf\u00fcgbar","author":{"@id":"https:\/\/blog.proofs.de\/pt\/author\/mbetz\/#author"},"publisher":{"@id":"https:\/\/blog.proofs.de\/pt\/#organization"},"image":{"@type":"ImageObject","url":"https:\/\/blog1.proofen.de\/wp-content\/uploads\/2019\/09\/logo_proof_rgb_mit_balken_250px.png","@id":"https:\/\/blog.proofs.de\/pt\/#articleImage"},"datePublished":"2019-03-29T16:51:43+01:00","dateModified":"2021-11-30T14:39:55+01:00","inLanguage":"pt-PT","mainEntityOfPage":{"@id":"https:\/\/blog.proofs.de\/pt\/ecicmyk-profil-fuer-den-proof-verfuegbar\/#webpage"},"isPartOf":{"@id":"https:\/\/blog.proofs.de\/pt\/ecicmyk-profil-fuer-den-proof-verfuegbar\/#webpage"},"articleSection":"Allgemein, Farbr\u00e4ume und Farbprofile, Proof GmbH, Arbeitsfarbraum, Austauschfarbraum, CMYK, eciCMYK, Fogra, Fogra53"},{"@type":"BreadcrumbList","@id":"https:\/\/blog.proofs.de\/pt\/ecicmyk-profil-fuer-den-proof-verfuegbar\/#breadcrumblist","itemListElement":[{"@type":"ListItem","@id":"https:\/\/blog.proofs.de\/pt#listItem","position":1,"name":"Home","item":"https:\/\/blog.proofs.de\/pt","nextItem":{"@type":"ListItem","@id":"https:\/\/blog.proofs.de\/pt\/thema\/proof-wissen\/#listItem","name":"Proof Wissen"}},{"@type":"ListItem","@id":"https:\/\/blog.proofs.de\/pt\/thema\/proof-wissen\/#listItem","position":2,"name":"Proof Wissen","item":"https:\/\/blog.proofs.de\/pt\/thema\/proof-wissen\/","nextItem":{"@type":"ListItem","@id":"https:\/\/blog.proofs.de\/pt\/thema\/proof-wissen\/kategorie-proof-gmbh\/#listItem","name":"Proof GmbH"},"previousItem":{"@type":"ListItem","@id":"https:\/\/blog.proofs.de\/pt#listItem","name":"Home"}},{"@type":"ListItem","@id":"https:\/\/blog.proofs.de\/pt\/thema\/proof-wissen\/kategorie-proof-gmbh\/#listItem","position":3,"name":"Proof GmbH","item":"https:\/\/blog.proofs.de\/pt\/thema\/proof-wissen\/kategorie-proof-gmbh\/","nextItem":{"@type":"ListItem","@id":"https:\/\/blog.proofs.de\/pt\/ecicmyk-profil-fuer-den-proof-verfuegbar\/#listItem","name":"eciCMYK Profil f\u00fcr den Proof verf\u00fcgbar"},"previousItem":{"@type":"ListItem","@id":"https:\/\/blog.proofs.de\/pt\/thema\/proof-wissen\/#listItem","name":"Proof Wissen"}},{"@type":"ListItem","@id":"https:\/\/blog.proofs.de\/pt\/ecicmyk-profil-fuer-den-proof-verfuegbar\/#listItem","position":4,"name":"eciCMYK Profil f\u00fcr den Proof verf\u00fcgbar","previousItem":{"@type":"ListItem","@id":"https:\/\/blog.proofs.de\/pt\/thema\/proof-wissen\/kategorie-proof-gmbh\/#listItem","name":"Proof GmbH"}}]},{"@type":"Organization","@id":"https:\/\/blog.proofs.de\/pt\/#organization","name":"Proof GmbH","description":"Farbverbindlicher Proof, Farbproof, Digitalproof und Online-Proof.","url":"https:\/\/blog.proofs.de\/pt\/","telephone":"+4970717952740","logo":{"@type":"ImageObject","url":"https:\/\/blog1.proofen.de\/wp-content\/uploads\/2019\/09\/logo_proof_rgb_mit_balken_250px.png","@id":"https:\/\/blog.proofs.de\/pt\/ecicmyk-profil-fuer-den-proof-verfuegbar\/#organizationLogo"},"image":{"@id":"https:\/\/blog.proofs.de\/pt\/ecicmyk-profil-fuer-den-proof-verfuegbar\/#organizationLogo"},"sameAs":["https:\/\/www.facebook.com\/Proof.de\/","https:\/\/www.instagram.com\/proof.de\/","https:\/\/www.tiktok.com\/@proof_de","https:\/\/www.youtube.com\/channel\/UCk80fQVQ25wC9wu3SywB-Nw","https:\/\/www.linkedin.com\/company\/proof-de"]},{"@type":"Person","@id":"https:\/\/blog.proofs.de\/pt\/author\/mbetz\/#author","url":"https:\/\/blog.proofs.de\/pt\/author\/mbetz\/","name":"Matthias Betz","image":{"@type":"ImageObject","@id":"https:\/\/blog.proofs.de\/pt\/ecicmyk-profil-fuer-den-proof-verfuegbar\/#authorImage","url":"https:\/\/blog.proofs.de\/wp-content\/uploads\/2020\/10\/matthias-betz-e1603934518350-150x150.png","width":96,"height":96,"caption":"Matthias Betz"}},{"@type":"WebPage","@id":"https:\/\/blog.proofs.de\/pt\/ecicmyk-profil-fuer-den-proof-verfuegbar\/#webpage","url":"https:\/\/blog.proofs.de\/pt\/ecicmyk-profil-fuer-den-proof-verfuegbar\/","name":"eciCMYK Profil f\u00fcr den Proof verf\u00fcgbar | proof.de","description":"Wir haben heute den Austauschfarbraum eciCMYK, Fogra53 f\u00fcr den Proof freigeschaltet und in Online-Shop von proof.de zur Bestellung integriert.","inLanguage":"pt-PT","isPartOf":{"@id":"https:\/\/blog.proofs.de\/pt\/#website"},"breadcrumb":{"@id":"https:\/\/blog.proofs.de\/pt\/ecicmyk-profil-fuer-den-proof-verfuegbar\/#breadcrumblist"},"author":{"@id":"https:\/\/blog.proofs.de\/pt\/author\/mbetz\/#author"},"creator":{"@id":"https:\/\/blog.proofs.de\/pt\/author\/mbetz\/#author"},"datePublished":"2019-03-29T16:51:43+01:00","dateModified":"2021-11-30T14:39:55+01:00"},{"@type":"WebSite","@id":"https:\/\/blog.proofs.de\/pt\/#website","url":"https:\/\/blog.proofs.de\/pt\/","name":"Proof.de","description":"Farbverbindlicher Proof, Farbproof, Digitalproof und Online-Proof.","inLanguage":"pt-PT","publisher":{"@id":"https:\/\/blog.proofs.de\/pt\/#organization"}}]},"og:locale":"pt_PT","og:site_name":"Proof.de | Alles zu Proof, Farbmanagement, Grafik, Messtechnik &amp; Co.","og:type":"article","og:title":"eciCMYK Profil f\u00fcr den Proof verf\u00fcgbar | proof.de","og:description":"Wir haben heute den Austauschfarbraum eciCMYK, Fogra53 f\u00fcr den Proof freigeschaltet und in Online-Shop von proof.de zur Bestellung integriert.","og:url":"https:\/\/blog.proofs.de\/pt\/ecicmyk-profil-fuer-den-proof-verfuegbar\/","og:image":"https:\/\/blog1.proofen.de\/wp-content\/uploads\/2020\/04\/proof_background.jpg","og:image:secure_url":"https:\/\/blog1.proofen.de\/wp-content\/uploads\/2020\/04\/proof_background.jpg","article:published_time":"2019-03-29T15:51:43+00:00","article:modified_time":"2021-11-30T13:39:55+00:00","article:publisher":"https:\/\/www.facebook.com\/Proof.de\/","twitter:card":"summary","twitter:title":"eciCMYK Profil f\u00fcr den Proof verf\u00fcgbar | proof.de","twitter:description":"Wir haben heute den Austauschfarbraum eciCMYK, Fogra53 f\u00fcr den Proof freigeschaltet und in Online-Shop von proof.de zur Bestellung integriert.","twitter:image":"https:\/\/blog1.proofen.de\/wp-content\/uploads\/2020\/04\/proof_background.jpg"},"aioseo_meta_data":{"post_id":"2343","title":"eciCMYK Profil f\u00fcr den Proof verf\u00fcgbar |\u00a0proof.de","description":"Hoje lan\u00e7\u00e1mos o espa\u00e7o de cor de troca eciCMYK, Fogra53 para a prova e integr\u00e1mo-lo na loja online do proof.de para encomendas.","keywords":[{"label":"eciCMYK,Fogra53,CMYK,Austauschfarbraum,Arbeitsfarbraum,Fogra,ECI","value":"eciCMYK,Fogra53,CMYK,Austauschfarbraum,Arbeitsfarbraum,Fogra,ECI"}],"keyphrases":{"focus":[],"additional":[]},"primary_term":null,"canonical_url":null,"og_title":null,"og_description":null,"og_object_type":"default","og_image_type":"default","og_image_url":null,"og_image_width":null,"og_image_height":null,"og_image_custom_url":null,"og_image_custom_fields":null,"og_video":"","og_custom_url":null,"og_article_section":null,"og_article_tags":[],"twitter_use_og":false,"twitter_card":"default","twitter_image_type":"default","twitter_image_url":null,"twitter_image_custom_url":null,"twitter_image_custom_fields":null,"twitter_title":null,"twitter_description":null,"schema":{"blockGraphs":[],"customGraphs":[],"default":{"data":{"Article":[],"Course":[],"Dataset":[],"FAQPage":[],"Movie":[],"Person":[],"Product":[],"ProductReview":[],"Car":[],"Recipe":[],"Service":[],"SoftwareApplication":[],"WebPage":[]},"graphName":"","isEnabled":true},"graphs":[],"defaultGraph":"Article","defaultPostTypeGraph":""},"schema_type":"default","schema_type_options":"{\"article\":{\"articleType\":\"BlogPosting\"},\"course\":{\"name\":\"\",\"description\":\"\",\"provider\":\"\"},\"faq\":{\"pages\":[]},\"product\":{\"reviews\":[]},\"recipe\":{\"ingredients\":[],\"instructions\":[],\"keywords\":[]},\"software\":{\"reviews\":[],\"operatingSystems\":[]},\"webPage\":{\"webPageType\":\"WebPage\"}}","pillar_content":false,"robots_default":true,"robots_noindex":false,"robots_noarchive":false,"robots_nosnippet":false,"robots_nofollow":false,"robots_noimageindex":false,"robots_noodp":false,"robots_notranslate":false,"robots_max_snippet":"-1","robots_max_videopreview":"-1","robots_max_imagepreview":"large","priority":null,"frequency":"default","local_seo":null,"breadcrumb_settings":null,"limit_modified_date":true,"ai":null,"created":"2020-12-21 00:33:58","updated":"2025-06-04 14:24:05","seo_analyzer_scan_date":null,"focus_keyword":null,"additional_keywords":null,"truseo_locale":null},"_links":{"self":[{"href":"https:\/\/blog.proofs.de\/pt\/wp-json\/wp\/v2\/posts\/2343","targetHints":{"allow":["GET"]}}],"collection":[{"href":"https:\/\/blog.proofs.de\/pt\/wp-json\/wp\/v2\/posts"}],"about":[{"href":"https:\/\/blog.proofs.de\/pt\/wp-json\/wp\/v2\/types\/post"}],"author":[{"embeddable":true,"href":"https:\/\/blog.proofs.de\/pt\/wp-json\/wp\/v2\/users\/2"}],"replies":[{"embeddable":true,"href":"https:\/\/blog.proofs.de\/pt\/wp-json\/wp\/v2\/comments?post=2343"}],"version-history":[{"count":3,"href":"https:\/\/blog.proofs.de\/pt\/wp-json\/wp\/v2\/posts\/2343\/revisions"}],"predecessor-version":[{"id":4593,"href":"https:\/\/blog.proofs.de\/pt\/wp-json\/wp\/v2\/posts\/2343\/revisions\/4593"}],"wp:attachment":[{"href":"https:\/\/blog.proofs.de\/pt\/wp-json\/wp\/v2\/media?parent=2343"}],"wp:term":[{"taxonomy":"category","embeddable":true,"href":"https:\/\/blog.proofs.de\/pt\/wp-json\/wp\/v2\/categories?post=2343"},{"taxonomy":"post_tag","embeddable":true,"href":"https:\/\/blog.proofs.de\/pt\/wp-json\/wp\/v2\/tags?post=2343"}],"curies":[{"name":"wp","href":"https:\/\/api.w.org\/{rel}","templated":true}]}}