{"id":2549,"date":"2020-02-17T01:59:27","date_gmt":"2020-02-17T00:59:27","guid":{"rendered":"https:\/\/www.proof.de\/?p=2549"},"modified":"2020-05-08T02:02:04","modified_gmt":"2020-05-08T00:02:04","slug":"retrospetiva-fogra-color-management-symposium-2020","status":"publish","type":"post","link":"https:\/\/blog.proofs.de\/pt\/rueckblick-fogra-color-management-symposium-2020\/","title":{"rendered":"Revise: Simp\u00f3sio Fogra de Gest\u00e3o de Cor 2020"},"content":{"rendered":"<div class=\"kk-star-ratings kksr-auto kksr-align-right kksr-valign-top\" data-payload='{\"align\":\"right\",\"id\":\"2549\",\"slug\":\"default\",\"valign\":\"top\",\"ignore\":\"\",\"reference\":\"auto\",\"class\":\"\",\"count\":\"0\",\"legendonly\":\"\",\"readonly\":\"\",\"score\":\"0\",\"starsonly\":\"\",\"best\":\"5\",\"gap\":\"5\",\"greet\":\"Jetzt bewerten\",\"legend\":\"0\\\/5 - (0 votes)\",\"size\":\"24\",\"title\":\"R&uuml;ckblick: Fogra Color Management Symposium 2020\",\"width\":\"0\",\"_legend\":\"{score}\\\/{best} - ({count} {votes})\",\"font_factor\":\"1.25\"}'>\n            \n<div class=\"kksr-stars\">\n    \n<div class=\"kksr-stars-inactive\">\n            <div class=\"kksr-star\" data-star=\"1\" style=\"padding-right: 5px\">\n            \n\n<div class=\"kksr-icon\" style=\"width: 24px; height: 24px;\"><\/div>\n        <\/div>\n            <div class=\"kksr-star\" data-star=\"2\" style=\"padding-right: 5px\">\n            \n\n<div class=\"kksr-icon\" style=\"width: 24px; height: 24px;\"><\/div>\n        <\/div>\n            <div class=\"kksr-star\" data-star=\"3\" style=\"padding-right: 5px\">\n            \n\n<div class=\"kksr-icon\" style=\"width: 24px; height: 24px;\"><\/div>\n        <\/div>\n            <div class=\"kksr-star\" data-star=\"4\" style=\"padding-right: 5px\">\n            \n\n<div class=\"kksr-icon\" style=\"width: 24px; height: 24px;\"><\/div>\n        <\/div>\n            <div class=\"kksr-star\" data-star=\"5\" style=\"padding-right: 5px\">\n            \n\n<div class=\"kksr-icon\" style=\"width: 24px; height: 24px;\"><\/div>\n        <\/div>\n    <\/div>\n    \n<div class=\"kksr-stars-active\" style=\"width: 0px;\">\n            <div class=\"kksr-star\" style=\"padding-right: 5px\">\n            \n\n<div class=\"kksr-icon\" style=\"width: 24px; height: 24px;\"><\/div>\n        <\/div>\n            <div class=\"kksr-star\" style=\"padding-right: 5px\">\n            \n\n<div class=\"kksr-icon\" style=\"width: 24px; height: 24px;\"><\/div>\n        <\/div>\n            <div class=\"kksr-star\" style=\"padding-right: 5px\">\n            \n\n<div class=\"kksr-icon\" style=\"width: 24px; height: 24px;\"><\/div>\n        <\/div>\n            <div class=\"kksr-star\" style=\"padding-right: 5px\">\n            \n\n<div class=\"kksr-icon\" style=\"width: 24px; height: 24px;\"><\/div>\n        <\/div>\n            <div class=\"kksr-star\" style=\"padding-right: 5px\">\n            \n\n<div class=\"kksr-icon\" style=\"width: 24px; height: 24px;\"><\/div>\n        <\/div>\n    <\/div>\n<\/div>\n                \n\n<div class=\"kksr-legend\" style=\"font-size: 19.2px;\">\n            <span class=\"kksr-muted\">Avalie agora<\/span>\n    <\/div>\n    <\/div>\n\r\n<p class=\"wp-block-paragraph translation-block\">De 12 a 13 de fevereiro de 2020, realizou-se em Munique o 7.\u00ba <a href=\"https:\/\/blog1.proofen.de\/es\/lexico-2\/fogra\/\" target=\"_self\" class=\"encyclopedia tooltipstered\">Simp\u00f3sio de Gest\u00e3o da Cor Fogra<\/a>, para o qual fui convidado como orador na <a href=\"https:\/\/blog1.proofen.de\/es\/lexico-2\/prueba\/\" target=\"_self\" class=\"encyclopedia tooltipstered\">Sec\u00e7\u00e3o de provas<\/a> na Sess\u00e3o 6. Relatei os nossos testes de prova para a norma Fogra58-Beta-Textile-<a href=\"https:\/\/blog1.proofen.de\/es\/lexico-2\/rgb\/\" target=\"_self\" class=\"encyclopedia tooltipstered\">RGB<\/a> para impress\u00e3o t\u00eaxtil digital.<\/p>\r\n\r\n\r\n\r\n<p class=\"wp-block-paragraph translation-block\">O Fogra Color Management Symposium \u00e9 um dos eventos na \u00e1rea da <a href=\"https:\/\/blog1.proofen.de\/es\/lexico-2\/gestion-del-color\/\" target=\"_self\" class=\"encyclopedia tooltipstered\">gest\u00e3o da cor<\/a> e re\u00fane cientistas e utilizadores de todo o mundo para uma troca de ideias de dois dias em Munique. No total, 21 oradores e 7 moderadores falaram sobre os temas da impress\u00e3o multicolor, provas, aquisi\u00e7\u00e3o de impress\u00f5es, expectativas dos clientes, gest\u00e3o da cor para a impress\u00e3o 3D e gest\u00e3o da cor para a impress\u00e3o digital de t\u00eaxteis, o tema que tamb\u00e9m me foi atribu\u00eddo.<\/p>\r\n\r\n\r\n\r\n<p class=\"wp-block-paragraph translation-block\">Viajei um dia antes, pois havia um jantar de oradores na noite anterior e tamb\u00e9m tive de discutir a configura\u00e7\u00e3o e sele\u00e7\u00e3o das nossas amostras t\u00eaxteis RGB com Jan-Peter Homann e Joe Tschudi. No local, em Munique, constru\u00edmos a cabina de luz padr\u00e3o <a href=\"https:\/\/blog1.proofen.de\/es\/lexico-2\/solo\/\" target=\"_self\" class=\"encyclopedia tooltipstered\">Just<\/a>-<a href=\"https:\/\/blog1.proofen.de\/es\/lexico-2\/luz-normal\/\" target=\"_self\" class=\"encyclopedia tooltipstered\">Normlicht<\/a> que nos foi fornecida pela empresa <a href=\"https:\/\/blog1.proofen.de\/es\/lexico-2\/led\/\" target=\"_self\" class=\"encyclopedia tooltipstered\">LED<\/a> Color Viewing Light XL HYBRID 2.0 e concord\u00e1mos mais uma vez quais as melhores amostras para mostrar durante o Simp\u00f3sio de Gest\u00e3o da Cor.<\/p>\r\n\r\n\r\n\r\n<figure class=\"wp-block-image size-large\"><img loading=\"lazy\" decoding=\"async\" width=\"1024\" height=\"768\" class=\"wp-image-2559\" src=\"https:\/\/blog1.proofen.de\/wp-content\/uploads\/2020\/02\/Fogra-Colormanagament-Symposium-2020_proof-de_3-1024x768.jpg\" alt=\"Joe Tschudi e Jan-Peter Homann discutem quais as amostras que queremos mostrar no Fogra Colormanagement Symposium 2020 para a compara\u00e7\u00e3o de provas do Fogra58beta-TextileRGB.\" srcset=\"https:\/\/blog.proofs.de\/wp-content\/uploads\/2020\/02\/Fogra-Colormanagament-Symposium-2020_proof-de_3-1024x768.jpg 1024w, https:\/\/blog.proofs.de\/wp-content\/uploads\/2020\/02\/Fogra-Colormanagament-Symposium-2020_proof-de_3-300x225.jpg 300w, https:\/\/blog.proofs.de\/wp-content\/uploads\/2020\/02\/Fogra-Colormanagament-Symposium-2020_proof-de_3-768x576.jpg 768w, https:\/\/blog.proofs.de\/wp-content\/uploads\/2020\/02\/Fogra-Colormanagament-Symposium-2020_proof-de_3-1536x1152.jpg 1536w, https:\/\/blog.proofs.de\/wp-content\/uploads\/2020\/02\/Fogra-Colormanagament-Symposium-2020_proof-de_3-2048x1536.jpg 2048w, https:\/\/blog.proofs.de\/wp-content\/uploads\/2020\/02\/Fogra-Colormanagament-Symposium-2020_proof-de_3-400x300.jpg 400w\" sizes=\"auto, (max-width: 1024px) 100vw, 1024px\">\r\n<figcaption>Joe Tschudi e Jan-Peter Homann e eu estamos a discutir que amostras queremos mostrar no Fogra Colormanagement Symposium 2020 para a compara\u00e7\u00e3o de provas Fogra58beta-TextileRGB.<\/figcaption>\r\n<\/figure>\r\n\r\n\r\n\r\n<figure class=\"wp-block-image size-large\"><img loading=\"lazy\" decoding=\"async\" width=\"1024\" height=\"768\" class=\"wp-image-2558\" src=\"https:\/\/blog1.proofen.de\/wp-content\/uploads\/2020\/02\/Fogra-Colormanagament-Symposium-2020_proof-de_4-1024x768.jpg\" alt=\"Uma amostra que mostr\u00e1mos no Fogra Colormanagement Symposium 2020 para a compara\u00e7\u00e3o de provas do Fogra58beta-TextileRGB. Abaixo est\u00e1 a nossa prova, acima do tecido impresso por sublima\u00e7\u00e3o de Joe Tschudi, ambos iluminados em Fogra58-beta-TextileRGB sob luz padr\u00e3o D50.\" srcset=\"https:\/\/blog.proofs.de\/wp-content\/uploads\/2020\/02\/Fogra-Colormanagament-Symposium-2020_proof-de_4-1024x768.jpg 1024w, https:\/\/blog.proofs.de\/wp-content\/uploads\/2020\/02\/Fogra-Colormanagament-Symposium-2020_proof-de_4-300x225.jpg 300w, https:\/\/blog.proofs.de\/wp-content\/uploads\/2020\/02\/Fogra-Colormanagament-Symposium-2020_proof-de_4-768x576.jpg 768w, https:\/\/blog.proofs.de\/wp-content\/uploads\/2020\/02\/Fogra-Colormanagament-Symposium-2020_proof-de_4-1536x1152.jpg 1536w, https:\/\/blog.proofs.de\/wp-content\/uploads\/2020\/02\/Fogra-Colormanagament-Symposium-2020_proof-de_4-2048x1536.jpg 2048w, https:\/\/blog.proofs.de\/wp-content\/uploads\/2020\/02\/Fogra-Colormanagament-Symposium-2020_proof-de_4-400x300.jpg 400w\" sizes=\"auto, (max-width: 1024px) 100vw, 1024px\">\r\n<figcaption class=\"translation-block\">Uma amostra que mostr\u00e1mos no Fogra Colour Management Symposium 2020 para a compara\u00e7\u00e3o da prova Fogra58beta-TextileRGB. Abaixo est\u00e1 a nossa prova, acima est\u00e1 o tecido de Joe Tschudi produzido por impress\u00e3o por sublima\u00e7\u00e3o, ambos iluminados em Fogra58-beta-TextileRGB sob <a href=\"https:\/\/blog1.proofen.de\/es\/lexico-2\/d50\/\" target=\"_self\" class=\"encyclopedia tooltipstered\">D50<\/a> luz padr\u00e3o.<\/figcaption>\r\n<\/figure>\r\n\r\n\r\n\r\n<p class=\"wp-block-paragraph translation-block\">Durante o jantar dos oradores, pude falar com J\u00fcrgen Seitz de <a href=\"https:\/\/blog1.proofen.de\/es\/lexico-2\/gmg\/\" target=\"_self\" class=\"encyclopedia tooltipstered\">GMG<\/a>, o moderador da minha sess\u00e3o, e Jeffrey Stauffer da oneflexo GmbH, para organizar a nossa sess\u00e3o do dia 2. Gerardo Cerros da CMA Imaging Belgium SPRL, o terceiro orador da nossa sess\u00e3o, chegou diretamente para a sua apresenta\u00e7\u00e3o. Pudemos tamb\u00e9m testar as nossas apresenta\u00e7\u00f5es nos computadores Fogra e familiarizarmo-nos com a sala de apresenta\u00e7\u00f5es e o palco. Os tr\u00eas oradores de cada sess\u00e3o e o moderador da sess\u00e3o sentaram-se no palco. Todas as apresenta\u00e7\u00f5es, modera\u00e7\u00f5es, perguntas, etc. foram traduzidas em direto de ingl\u00eas para alem\u00e3o ou de alem\u00e3o para ingl\u00eas. Eu fiz a minha apresenta\u00e7\u00e3o em alem\u00e3o, mas mantive os diapositivos em \"Denglish\" para que fossem compreens\u00edveis tanto para os alem\u00e3es como para todos os outros.<\/p>\r\n\r\n\r\n\r\n<figure class=\"wp-block-image size-large\"><img loading=\"lazy\" decoding=\"async\" width=\"1024\" height=\"768\" class=\"wp-image-2560\" src=\"https:\/\/blog1.proofen.de\/wp-content\/uploads\/2020\/02\/Fogra-Colormanagament-Symposium-2020_proof-de_2-1024x768.jpg\" alt=\"Os oradores e apresentadores visitam o palco e a tecnologia de palco \" srcset=\"https:\/\/blog.proofs.de\/wp-content\/uploads\/2020\/02\/Fogra-Colormanagament-Symposium-2020_proof-de_2-1024x768.jpg 1024w, https:\/\/blog.proofs.de\/wp-content\/uploads\/2020\/02\/Fogra-Colormanagament-Symposium-2020_proof-de_2-300x225.jpg 300w, https:\/\/blog.proofs.de\/wp-content\/uploads\/2020\/02\/Fogra-Colormanagament-Symposium-2020_proof-de_2-768x576.jpg 768w, https:\/\/blog.proofs.de\/wp-content\/uploads\/2020\/02\/Fogra-Colormanagament-Symposium-2020_proof-de_2-1536x1152.jpg 1536w, https:\/\/blog.proofs.de\/wp-content\/uploads\/2020\/02\/Fogra-Colormanagament-Symposium-2020_proof-de_2-2048x1536.jpg 2048w, https:\/\/blog.proofs.de\/wp-content\/uploads\/2020\/02\/Fogra-Colormanagament-Symposium-2020_proof-de_2-400x300.jpg 400w\" sizes=\"auto, (max-width: 1024px) 100vw, 1024px\">\r\n<figcaption>Os oradores e apresentadores inspeccionam o palco e o equipamento do palco. A caixa cinzenta na parte posterior esquerda \u00e9 a cabine do tradutor onde os dois tradutores simult\u00e2neos foram alojados.<\/figcaption>\r\n<\/figure>\r\n\r\n\r\n\r\n<p class=\"wp-block-paragraph translation-block\">O programa completo do simp\u00f3sio pode ser consultado no s\u00edtio <a href=\"https:\/\/fogra.org\/\" target=\"_blank\" rel=\"noopener\">Fogra<\/a>. Os temas das sete sess\u00f5es foram os seguintes<\/p>\r\n\r\n\r\n\r\n<p class=\"wp-block-paragraph\">1 Gest\u00e3o das expectativas dos clientes - Gest\u00e3o das cores ao longo de toda a cadeia alimentar<br>2. Criar credibilidade de cor em <a href=\"https:\/\/blog.proofs.de\/pt\/lexikon\/cmyk\/\" target=\"_self\" title='CMYK significa as quatro cores de impress\u00e3o: ciano, magenta, amarelo (amarelo) e &quot;chave&quot; (por\u00e7\u00e3o preta ou preta).' class=\"encyclopedia\">CMYK<\/a> e alargado <a href=\"https:\/\/blog.proofs.de\/pt\/lexikon\/gamut\/\" target=\"_self\" title=\"A gama (tamb\u00e9m: gama de cores) compreende o conjunto de todas as cores de um espa\u00e7o de cor que pode ser reconhecido (c\u00e2mara, scanner) ou reproduzido (impressora, monitor) por um dispositivo. \u00c9 ilustrada sob a forma de um corpo de cor.\" class=\"encyclopedia\">gamut<\/a> impress\u00e3o<br>3. implementa\u00e7\u00f5es de embalagens multicoloridas no mundo real (ECG)<br>4. Apliques de impress\u00e3o industrial<a href=\"https:\/\/blog.proofs.de\/pt\/lexikon\/cat\/\" target=\"_self\" title=\"CAT significa &quot;Cromatic Adaption Transform&quot; (Transforma\u00e7\u00e3o de Adapta\u00e7\u00e3o Crom\u00e1tica). A adapta\u00e7\u00e3o crom\u00e1tica significa que o olho humano realiza um equil\u00edbrio branco autom\u00e1tico. A cor \u00e9 assim percebida de forma bastante independente da temperatura da cor.\" class=\"encyclopedia\">gato<\/a>ion: Jacto de tinta de alta velocidade para al\u00e9m da impress\u00e3o comercial e de embalagens<br>KEYNOTE: Fluxos de trabalho coloridos no mundo do cinema - Como HDR &amp; Wide Gamut mudam o jogo (Harald Brendl, ARRI)<br>5 Comunica\u00e7\u00e3o a cores para aplica\u00e7\u00f5es t\u00eaxteis de moda<br>6 Colour Proofing para Embalagem &amp; aplica\u00e7\u00f5es t\u00eaxteis<br>7. Cor em 3D (3D <a href=\"https:\/\/blog.proofs.de\/pt\/lexikon\/softproof\/\" target=\"_self\" title='Em contraste com a cl\u00e1ssica &quot;prova dura&quot; no papel, uma prova suave \u00e9 uma prova que \u00e9 exibida num monitor de uma forma precisa e a cores.' class=\"encyclopedia\">Softproof<\/a> &amp; <a href=\"https:\/\/blog.proofs.de\/pt\/lexikon\/appearance\/\" target=\"_self\" title='Na investiga\u00e7\u00e3o atual sobre a cor, o termo &quot;apar\u00eancia&quot; refere-se \u00e0 cor percebida de um objeto ou superf\u00edcie em diferentes condi\u00e7\u00f5es de ilumina\u00e7\u00e3o e em diferentes ambientes. A apar\u00eancia diz respeito \u00e0 forma como as cores s\u00e3o percepcionadas visualmente pelas pessoas e como s\u00e3o influenciadas pelas propriedades da luz, pela textura da superf\u00edcie e por outros factores ambientais. 1....' class=\"encyclopedia\">Apar\u00eancia<\/a> medi\u00e7\u00e3o)<\/p>\r\n\r\n\r\n\r\n<figure class=\"wp-block-image size-large\"><img loading=\"lazy\" decoding=\"async\" width=\"1024\" height=\"768\" class=\"wp-image-2556\" src=\"https:\/\/blog1.proofen.de\/wp-content\/uploads\/2020\/02\/Fogra-Colormanagament-Symposium-2020_proof-de_6-1024x768.jpg\" alt=\"\" srcset=\"https:\/\/blog.proofs.de\/wp-content\/uploads\/2020\/02\/Fogra-Colormanagament-Symposium-2020_proof-de_6-1024x768.jpg 1024w, https:\/\/blog.proofs.de\/wp-content\/uploads\/2020\/02\/Fogra-Colormanagament-Symposium-2020_proof-de_6-300x225.jpg 300w, https:\/\/blog.proofs.de\/wp-content\/uploads\/2020\/02\/Fogra-Colormanagament-Symposium-2020_proof-de_6-768x576.jpg 768w, https:\/\/blog.proofs.de\/wp-content\/uploads\/2020\/02\/Fogra-Colormanagament-Symposium-2020_proof-de_6-1536x1152.jpg 1536w, https:\/\/blog.proofs.de\/wp-content\/uploads\/2020\/02\/Fogra-Colormanagament-Symposium-2020_proof-de_6-2048x1536.jpg 2048w, https:\/\/blog.proofs.de\/wp-content\/uploads\/2020\/02\/Fogra-Colormanagament-Symposium-2020_proof-de_6-400x300.jpg 400w\" sizes=\"auto, (max-width: 1024px) 100vw, 1024px\"><\/figure>\r\n\r\n\r\n\r\n<figure class=\"wp-block-image size-large\"><img loading=\"lazy\" decoding=\"async\" width=\"1024\" height=\"768\" class=\"wp-image-2555\" src=\"https:\/\/blog1.proofen.de\/wp-content\/uploads\/2020\/02\/Fogra-Colormanagament-Symposium-2020_proof-de_7-1024x768.jpg\" alt=\"\" srcset=\"https:\/\/blog.proofs.de\/wp-content\/uploads\/2020\/02\/Fogra-Colormanagament-Symposium-2020_proof-de_7-1024x768.jpg 1024w, https:\/\/blog.proofs.de\/wp-content\/uploads\/2020\/02\/Fogra-Colormanagament-Symposium-2020_proof-de_7-300x225.jpg 300w, https:\/\/blog.proofs.de\/wp-content\/uploads\/2020\/02\/Fogra-Colormanagament-Symposium-2020_proof-de_7-768x576.jpg 768w, https:\/\/blog.proofs.de\/wp-content\/uploads\/2020\/02\/Fogra-Colormanagament-Symposium-2020_proof-de_7-1536x1152.jpg 1536w, https:\/\/blog.proofs.de\/wp-content\/uploads\/2020\/02\/Fogra-Colormanagament-Symposium-2020_proof-de_7-2048x1536.jpg 2048w, https:\/\/blog.proofs.de\/wp-content\/uploads\/2020\/02\/Fogra-Colormanagament-Symposium-2020_proof-de_7-400x300.jpg 400w\" sizes=\"auto, (max-width: 1024px) 100vw, 1024px\"><\/figure>\r\n\r\n\r\n\r\n<figure class=\"wp-block-image size-large\"><img loading=\"lazy\" decoding=\"async\" width=\"640\" height=\"1024\" class=\"wp-image-2572\" src=\"https:\/\/blog1.proofen.de\/wp-content\/uploads\/2020\/03\/foga_colormanagement_symposium_2020_matthias_betz_proof_de_4-640x1024.jpg\" alt=\"\" srcset=\"https:\/\/blog.proofs.de\/wp-content\/uploads\/2020\/03\/foga_colormanagement_symposium_2020_matthias_betz_proof_de_4-640x1024.jpg 640w, https:\/\/blog.proofs.de\/wp-content\/uploads\/2020\/03\/foga_colormanagement_symposium_2020_matthias_betz_proof_de_4-188x300.jpg 188w, https:\/\/blog.proofs.de\/wp-content\/uploads\/2020\/03\/foga_colormanagement_symposium_2020_matthias_betz_proof_de_4-768x1229.jpg 768w, https:\/\/blog.proofs.de\/wp-content\/uploads\/2020\/03\/foga_colormanagement_symposium_2020_matthias_betz_proof_de_4-960x1536.jpg 960w, https:\/\/blog.proofs.de\/wp-content\/uploads\/2020\/03\/foga_colormanagement_symposium_2020_matthias_betz_proof_de_4-1280x2048.jpg 1280w, https:\/\/blog.proofs.de\/wp-content\/uploads\/2020\/03\/foga_colormanagement_symposium_2020_matthias_betz_proof_de_4-scaled.jpg 1600w\" sizes=\"auto, (max-width: 640px) 100vw, 640px\"><\/figure>\r\n\r\n\r\n\r\n<figure class=\"wp-block-image size-large\"><img loading=\"lazy\" decoding=\"async\" width=\"1024\" height=\"632\" class=\"wp-image-2573\" src=\"https:\/\/blog1.proofen.de\/wp-content\/uploads\/2020\/03\/foga_colormanagement_symposium_2020_matthias_betz_proof_de_2-1024x632.jpg\" alt=\"\" srcset=\"https:\/\/blog.proofs.de\/wp-content\/uploads\/2020\/03\/foga_colormanagement_symposium_2020_matthias_betz_proof_de_2-1024x632.jpg 1024w, https:\/\/blog.proofs.de\/wp-content\/uploads\/2020\/03\/foga_colormanagement_symposium_2020_matthias_betz_proof_de_2-300x185.jpg 300w, https:\/\/blog.proofs.de\/wp-content\/uploads\/2020\/03\/foga_colormanagement_symposium_2020_matthias_betz_proof_de_2-768x474.jpg 768w, https:\/\/blog.proofs.de\/wp-content\/uploads\/2020\/03\/foga_colormanagement_symposium_2020_matthias_betz_proof_de_2-1536x948.jpg 1536w, https:\/\/blog.proofs.de\/wp-content\/uploads\/2020\/03\/foga_colormanagement_symposium_2020_matthias_betz_proof_de_2-2048x1264.jpg 2048w, https:\/\/blog.proofs.de\/wp-content\/uploads\/2020\/03\/foga_colormanagement_symposium_2020_matthias_betz_proof_de_2-486x300.jpg 486w\" sizes=\"auto, (max-width: 1024px) 100vw, 1024px\"><\/figure>\r\n\r\n\r\n\r\n<p class=\"wp-block-paragraph translation-block\">Pode descarregar a apresenta\u00e7\u00e3o da minha palestra \"Proofing in textile printing: <a href=\"https:\/\/blog1.proofen.de\/es\/lexico-2\/a-prueba-de-contratos\/\" target=\"_self\" class=\"encyclopedia tooltipstered\">Contract proof<\/a>s for RGB (FOGRA58) based textile workflows\" aqui:<\/p>\r\n\r\n\r\n\r\n<figure class=\"wp-block-image size-large\"><a href=\"https:\/\/blog1.proofen.de\/wp-content\/uploads\/2020\/02\/1_Matthias-Betz_proof-de_FOGRA58beta_TextileRGB_v13.pdf\"><img loading=\"lazy\" decoding=\"async\" width=\"1024\" height=\"573\" class=\"wp-image-2566\" src=\"https:\/\/blog1.proofen.de\/wp-content\/uploads\/2020\/02\/Matthias-Betz_Proof-de_Proofing-im-Textildruck_Contract-Proofs-f%C3%BCr-RGB-Fogra58beta_TextileRGB_basierte_Textil-Workflows-1024x573.png\" alt=\"Provas na impress\u00e3o t\u00eaxtil: Provas de contrato para fluxos de trabalho t\u00eaxteis baseados em RGB (FOGRA58)\" srcset=\"https:\/\/blog.proofs.de\/wp-content\/uploads\/2020\/02\/Matthias-Betz_Proof-de_Proofing-im-Textildruck_Contract-Proofs-f&uuml;r-RGB-Fogra58beta_TextileRGB_basierte_Textil-Workflows-1024x573.png 1024w, https:\/\/blog.proofs.de\/wp-content\/uploads\/2020\/02\/Matthias-Betz_Proof-de_Proofing-im-Textildruck_Contract-Proofs-f&uuml;r-RGB-Fogra58beta_TextileRGB_basierte_Textil-Workflows-300x168.png 300w, https:\/\/blog.proofs.de\/wp-content\/uploads\/2020\/02\/Matthias-Betz_Proof-de_Proofing-im-Textildruck_Contract-Proofs-f&uuml;r-RGB-Fogra58beta_TextileRGB_basierte_Textil-Workflows-768x430.png 768w, https:\/\/blog.proofs.de\/wp-content\/uploads\/2020\/02\/Matthias-Betz_Proof-de_Proofing-im-Textildruck_Contract-Proofs-f&uuml;r-RGB-Fogra58beta_TextileRGB_basierte_Textil-Workflows-1536x860.png 1536w, https:\/\/blog.proofs.de\/wp-content\/uploads\/2020\/02\/Matthias-Betz_Proof-de_Proofing-im-Textildruck_Contract-Proofs-f&uuml;r-RGB-Fogra58beta_TextileRGB_basierte_Textil-Workflows-2048x1147.png 2048w, https:\/\/blog.proofs.de\/wp-content\/uploads\/2020\/02\/Matthias-Betz_Proof-de_Proofing-im-Textildruck_Contract-Proofs-f&uuml;r-RGB-Fogra58beta_TextileRGB_basierte_Textil-Workflows-500x280.png 500w\" sizes=\"auto, (max-width: 1024px) 100vw, 1024px\"><\/a><\/figure>\r\n\r\n\r\n\r\n<p class=\"wp-block-paragraph translation-block\">Ap\u00f3s a sess\u00e3o, houve um debate animado no nosso stand Fogra58 e foram discutidas as compara\u00e7\u00f5es entre tecido e impermeabiliza\u00e7\u00e3o em exposi\u00e7\u00e3o. Uma amostra com diferentes tons de cinzento de Joe Tschudi atraiu uma aten\u00e7\u00e3o especial. Para o olho humano, a prova era de um cinzento bastante neutro, mas o tecido tinha uma tonalidade verde claramente vis\u00edvel. No entanto, em termos de tecnologia de medi\u00e7\u00e3o, as duas amostras tinham uma diferen\u00e7a de apenas DeltaE00 0,3 para um i1Pro2, e um <a href=\"https:\/\/blog1.proofen.de\/es\/lexico-2\/dispositivo-de-medicion-de-cabeza-esferica\/\" target=\"_self\" class=\"encyclopedia tooltipstered\">dispositivo de medi\u00e7\u00e3o de cabe\u00e7a de bola<\/a> tamb\u00e9m mostrou uma dist\u00e2ncia semelhante. Um bom exemplo para demonstrar a dificuldade entre a impress\u00e3o t\u00eaxtil e a prova, entre os dispositivos de medi\u00e7\u00e3o e a perce\u00e7\u00e3o humana.<\/p>\r\n\r\n\r\n\r\n<figure class=\"wp-block-image size-large\"><img loading=\"lazy\" decoding=\"async\" width=\"1024\" height=\"768\" class=\"wp-image-2552\" src=\"https:\/\/blog1.proofen.de\/wp-content\/uploads\/2020\/02\/Fogra-Colormanagament-Symposium-2020_proof-de_10-1024x768.jpg\" alt=\"\" srcset=\"https:\/\/blog.proofs.de\/wp-content\/uploads\/2020\/02\/Fogra-Colormanagament-Symposium-2020_proof-de_10-1024x768.jpg 1024w, https:\/\/blog.proofs.de\/wp-content\/uploads\/2020\/02\/Fogra-Colormanagament-Symposium-2020_proof-de_10-300x225.jpg 300w, https:\/\/blog.proofs.de\/wp-content\/uploads\/2020\/02\/Fogra-Colormanagament-Symposium-2020_proof-de_10-768x576.jpg 768w, https:\/\/blog.proofs.de\/wp-content\/uploads\/2020\/02\/Fogra-Colormanagament-Symposium-2020_proof-de_10-1536x1152.jpg 1536w, https:\/\/blog.proofs.de\/wp-content\/uploads\/2020\/02\/Fogra-Colormanagament-Symposium-2020_proof-de_10-2048x1536.jpg 2048w, https:\/\/blog.proofs.de\/wp-content\/uploads\/2020\/02\/Fogra-Colormanagament-Symposium-2020_proof-de_10-400x300.jpg 400w\" sizes=\"auto, (max-width: 1024px) 100vw, 1024px\"><\/figure>\r\n\r\n\r\n\r\n<figure class=\"wp-block-image size-large\"><img loading=\"lazy\" decoding=\"async\" width=\"1024\" height=\"768\" class=\"wp-image-2551\" src=\"https:\/\/blog1.proofen.de\/wp-content\/uploads\/2020\/02\/Fogra-Colormanagament-Symposium-2020_proof-de_11-1024x768.jpg\" alt=\"\" srcset=\"https:\/\/blog.proofs.de\/wp-content\/uploads\/2020\/02\/Fogra-Colormanagament-Symposium-2020_proof-de_11-1024x768.jpg 1024w, https:\/\/blog.proofs.de\/wp-content\/uploads\/2020\/02\/Fogra-Colormanagament-Symposium-2020_proof-de_11-300x225.jpg 300w, https:\/\/blog.proofs.de\/wp-content\/uploads\/2020\/02\/Fogra-Colormanagament-Symposium-2020_proof-de_11-768x576.jpg 768w, https:\/\/blog.proofs.de\/wp-content\/uploads\/2020\/02\/Fogra-Colormanagament-Symposium-2020_proof-de_11-1536x1152.jpg 1536w, https:\/\/blog.proofs.de\/wp-content\/uploads\/2020\/02\/Fogra-Colormanagament-Symposium-2020_proof-de_11-2048x1536.jpg 2048w, https:\/\/blog.proofs.de\/wp-content\/uploads\/2020\/02\/Fogra-Colormanagament-Symposium-2020_proof-de_11-400x300.jpg 400w\" sizes=\"auto, (max-width: 1024px) 100vw, 1024px\"><\/figure>\r\n\r\n\r\n\r\n<p class=\"wp-block-paragraph\">Muito obrigado a Andreas Kraushaar e a toda a equipa da Fogra pela excelente organiza\u00e7\u00e3o e apoio durante todo o Colour Management Symposium. Um excelente evento que mostra os desenvolvimentos actuais na gest\u00e3o da cor e alarga a vis\u00e3o a novos mercados e segmentos.<\/p>","protected":false},"excerpt":{"rendered":"<p>De 12 a 13 de fevereiro de 2020, realizou-se em Munique o 7\u00ba Simp\u00f3sio de Gest\u00e3o de Cor da Fogra, onde fui convidado a falar sobre provas na Sess\u00e3o 6. Apresentei os nossos testes de prova para a norma Fogra58-Beta-Textile-RGB para impress\u00e3o digital de t\u00eaxteis. O Simp\u00f3sio de Gest\u00e3o da Cor Fogra \u00e9 um dos eventos na \u00e1rea da gest\u00e3o da cor e re\u00fane cientistas e utilizadores de todo o mundo para uma troca de ideias de dois dias em Munique. Um total de 21 oradores e 7 moderadores falaram sobre os temas da impress\u00e3o multicolor, provas, aquisi\u00e7\u00e3o de impress\u00f5es, expectativas dos clientes, gest\u00e3o da cor para ... <\/p>\n<p class=\"read-more-container\"><a title=\"Revise: Simp\u00f3sio Fogra de Gest\u00e3o de Cor 2020\" class=\"read-more button\" href=\"https:\/\/blog.proofs.de\/pt\/rueckblick-fogra-color-management-symposium-2020\/#more-2549\" aria-label=\"Leia mais sobre a revis\u00e3o: Simp\u00f3sio de Gest\u00e3o de Cor da Fogra 2020\">Leia mais<\/a><\/p>","protected":false},"author":2,"featured_media":2572,"comment_status":"open","ping_status":"open","sticky":false,"template":"","format":"standard","meta":{"om_disable_all_campaigns":false,"inline_featured_image":false,"_monsterinsights_skip_tracking":false,"footnotes":""},"categories":[1,435,120],"tags":[939,933,932,940,522,936,937,903,934,732,941,539,942,943,935,938],"class_list":["post-2549","post","type-post","status-publish","format-standard","has-post-thumbnail","hentry","category-allgemein","category-farbraeume-und-farbprofile","category-kategorie-proof-gmbh","tag-939","tag-andreas-kraushaar","tag-cms","tag-color-management-symposium","tag-fogra","tag-fogra58","tag-fogra58beta","tag-jan-peter-homann","tag-joe-tschudi","tag-matthias-betz","tag-muenchen","tag-proof-gmbh","tag-rgb-proof","tag-rgb-proofing","tag-textile-rgb","tag-textilergb","generate-columns","tablet-grid-50","mobile-grid-100","grid-parent","grid-50","no-featured-image-padding","resize-featured-image"],"aioseo_notices":[],"aioseo_head":"\n\t\t<!-- All in One SEO 5.0.1.1 - aioseo.com -->\n\t<meta name=\"description\" content=\"Matthias Betz von der Proof GmbH war als Referent beim Fogra Color Management Symposium 2020 der Fogra in M\u00fcnchen dabei. Ein R\u00fcckblick auf die Veranstaltung.\" \/>\n\t<meta name=\"robots\" content=\"max-image-preview:large\" \/>\n\t<meta name=\"author\" content=\"Matthias Betz\"\/>\n\t<meta name=\"google-site-verification\" content=\"TuXxyRwxcEg2-WfOaQ8vScWQh3-uBAnxXmY7g3GT90A\" \/>\n\t<meta name=\"keywords\" content=\"fogra,cms,color management symposium,2020,proof gmbh,matthias betz,andreas kraushaar,joe tschudi,jan-peter homann,textile-rgb,fogra58,fogra58beta,textilergb,rgb-proof,rgb-proofing,m\u00fcnchen,,2020,cms,color management symposium,fogra,fogra58,fogra58beta,jan-peter homann,joe tschudi,matthias betz,m\u00fcnchen,proof gmbh,rgb-proof,rgb-proofing,textile-rgb,textilergb\" \/>\n\t<link rel=\"canonical\" href=\"https:\/\/blog.proofs.de\/pt\/rueckblick-fogra-color-management-symposium-2020\/\" \/>\n\t<meta name=\"generator\" content=\"All in One SEO (AIOSEO) 5.0.1.1\" \/>\n\n\t\t<meta name=\"seobility\" content=\"593a8578143db71543f014978c690d47\">\n\t\t<meta property=\"og:locale\" content=\"pt_PT\" \/>\n\t\t<meta property=\"og:site_name\" content=\"Proof.de | Alles zu Proof, Farbmanagement, Grafik, Messtechnik &amp; Co.\" \/>\n\t\t<meta property=\"og:type\" content=\"article\" \/>\n\t\t<meta property=\"og:title\" content=\"R\u00fcckblick: Fogra Color Management Symposium 2020 | proof.de\" \/>\n\t\t<meta property=\"og:description\" content=\"Matthias Betz von der Proof GmbH war als Referent beim Fogra Color Management Symposium 2020 der Fogra in M\u00fcnchen dabei. Ein R\u00fcckblick auf die Veranstaltung.\" \/>\n\t\t<meta property=\"og:url\" content=\"https:\/\/blog.proofs.de\/pt\/rueckblick-fogra-color-management-symposium-2020\/\" \/>\n\t\t<meta property=\"og:image\" content=\"https:\/\/blog.proofs.de\/wp-content\/uploads\/2020\/03\/foga_colormanagement_symposium_2020_matthias_betz_proof_de_4-scaled.jpg\" \/>\n\t\t<meta property=\"og:image:secure_url\" content=\"https:\/\/blog.proofs.de\/wp-content\/uploads\/2020\/03\/foga_colormanagement_symposium_2020_matthias_betz_proof_de_4-scaled.jpg\" \/>\n\t\t<meta property=\"og:image:width\" content=\"1600\" \/>\n\t\t<meta property=\"og:image:height\" content=\"2560\" \/>\n\t\t<meta property=\"article:published_time\" content=\"2020-02-17T00:59:27+00:00\" \/>\n\t\t<meta property=\"article:modified_time\" content=\"2020-05-08T00:02:04+00:00\" \/>\n\t\t<meta property=\"article:publisher\" content=\"https:\/\/www.facebook.com\/Proof.de\/\" \/>\n\t\t<meta name=\"twitter:card\" content=\"summary\" \/>\n\t\t<meta name=\"twitter:title\" content=\"R\u00fcckblick: Fogra Color Management Symposium 2020 | proof.de\" \/>\n\t\t<meta name=\"twitter:description\" content=\"Matthias Betz von der Proof GmbH war als Referent beim Fogra Color Management Symposium 2020 der Fogra in M\u00fcnchen dabei. Ein R\u00fcckblick auf die Veranstaltung.\" \/>\n\t\t<meta name=\"twitter:image\" content=\"https:\/\/blog1.proofen.de\/wp-content\/uploads\/2020\/04\/proof_background.jpg\" \/>\n\t\t<script type=\"application\/ld+json\" class=\"aioseo-schema\">\n\t\t\t{\"@context\":\"https:\\\/\\\/schema.org\",\"@graph\":[{\"@type\":\"Article\",\"@id\":\"https:\\\/\\\/blog.proofs.de\\\/pt\\\/rueckblick-fogra-color-management-symposium-2020\\\/#article\",\"name\":\"R\\u00fcckblick: Fogra Color Management Symposium 2020 | proof.de\",\"headline\":\"R\\u00fcckblick: Fogra Color Management Symposium 2020\",\"author\":{\"@id\":\"https:\\\/\\\/blog.proofs.de\\\/pt\\\/author\\\/mbetz\\\/#author\"},\"publisher\":{\"@id\":\"https:\\\/\\\/blog.proofs.de\\\/pt\\\/#organization\"},\"image\":{\"@type\":\"ImageObject\",\"url\":\"https:\\\/\\\/blog.proofs.de\\\/wp-content\\\/uploads\\\/2020\\\/03\\\/foga_colormanagement_symposium_2020_matthias_betz_proof_de_4-scaled.jpg\",\"width\":1600,\"height\":2560,\"caption\":\"Matthias Betz beim Vortrag auf dem Fogra Colormanagement Symposium 2020\"},\"datePublished\":\"2020-02-17T01:59:27+01:00\",\"dateModified\":\"2020-05-08T02:02:04+02:00\",\"inLanguage\":\"pt-PT\",\"mainEntityOfPage\":{\"@id\":\"https:\\\/\\\/blog.proofs.de\\\/pt\\\/rueckblick-fogra-color-management-symposium-2020\\\/#webpage\"},\"isPartOf\":{\"@id\":\"https:\\\/\\\/blog.proofs.de\\\/pt\\\/rueckblick-fogra-color-management-symposium-2020\\\/#webpage\"},\"articleSection\":\"Allgemein, Farbr\\u00e4ume und Farbprofile, Proof GmbH, 2020, Andreas Kraushaar, CMS, Color Management Symposium, Fogra, Fogra58, Fogra58beta, Jan-Peter Homann, Joe Tschudi, Matthias Betz, M\\u00fcnchen, Proof GmbH, RGB-Proof, RGB-Proofing, Textile-RGB, TextileRGB\"},{\"@type\":\"BreadcrumbList\",\"@id\":\"https:\\\/\\\/blog.proofs.de\\\/pt\\\/rueckblick-fogra-color-management-symposium-2020\\\/#breadcrumblist\",\"itemListElement\":[{\"@type\":\"ListItem\",\"@id\":\"https:\\\/\\\/blog.proofs.de\\\/pt#listItem\",\"position\":1,\"name\":\"Home\",\"item\":\"https:\\\/\\\/blog.proofs.de\\\/pt\",\"nextItem\":{\"@type\":\"ListItem\",\"@id\":\"https:\\\/\\\/blog.proofs.de\\\/pt\\\/thema\\\/proof-wissen\\\/#listItem\",\"name\":\"Proof Wissen\"}},{\"@type\":\"ListItem\",\"@id\":\"https:\\\/\\\/blog.proofs.de\\\/pt\\\/thema\\\/proof-wissen\\\/#listItem\",\"position\":2,\"name\":\"Proof Wissen\",\"item\":\"https:\\\/\\\/blog.proofs.de\\\/pt\\\/thema\\\/proof-wissen\\\/\",\"nextItem\":{\"@type\":\"ListItem\",\"@id\":\"https:\\\/\\\/blog.proofs.de\\\/pt\\\/thema\\\/proof-wissen\\\/kategorie-proof-gmbh\\\/#listItem\",\"name\":\"Proof GmbH\"},\"previousItem\":{\"@type\":\"ListItem\",\"@id\":\"https:\\\/\\\/blog.proofs.de\\\/pt#listItem\",\"name\":\"Home\"}},{\"@type\":\"ListItem\",\"@id\":\"https:\\\/\\\/blog.proofs.de\\\/pt\\\/thema\\\/proof-wissen\\\/kategorie-proof-gmbh\\\/#listItem\",\"position\":3,\"name\":\"Proof GmbH\",\"item\":\"https:\\\/\\\/blog.proofs.de\\\/pt\\\/thema\\\/proof-wissen\\\/kategorie-proof-gmbh\\\/\",\"nextItem\":{\"@type\":\"ListItem\",\"@id\":\"https:\\\/\\\/blog.proofs.de\\\/pt\\\/rueckblick-fogra-color-management-symposium-2020\\\/#listItem\",\"name\":\"R\\u00fcckblick: Fogra Color Management Symposium 2020\"},\"previousItem\":{\"@type\":\"ListItem\",\"@id\":\"https:\\\/\\\/blog.proofs.de\\\/pt\\\/thema\\\/proof-wissen\\\/#listItem\",\"name\":\"Proof Wissen\"}},{\"@type\":\"ListItem\",\"@id\":\"https:\\\/\\\/blog.proofs.de\\\/pt\\\/rueckblick-fogra-color-management-symposium-2020\\\/#listItem\",\"position\":4,\"name\":\"R\\u00fcckblick: Fogra Color Management Symposium 2020\",\"previousItem\":{\"@type\":\"ListItem\",\"@id\":\"https:\\\/\\\/blog.proofs.de\\\/pt\\\/thema\\\/proof-wissen\\\/kategorie-proof-gmbh\\\/#listItem\",\"name\":\"Proof GmbH\"}}]},{\"@type\":\"Organization\",\"@id\":\"https:\\\/\\\/blog.proofs.de\\\/pt\\\/#organization\",\"name\":\"Proof GmbH\",\"description\":\"Farbverbindlicher Proof, Farbproof, Digitalproof und Online-Proof.\",\"url\":\"https:\\\/\\\/blog.proofs.de\\\/pt\\\/\",\"telephone\":\"+4970717952740\",\"logo\":{\"@type\":\"ImageObject\",\"url\":\"https:\\\/\\\/blog1.proofen.de\\\/wp-content\\\/uploads\\\/2019\\\/09\\\/logo_proof_rgb_mit_balken_250px.png\",\"@id\":\"https:\\\/\\\/blog.proofs.de\\\/pt\\\/rueckblick-fogra-color-management-symposium-2020\\\/#organizationLogo\"},\"image\":{\"@id\":\"https:\\\/\\\/blog.proofs.de\\\/pt\\\/rueckblick-fogra-color-management-symposium-2020\\\/#organizationLogo\"},\"sameAs\":[\"https:\\\/\\\/www.facebook.com\\\/Proof.de\\\/\",\"https:\\\/\\\/www.instagram.com\\\/proof.de\\\/\",\"https:\\\/\\\/www.tiktok.com\\\/@proof_de\",\"https:\\\/\\\/www.youtube.com\\\/channel\\\/UCk80fQVQ25wC9wu3SywB-Nw\",\"https:\\\/\\\/www.linkedin.com\\\/company\\\/proof-de\"]},{\"@type\":\"Person\",\"@id\":\"https:\\\/\\\/blog.proofs.de\\\/pt\\\/author\\\/mbetz\\\/#author\",\"url\":\"https:\\\/\\\/blog.proofs.de\\\/pt\\\/author\\\/mbetz\\\/\",\"name\":\"Matthias Betz\",\"image\":{\"@type\":\"ImageObject\",\"@id\":\"https:\\\/\\\/blog.proofs.de\\\/pt\\\/rueckblick-fogra-color-management-symposium-2020\\\/#authorImage\",\"url\":\"https:\\\/\\\/blog.proofs.de\\\/wp-content\\\/uploads\\\/2020\\\/10\\\/matthias-betz-e1603934518350-150x150.png\",\"width\":96,\"height\":96,\"caption\":\"Matthias Betz\"}},{\"@type\":\"WebPage\",\"@id\":\"https:\\\/\\\/blog.proofs.de\\\/pt\\\/rueckblick-fogra-color-management-symposium-2020\\\/#webpage\",\"url\":\"https:\\\/\\\/blog.proofs.de\\\/pt\\\/rueckblick-fogra-color-management-symposium-2020\\\/\",\"name\":\"R\\u00fcckblick: Fogra Color Management Symposium 2020 | proof.de\",\"description\":\"Matthias Betz von der Proof GmbH war als Referent beim Fogra Color Management Symposium 2020 der Fogra in M\\u00fcnchen dabei. Ein R\\u00fcckblick auf die Veranstaltung.\",\"inLanguage\":\"pt-PT\",\"isPartOf\":{\"@id\":\"https:\\\/\\\/blog.proofs.de\\\/pt\\\/#website\"},\"breadcrumb\":{\"@id\":\"https:\\\/\\\/blog.proofs.de\\\/pt\\\/rueckblick-fogra-color-management-symposium-2020\\\/#breadcrumblist\"},\"author\":{\"@id\":\"https:\\\/\\\/blog.proofs.de\\\/pt\\\/author\\\/mbetz\\\/#author\"},\"creator\":{\"@id\":\"https:\\\/\\\/blog.proofs.de\\\/pt\\\/author\\\/mbetz\\\/#author\"},\"image\":{\"@type\":\"ImageObject\",\"url\":\"https:\\\/\\\/blog.proofs.de\\\/wp-content\\\/uploads\\\/2020\\\/03\\\/foga_colormanagement_symposium_2020_matthias_betz_proof_de_4-scaled.jpg\",\"@id\":\"https:\\\/\\\/blog.proofs.de\\\/pt\\\/rueckblick-fogra-color-management-symposium-2020\\\/#mainImage\",\"width\":1600,\"height\":2560,\"caption\":\"Matthias Betz beim Vortrag auf dem Fogra Colormanagement Symposium 2020\"},\"primaryImageOfPage\":{\"@id\":\"https:\\\/\\\/blog.proofs.de\\\/pt\\\/rueckblick-fogra-color-management-symposium-2020\\\/#mainImage\"},\"datePublished\":\"2020-02-17T01:59:27+01:00\",\"dateModified\":\"2020-05-08T02:02:04+02:00\"},{\"@type\":\"WebSite\",\"@id\":\"https:\\\/\\\/blog.proofs.de\\\/pt\\\/#website\",\"url\":\"https:\\\/\\\/blog.proofs.de\\\/pt\\\/\",\"name\":\"Proof.de\",\"description\":\"Farbverbindlicher Proof, Farbproof, Digitalproof und Online-Proof.\",\"inLanguage\":\"pt-PT\",\"publisher\":{\"@id\":\"https:\\\/\\\/blog.proofs.de\\\/pt\\\/#organization\"}}]}\n\t\t<\/script>\n\t\t<!-- All in One SEO -->\n\n","aioseo_head_json":{"title":"Fa\u00e7a uma revis\u00e3o: Simp\u00f3sio de Gest\u00e3o de Cores da Fogra 2020 | proof.de","description":"Matthias Betz, da Proof GmbH, foi orador no Fogra Color Management Symposium 2020, em Munique. Uma an\u00e1lise do evento.","canonical_url":"https:\/\/blog.proofs.de\/pt\/rueckblick-fogra-color-management-symposium-2020\/","robots":"max-image-preview:large","keywords":"fogra,cms,color management symposium,2020,proof gmbh,matthias betz,andreas kraushaar,joe tschudi,jan-peter homann,textile-rgb,fogra58,fogra58beta,textilergb,rgb-proof,rgb-proofing,m\u00fcnchen,,2020,cms,color management symposium,fogra,fogra58,fogra58beta,jan-peter homann,joe tschudi,matthias betz,m\u00fcnchen,proof gmbh,rgb-proof,rgb-proofing,textile-rgb,textilergb","webmasterTools":{"google-site-verification":"TuXxyRwxcEg2-WfOaQ8vScWQh3-uBAnxXmY7g3GT90A","miscellaneous":"&lt;meta name=\"seobility\" content=\"593a8578143db71543f014978c690d47\"&gt;"},"schema":{"@context":"https:\/\/schema.org","@graph":[{"@type":"Article","@id":"https:\/\/blog.proofs.de\/pt\/rueckblick-fogra-color-management-symposium-2020\/#article","name":"R\u00fcckblick: Fogra Color Management Symposium 2020 | proof.de","headline":"R\u00fcckblick: Fogra Color Management Symposium 2020","author":{"@id":"https:\/\/blog.proofs.de\/pt\/author\/mbetz\/#author"},"publisher":{"@id":"https:\/\/blog.proofs.de\/pt\/#organization"},"image":{"@type":"ImageObject","url":"https:\/\/blog.proofs.de\/wp-content\/uploads\/2020\/03\/foga_colormanagement_symposium_2020_matthias_betz_proof_de_4-scaled.jpg","width":1600,"height":2560,"caption":"Matthias Betz beim Vortrag auf dem Fogra Colormanagement Symposium 2020"},"datePublished":"2020-02-17T01:59:27+01:00","dateModified":"2020-05-08T02:02:04+02:00","inLanguage":"pt-PT","mainEntityOfPage":{"@id":"https:\/\/blog.proofs.de\/pt\/rueckblick-fogra-color-management-symposium-2020\/#webpage"},"isPartOf":{"@id":"https:\/\/blog.proofs.de\/pt\/rueckblick-fogra-color-management-symposium-2020\/#webpage"},"articleSection":"Allgemein, Farbr\u00e4ume und Farbprofile, Proof GmbH, 2020, Andreas Kraushaar, CMS, Color Management Symposium, Fogra, Fogra58, Fogra58beta, Jan-Peter Homann, Joe Tschudi, Matthias Betz, M\u00fcnchen, Proof GmbH, RGB-Proof, RGB-Proofing, Textile-RGB, TextileRGB"},{"@type":"BreadcrumbList","@id":"https:\/\/blog.proofs.de\/pt\/rueckblick-fogra-color-management-symposium-2020\/#breadcrumblist","itemListElement":[{"@type":"ListItem","@id":"https:\/\/blog.proofs.de\/pt#listItem","position":1,"name":"Home","item":"https:\/\/blog.proofs.de\/pt","nextItem":{"@type":"ListItem","@id":"https:\/\/blog.proofs.de\/pt\/thema\/proof-wissen\/#listItem","name":"Proof Wissen"}},{"@type":"ListItem","@id":"https:\/\/blog.proofs.de\/pt\/thema\/proof-wissen\/#listItem","position":2,"name":"Proof Wissen","item":"https:\/\/blog.proofs.de\/pt\/thema\/proof-wissen\/","nextItem":{"@type":"ListItem","@id":"https:\/\/blog.proofs.de\/pt\/thema\/proof-wissen\/kategorie-proof-gmbh\/#listItem","name":"Proof GmbH"},"previousItem":{"@type":"ListItem","@id":"https:\/\/blog.proofs.de\/pt#listItem","name":"Home"}},{"@type":"ListItem","@id":"https:\/\/blog.proofs.de\/pt\/thema\/proof-wissen\/kategorie-proof-gmbh\/#listItem","position":3,"name":"Proof GmbH","item":"https:\/\/blog.proofs.de\/pt\/thema\/proof-wissen\/kategorie-proof-gmbh\/","nextItem":{"@type":"ListItem","@id":"https:\/\/blog.proofs.de\/pt\/rueckblick-fogra-color-management-symposium-2020\/#listItem","name":"R\u00fcckblick: Fogra Color Management Symposium 2020"},"previousItem":{"@type":"ListItem","@id":"https:\/\/blog.proofs.de\/pt\/thema\/proof-wissen\/#listItem","name":"Proof Wissen"}},{"@type":"ListItem","@id":"https:\/\/blog.proofs.de\/pt\/rueckblick-fogra-color-management-symposium-2020\/#listItem","position":4,"name":"R\u00fcckblick: Fogra Color Management Symposium 2020","previousItem":{"@type":"ListItem","@id":"https:\/\/blog.proofs.de\/pt\/thema\/proof-wissen\/kategorie-proof-gmbh\/#listItem","name":"Proof GmbH"}}]},{"@type":"Organization","@id":"https:\/\/blog.proofs.de\/pt\/#organization","name":"Proof GmbH","description":"Farbverbindlicher Proof, Farbproof, Digitalproof und Online-Proof.","url":"https:\/\/blog.proofs.de\/pt\/","telephone":"+4970717952740","logo":{"@type":"ImageObject","url":"https:\/\/blog1.proofen.de\/wp-content\/uploads\/2019\/09\/logo_proof_rgb_mit_balken_250px.png","@id":"https:\/\/blog.proofs.de\/pt\/rueckblick-fogra-color-management-symposium-2020\/#organizationLogo"},"image":{"@id":"https:\/\/blog.proofs.de\/pt\/rueckblick-fogra-color-management-symposium-2020\/#organizationLogo"},"sameAs":["https:\/\/www.facebook.com\/Proof.de\/","https:\/\/www.instagram.com\/proof.de\/","https:\/\/www.tiktok.com\/@proof_de","https:\/\/www.youtube.com\/channel\/UCk80fQVQ25wC9wu3SywB-Nw","https:\/\/www.linkedin.com\/company\/proof-de"]},{"@type":"Person","@id":"https:\/\/blog.proofs.de\/pt\/author\/mbetz\/#author","url":"https:\/\/blog.proofs.de\/pt\/author\/mbetz\/","name":"Matthias Betz","image":{"@type":"ImageObject","@id":"https:\/\/blog.proofs.de\/pt\/rueckblick-fogra-color-management-symposium-2020\/#authorImage","url":"https:\/\/blog.proofs.de\/wp-content\/uploads\/2020\/10\/matthias-betz-e1603934518350-150x150.png","width":96,"height":96,"caption":"Matthias Betz"}},{"@type":"WebPage","@id":"https:\/\/blog.proofs.de\/pt\/rueckblick-fogra-color-management-symposium-2020\/#webpage","url":"https:\/\/blog.proofs.de\/pt\/rueckblick-fogra-color-management-symposium-2020\/","name":"R\u00fcckblick: Fogra Color Management Symposium 2020 | proof.de","description":"Matthias Betz von der Proof GmbH war als Referent beim Fogra Color Management Symposium 2020 der Fogra in M\u00fcnchen dabei. Ein R\u00fcckblick auf die Veranstaltung.","inLanguage":"pt-PT","isPartOf":{"@id":"https:\/\/blog.proofs.de\/pt\/#website"},"breadcrumb":{"@id":"https:\/\/blog.proofs.de\/pt\/rueckblick-fogra-color-management-symposium-2020\/#breadcrumblist"},"author":{"@id":"https:\/\/blog.proofs.de\/pt\/author\/mbetz\/#author"},"creator":{"@id":"https:\/\/blog.proofs.de\/pt\/author\/mbetz\/#author"},"image":{"@type":"ImageObject","url":"https:\/\/blog.proofs.de\/wp-content\/uploads\/2020\/03\/foga_colormanagement_symposium_2020_matthias_betz_proof_de_4-scaled.jpg","@id":"https:\/\/blog.proofs.de\/pt\/rueckblick-fogra-color-management-symposium-2020\/#mainImage","width":1600,"height":2560,"caption":"Matthias Betz beim Vortrag auf dem Fogra Colormanagement Symposium 2020"},"primaryImageOfPage":{"@id":"https:\/\/blog.proofs.de\/pt\/rueckblick-fogra-color-management-symposium-2020\/#mainImage"},"datePublished":"2020-02-17T01:59:27+01:00","dateModified":"2020-05-08T02:02:04+02:00"},{"@type":"WebSite","@id":"https:\/\/blog.proofs.de\/pt\/#website","url":"https:\/\/blog.proofs.de\/pt\/","name":"Proof.de","description":"Farbverbindlicher Proof, Farbproof, Digitalproof und Online-Proof.","inLanguage":"pt-PT","publisher":{"@id":"https:\/\/blog.proofs.de\/pt\/#organization"}}]},"og:locale":"pt_PT","og:site_name":"Proof.de | Alles zu Proof, Farbmanagement, Grafik, Messtechnik &amp; Co.","og:type":"article","og:title":"R\u00fcckblick: Fogra Color Management Symposium 2020 | proof.de","og:description":"Matthias Betz von der Proof GmbH war als Referent beim Fogra Color Management Symposium 2020 der Fogra in M\u00fcnchen dabei. Ein R\u00fcckblick auf die Veranstaltung.","og:url":"https:\/\/blog.proofs.de\/pt\/rueckblick-fogra-color-management-symposium-2020\/","og:image":"https:\/\/blog.proofs.de\/wp-content\/uploads\/2020\/03\/foga_colormanagement_symposium_2020_matthias_betz_proof_de_4-scaled.jpg","og:image:secure_url":"https:\/\/blog.proofs.de\/wp-content\/uploads\/2020\/03\/foga_colormanagement_symposium_2020_matthias_betz_proof_de_4-scaled.jpg","og:image:width":1600,"og:image:height":2560,"article:published_time":"2020-02-17T00:59:27+00:00","article:modified_time":"2020-05-08T00:02:04+00:00","article:publisher":"https:\/\/www.facebook.com\/Proof.de\/","twitter:card":"summary","twitter:title":"R\u00fcckblick: Fogra Color Management Symposium 2020 | proof.de","twitter:description":"Matthias Betz von der Proof GmbH war als Referent beim Fogra Color Management Symposium 2020 der Fogra in M\u00fcnchen dabei. Ein R\u00fcckblick auf die Veranstaltung.","twitter:image":"https:\/\/blog1.proofen.de\/wp-content\/uploads\/2020\/04\/proof_background.jpg"},"aioseo_meta_data":{"post_id":"2549","title":null,"description":"Matthias Betz, da Proof GmbH, foi orador no Fogra Color Management Symposium 2020, em Munique. Uma an\u00e1lise do evento.","keywords":[{"label":"Fogra,CMS,Color Management Symposium,2020,Proof GmbH,Matthias Betz","value":"Fogra,CMS,Color Management Symposium,2020,Proof GmbH,Matthias Betz"},{"label":"Andreas Kraushaar","value":"Andreas Kraushaar"},{"label":"Joe Tschudi,Jan-Peter Homann,Textile-RGB,Fogra58,Fogra58beta,TextileRGB,RGB-Proof,RGB-Proofing,M\u00fcnchen,","value":"Joe Tschudi,Jan-Peter Homann,Textile-RGB,Fogra58,Fogra58beta,TextileRGB,RGB-Proof,RGB-Proofing,M\u00fcnchen,"}],"keyphrases":{"focus":{"keyphrase":"Fogra Color Management Symposium","score":100,"analysis":{"keyphraseInTitle":{"title":"Focus keyphrase in SEO title","description":"Focus keyphrase found in SEO title.","score":9,"maxScore":9,"error":0},"keyphraseInDescription":{"title":"Focus keyphrase in meta description","description":"Focus keyphrase found in meta description.","score":9,"maxScore":9,"error":0},"keyphraseLength":{"title":"Focus keyphrase length","description":"Good job!","score":9,"maxScore":9,"error":0,"length":4},"keyphraseInURL":[],"keyphraseInIntroduction":{"title":"Focus keyphrase in introduction","description":"Your Focus keyphrase appears in the first paragraph. Well done!","score":9,"maxScore":9,"error":0},"keyphraseInSubHeadings":[],"keyphraseInImageAlt":{"title":"Focus keyphrase in image alt attributes","description":"Focus keyphrase found in image alt attribute(s).","score":9,"maxScore":9,"error":0}}},"additional":[]},"primary_term":null,"canonical_url":null,"og_title":null,"og_description":null,"og_object_type":"default","og_image_type":"default","og_image_url":null,"og_image_width":null,"og_image_height":null,"og_image_custom_url":null,"og_image_custom_fields":null,"og_video":"","og_custom_url":null,"og_article_section":null,"og_article_tags":[],"twitter_use_og":false,"twitter_card":"default","twitter_image_type":"default","twitter_image_url":null,"twitter_image_custom_url":null,"twitter_image_custom_fields":null,"twitter_title":null,"twitter_description":null,"schema":{"blockGraphs":[],"customGraphs":[],"default":{"data":{"Article":[],"Course":[],"Dataset":[],"FAQPage":[],"Movie":[],"Person":[],"Product":[],"ProductReview":[],"Car":[],"Recipe":[],"Service":[],"SoftwareApplication":[],"WebPage":[]},"graphName":"","isEnabled":true},"graphs":[],"defaultGraph":"Article","defaultPostTypeGraph":""},"schema_type":"default","schema_type_options":"{\"article\":{\"articleType\":\"BlogPosting\"},\"course\":{\"name\":\"\",\"description\":\"\",\"provider\":\"\"},\"faq\":{\"pages\":[]},\"product\":{\"reviews\":[]},\"recipe\":{\"ingredients\":[],\"instructions\":[],\"keywords\":[]},\"software\":{\"reviews\":[],\"operatingSystems\":[]},\"webPage\":{\"webPageType\":\"WebPage\"}}","pillar_content":false,"robots_default":true,"robots_noindex":false,"robots_noarchive":false,"robots_nosnippet":false,"robots_nofollow":false,"robots_noimageindex":false,"robots_noodp":false,"robots_notranslate":false,"robots_max_snippet":"-1","robots_max_videopreview":"-1","robots_max_imagepreview":"large","priority":null,"frequency":"default","local_seo":null,"breadcrumb_settings":null,"limit_modified_date":true,"ai":null,"created":"2020-12-21 00:32:57","updated":"2025-06-04 14:25:05","seo_analyzer_scan_date":null,"focus_keyword":"Fogra Color Management Symposium","additional_keywords":null,"truseo_locale":null},"_links":{"self":[{"href":"https:\/\/blog.proofs.de\/pt\/wp-json\/wp\/v2\/posts\/2549","targetHints":{"allow":["GET"]}}],"collection":[{"href":"https:\/\/blog.proofs.de\/pt\/wp-json\/wp\/v2\/posts"}],"about":[{"href":"https:\/\/blog.proofs.de\/pt\/wp-json\/wp\/v2\/types\/post"}],"author":[{"embeddable":true,"href":"https:\/\/blog.proofs.de\/pt\/wp-json\/wp\/v2\/users\/2"}],"replies":[{"embeddable":true,"href":"https:\/\/blog.proofs.de\/pt\/wp-json\/wp\/v2\/comments?post=2549"}],"version-history":[{"count":7,"href":"https:\/\/blog.proofs.de\/pt\/wp-json\/wp\/v2\/posts\/2549\/revisions"}],"predecessor-version":[{"id":3354,"href":"https:\/\/blog.proofs.de\/pt\/wp-json\/wp\/v2\/posts\/2549\/revisions\/3354"}],"wp:featuredmedia":[{"embeddable":true,"href":"https:\/\/blog.proofs.de\/pt\/wp-json\/wp\/v2\/media\/2572"}],"wp:attachment":[{"href":"https:\/\/blog.proofs.de\/pt\/wp-json\/wp\/v2\/media?parent=2549"}],"wp:term":[{"taxonomy":"category","embeddable":true,"href":"https:\/\/blog.proofs.de\/pt\/wp-json\/wp\/v2\/categories?post=2549"},{"taxonomy":"post_tag","embeddable":true,"href":"https:\/\/blog.proofs.de\/pt\/wp-json\/wp\/v2\/tags?post=2549"}],"curies":[{"name":"wp","href":"https:\/\/api.w.org\/{rel}","templated":true}]}}