{"id":69,"date":"2012-01-25T10:21:52","date_gmt":"2012-01-25T09:21:52","guid":{"rendered":"http:\/\/www.proof.de\/?p=69"},"modified":"2020-05-08T11:50:00","modified_gmt":"2020-05-08T09:50:00","slug":"como-e-que-as-encadernacoes-a-cores-sao-a-prova","status":"publish","type":"post","link":"https:\/\/blog.proofs.de\/pt\/wie-farbverbindlich-sind-proofs\/","title":{"rendered":"Qual \u00e9 a exactid\u00e3o das cores das provas?"},"content":{"rendered":"<div class=\"kk-star-ratings kksr-auto kksr-align-right kksr-valign-top\" data-payload='{\"align\":\"right\",\"id\":\"69\",\"slug\":\"default\",\"valign\":\"top\",\"ignore\":\"\",\"reference\":\"auto\",\"class\":\"\",\"count\":\"0\",\"legendonly\":\"\",\"readonly\":\"\",\"score\":\"0\",\"starsonly\":\"\",\"best\":\"5\",\"gap\":\"5\",\"greet\":\"Jetzt bewerten\",\"legend\":\"0\\\/5 - (0 votes)\",\"size\":\"24\",\"title\":\"Wie farbverbindlich sind Proofs?\",\"width\":\"0\",\"_legend\":\"{score}\\\/{best} - ({count} {votes})\",\"font_factor\":\"1.25\"}'>\n            \n<div class=\"kksr-stars\">\n    \n<div class=\"kksr-stars-inactive\">\n            <div class=\"kksr-star\" data-star=\"1\" style=\"padding-right: 5px\">\n            \n\n<div class=\"kksr-icon\" style=\"width: 24px; height: 24px;\"><\/div>\n        <\/div>\n            <div class=\"kksr-star\" data-star=\"2\" style=\"padding-right: 5px\">\n            \n\n<div class=\"kksr-icon\" style=\"width: 24px; height: 24px;\"><\/div>\n        <\/div>\n            <div class=\"kksr-star\" data-star=\"3\" style=\"padding-right: 5px\">\n            \n\n<div class=\"kksr-icon\" style=\"width: 24px; height: 24px;\"><\/div>\n        <\/div>\n            <div class=\"kksr-star\" data-star=\"4\" style=\"padding-right: 5px\">\n            \n\n<div class=\"kksr-icon\" style=\"width: 24px; height: 24px;\"><\/div>\n        <\/div>\n            <div class=\"kksr-star\" data-star=\"5\" style=\"padding-right: 5px\">\n            \n\n<div class=\"kksr-icon\" style=\"width: 24px; height: 24px;\"><\/div>\n        <\/div>\n    <\/div>\n    \n<div class=\"kksr-stars-active\" style=\"width: 0px;\">\n            <div class=\"kksr-star\" style=\"padding-right: 5px\">\n            \n\n<div class=\"kksr-icon\" style=\"width: 24px; height: 24px;\"><\/div>\n        <\/div>\n            <div class=\"kksr-star\" style=\"padding-right: 5px\">\n            \n\n<div class=\"kksr-icon\" style=\"width: 24px; height: 24px;\"><\/div>\n        <\/div>\n            <div class=\"kksr-star\" style=\"padding-right: 5px\">\n            \n\n<div class=\"kksr-icon\" style=\"width: 24px; height: 24px;\"><\/div>\n        <\/div>\n            <div class=\"kksr-star\" style=\"padding-right: 5px\">\n            \n\n<div class=\"kksr-icon\" style=\"width: 24px; height: 24px;\"><\/div>\n        <\/div>\n            <div class=\"kksr-star\" style=\"padding-right: 5px\">\n            \n\n<div class=\"kksr-icon\" style=\"width: 24px; height: 24px;\"><\/div>\n        <\/div>\n    <\/div>\n<\/div>\n                \n\n<div class=\"kksr-legend\" style=\"font-size: 19.2px;\">\n            <span class=\"kksr-muted\">Avalie agora<\/span>\n    <\/div>\n    <\/div>\n<p><strong>A <a href=\"https:\/\/blog.proofs.de\/pt\/lexikon\/proof\/\" target=\"_self\" title=\"Uma prova (correctamente: prova de contrato) \u00e9 um dispositivo de prova certificado ISO 12647-7 para a ind\u00fastria das artes gr\u00e1ficas. Uma prova simula o colorido da impress\u00e3o offset ou da impress\u00e3o de gravura a cores e juridicamente vinculativa dentro das estreitas toler\u00e2ncias da norma ISO.\" class=\"encyclopedia\">Comprova\u00e7\u00e3o<\/a> \u00e9 preparado de acordo com a norma ISO 12647-7 actualmente em vigor e \u00e9 <a href=\"https:\/\/blog.proofs.de\/pt\/lexikon\/ugra\/\" target=\"_self\" title=\"A UGRA \u00e9 o centro de excel\u00eancia para os meios de comunica\u00e7\u00e3o e tecnologia de impress\u00e3o.\" class=\"encyclopedia\">UGRA<\/a>-<a href=\"https:\/\/blog.proofs.de\/pt\/lexikon\/fogra\/\" target=\"_self\" title=\"Fogra Forschungsgesellschaft Druck e.V., com sede em Munique.\" class=\"encyclopedia\">Fogra<\/a> <a href=\"https:\/\/blog.proofs.de\/pt\/lexikon\/medienkeil\/\" target=\"_self\" title=\"Uma cunha de suporte \u00e9 um padr\u00e3o de teste normalizado utilizado na ind\u00fastria gr\u00e1fica e na gest\u00e3o de cores. A cunha de suporte \u00e9 constitu\u00edda por uma s\u00e9rie de manchas de cor com valores de cor e intensidades de cor conhecidos. \u00c9 utilizado para verificar a precis\u00e3o e a reprodu\u00e7\u00e3o de cores das impress\u00f5es, especialmente quando calibra sistemas de gest\u00e3o de cores. A cunha de suporte cont\u00e9m uma s\u00e9rie de manchas de cor com cores diferentes, incluindo...\" class=\"encyclopedia\">Cunha da m\u00eddia<\/a> e relat\u00f3rio de ensaio com c\u00f3digo de cores e juridicamente vinculativo.<\/strong><\/p>\n<p><strong>Como \u00e9 que esta revis\u00e3o funciona?<\/strong><\/p>\n<p>Precisa de um comprovativo com a cunha de meios UGRA\/Fogra <a href=\"https:\/\/blog.proofs.de\/pt\/lexikon\/cmyk\/\" target=\"_self\" title='CMYK significa as quatro cores de impress\u00e3o: ciano, magenta, amarelo (amarelo) e &quot;chave&quot; (por\u00e7\u00e3o preta ou preta).' class=\"encyclopedia\">CMYK<\/a> V3.0, existem duas formas de a pista de auditoria ficar sob os seus dados.<\/p>\n<ol>\n<li>Nos dispositivos de prova que t\u00eam um dispositivo de medi\u00e7\u00e3o integrado, a cunha de suporte com 3\u00d724 manchas de cor normalizadas \u00e9 impressa directamente sob os dados da prova. Este suporte \u00e9 deslocado directamente no dispositivo de prova para uma esp\u00e9cie de \"secador de cabelo\" no dispositivo de medi\u00e7\u00e3o e a\u00ed \u00e9 seco. Ap\u00f3s alguns minutos de secagem, a cunha do suporte \u00e9 deslocada e medida directamente no dispositivo de prova. Isto demora alguns minutos. Os valores de medi\u00e7\u00e3o determinados desta forma s\u00e3o enviados para o <a href=\"https:\/\/blog.proofs.de\/pt\/lexikon\/proofs\/\" target=\"_self\" title=\"No sector da impress\u00e3o, as provas (ou impress\u00f5es de provas) referem-se \u00e0 encaderna\u00e7\u00e3o a cores e \u00e0 simula\u00e7\u00e3o legalmente vinculativa de um resultado de impress\u00e3o para efeitos de controlo. A norma respons\u00e1vel pelas provas \u00e9 a ISO 12647-7:2016, ou seja, a revis\u00e3o actual de 2016.\" class=\"encyclopedia\">Provas<\/a>O seu sistema de medi\u00e7\u00e3o de cor \u00e9 instalado no ProcessStandard e a\u00ed avaliado. Se os valores de cor estiverem correctos e dentro das toler\u00e2ncias da rigorosa norma ISO, \u00e9 impresso um relat\u00f3rio de teste da medi\u00e7\u00e3o directamente por baixo da cunha do suporte, mostrando-lhe a precis\u00e3o da cor de acordo com a Norma do Processo <a href=\"https:\/\/blog.proofs.de\/pt\/lexikon\/offsetdruck\/\" target=\"_self\" title=\"A impress\u00e3o em offset \u00e9 um processo de impress\u00e3o indirecta. Indirecto significa que o forme de impress\u00e3o e o substrato n\u00e3o entram em contacto directo um com o outro, mas um meio \u00e9 utilizado como meio de transfer\u00eancia. \u00c9 o processo de impress\u00e3o mais difundido. Existem: - impressoras offset de folhas e - impressoras offset web.\" class=\"encyclopedia\">Impress\u00e3o em offset<\/a> garantida.<\/li>\n<li>No caso de aparelhos de controlo sem um aparelho de medi\u00e7\u00e3o integrado, o <a href=\"https:\/\/blog.proofs.de\/pt\/lexikon\/led\/\" target=\"_self\" title='Um LED \u00e9 um &quot;d\u00edodo emissor de luz&quot; e, na ind\u00fastria gr\u00e1fica, representa a nova luz &quot;LED&quot;, que substituiu fontes de luz mais antigas, como os tubos de n\u00e9on e as l\u00e2mpadas de tungst\u00e9nio. Os tubos de n\u00e9on s\u00e3o conhecidos principalmente pela gama de luz padr\u00e3o D50 ou D65, enquanto as fontes de luz de tungst\u00e9nio eram utilizadas principalmente em dispositivos de medi\u00e7\u00e3o da cor, como espectrofot\u00f3metros e color\u00edmetros....' class=\"encyclopedia\">conduzido<\/a>Apenas a cunha de suporte normalizada \u00e9 impressa sob os dados da prova. Posteriormente, \u00e9 efectuada uma verifica\u00e7\u00e3o fora da impressora de provas. A cunha do suporte \u00e9 ent\u00e3o medida com um dispositivo de medi\u00e7\u00e3o externo e os valores alvo e de toler\u00e2ncia s\u00e3o verificados por <a href=\"https:\/\/blog.proofs.de\/pt\/lexikon\/lab\/\" target=\"_self\" title=\"CIELAB ou LAB \u00e9 um modelo matem\u00e1tico de cor que se estabeleceu onde quer que seja necess\u00e1rio um c\u00e1lculo exacto da cor. A gest\u00e3o da cor por computador funciona normalmente atrav\u00e9s do CIELAB.\" class=\"encyclopedia\">Laborat\u00f3rio<\/a>eld impressora. Esta etiqueta \u00e9 ent\u00e3o colada directamente sob a cunha do suporte de impress\u00e3o.<\/li>\n<\/ol>\n<p><strong>Qual \u00e9 a vantagem de criar e verificar automaticamente a cunha do suporte de impress\u00e3o directamente no dispositivo de prova?<br>\n<\/strong><\/p>\n<ul>\n<li>A medi\u00e7\u00e3o \u00e9 efectuada automaticamente logo ap\u00f3s a impress\u00e3o da prova, sendo exclu\u00eddos os erros de medi\u00e7\u00e3o devidos a erros de opera\u00e7\u00e3o manual. Uma vez que o protocolo de teste n\u00e3o \u00e9 \"colado\" posteriormente, como ainda acontece frequentemente, a manipula\u00e7\u00e3o \u00e9 exclu\u00edda.<\/li>\n<\/ul>\n<p>Para mais informa\u00e7\u00f5es sobre o protocolo de ensaio, a cunha medi\u00e1tica e o trabalho e responsabilidade da UGRA\/Fogra, consulte <a href=\"http:\/\/www.ugra.ch\/\" target=\"_blank\" rel=\"noopener noreferrer\">www.ugra.ch<\/a> e <a href=\"http:\/\/www.fogra.org\/\" target=\"_blank\" rel=\"noopener noreferrer\">www.fogra.org<\/a>.<\/p>","protected":false},"excerpt":{"rendered":"<p>Uma prova \u00e9 criada de acordo com a norma ISO 12647-7 atualmente em vigor e \u00e9 vinculativa em termos de cor e de legisla\u00e7\u00e3o, com uma cunha de suporte UGRA-Fogra e um relat\u00f3rio de teste. Como \u00e9 que esta verifica\u00e7\u00e3o funciona? Se necessitar de uma prova com a cunha de suporte UGRA\/Fogra CMYK V3.0, existem duas formas de adicionar o relat\u00f3rio de teste aos seus dados. Para dispositivos de prova com um dispositivo de medi\u00e7\u00e3o integrado, o suporte de impress\u00e3o com 3\u00d724 amostras de cor normalizadas \u00e9 impresso diretamente sob os dados da prova. Este suporte \u00e9 deslocado diretamente do dispositivo de prova para uma esp\u00e9cie de \"secador de cabelo\" no dispositivo de medi\u00e7\u00e3o e a\u00ed \u00e9 seco. Ap\u00f3s alguns minutos de secagem, a cunha de suporte continua e \u00e9 ... <\/p>\n<p class=\"read-more-container\"><a title=\"Qual \u00e9 a exactid\u00e3o das cores das provas?\" class=\"read-more button\" href=\"https:\/\/blog.proofs.de\/pt\/wie-farbverbindlich-sind-proofs\/#more-69\" aria-label=\"Leia mais sobre Qu\u00e3o fi\u00e1veis s\u00e3o as provas em termos de cores?\">Leia mais<\/a><\/p>","protected":false},"author":2,"featured_media":881,"comment_status":"open","ping_status":"open","sticky":false,"template":"","format":"standard","meta":{"om_disable_all_campaigns":false,"inline_featured_image":false,"_monsterinsights_skip_tracking":false,"footnotes":""},"categories":[18,443,120,438,437,7,442],"tags":[520,521,21,67,522,19,519,525],"class_list":["post-69","post","type-post","status-publish","format-standard","has-post-thumbnail","hentry","category-haufige-fragen","category-haeufige-fragen-zu-proofs","category-kategorie-proof-gmbh","category-proof-papiere","category-proof-software-und-technik","category-proof-wissen","category-prozessstandard-offsetdruck-proof-wissen","tag-digitalproof","tag-farbproof","tag-farbverbindlich","tag-farbverbindlichkeit","tag-fogra","tag-medienkeil","tag-proof","tag-ugra","generate-columns","tablet-grid-50","mobile-grid-100","grid-parent","grid-50","no-featured-image-padding","resize-featured-image"],"aioseo_notices":[],"aioseo_head":"\n\t\t<!-- All in One SEO 5.0.1.1 - aioseo.com -->\n\t<meta name=\"description\" content=\"In dem Artikel wird erkl\u00e4rt, wie ein Proof farbverbindlich und rechtsverbindlich wird: Mit Medienkeil und Pr\u00fcfprotokoll nach ISO 12647-7 kein Thema!\" \/>\n\t<meta name=\"robots\" content=\"max-image-preview:large\" \/>\n\t<meta name=\"author\" content=\"Matthias Betz\"\/>\n\t<meta name=\"google-site-verification\" content=\"TuXxyRwxcEg2-WfOaQ8vScWQh3-uBAnxXmY7g3GT90A\" \/>\n\t<meta name=\"keywords\" content=\"proof,farbverbindlich,rechtsverbindlich,pr\u00fcfprotokoll,iso12647-7,digitalproof,farbproof,farbverbindlich,farbverbindlichkeit,fogra,medienkeil,proof,ugra\" \/>\n\t<link rel=\"canonical\" href=\"https:\/\/blog.proofs.de\/pt\/wie-farbverbindlich-sind-proofs\/\" \/>\n\t<meta name=\"generator\" content=\"All in One SEO (AIOSEO) 5.0.1.1\" \/>\n\n\t\t<meta name=\"seobility\" content=\"593a8578143db71543f014978c690d47\">\n\t\t<meta property=\"og:locale\" content=\"pt_PT\" \/>\n\t\t<meta property=\"og:site_name\" content=\"Proof.de | Alles zu Proof, Farbmanagement, Grafik, Messtechnik &amp; Co.\" \/>\n\t\t<meta property=\"og:type\" content=\"article\" \/>\n\t\t<meta property=\"og:title\" content=\"Wie farbverbindlich sind Proofs? | proof.de\" \/>\n\t\t<meta property=\"og:description\" content=\"In dem Artikel wird erkl\u00e4rt, wie ein Proof farbverbindlich und rechtsverbindlich wird: Mit Medienkeil und Pr\u00fcfprotokoll nach ISO 12647-7 kein Thema!\" \/>\n\t\t<meta property=\"og:url\" content=\"https:\/\/blog.proofs.de\/pt\/wie-farbverbindlich-sind-proofs\/\" \/>\n\t\t<meta property=\"og:image\" content=\"https:\/\/blog.proofs.de\/wp-content\/uploads\/2014\/02\/medienkeil_mit_pruefprotokoll.jpg\" \/>\n\t\t<meta property=\"og:image:secure_url\" content=\"https:\/\/blog.proofs.de\/wp-content\/uploads\/2014\/02\/medienkeil_mit_pruefprotokoll.jpg\" \/>\n\t\t<meta property=\"og:image:width\" content=\"540\" \/>\n\t\t<meta property=\"og:image:height\" content=\"315\" \/>\n\t\t<meta property=\"article:published_time\" content=\"2012-01-25T09:21:52+00:00\" \/>\n\t\t<meta property=\"article:modified_time\" content=\"2020-05-08T09:50:00+00:00\" \/>\n\t\t<meta property=\"article:publisher\" content=\"https:\/\/www.facebook.com\/Proof.de\/\" \/>\n\t\t<meta name=\"twitter:card\" content=\"summary\" \/>\n\t\t<meta name=\"twitter:title\" content=\"Wie farbverbindlich sind Proofs? | proof.de\" \/>\n\t\t<meta name=\"twitter:description\" content=\"In dem Artikel wird erkl\u00e4rt, wie ein Proof farbverbindlich und rechtsverbindlich wird: Mit Medienkeil und Pr\u00fcfprotokoll nach ISO 12647-7 kein Thema!\" \/>\n\t\t<meta name=\"twitter:image\" content=\"https:\/\/blog1.proofen.de\/wp-content\/uploads\/2020\/04\/proof_background.jpg\" \/>\n\t\t<script type=\"application\/ld+json\" class=\"aioseo-schema\">\n\t\t\t{\"@context\":\"https:\\\/\\\/schema.org\",\"@graph\":[{\"@type\":\"Article\",\"@id\":\"https:\\\/\\\/blog.proofs.de\\\/pt\\\/wie-farbverbindlich-sind-proofs\\\/#article\",\"name\":\"Wie farbverbindlich sind Proofs? | proof.de\",\"headline\":\"Wie farbverbindlich sind Proofs?\",\"author\":{\"@id\":\"https:\\\/\\\/blog.proofs.de\\\/pt\\\/author\\\/mbetz\\\/#author\"},\"publisher\":{\"@id\":\"https:\\\/\\\/blog.proofs.de\\\/pt\\\/#organization\"},\"image\":{\"@type\":\"ImageObject\",\"url\":\"https:\\\/\\\/blog.proofs.de\\\/wp-content\\\/uploads\\\/2014\\\/02\\\/medienkeil_mit_pruefprotokoll.jpg\",\"width\":540,\"height\":315,\"caption\":\"Ugra\\\/Fogra-Medienkeil V3.0 mit Pr\\u00fcfprotokoll\"},\"datePublished\":\"2012-01-25T10:21:52+01:00\",\"dateModified\":\"2020-05-08T11:50:00+02:00\",\"inLanguage\":\"pt-PT\",\"mainEntityOfPage\":{\"@id\":\"https:\\\/\\\/blog.proofs.de\\\/pt\\\/wie-farbverbindlich-sind-proofs\\\/#webpage\"},\"isPartOf\":{\"@id\":\"https:\\\/\\\/blog.proofs.de\\\/pt\\\/wie-farbverbindlich-sind-proofs\\\/#webpage\"},\"articleSection\":\"H\\u00e4ufige Fragen, H\\u00e4ufige Fragen zu Proofs, Proof GmbH, Proof Papiere, Proof Software &amp; Technik, Proof Wissen, Prozessstandard Offsetdruck, Digitalproof, Farbproof, farbverbindlich, Farbverbindlichkeit, Fogra, Medienkeil, Proof, UGRA\"},{\"@type\":\"BreadcrumbList\",\"@id\":\"https:\\\/\\\/blog.proofs.de\\\/pt\\\/wie-farbverbindlich-sind-proofs\\\/#breadcrumblist\",\"itemListElement\":[{\"@type\":\"ListItem\",\"@id\":\"https:\\\/\\\/blog.proofs.de\\\/pt#listItem\",\"position\":1,\"name\":\"Home\",\"item\":\"https:\\\/\\\/blog.proofs.de\\\/pt\",\"nextItem\":{\"@type\":\"ListItem\",\"@id\":\"https:\\\/\\\/blog.proofs.de\\\/pt\\\/thema\\\/proof-wissen\\\/#listItem\",\"name\":\"Proof Wissen\"}},{\"@type\":\"ListItem\",\"@id\":\"https:\\\/\\\/blog.proofs.de\\\/pt\\\/thema\\\/proof-wissen\\\/#listItem\",\"position\":2,\"name\":\"Proof Wissen\",\"item\":\"https:\\\/\\\/blog.proofs.de\\\/pt\\\/thema\\\/proof-wissen\\\/\",\"nextItem\":{\"@type\":\"ListItem\",\"@id\":\"https:\\\/\\\/blog.proofs.de\\\/pt\\\/thema\\\/proof-wissen\\\/kategorie-proof-gmbh\\\/#listItem\",\"name\":\"Proof GmbH\"},\"previousItem\":{\"@type\":\"ListItem\",\"@id\":\"https:\\\/\\\/blog.proofs.de\\\/pt#listItem\",\"name\":\"Home\"}},{\"@type\":\"ListItem\",\"@id\":\"https:\\\/\\\/blog.proofs.de\\\/pt\\\/thema\\\/proof-wissen\\\/kategorie-proof-gmbh\\\/#listItem\",\"position\":3,\"name\":\"Proof GmbH\",\"item\":\"https:\\\/\\\/blog.proofs.de\\\/pt\\\/thema\\\/proof-wissen\\\/kategorie-proof-gmbh\\\/\",\"nextItem\":{\"@type\":\"ListItem\",\"@id\":\"https:\\\/\\\/blog.proofs.de\\\/pt\\\/wie-farbverbindlich-sind-proofs\\\/#listItem\",\"name\":\"Wie farbverbindlich sind Proofs?\"},\"previousItem\":{\"@type\":\"ListItem\",\"@id\":\"https:\\\/\\\/blog.proofs.de\\\/pt\\\/thema\\\/proof-wissen\\\/#listItem\",\"name\":\"Proof Wissen\"}},{\"@type\":\"ListItem\",\"@id\":\"https:\\\/\\\/blog.proofs.de\\\/pt\\\/wie-farbverbindlich-sind-proofs\\\/#listItem\",\"position\":4,\"name\":\"Wie farbverbindlich sind Proofs?\",\"previousItem\":{\"@type\":\"ListItem\",\"@id\":\"https:\\\/\\\/blog.proofs.de\\\/pt\\\/thema\\\/proof-wissen\\\/kategorie-proof-gmbh\\\/#listItem\",\"name\":\"Proof GmbH\"}}]},{\"@type\":\"Organization\",\"@id\":\"https:\\\/\\\/blog.proofs.de\\\/pt\\\/#organization\",\"name\":\"Proof GmbH\",\"description\":\"Farbverbindlicher Proof, Farbproof, Digitalproof und Online-Proof.\",\"url\":\"https:\\\/\\\/blog.proofs.de\\\/pt\\\/\",\"telephone\":\"+4970717952740\",\"logo\":{\"@type\":\"ImageObject\",\"url\":\"https:\\\/\\\/blog1.proofen.de\\\/wp-content\\\/uploads\\\/2019\\\/09\\\/logo_proof_rgb_mit_balken_250px.png\",\"@id\":\"https:\\\/\\\/blog.proofs.de\\\/pt\\\/wie-farbverbindlich-sind-proofs\\\/#organizationLogo\"},\"image\":{\"@id\":\"https:\\\/\\\/blog.proofs.de\\\/pt\\\/wie-farbverbindlich-sind-proofs\\\/#organizationLogo\"},\"sameAs\":[\"https:\\\/\\\/www.facebook.com\\\/Proof.de\\\/\",\"https:\\\/\\\/www.instagram.com\\\/proof.de\\\/\",\"https:\\\/\\\/www.tiktok.com\\\/@proof_de\",\"https:\\\/\\\/www.youtube.com\\\/channel\\\/UCk80fQVQ25wC9wu3SywB-Nw\",\"https:\\\/\\\/www.linkedin.com\\\/company\\\/proof-de\"]},{\"@type\":\"Person\",\"@id\":\"https:\\\/\\\/blog.proofs.de\\\/pt\\\/author\\\/mbetz\\\/#author\",\"url\":\"https:\\\/\\\/blog.proofs.de\\\/pt\\\/author\\\/mbetz\\\/\",\"name\":\"Matthias Betz\",\"image\":{\"@type\":\"ImageObject\",\"@id\":\"https:\\\/\\\/blog.proofs.de\\\/pt\\\/wie-farbverbindlich-sind-proofs\\\/#authorImage\",\"url\":\"https:\\\/\\\/blog.proofs.de\\\/wp-content\\\/uploads\\\/2020\\\/10\\\/matthias-betz-e1603934518350-150x150.png\",\"width\":96,\"height\":96,\"caption\":\"Matthias Betz\"}},{\"@type\":\"WebPage\",\"@id\":\"https:\\\/\\\/blog.proofs.de\\\/pt\\\/wie-farbverbindlich-sind-proofs\\\/#webpage\",\"url\":\"https:\\\/\\\/blog.proofs.de\\\/pt\\\/wie-farbverbindlich-sind-proofs\\\/\",\"name\":\"Wie farbverbindlich sind Proofs? | proof.de\",\"description\":\"In dem Artikel wird erkl\\u00e4rt, wie ein Proof farbverbindlich und rechtsverbindlich wird: Mit Medienkeil und Pr\\u00fcfprotokoll nach ISO 12647-7 kein Thema!\",\"inLanguage\":\"pt-PT\",\"isPartOf\":{\"@id\":\"https:\\\/\\\/blog.proofs.de\\\/pt\\\/#website\"},\"breadcrumb\":{\"@id\":\"https:\\\/\\\/blog.proofs.de\\\/pt\\\/wie-farbverbindlich-sind-proofs\\\/#breadcrumblist\"},\"author\":{\"@id\":\"https:\\\/\\\/blog.proofs.de\\\/pt\\\/author\\\/mbetz\\\/#author\"},\"creator\":{\"@id\":\"https:\\\/\\\/blog.proofs.de\\\/pt\\\/author\\\/mbetz\\\/#author\"},\"image\":{\"@type\":\"ImageObject\",\"url\":\"https:\\\/\\\/blog.proofs.de\\\/wp-content\\\/uploads\\\/2014\\\/02\\\/medienkeil_mit_pruefprotokoll.jpg\",\"@id\":\"https:\\\/\\\/blog.proofs.de\\\/pt\\\/wie-farbverbindlich-sind-proofs\\\/#mainImage\",\"width\":540,\"height\":315,\"caption\":\"Ugra\\\/Fogra-Medienkeil V3.0 mit Pr\\u00fcfprotokoll\"},\"primaryImageOfPage\":{\"@id\":\"https:\\\/\\\/blog.proofs.de\\\/pt\\\/wie-farbverbindlich-sind-proofs\\\/#mainImage\"},\"datePublished\":\"2012-01-25T10:21:52+01:00\",\"dateModified\":\"2020-05-08T11:50:00+02:00\"},{\"@type\":\"WebSite\",\"@id\":\"https:\\\/\\\/blog.proofs.de\\\/pt\\\/#website\",\"url\":\"https:\\\/\\\/blog.proofs.de\\\/pt\\\/\",\"name\":\"Proof.de\",\"description\":\"Farbverbindlicher Proof, Farbproof, Digitalproof und Online-Proof.\",\"inLanguage\":\"pt-PT\",\"publisher\":{\"@id\":\"https:\\\/\\\/blog.proofs.de\\\/pt\\\/#organization\"}}]}\n\t\t<\/script>\n\t\t<!-- All in One SEO -->\n\n","aioseo_head_json":{"title":"Qual \u00e9 a exatid\u00e3o das cores das provas? | proof.de","description":"O artigo explica como fazer uma prova com cores exactas e juridicamente vinculativa: Com a cunha de suporte e o protocolo de prova de acordo com a norma ISO 12647-7, n\u00e3o h\u00e1 problema!","canonical_url":"https:\/\/blog.proofs.de\/pt\/wie-farbverbindlich-sind-proofs\/","robots":"max-image-preview:large","keywords":"proof,farbverbindlich,rechtsverbindlich,pr\u00fcfprotokoll,iso12647-7,digitalproof,farbproof,farbverbindlich,farbverbindlichkeit,fogra,medienkeil,proof,ugra","webmasterTools":{"google-site-verification":"TuXxyRwxcEg2-WfOaQ8vScWQh3-uBAnxXmY7g3GT90A","miscellaneous":"&lt;meta name=\"seobility\" content=\"593a8578143db71543f014978c690d47\"&gt;"},"schema":{"@context":"https:\/\/schema.org","@graph":[{"@type":"Article","@id":"https:\/\/blog.proofs.de\/pt\/wie-farbverbindlich-sind-proofs\/#article","name":"Wie farbverbindlich sind Proofs? | proof.de","headline":"Wie farbverbindlich sind Proofs?","author":{"@id":"https:\/\/blog.proofs.de\/pt\/author\/mbetz\/#author"},"publisher":{"@id":"https:\/\/blog.proofs.de\/pt\/#organization"},"image":{"@type":"ImageObject","url":"https:\/\/blog.proofs.de\/wp-content\/uploads\/2014\/02\/medienkeil_mit_pruefprotokoll.jpg","width":540,"height":315,"caption":"Ugra\/Fogra-Medienkeil V3.0 mit Pr\u00fcfprotokoll"},"datePublished":"2012-01-25T10:21:52+01:00","dateModified":"2020-05-08T11:50:00+02:00","inLanguage":"pt-PT","mainEntityOfPage":{"@id":"https:\/\/blog.proofs.de\/pt\/wie-farbverbindlich-sind-proofs\/#webpage"},"isPartOf":{"@id":"https:\/\/blog.proofs.de\/pt\/wie-farbverbindlich-sind-proofs\/#webpage"},"articleSection":"H\u00e4ufige Fragen, H\u00e4ufige Fragen zu Proofs, Proof GmbH, Proof Papiere, Proof Software &amp; Technik, Proof Wissen, Prozessstandard Offsetdruck, Digitalproof, Farbproof, farbverbindlich, Farbverbindlichkeit, Fogra, Medienkeil, Proof, UGRA"},{"@type":"BreadcrumbList","@id":"https:\/\/blog.proofs.de\/pt\/wie-farbverbindlich-sind-proofs\/#breadcrumblist","itemListElement":[{"@type":"ListItem","@id":"https:\/\/blog.proofs.de\/pt#listItem","position":1,"name":"Home","item":"https:\/\/blog.proofs.de\/pt","nextItem":{"@type":"ListItem","@id":"https:\/\/blog.proofs.de\/pt\/thema\/proof-wissen\/#listItem","name":"Proof Wissen"}},{"@type":"ListItem","@id":"https:\/\/blog.proofs.de\/pt\/thema\/proof-wissen\/#listItem","position":2,"name":"Proof Wissen","item":"https:\/\/blog.proofs.de\/pt\/thema\/proof-wissen\/","nextItem":{"@type":"ListItem","@id":"https:\/\/blog.proofs.de\/pt\/thema\/proof-wissen\/kategorie-proof-gmbh\/#listItem","name":"Proof GmbH"},"previousItem":{"@type":"ListItem","@id":"https:\/\/blog.proofs.de\/pt#listItem","name":"Home"}},{"@type":"ListItem","@id":"https:\/\/blog.proofs.de\/pt\/thema\/proof-wissen\/kategorie-proof-gmbh\/#listItem","position":3,"name":"Proof GmbH","item":"https:\/\/blog.proofs.de\/pt\/thema\/proof-wissen\/kategorie-proof-gmbh\/","nextItem":{"@type":"ListItem","@id":"https:\/\/blog.proofs.de\/pt\/wie-farbverbindlich-sind-proofs\/#listItem","name":"Wie farbverbindlich sind Proofs?"},"previousItem":{"@type":"ListItem","@id":"https:\/\/blog.proofs.de\/pt\/thema\/proof-wissen\/#listItem","name":"Proof Wissen"}},{"@type":"ListItem","@id":"https:\/\/blog.proofs.de\/pt\/wie-farbverbindlich-sind-proofs\/#listItem","position":4,"name":"Wie farbverbindlich sind Proofs?","previousItem":{"@type":"ListItem","@id":"https:\/\/blog.proofs.de\/pt\/thema\/proof-wissen\/kategorie-proof-gmbh\/#listItem","name":"Proof GmbH"}}]},{"@type":"Organization","@id":"https:\/\/blog.proofs.de\/pt\/#organization","name":"Proof GmbH","description":"Farbverbindlicher Proof, Farbproof, Digitalproof und Online-Proof.","url":"https:\/\/blog.proofs.de\/pt\/","telephone":"+4970717952740","logo":{"@type":"ImageObject","url":"https:\/\/blog1.proofen.de\/wp-content\/uploads\/2019\/09\/logo_proof_rgb_mit_balken_250px.png","@id":"https:\/\/blog.proofs.de\/pt\/wie-farbverbindlich-sind-proofs\/#organizationLogo"},"image":{"@id":"https:\/\/blog.proofs.de\/pt\/wie-farbverbindlich-sind-proofs\/#organizationLogo"},"sameAs":["https:\/\/www.facebook.com\/Proof.de\/","https:\/\/www.instagram.com\/proof.de\/","https:\/\/www.tiktok.com\/@proof_de","https:\/\/www.youtube.com\/channel\/UCk80fQVQ25wC9wu3SywB-Nw","https:\/\/www.linkedin.com\/company\/proof-de"]},{"@type":"Person","@id":"https:\/\/blog.proofs.de\/pt\/author\/mbetz\/#author","url":"https:\/\/blog.proofs.de\/pt\/author\/mbetz\/","name":"Matthias Betz","image":{"@type":"ImageObject","@id":"https:\/\/blog.proofs.de\/pt\/wie-farbverbindlich-sind-proofs\/#authorImage","url":"https:\/\/blog.proofs.de\/wp-content\/uploads\/2020\/10\/matthias-betz-e1603934518350-150x150.png","width":96,"height":96,"caption":"Matthias Betz"}},{"@type":"WebPage","@id":"https:\/\/blog.proofs.de\/pt\/wie-farbverbindlich-sind-proofs\/#webpage","url":"https:\/\/blog.proofs.de\/pt\/wie-farbverbindlich-sind-proofs\/","name":"Wie farbverbindlich sind Proofs? | proof.de","description":"In dem Artikel wird erkl\u00e4rt, wie ein Proof farbverbindlich und rechtsverbindlich wird: Mit Medienkeil und Pr\u00fcfprotokoll nach ISO 12647-7 kein Thema!","inLanguage":"pt-PT","isPartOf":{"@id":"https:\/\/blog.proofs.de\/pt\/#website"},"breadcrumb":{"@id":"https:\/\/blog.proofs.de\/pt\/wie-farbverbindlich-sind-proofs\/#breadcrumblist"},"author":{"@id":"https:\/\/blog.proofs.de\/pt\/author\/mbetz\/#author"},"creator":{"@id":"https:\/\/blog.proofs.de\/pt\/author\/mbetz\/#author"},"image":{"@type":"ImageObject","url":"https:\/\/blog.proofs.de\/wp-content\/uploads\/2014\/02\/medienkeil_mit_pruefprotokoll.jpg","@id":"https:\/\/blog.proofs.de\/pt\/wie-farbverbindlich-sind-proofs\/#mainImage","width":540,"height":315,"caption":"Ugra\/Fogra-Medienkeil V3.0 mit Pr\u00fcfprotokoll"},"primaryImageOfPage":{"@id":"https:\/\/blog.proofs.de\/pt\/wie-farbverbindlich-sind-proofs\/#mainImage"},"datePublished":"2012-01-25T10:21:52+01:00","dateModified":"2020-05-08T11:50:00+02:00"},{"@type":"WebSite","@id":"https:\/\/blog.proofs.de\/pt\/#website","url":"https:\/\/blog.proofs.de\/pt\/","name":"Proof.de","description":"Farbverbindlicher Proof, Farbproof, Digitalproof und Online-Proof.","inLanguage":"pt-PT","publisher":{"@id":"https:\/\/blog.proofs.de\/pt\/#organization"}}]},"og:locale":"pt_PT","og:site_name":"Proof.de | Alles zu Proof, Farbmanagement, Grafik, Messtechnik &amp; Co.","og:type":"article","og:title":"Wie farbverbindlich sind Proofs? | proof.de","og:description":"In dem Artikel wird erkl\u00e4rt, wie ein Proof farbverbindlich und rechtsverbindlich wird: Mit Medienkeil und Pr\u00fcfprotokoll nach ISO 12647-7 kein Thema!","og:url":"https:\/\/blog.proofs.de\/pt\/wie-farbverbindlich-sind-proofs\/","og:image":"https:\/\/blog.proofs.de\/wp-content\/uploads\/2014\/02\/medienkeil_mit_pruefprotokoll.jpg","og:image:secure_url":"https:\/\/blog.proofs.de\/wp-content\/uploads\/2014\/02\/medienkeil_mit_pruefprotokoll.jpg","og:image:width":540,"og:image:height":315,"article:published_time":"2012-01-25T09:21:52+00:00","article:modified_time":"2020-05-08T09:50:00+00:00","article:publisher":"https:\/\/www.facebook.com\/Proof.de\/","twitter:card":"summary","twitter:title":"Wie farbverbindlich sind Proofs? | proof.de","twitter:description":"In dem Artikel wird erkl\u00e4rt, wie ein Proof farbverbindlich und rechtsverbindlich wird: Mit Medienkeil und Pr\u00fcfprotokoll nach ISO 12647-7 kein Thema!","twitter:image":"https:\/\/blog1.proofen.de\/wp-content\/uploads\/2020\/04\/proof_background.jpg"},"aioseo_meta_data":{"post_id":"69","title":"At\u00e9 que ponto as provas de cor s\u00e3o fi\u00e1veis? | proof.de","description":"O artigo explica como fazer uma prova com cores exactas e juridicamente vinculativa: Com a cunha de suporte e o protocolo de prova de acordo com a norma ISO 12647-7, n\u00e3o h\u00e1 problema!","keywords":[{"label":"Proof,Farbverbindlich,rechtsverbindlich,Pr\u00fcfprotokoll,ISO12647-7","value":"Proof,Farbverbindlich,rechtsverbindlich,Pr\u00fcfprotokoll,ISO12647-7"}],"keyphrases":null,"primary_term":null,"canonical_url":null,"og_title":null,"og_description":null,"og_object_type":"default","og_image_type":"default","og_image_url":null,"og_image_width":null,"og_image_height":null,"og_image_custom_url":null,"og_image_custom_fields":null,"og_video":null,"og_custom_url":null,"og_article_section":null,"og_article_tags":null,"twitter_use_og":false,"twitter_card":"default","twitter_image_type":"default","twitter_image_url":null,"twitter_image_custom_url":null,"twitter_image_custom_fields":null,"twitter_title":null,"twitter_description":null,"schema":{"blockGraphs":[],"customGraphs":[],"default":{"data":{"Article":[],"Course":[],"Dataset":[],"FAQPage":[],"Movie":[],"Person":[],"Product":[],"ProductReview":[],"Car":[],"Recipe":[],"Service":[],"SoftwareApplication":[],"WebPage":[]},"graphName":"","isEnabled":true},"graphs":[]},"schema_type":null,"schema_type_options":null,"pillar_content":false,"robots_default":true,"robots_noindex":false,"robots_noarchive":false,"robots_nosnippet":false,"robots_nofollow":false,"robots_noimageindex":false,"robots_noodp":false,"robots_notranslate":false,"robots_max_snippet":null,"robots_max_videopreview":null,"robots_max_imagepreview":"large","priority":null,"frequency":null,"local_seo":null,"breadcrumb_settings":null,"limit_modified_date":false,"ai":null,"created":"2020-12-21 00:35:00","updated":"2025-06-04 14:10:54","seo_analyzer_scan_date":null,"focus_keyword":null,"additional_keywords":null,"truseo_locale":null},"_links":{"self":[{"href":"https:\/\/blog.proofs.de\/pt\/wp-json\/wp\/v2\/posts\/69","targetHints":{"allow":["GET"]}}],"collection":[{"href":"https:\/\/blog.proofs.de\/pt\/wp-json\/wp\/v2\/posts"}],"about":[{"href":"https:\/\/blog.proofs.de\/pt\/wp-json\/wp\/v2\/types\/post"}],"author":[{"embeddable":true,"href":"https:\/\/blog.proofs.de\/pt\/wp-json\/wp\/v2\/users\/2"}],"replies":[{"embeddable":true,"href":"https:\/\/blog.proofs.de\/pt\/wp-json\/wp\/v2\/comments?post=69"}],"version-history":[{"count":11,"href":"https:\/\/blog.proofs.de\/pt\/wp-json\/wp\/v2\/posts\/69\/revisions"}],"predecessor-version":[{"id":3417,"href":"https:\/\/blog.proofs.de\/pt\/wp-json\/wp\/v2\/posts\/69\/revisions\/3417"}],"wp:featuredmedia":[{"embeddable":true,"href":"https:\/\/blog.proofs.de\/pt\/wp-json\/wp\/v2\/media\/881"}],"wp:attachment":[{"href":"https:\/\/blog.proofs.de\/pt\/wp-json\/wp\/v2\/media?parent=69"}],"wp:term":[{"taxonomy":"category","embeddable":true,"href":"https:\/\/blog.proofs.de\/pt\/wp-json\/wp\/v2\/categories?post=69"},{"taxonomy":"post_tag","embeddable":true,"href":"https:\/\/blog.proofs.de\/pt\/wp-json\/wp\/v2\/tags?post=69"}],"curies":[{"name":"wp","href":"https:\/\/api.w.org\/{rel}","templated":true}]}}