{"id":1002,"date":"2014-07-21T10:59:20","date_gmt":"2014-07-21T08:59:20","guid":{"rendered":"http:\/\/www.proof.de\/?p=1002"},"modified":"2020-04-16T01:21:21","modified_gmt":"2020-04-15T23:21:21","slug":"noul-profil-proof-pentru-tiparul-in-adancime-al-ambalajelor-pac-space","status":"publish","type":"post","link":"https:\/\/blog.proofs.de\/ro\/neues-proof-profil-fuer-den-verpackungstiefdruck-pac-space\/","title":{"rendered":"PaC.Space Probe \u00een magazin: Un nou profil de prob\u0103 pentru gravura de ambalaje"},"content":{"rendered":"<div class=\"kk-star-ratings kksr-auto kksr-align-right kksr-valign-top\" data-payload='{\"align\":\"right\",\"id\":\"1002\",\"slug\":\"default\",\"valign\":\"top\",\"ignore\":\"\",\"reference\":\"auto\",\"class\":\"\",\"count\":\"0\",\"legendonly\":\"\",\"readonly\":\"\",\"score\":\"0\",\"starsonly\":\"\",\"best\":\"5\",\"gap\":\"5\",\"greet\":\"Jetzt bewerten\",\"legend\":\"0\\\/5 - (0 votes)\",\"size\":\"24\",\"title\":\"PaC.Space Proofs im Shop: Neues Proof Profil f&uuml;r den Verpackungstiefdruck\",\"width\":\"0\",\"_legend\":\"{score}\\\/{best} - ({count} {votes})\",\"font_factor\":\"1.25\"}'>\n            \n<div class=\"kksr-stars\">\n    \n<div class=\"kksr-stars-inactive\">\n            <div class=\"kksr-star\" data-star=\"1\" style=\"padding-right: 5px\">\n            \n\n<div class=\"kksr-icon\" style=\"width: 24px; height: 24px;\"><\/div>\n        <\/div>\n            <div class=\"kksr-star\" data-star=\"2\" style=\"padding-right: 5px\">\n            \n\n<div class=\"kksr-icon\" style=\"width: 24px; height: 24px;\"><\/div>\n        <\/div>\n            <div class=\"kksr-star\" data-star=\"3\" style=\"padding-right: 5px\">\n            \n\n<div class=\"kksr-icon\" style=\"width: 24px; height: 24px;\"><\/div>\n        <\/div>\n            <div class=\"kksr-star\" data-star=\"4\" style=\"padding-right: 5px\">\n            \n\n<div class=\"kksr-icon\" style=\"width: 24px; height: 24px;\"><\/div>\n        <\/div>\n            <div class=\"kksr-star\" data-star=\"5\" style=\"padding-right: 5px\">\n            \n\n<div class=\"kksr-icon\" style=\"width: 24px; height: 24px;\"><\/div>\n        <\/div>\n    <\/div>\n    \n<div class=\"kksr-stars-active\" style=\"width: 0px;\">\n            <div class=\"kksr-star\" style=\"padding-right: 5px\">\n            \n\n<div class=\"kksr-icon\" style=\"width: 24px; height: 24px;\"><\/div>\n        <\/div>\n            <div class=\"kksr-star\" style=\"padding-right: 5px\">\n            \n\n<div class=\"kksr-icon\" style=\"width: 24px; height: 24px;\"><\/div>\n        <\/div>\n            <div class=\"kksr-star\" style=\"padding-right: 5px\">\n            \n\n<div class=\"kksr-icon\" style=\"width: 24px; height: 24px;\"><\/div>\n        <\/div>\n            <div class=\"kksr-star\" style=\"padding-right: 5px\">\n            \n\n<div class=\"kksr-icon\" style=\"width: 24px; height: 24px;\"><\/div>\n        <\/div>\n            <div class=\"kksr-star\" style=\"padding-right: 5px\">\n            \n\n<div class=\"kksr-icon\" style=\"width: 24px; height: 24px;\"><\/div>\n        <\/div>\n    <\/div>\n<\/div>\n                \n\n<div class=\"kksr-legend\" style=\"font-size: 19.2px;\">\n            <span class=\"kksr-muted\">Evalua\u021bi acum<\/span>\n    <\/div>\n    <\/div>\n<p>PaC.Space este prima dat\u0103 c\u00e2nd exist\u0103 un standard de culoare uniform \u0219i <a href=\"https:\/\/blog.proofs.de\/ro\/lexikon\/proofs\/\" target=\"_self\" title=\"\u00cen sectorul tipografic, probele (sau testele de imprimare) se refer\u0103 la simularea exact\u0103 a culorilor \u0219i obligatorie din punct de vedere juridic a unui rezultat de imprimare \u00een scopul verific\u0103rii. Standardul responsabil cu probele este ISO 12647-7:2016, adic\u0103 revizuirea actual\u0103 din 2016.\" class=\"encyclopedia\">Dovezile<\/a>standard pentru ambalaj<a href=\"https:\/\/blog.proofs.de\/ro\/lexikon\/tiefdruck\/\" target=\"_self\" title=\"Gravura este unul dintre cele mai vechi procedee de imprimare care este utilizat \u0219i ast\u0103zi. \u00cen cazul imprim\u0103rii prin gravur\u0103, imaginea imprimat\u0103 este gravat\u0103 \u00een cilindrul de imprimare (sau placa de imprimare). Acesta este apoi scufundat \u00een cerneal\u0103, iar excesul de cerneal\u0103 este r\u0103zuit, astfel \u00eenc\u00e2t r\u0103m\u00e2ne doar cerneala din ad\u00e2ncituri (celule). \u00cen cele din urm\u0103, aceast\u0103 cerneal\u0103 este transferat\u0103 pe materialul de tip\u0103rire cu ajutorul presiunii ridicate \u0219i a capacit\u0103\u021bii de absorb\u021bie a h\u00e2rtiei.\" class=\"encyclopedia\">presiune sc\u0103zut\u0103<\/a> pe substraturi \u0219i filme acoperite. <a href=\"https:\/\/blog.proofs.de\/ro\/lexikon\/proof\/\" target=\"_self\" title=\"O prob\u0103 contractual\u0103 este un dispozitiv de testare certificat ISO 12647-7 pentru industria artelor grafice. O prob\u0103 simuleaz\u0103 coloritul imprim\u0103rii offset sau al imprim\u0103rii prin gravur\u0103 \u00een culori \u0219i \u00een mod obligatoriu din punct de vedere juridic, \u00een limitele toleran\u021belor \u00eenguste ale standardului ISO.\" class=\"encyclopedia\">Dovada<\/a>s \u00een <a href=\"https:\/\/blog.proofs.de\/ro\/lexikon\/farbraum\/\" target=\"_self\" title=\"Spa\u021biul de culoare se bazeaz\u0103 pe un model de culoare \u0219i reprezint\u0103 aplicarea concret\u0103 a acestuia la o metod\u0103 de producere a culorilor (imprimant\u0103, ecran etc.). Prin urmare, acesta con\u021bine toate culorile care pot fi afi\u0219ate efectiv cu ajutorul acestei metode \u0219i al materialelor corespunz\u0103toare.\" class=\"encyclopedia\">Spa\u021biul de culoare<\/a> PaC.Space poate fi acum comandat convenabil pe shop.proof.de.<\/p>\n<p>P\u00e2n\u0103 \u00een prezent, nu au existat standarde cromatice pentru tip\u0103rirea ambalajelor prin gravur\u0103, deoarece este mult mai complex\u0103 dec\u00e2t tip\u0103rirea revistelor prin gravur\u0103, de exemplu, iar spa\u021biile cromatice pot fi mult mai mari \u00een tip\u0103rirea ambalajelor. P\u00e2n\u0103 \u00een prezent, spa\u021biul cromatic <a href=\"https:\/\/blog.proofs.de\/ro\/lexikon\/isocoatedv2\/\" target=\"_self\" title=\"ISOCoatedV2 este profilul cel mai utilizat \u00een industria tipografic\u0103 din Europa. Reprezint\u0103 cel mai comun proces de imprimare: Imprimare offset pe h\u00e2rtie mat\u0103 sau lucioas\u0103.\" class=\"encyclopedia\">ISOCoatedV2<\/a> care, totu\u0219i, con\u021bine mult mai pu\u021bine culori dec\u00e2t PaC.Space. Sau au fost utilizate standardele interne ale tipografiei de ambalaje, dar acestea au trebuit \u00eentotdeauna s\u0103 fie ref\u0103cute pentru imprimarea final\u0103 \u00eenainte de procesul de imprimare.<\/p>\n<p>Cu PaC.Space, exist\u0103 acum un spa\u021biu de culoare potrivit pentru multe tip\u0103rituri de ambalaje prin gravur\u0103, care poate fi utilizat pentru a crea o prob\u0103 foarte devreme \u00een procesul de proiectare, care se apropie foarte mult de rezultatul final al produc\u021biei. Datele pot \u0219i trebuie s\u0103 fie prelucrate direct \u00een PaC.Space, ceea ce contribuie la reducerea costurilor \u0219i a timpilor.<\/p>\n<p><span style=\"color: #3d3e40;\">Ideea unui spa\u021biu de culoare standardizat este rezultatul unui proiect al grupului de lucru Pro Gravure al Comisiei Europene.<a href=\"https:\/\/blog.proofs.de\/ro\/lexikon\/ean\/\" target=\"_self\" title=\"EAN = Num\u0103rul european al articolului. \u00cen 2009, EAN a fost \u00eenlocuit cu GTIN = Global Trade Identification Number.\" class=\"encyclopedia\">ean<\/a> <a href=\"https:\/\/blog.proofs.de\/ro\/lexikon\/rotogravure\/\" target=\"_self\" title='&quot;ProcessStandard Rotogravur\u0103&quot; (PSR) este un standard de imprimare prin gravur\u0103 furnizat de Fogra, ECI \u0219i Federa\u021bia german\u0103 a industriilor de imprimare \u0219i media. &quot;ProcessStandard Rotogravure&quot; este un standard dezvoltat exclusiv pentru tip\u0103rirea prin gravur\u0103.' class=\"encyclopedia\">Rotogravur\u0103<\/a> Association (ERA) sub conducerea <a href=\"https:\/\/blog.proofs.de\/ro\/lexikon\/gmg\/\" target=\"_self\" title=\"GMG Color este o companie cu sediul \u00een T\u00fcbingen care \u0219i-a f\u0103cut un nume prin dezvoltarea de software de gestionare a culorilor. Timp de peste 25 de ani, GMG Color a dezvoltat numeroase produse pentru utilizatorii comerciali, de la drivere pentru imprimante p\u00e2n\u0103 la programe complexe de testare.\" class=\"encyclopedia\">GMG<\/a> \u0219i cea mai mare cas\u0103 de cilindri din Europa, Janoschka. La Proof.de, probele PaC.Space sunt create \u00een conformitate cu urm\u0103toarele condi\u021bii:<\/span><!--more--><\/p>\n<p><strong>PaC.Space<\/strong><br style=\"color: #373737;\"><em>PaC.Space este primul standard de culoare uniform pentru tip\u0103rirea gravurii de ambalaje care permite o interfa\u021b\u0103 \u00eentre datele furnizate \u00een prepress \u0219i ajust\u0103rile specifice procesului sau imprim\u0103rii.<\/em><br style=\"color: #373737;\"><span style=\"color: #373737;\">Profil: PaC.Space_<a href=\"https:\/\/blog.proofs.de\/ro\/lexikon\/cmyk\/\" target=\"_self\" title='CMYK reprezint\u0103 cele patru culori de tipar cyan, magenta, galben \u0219i &quot;cheie&quot; (negru sau component\u0103 neagr\u0103).' class=\"encyclopedia\">CMYK<\/a>_gravure_V1a.<a href=\"https:\/\/blog.proofs.de\/ro\/lexikon\/icc\/\" target=\"_self\" title=\"International Color Consortium, pe scurt ICC, este un comitet interna\u021bional responsabil pentru standardizarea profilelor de culoare.&nbsp;\" class=\"encyclopedia\">icc<\/a><\/span><br style=\"color: #373737;\"><span style=\"color: #373737;\">H\u00e2rtie: substraturi \u0219i folii cretate \u00een tiparul \u00een ad\u00e2ncime pentru ambalaje<br>\nProfil de verificare: <a href=\"https:\/\/blog.proofs.de\/ro\/lexikon\/fogra\/\" target=\"_self\" title=\"Fogra Forschungsgesellschaft Druck e.V., cu sediul \u00een M\u00fcnchen.\" class=\"encyclopedia\">FOGRA<\/a>_PaCSpace_MKCheck11.<a href=\"https:\/\/blog.proofs.de\/ro\/lexikon\/it8-kontrollchart\/\" target=\"_self\" title=\"Graficul IT8 este un tabel de c\u00e2mpuri de m\u0103surare definit care este utilizat pentru a crea profiluri ICC. Acest tabel este declarat \u00een ISO 12642.&nbsp;\" class=\"encyclopedia\">it8<\/a><\/span><\/p>\n<p>&nbsp;<\/p>\n<p>&nbsp;<\/p>","protected":false},"excerpt":{"rendered":"<p>PaC.Space este primul standard de culoare uniform \u0219i primul standard de prob\u0103 pentru imprimarea prin gravur\u0103 a ambalajelor pe substraturi \u0219i filme acoperite. Probele \u00een spa\u021biul de culoare PaC.Space pot fi acum comandate convenabil pe shop.proof.de. P\u00e2n\u0103 \u00een prezent, nu au existat standarde de culoare pentru imprimarea de ambalaje, deoarece imprimarea de ambalaje este mult mai complex\u0103 dec\u00e2t imprimarea de reviste, de exemplu, iar spa\u021biile de culoare pot fi mult mai mari \u00een imprimarea de ambalaje. De exemplu, spa\u021biul de culoare ISOCoatedV2 a fost adesea utilizat p\u00e2n\u0103 \u00een prezent, dar acesta acoper\u0103 mult mai pu\u021bine culori dec\u00e2t PaC.Space. Sau se foloseau standardele interne ale tipografiilor de ambalaje, dar acestea erau \u00eentotdeauna verificate din nou pentru imprimarea final\u0103 \u00eenainte de procesul de imprimare. <\/p>\n<p class=\"read-more-container\"><a title=\"PaC.Space Probe \u00een magazin: Un nou profil de prob\u0103 pentru gravura de ambalaje\" class=\"read-more button\" href=\"https:\/\/blog.proofs.de\/ro\/neues-proof-profil-fuer-den-verpackungstiefdruck-pac-space\/#more-1002\" aria-label=\"Cite\u0219te mai multe despre PaC.Space Proofs in the shop: Un nou profil de prob\u0103 pentru imprimarea prin gravur\u0103 a ambalajelor\">Cite\u0219te mai mult<\/a><\/p>","protected":false},"author":2,"featured_media":0,"comment_status":"open","ping_status":"open","sticky":false,"template":"","format":"standard","meta":{"om_disable_all_campaigns":false,"inline_featured_image":false,"_monsterinsights_skip_tracking":false,"footnotes":""},"categories":[1,435,120],"tags":[32,344,347,345,346],"class_list":["post-1002","post","type-post","status-publish","format-standard","hentry","category-allgemein","category-farbraeume-und-farbprofile","category-kategorie-proof-gmbh","tag-farbraum","tag-pac-space","tag-proofprofil","tag-tiefdruck","tag-verpackungstiefdruck","generate-columns","tablet-grid-50","mobile-grid-100","grid-parent","grid-50","no-featured-image-padding"],"aioseo_notices":[],"aioseo_head":"\n\t\t<!-- All in One SEO 5.0.1.1 - aioseo.com -->\n\t<meta name=\"description\" content=\"Mit PaC.Space gibt es jetzt einen Farbstandard f\u00fcr Proofs f\u00fcr den Verpackungstiefdruck auf gestrichenen Substraten und Folien.\" \/>\n\t<meta name=\"robots\" content=\"max-image-preview:large\" \/>\n\t<meta name=\"author\" content=\"Matthias Betz\"\/>\n\t<meta name=\"google-site-verification\" content=\"TuXxyRwxcEg2-WfOaQ8vScWQh3-uBAnxXmY7g3GT90A\" \/>\n\t<meta name=\"keywords\" content=\"pac.space,tiefdruck,verpackungstiefdruck,farbraum,proofprofil\" \/>\n\t<link rel=\"canonical\" href=\"https:\/\/blog.proofs.de\/ro\/neues-proof-profil-fuer-den-verpackungstiefdruck-pac-space\/\" \/>\n\t<meta name=\"generator\" content=\"All in One SEO (AIOSEO) 5.0.1.1\" \/>\n\n\t\t<meta name=\"seobility\" content=\"593a8578143db71543f014978c690d47\">\n\t\t<meta property=\"og:locale\" content=\"ro_RO\" \/>\n\t\t<meta property=\"og:site_name\" content=\"Proof.de | Alles zu Proof, Farbmanagement, Grafik, Messtechnik &amp; Co.\" \/>\n\t\t<meta property=\"og:type\" content=\"article\" \/>\n\t\t<meta property=\"og:title\" content=\"PaC.Space Proofs im Shop: Neues Proof Profil | proof.de\" \/>\n\t\t<meta property=\"og:description\" content=\"Mit PaC.Space gibt es jetzt einen Farbstandard f\u00fcr Proofs f\u00fcr den Verpackungstiefdruck auf gestrichenen Substraten und Folien.\" \/>\n\t\t<meta property=\"og:url\" content=\"https:\/\/blog.proofs.de\/ro\/neues-proof-profil-fuer-den-verpackungstiefdruck-pac-space\/\" \/>\n\t\t<meta property=\"og:image\" content=\"https:\/\/blog1.proofen.de\/wp-content\/uploads\/2020\/04\/proof_background.jpg\" \/>\n\t\t<meta property=\"og:image:secure_url\" content=\"https:\/\/blog1.proofen.de\/wp-content\/uploads\/2020\/04\/proof_background.jpg\" \/>\n\t\t<meta property=\"article:published_time\" content=\"2014-07-21T08:59:20+00:00\" \/>\n\t\t<meta property=\"article:modified_time\" content=\"2020-04-15T23:21:21+00:00\" \/>\n\t\t<meta property=\"article:publisher\" content=\"https:\/\/www.facebook.com\/Proof.de\/\" \/>\n\t\t<meta name=\"twitter:card\" content=\"summary\" \/>\n\t\t<meta name=\"twitter:title\" content=\"PaC.Space Proofs im Shop: Neues Proof Profil | proof.de\" \/>\n\t\t<meta name=\"twitter:description\" content=\"Mit PaC.Space gibt es jetzt einen Farbstandard f\u00fcr Proofs f\u00fcr den Verpackungstiefdruck auf gestrichenen Substraten und Folien.\" \/>\n\t\t<meta name=\"twitter:image\" content=\"https:\/\/blog1.proofen.de\/wp-content\/uploads\/2020\/04\/proof_background.jpg\" \/>\n\t\t<script type=\"application\/ld+json\" class=\"aioseo-schema\">\n\t\t\t{\"@context\":\"https:\\\/\\\/schema.org\",\"@graph\":[{\"@type\":\"Article\",\"@id\":\"https:\\\/\\\/blog.proofs.de\\\/ro\\\/neues-proof-profil-fuer-den-verpackungstiefdruck-pac-space\\\/#article\",\"name\":\"PaC.Space Proofs im Shop: Neues Proof Profil | proof.de\",\"headline\":\"PaC.Space Proofs im Shop: Neues Proof Profil f\\u00fcr den Verpackungstiefdruck\",\"author\":{\"@id\":\"https:\\\/\\\/blog.proofs.de\\\/ro\\\/author\\\/mbetz\\\/#author\"},\"publisher\":{\"@id\":\"https:\\\/\\\/blog.proofs.de\\\/ro\\\/#organization\"},\"image\":{\"@type\":\"ImageObject\",\"url\":\"https:\\\/\\\/blog1.proofen.de\\\/wp-content\\\/uploads\\\/2019\\\/09\\\/logo_proof_rgb_mit_balken_250px.png\",\"@id\":\"https:\\\/\\\/blog.proofs.de\\\/ro\\\/#articleImage\"},\"datePublished\":\"2014-07-21T10:59:20+02:00\",\"dateModified\":\"2020-04-16T01:21:21+02:00\",\"inLanguage\":\"ro-RO\",\"mainEntityOfPage\":{\"@id\":\"https:\\\/\\\/blog.proofs.de\\\/ro\\\/neues-proof-profil-fuer-den-verpackungstiefdruck-pac-space\\\/#webpage\"},\"isPartOf\":{\"@id\":\"https:\\\/\\\/blog.proofs.de\\\/ro\\\/neues-proof-profil-fuer-den-verpackungstiefdruck-pac-space\\\/#webpage\"},\"articleSection\":\"Allgemein, Farbr\\u00e4ume und Farbprofile, Proof GmbH, Farbraum, PaC.Space, Proofprofil, Tiefdruck, Verpackungstiefdruck\"},{\"@type\":\"BreadcrumbList\",\"@id\":\"https:\\\/\\\/blog.proofs.de\\\/ro\\\/neues-proof-profil-fuer-den-verpackungstiefdruck-pac-space\\\/#breadcrumblist\",\"itemListElement\":[{\"@type\":\"ListItem\",\"@id\":\"https:\\\/\\\/blog.proofs.de\\\/ro#listItem\",\"position\":1,\"name\":\"Home\",\"item\":\"https:\\\/\\\/blog.proofs.de\\\/ro\",\"nextItem\":{\"@type\":\"ListItem\",\"@id\":\"https:\\\/\\\/blog.proofs.de\\\/ro\\\/thema\\\/proof-wissen\\\/#listItem\",\"name\":\"Proof Wissen\"}},{\"@type\":\"ListItem\",\"@id\":\"https:\\\/\\\/blog.proofs.de\\\/ro\\\/thema\\\/proof-wissen\\\/#listItem\",\"position\":2,\"name\":\"Proof Wissen\",\"item\":\"https:\\\/\\\/blog.proofs.de\\\/ro\\\/thema\\\/proof-wissen\\\/\",\"nextItem\":{\"@type\":\"ListItem\",\"@id\":\"https:\\\/\\\/blog.proofs.de\\\/ro\\\/thema\\\/proof-wissen\\\/kategorie-proof-gmbh\\\/#listItem\",\"name\":\"Proof GmbH\"},\"previousItem\":{\"@type\":\"ListItem\",\"@id\":\"https:\\\/\\\/blog.proofs.de\\\/ro#listItem\",\"name\":\"Home\"}},{\"@type\":\"ListItem\",\"@id\":\"https:\\\/\\\/blog.proofs.de\\\/ro\\\/thema\\\/proof-wissen\\\/kategorie-proof-gmbh\\\/#listItem\",\"position\":3,\"name\":\"Proof GmbH\",\"item\":\"https:\\\/\\\/blog.proofs.de\\\/ro\\\/thema\\\/proof-wissen\\\/kategorie-proof-gmbh\\\/\",\"nextItem\":{\"@type\":\"ListItem\",\"@id\":\"https:\\\/\\\/blog.proofs.de\\\/ro\\\/neues-proof-profil-fuer-den-verpackungstiefdruck-pac-space\\\/#listItem\",\"name\":\"PaC.Space Proofs im Shop: Neues Proof Profil f\\u00fcr den Verpackungstiefdruck\"},\"previousItem\":{\"@type\":\"ListItem\",\"@id\":\"https:\\\/\\\/blog.proofs.de\\\/ro\\\/thema\\\/proof-wissen\\\/#listItem\",\"name\":\"Proof Wissen\"}},{\"@type\":\"ListItem\",\"@id\":\"https:\\\/\\\/blog.proofs.de\\\/ro\\\/neues-proof-profil-fuer-den-verpackungstiefdruck-pac-space\\\/#listItem\",\"position\":4,\"name\":\"PaC.Space Proofs im Shop: Neues Proof Profil f\\u00fcr den Verpackungstiefdruck\",\"previousItem\":{\"@type\":\"ListItem\",\"@id\":\"https:\\\/\\\/blog.proofs.de\\\/ro\\\/thema\\\/proof-wissen\\\/kategorie-proof-gmbh\\\/#listItem\",\"name\":\"Proof GmbH\"}}]},{\"@type\":\"Organization\",\"@id\":\"https:\\\/\\\/blog.proofs.de\\\/ro\\\/#organization\",\"name\":\"Proof GmbH\",\"description\":\"Farbverbindlicher Proof, Farbproof, Digitalproof und Online-Proof.\",\"url\":\"https:\\\/\\\/blog.proofs.de\\\/ro\\\/\",\"telephone\":\"+4970717952740\",\"logo\":{\"@type\":\"ImageObject\",\"url\":\"https:\\\/\\\/blog1.proofen.de\\\/wp-content\\\/uploads\\\/2019\\\/09\\\/logo_proof_rgb_mit_balken_250px.png\",\"@id\":\"https:\\\/\\\/blog.proofs.de\\\/ro\\\/neues-proof-profil-fuer-den-verpackungstiefdruck-pac-space\\\/#organizationLogo\"},\"image\":{\"@id\":\"https:\\\/\\\/blog.proofs.de\\\/ro\\\/neues-proof-profil-fuer-den-verpackungstiefdruck-pac-space\\\/#organizationLogo\"},\"sameAs\":[\"https:\\\/\\\/www.facebook.com\\\/Proof.de\\\/\",\"https:\\\/\\\/www.instagram.com\\\/proof.de\\\/\",\"https:\\\/\\\/www.tiktok.com\\\/@proof_de\",\"https:\\\/\\\/www.youtube.com\\\/channel\\\/UCk80fQVQ25wC9wu3SywB-Nw\",\"https:\\\/\\\/www.linkedin.com\\\/company\\\/proof-de\"]},{\"@type\":\"Person\",\"@id\":\"https:\\\/\\\/blog.proofs.de\\\/ro\\\/author\\\/mbetz\\\/#author\",\"url\":\"https:\\\/\\\/blog.proofs.de\\\/ro\\\/author\\\/mbetz\\\/\",\"name\":\"Matthias Betz\",\"image\":{\"@type\":\"ImageObject\",\"@id\":\"https:\\\/\\\/blog.proofs.de\\\/ro\\\/neues-proof-profil-fuer-den-verpackungstiefdruck-pac-space\\\/#authorImage\",\"url\":\"https:\\\/\\\/blog.proofs.de\\\/wp-content\\\/uploads\\\/2020\\\/10\\\/matthias-betz-e1603934518350-150x150.png\",\"width\":96,\"height\":96,\"caption\":\"Matthias Betz\"}},{\"@type\":\"WebPage\",\"@id\":\"https:\\\/\\\/blog.proofs.de\\\/ro\\\/neues-proof-profil-fuer-den-verpackungstiefdruck-pac-space\\\/#webpage\",\"url\":\"https:\\\/\\\/blog.proofs.de\\\/ro\\\/neues-proof-profil-fuer-den-verpackungstiefdruck-pac-space\\\/\",\"name\":\"PaC.Space Proofs im Shop: Neues Proof Profil | proof.de\",\"description\":\"Mit PaC.Space gibt es jetzt einen Farbstandard f\\u00fcr Proofs f\\u00fcr den Verpackungstiefdruck auf gestrichenen Substraten und Folien.\",\"inLanguage\":\"ro-RO\",\"isPartOf\":{\"@id\":\"https:\\\/\\\/blog.proofs.de\\\/ro\\\/#website\"},\"breadcrumb\":{\"@id\":\"https:\\\/\\\/blog.proofs.de\\\/ro\\\/neues-proof-profil-fuer-den-verpackungstiefdruck-pac-space\\\/#breadcrumblist\"},\"author\":{\"@id\":\"https:\\\/\\\/blog.proofs.de\\\/ro\\\/author\\\/mbetz\\\/#author\"},\"creator\":{\"@id\":\"https:\\\/\\\/blog.proofs.de\\\/ro\\\/author\\\/mbetz\\\/#author\"},\"datePublished\":\"2014-07-21T10:59:20+02:00\",\"dateModified\":\"2020-04-16T01:21:21+02:00\"},{\"@type\":\"WebSite\",\"@id\":\"https:\\\/\\\/blog.proofs.de\\\/ro\\\/#website\",\"url\":\"https:\\\/\\\/blog.proofs.de\\\/ro\\\/\",\"name\":\"Proof.de\",\"description\":\"Farbverbindlicher Proof, Farbproof, Digitalproof und Online-Proof.\",\"inLanguage\":\"ro-RO\",\"publisher\":{\"@id\":\"https:\\\/\\\/blog.proofs.de\\\/ro\\\/#organization\"}}]}\n\t\t<\/script>\n\t\t<!-- All in One SEO -->\n\n","aioseo_head_json":{"title":"PaC.Space Proofs \u00een magazin: nou profil Proof | proof.de","description":"Cu PaC.Space exist\u0103 acum un standard de culoare pentru probe pentru tiparul \u00een ad\u00e2ncime al ambalajelor pe substraturi \u0219i folii cretate.","canonical_url":"https:\/\/blog.proofs.de\/ro\/neues-proof-profil-fuer-den-verpackungstiefdruck-pac-space\/","robots":"max-image-preview:large","keywords":"pac.space,tiefdruck,verpackungstiefdruck,farbraum,proofprofil","webmasterTools":{"google-site-verification":"TuXxyRwxcEg2-WfOaQ8vScWQh3-uBAnxXmY7g3GT90A","miscellaneous":"&lt;meta name=\"seobility\" content=\"593a8578143db71543f014978c690d47\"&gt;"},"schema":{"@context":"https:\/\/schema.org","@graph":[{"@type":"Article","@id":"https:\/\/blog.proofs.de\/ro\/neues-proof-profil-fuer-den-verpackungstiefdruck-pac-space\/#article","name":"PaC.Space Proofs im Shop: Neues Proof Profil | proof.de","headline":"PaC.Space Proofs im Shop: Neues Proof Profil f\u00fcr den Verpackungstiefdruck","author":{"@id":"https:\/\/blog.proofs.de\/ro\/author\/mbetz\/#author"},"publisher":{"@id":"https:\/\/blog.proofs.de\/ro\/#organization"},"image":{"@type":"ImageObject","url":"https:\/\/blog1.proofen.de\/wp-content\/uploads\/2019\/09\/logo_proof_rgb_mit_balken_250px.png","@id":"https:\/\/blog.proofs.de\/ro\/#articleImage"},"datePublished":"2014-07-21T10:59:20+02:00","dateModified":"2020-04-16T01:21:21+02:00","inLanguage":"ro-RO","mainEntityOfPage":{"@id":"https:\/\/blog.proofs.de\/ro\/neues-proof-profil-fuer-den-verpackungstiefdruck-pac-space\/#webpage"},"isPartOf":{"@id":"https:\/\/blog.proofs.de\/ro\/neues-proof-profil-fuer-den-verpackungstiefdruck-pac-space\/#webpage"},"articleSection":"Allgemein, Farbr\u00e4ume und Farbprofile, Proof GmbH, Farbraum, PaC.Space, Proofprofil, Tiefdruck, Verpackungstiefdruck"},{"@type":"BreadcrumbList","@id":"https:\/\/blog.proofs.de\/ro\/neues-proof-profil-fuer-den-verpackungstiefdruck-pac-space\/#breadcrumblist","itemListElement":[{"@type":"ListItem","@id":"https:\/\/blog.proofs.de\/ro#listItem","position":1,"name":"Home","item":"https:\/\/blog.proofs.de\/ro","nextItem":{"@type":"ListItem","@id":"https:\/\/blog.proofs.de\/ro\/thema\/proof-wissen\/#listItem","name":"Proof Wissen"}},{"@type":"ListItem","@id":"https:\/\/blog.proofs.de\/ro\/thema\/proof-wissen\/#listItem","position":2,"name":"Proof Wissen","item":"https:\/\/blog.proofs.de\/ro\/thema\/proof-wissen\/","nextItem":{"@type":"ListItem","@id":"https:\/\/blog.proofs.de\/ro\/thema\/proof-wissen\/kategorie-proof-gmbh\/#listItem","name":"Proof GmbH"},"previousItem":{"@type":"ListItem","@id":"https:\/\/blog.proofs.de\/ro#listItem","name":"Home"}},{"@type":"ListItem","@id":"https:\/\/blog.proofs.de\/ro\/thema\/proof-wissen\/kategorie-proof-gmbh\/#listItem","position":3,"name":"Proof GmbH","item":"https:\/\/blog.proofs.de\/ro\/thema\/proof-wissen\/kategorie-proof-gmbh\/","nextItem":{"@type":"ListItem","@id":"https:\/\/blog.proofs.de\/ro\/neues-proof-profil-fuer-den-verpackungstiefdruck-pac-space\/#listItem","name":"PaC.Space Proofs im Shop: Neues Proof Profil f\u00fcr den Verpackungstiefdruck"},"previousItem":{"@type":"ListItem","@id":"https:\/\/blog.proofs.de\/ro\/thema\/proof-wissen\/#listItem","name":"Proof Wissen"}},{"@type":"ListItem","@id":"https:\/\/blog.proofs.de\/ro\/neues-proof-profil-fuer-den-verpackungstiefdruck-pac-space\/#listItem","position":4,"name":"PaC.Space Proofs im Shop: Neues Proof Profil f\u00fcr den Verpackungstiefdruck","previousItem":{"@type":"ListItem","@id":"https:\/\/blog.proofs.de\/ro\/thema\/proof-wissen\/kategorie-proof-gmbh\/#listItem","name":"Proof GmbH"}}]},{"@type":"Organization","@id":"https:\/\/blog.proofs.de\/ro\/#organization","name":"Proof GmbH","description":"Farbverbindlicher Proof, Farbproof, Digitalproof und Online-Proof.","url":"https:\/\/blog.proofs.de\/ro\/","telephone":"+4970717952740","logo":{"@type":"ImageObject","url":"https:\/\/blog1.proofen.de\/wp-content\/uploads\/2019\/09\/logo_proof_rgb_mit_balken_250px.png","@id":"https:\/\/blog.proofs.de\/ro\/neues-proof-profil-fuer-den-verpackungstiefdruck-pac-space\/#organizationLogo"},"image":{"@id":"https:\/\/blog.proofs.de\/ro\/neues-proof-profil-fuer-den-verpackungstiefdruck-pac-space\/#organizationLogo"},"sameAs":["https:\/\/www.facebook.com\/Proof.de\/","https:\/\/www.instagram.com\/proof.de\/","https:\/\/www.tiktok.com\/@proof_de","https:\/\/www.youtube.com\/channel\/UCk80fQVQ25wC9wu3SywB-Nw","https:\/\/www.linkedin.com\/company\/proof-de"]},{"@type":"Person","@id":"https:\/\/blog.proofs.de\/ro\/author\/mbetz\/#author","url":"https:\/\/blog.proofs.de\/ro\/author\/mbetz\/","name":"Matthias Betz","image":{"@type":"ImageObject","@id":"https:\/\/blog.proofs.de\/ro\/neues-proof-profil-fuer-den-verpackungstiefdruck-pac-space\/#authorImage","url":"https:\/\/blog.proofs.de\/wp-content\/uploads\/2020\/10\/matthias-betz-e1603934518350-150x150.png","width":96,"height":96,"caption":"Matthias Betz"}},{"@type":"WebPage","@id":"https:\/\/blog.proofs.de\/ro\/neues-proof-profil-fuer-den-verpackungstiefdruck-pac-space\/#webpage","url":"https:\/\/blog.proofs.de\/ro\/neues-proof-profil-fuer-den-verpackungstiefdruck-pac-space\/","name":"PaC.Space Proofs im Shop: Neues Proof Profil | proof.de","description":"Mit PaC.Space gibt es jetzt einen Farbstandard f\u00fcr Proofs f\u00fcr den Verpackungstiefdruck auf gestrichenen Substraten und Folien.","inLanguage":"ro-RO","isPartOf":{"@id":"https:\/\/blog.proofs.de\/ro\/#website"},"breadcrumb":{"@id":"https:\/\/blog.proofs.de\/ro\/neues-proof-profil-fuer-den-verpackungstiefdruck-pac-space\/#breadcrumblist"},"author":{"@id":"https:\/\/blog.proofs.de\/ro\/author\/mbetz\/#author"},"creator":{"@id":"https:\/\/blog.proofs.de\/ro\/author\/mbetz\/#author"},"datePublished":"2014-07-21T10:59:20+02:00","dateModified":"2020-04-16T01:21:21+02:00"},{"@type":"WebSite","@id":"https:\/\/blog.proofs.de\/ro\/#website","url":"https:\/\/blog.proofs.de\/ro\/","name":"Proof.de","description":"Farbverbindlicher Proof, Farbproof, Digitalproof und Online-Proof.","inLanguage":"ro-RO","publisher":{"@id":"https:\/\/blog.proofs.de\/ro\/#organization"}}]},"og:locale":"ro_RO","og:site_name":"Proof.de | Alles zu Proof, Farbmanagement, Grafik, Messtechnik &amp; Co.","og:type":"article","og:title":"PaC.Space Proofs im Shop: Neues Proof Profil | proof.de","og:description":"Mit PaC.Space gibt es jetzt einen Farbstandard f\u00fcr Proofs f\u00fcr den Verpackungstiefdruck auf gestrichenen Substraten und Folien.","og:url":"https:\/\/blog.proofs.de\/ro\/neues-proof-profil-fuer-den-verpackungstiefdruck-pac-space\/","og:image":"https:\/\/blog1.proofen.de\/wp-content\/uploads\/2020\/04\/proof_background.jpg","og:image:secure_url":"https:\/\/blog1.proofen.de\/wp-content\/uploads\/2020\/04\/proof_background.jpg","article:published_time":"2014-07-21T08:59:20+00:00","article:modified_time":"2020-04-15T23:21:21+00:00","article:publisher":"https:\/\/www.facebook.com\/Proof.de\/","twitter:card":"summary","twitter:title":"PaC.Space Proofs im Shop: Neues Proof Profil | proof.de","twitter:description":"Mit PaC.Space gibt es jetzt einen Farbstandard f\u00fcr Proofs f\u00fcr den Verpackungstiefdruck auf gestrichenen Substraten und Folien.","twitter:image":"https:\/\/blog1.proofen.de\/wp-content\/uploads\/2020\/04\/proof_background.jpg"},"aioseo_meta_data":{"post_id":"1002","title":"PaC.Space Proofs im Shop: Neues Proof Profil  |\u00a0proof.de","description":"Cu PaC.Space exist\u0103 acum un standard de culoare pentru probe pentru tiparul \u00een ad\u00e2ncime al ambalajelor pe substraturi \u0219i folii cretate.","keywords":[{"label":"PaC.Space","value":"PaC.Space"},{"label":"Tiefdruck","value":"Tiefdruck"},{"label":"Verpackungstiefdruck","value":"Verpackungstiefdruck"},{"label":"Farbraum","value":"Farbraum"},{"label":"Proofprofil","value":"Proofprofil"}],"keyphrases":null,"primary_term":null,"canonical_url":null,"og_title":null,"og_description":null,"og_object_type":"default","og_image_type":"default","og_image_url":null,"og_image_width":null,"og_image_height":null,"og_image_custom_url":null,"og_image_custom_fields":null,"og_video":null,"og_custom_url":null,"og_article_section":null,"og_article_tags":null,"twitter_use_og":false,"twitter_card":"default","twitter_image_type":"default","twitter_image_url":null,"twitter_image_custom_url":null,"twitter_image_custom_fields":null,"twitter_title":null,"twitter_description":null,"schema":{"blockGraphs":[],"customGraphs":[],"default":{"data":{"Article":[],"Course":[],"Dataset":[],"FAQPage":[],"Movie":[],"Person":[],"Product":[],"ProductReview":[],"Car":[],"Recipe":[],"Service":[],"SoftwareApplication":[],"WebPage":[]},"graphName":"","isEnabled":true},"graphs":[],"defaultGraph":"","defaultPostTypeGraph":""},"schema_type":null,"schema_type_options":null,"pillar_content":false,"robots_default":true,"robots_noindex":false,"robots_noarchive":false,"robots_nosnippet":false,"robots_nofollow":false,"robots_noimageindex":false,"robots_noodp":false,"robots_notranslate":false,"robots_max_snippet":null,"robots_max_videopreview":null,"robots_max_imagepreview":"large","priority":null,"frequency":null,"local_seo":null,"breadcrumb_settings":null,"limit_modified_date":false,"ai":null,"created":"2020-12-21 00:36:00","updated":"2025-06-04 14:16:01","seo_analyzer_scan_date":null,"focus_keyword":null,"additional_keywords":null,"truseo_locale":null},"_links":{"self":[{"href":"https:\/\/blog.proofs.de\/ro\/wp-json\/wp\/v2\/posts\/1002","targetHints":{"allow":["GET"]}}],"collection":[{"href":"https:\/\/blog.proofs.de\/ro\/wp-json\/wp\/v2\/posts"}],"about":[{"href":"https:\/\/blog.proofs.de\/ro\/wp-json\/wp\/v2\/types\/post"}],"author":[{"embeddable":true,"href":"https:\/\/blog.proofs.de\/ro\/wp-json\/wp\/v2\/users\/2"}],"replies":[{"embeddable":true,"href":"https:\/\/blog.proofs.de\/ro\/wp-json\/wp\/v2\/comments?post=1002"}],"version-history":[{"count":6,"href":"https:\/\/blog.proofs.de\/ro\/wp-json\/wp\/v2\/posts\/1002\/revisions"}],"predecessor-version":[{"id":3400,"href":"https:\/\/blog.proofs.de\/ro\/wp-json\/wp\/v2\/posts\/1002\/revisions\/3400"}],"wp:attachment":[{"href":"https:\/\/blog.proofs.de\/ro\/wp-json\/wp\/v2\/media?parent=1002"}],"wp:term":[{"taxonomy":"category","embeddable":true,"href":"https:\/\/blog.proofs.de\/ro\/wp-json\/wp\/v2\/categories?post=1002"},{"taxonomy":"post_tag","embeddable":true,"href":"https:\/\/blog.proofs.de\/ro\/wp-json\/wp\/v2\/tags?post=1002"}],"curies":[{"name":"wp","href":"https:\/\/api.w.org\/{rel}","templated":true}]}}