{"id":1948,"date":"2017-09-26T00:30:07","date_gmt":"2017-09-25T22:30:07","guid":{"rendered":"http:\/\/www.proof.de\/?p=1948"},"modified":"2025-04-08T15:22:51","modified_gmt":"2025-04-08T13:22:51","slug":"simpozionul-fogra-de-management-al-culorilor-din-28-2-si-13-la-munchen","status":"publish","type":"post","link":"https:\/\/blog.proofs.de\/ro\/fogra-colormanagement-symposium-am-28-2-und-1-3-in-muenchen\/","title":{"rendered":"Simpozionul Fogra Colour Management din 28.2. \u0219i 1.3. de la M\u00fcnchen"},"content":{"rendered":"<div class=\"kk-star-ratings kksr-auto kksr-align-right kksr-valign-top\" data-payload='{\"align\":\"right\",\"id\":\"1948\",\"slug\":\"default\",\"valign\":\"top\",\"ignore\":\"\",\"reference\":\"auto\",\"class\":\"\",\"count\":\"0\",\"legendonly\":\"\",\"readonly\":\"\",\"score\":\"0\",\"starsonly\":\"\",\"best\":\"5\",\"gap\":\"5\",\"greet\":\"Jetzt bewerten\",\"legend\":\"0\\\/5 - (0 votes)\",\"size\":\"24\",\"title\":\"Fogra Colormanagement Symposium am 28.2. und 1.3. in M&uuml;nchen\",\"width\":\"0\",\"_legend\":\"{score}\\\/{best} - ({count} {votes})\",\"font_factor\":\"1.25\"}'>\n            \n<div class=\"kksr-stars\">\n    \n<div class=\"kksr-stars-inactive\">\n            <div class=\"kksr-star\" data-star=\"1\" style=\"padding-right: 5px\">\n            \n\n<div class=\"kksr-icon\" style=\"width: 24px; height: 24px;\"><\/div>\n        <\/div>\n            <div class=\"kksr-star\" data-star=\"2\" style=\"padding-right: 5px\">\n            \n\n<div class=\"kksr-icon\" style=\"width: 24px; height: 24px;\"><\/div>\n        <\/div>\n            <div class=\"kksr-star\" data-star=\"3\" style=\"padding-right: 5px\">\n            \n\n<div class=\"kksr-icon\" style=\"width: 24px; height: 24px;\"><\/div>\n        <\/div>\n            <div class=\"kksr-star\" data-star=\"4\" style=\"padding-right: 5px\">\n            \n\n<div class=\"kksr-icon\" style=\"width: 24px; height: 24px;\"><\/div>\n        <\/div>\n            <div class=\"kksr-star\" data-star=\"5\" style=\"padding-right: 5px\">\n            \n\n<div class=\"kksr-icon\" style=\"width: 24px; height: 24px;\"><\/div>\n        <\/div>\n    <\/div>\n    \n<div class=\"kksr-stars-active\" style=\"width: 0px;\">\n            <div class=\"kksr-star\" style=\"padding-right: 5px\">\n            \n\n<div class=\"kksr-icon\" style=\"width: 24px; height: 24px;\"><\/div>\n        <\/div>\n            <div class=\"kksr-star\" style=\"padding-right: 5px\">\n            \n\n<div class=\"kksr-icon\" style=\"width: 24px; height: 24px;\"><\/div>\n        <\/div>\n            <div class=\"kksr-star\" style=\"padding-right: 5px\">\n            \n\n<div class=\"kksr-icon\" style=\"width: 24px; height: 24px;\"><\/div>\n        <\/div>\n            <div class=\"kksr-star\" style=\"padding-right: 5px\">\n            \n\n<div class=\"kksr-icon\" style=\"width: 24px; height: 24px;\"><\/div>\n        <\/div>\n            <div class=\"kksr-star\" style=\"padding-right: 5px\">\n            \n\n<div class=\"kksr-icon\" style=\"width: 24px; height: 24px;\"><\/div>\n        <\/div>\n    <\/div>\n<\/div>\n                \n\n<div class=\"kksr-legend\" style=\"font-size: 19.2px;\">\n            <span class=\"kksr-muted\">Evalua\u021bi acum<\/span>\n    <\/div>\n    <\/div>\n<p>La sf\u00e2r\u0219itul lunii februarie 2018, dup\u0103 doi ani, a avut loc o \u00eent\u00e2lnire de dou\u0103 zile <a href=\"https:\/\/blog.proofs.de\/ro\/lexikon\/farbmanagement\/\" target=\"_self\" title=\"Scopul gestion\u0103rii culorilor este de a se asigura c\u0103 culorile sunt reproduse c\u00e2t mai asem\u0103n\u0103tor posibil pe diferite dispozitive, cum ar fi camerele de luat vederi, scanerele, monitoarele, imprimantele laser, cu jet de cerneal\u0103, offset \u0219i multe altele.\" class=\"encyclopedia\">Gestionarea culorilor<\/a> Simpozionul de la <a href=\"https:\/\/blog.proofs.de\/ro\/lexikon\/fogra\/\" target=\"_self\" title=\"Fogra Forschungsgesellschaft Druck e.V., cu sediul \u00een M\u00fcnchen.\" class=\"encyclopedia\">Fogra<\/a> \u00een M\u00fcnchen.<\/p>\n<p><a href=\"https:\/\/www.fogra.org\/fogra-veranstaltungen\/colour-management-de\/\"><img loading=\"lazy\" decoding=\"async\" class=\"alignright wp-image-1949\" src=\"https:\/\/blog1.proofen.de\/wp-content\/uploads\/2017\/09\/Bildschirmfoto-2017-09-26-um-00.25.40-300x226.png\" alt=\"Simpozionul Fogra Colour Management 2018\" width=\"250\" height=\"188\"><\/a>Accentul va fi pus pe subiecte precum comunicarea culorilor la scar\u0103 \u0219i imprimarea multicolor\u0103 (\"<a href=\"https:\/\/blog.proofs.de\/ro\/lexikon\/cmyk\/\" target=\"_self\" title='CMYK reprezint\u0103 cele patru culori de tipar cyan, magenta, galben \u0219i &quot;cheie&quot; (negru sau component\u0103 neagr\u0103).' class=\"encyclopedia\">CMYK<\/a>++\") cu Jan-Peter Homann de la homann colourmanagement,&nbsp;<a href=\"https:\/\/blog.proofs.de\/ro\/lexikon\/cxf\/\" target=\"_self\" title='CxF este acronimul pentru &quot;Color Exchange Format&quot;, un format XML deschis pentru schimbul de informa\u021bii despre culori.' class=\"encyclopedia\">CxF<\/a>\/X-4,&nbsp;<a href=\"https:\/\/blog.proofs.de\/ro\/lexikon\/proof\/\" target=\"_self\" title=\"O prob\u0103 contractual\u0103 este un dispozitiv de testare certificat ISO 12647-7 pentru industria artelor grafice. O prob\u0103 simuleaz\u0103 coloritul imprim\u0103rii offset sau al imprim\u0103rii prin gravur\u0103 \u00een culori \u0219i \u00een mod obligatoriu din punct de vedere juridic, \u00een limitele toleran\u021belor \u00eenguste ale standardului ISO.\" class=\"encyclopedia\">Dovada<\/a>cu o prezentare de c\u0103tre Dr. J\u00fcrgen Seitz de la <a href=\"https:\/\/blog.proofs.de\/ro\/lexikon\/gmg\/\" target=\"_self\" title=\"GMG Color este o companie cu sediul \u00een T\u00fcbingen care \u0219i-a f\u0103cut un nume prin dezvoltarea de software de gestionare a culorilor. Timp de peste 25 de ani, GMG Color a dezvoltat numeroase produse pentru utilizatorii comerciali, de la drivere pentru imprimante p\u00e2n\u0103 la programe complexe de testare.\" class=\"encyclopedia\">GMG<\/a>imprimare cu jet de cerneal\u0103 de mare vitez\u0103, solu\u021bii de gestionare a culorilor din teren \u0219i multe altele.<\/p>\n<p>\u00cenc\u00e2nt\u0103tor anul acesta: simpozionul coincide cu conferin\u021ba \"25 de ani de <a href=\"https:\/\/blog.proofs.de\/ro\/lexikon\/icc\/\" target=\"_self\" title=\"International Color Consortium, pe scurt ICC, este un comitet interna\u021bional responsabil pentru standardizarea profilelor de culoare.&nbsp;\" class=\"encyclopedia\">ICC<\/a>\" \u00eempreun\u0103, CPI va organiza, de asemenea, un sp<a href=\"https:\/\/blog.proofs.de\/ro\/lexikon\/eci\/\" target=\"_self\" title=\"ECI - Ini\u021biativa european\u0103 pentru culoare - este un grup de exper\u021bi care se ocup\u0103 de prelucrarea datelor de culoare \u00een sistemele de publicare.\" class=\"encyclopedia\">eci<\/a>al organiz\u0103rii de evenimente.<\/p>","protected":false},"excerpt":{"rendered":"<p>La sf\u00e2r\u0219itul lunii februarie 2018, Fogra va organiza din nou, dup\u0103 doi ani, un simpozion de dou\u0103 zile despre managementul culorilor la M\u00fcnchen. Accentul va fi pus pe subiecte precum comunicarea culorilor \u00een scar\u0103 \u0219i imprimarea multicolor\u0103 (\"CMYK++\") cu Jan-Peter Homann de la homann colormanagement, CxF\/X-4, proofing cu o prezentare a Dr. J\u00fcrgen Seitz de la GMG, imprimare cu jet de cerneal\u0103 de mare vitez\u0103, solu\u021bii practice de management al culorilor \u0219i multe altele. \u00cenc\u00e2nt\u0103tor \u00een acest an: simpozionul coincide cu conferin\u021ba \"25 de ani ICC\", ICC va organiza, de asemenea, un eveniment special. P\u00e2n\u0103 la ...<\/p>","protected":false},"author":2,"featured_media":1949,"comment_status":"open","ping_status":"open","sticky":false,"template":"","format":"standard","meta":{"om_disable_all_campaigns":false,"inline_featured_image":false,"_monsterinsights_skip_tracking":false,"footnotes":""},"categories":[1,440,437,442],"tags":[690,692,522,561,693,691],"class_list":["post-1948","post","type-post","status-publish","format-standard","has-post-thumbnail","hentry","category-allgemein","category-pdfx-4-und-andere-pdfx-standards","category-proof-software-und-technik","category-prozessstandard-offsetdruck-proof-wissen","tag-farbmanagement","tag-farbmanagement-symposium","tag-fogra","tag-gmg","tag-multicolor","tag-symposium","generate-columns","tablet-grid-50","mobile-grid-100","grid-parent","grid-50","no-featured-image-padding","resize-featured-image"],"aioseo_notices":[],"aioseo_head":"\n\t\t<!-- All in One SEO 5.0.1.1 - aioseo.com -->\n\t<meta name=\"description\" content=\"Ende Februar 2018 findet wieder ein Farbmanagement-Symposium der Fogra in M\u00fcnchen statt. Branchen wie, Farbenherstellung, Software, Messtechnik sind vertreten.\" \/>\n\t<meta name=\"robots\" content=\"max-image-preview:large\" \/>\n\t<meta name=\"author\" content=\"Matthias Betz\"\/>\n\t<meta name=\"google-site-verification\" content=\"TuXxyRwxcEg2-WfOaQ8vScWQh3-uBAnxXmY7g3GT90A\" \/>\n\t<meta name=\"keywords\" content=\"fogra,farbmanagement,symposium,farbmanagement symposium,gmg,multicolor,farbmanagement,farbmanagement symposium,fogra,gmg,multicolor,symposium\" \/>\n\t<link rel=\"canonical\" href=\"https:\/\/blog.proofs.de\/ro\/fogra-colormanagement-symposium-am-28-2-und-1-3-in-muenchen\/\" \/>\n\t<meta name=\"generator\" content=\"All in One SEO (AIOSEO) 5.0.1.1\" \/>\n\n\t\t<meta name=\"seobility\" content=\"593a8578143db71543f014978c690d47\">\n\t\t<meta property=\"og:locale\" content=\"ro_RO\" \/>\n\t\t<meta property=\"og:site_name\" content=\"Proof.de | Alles zu Proof, Farbmanagement, Grafik, Messtechnik &amp; Co.\" \/>\n\t\t<meta property=\"og:type\" content=\"article\" \/>\n\t\t<meta property=\"og:title\" content=\"Fogra Colormanagement Symposium 2018 in M\u00fcnchen | proof.de\" \/>\n\t\t<meta property=\"og:description\" content=\"Ende Februar 2018 findet wieder ein Farbmanagement-Symposium der Fogra in M\u00fcnchen statt. Branchen wie, Farbenherstellung, Software, Messtechnik sind vertreten.\" \/>\n\t\t<meta property=\"og:url\" content=\"https:\/\/blog.proofs.de\/ro\/fogra-colormanagement-symposium-am-28-2-und-1-3-in-muenchen\/\" \/>\n\t\t<meta property=\"og:image\" content=\"https:\/\/blog.proofs.de\/wp-content\/uploads\/2017\/09\/Bildschirmfoto-2017-09-26-um-00.25.40.jpg\" \/>\n\t\t<meta property=\"og:image:secure_url\" content=\"https:\/\/blog.proofs.de\/wp-content\/uploads\/2017\/09\/Bildschirmfoto-2017-09-26-um-00.25.40.jpg\" \/>\n\t\t<meta property=\"og:image:width\" content=\"1016\" \/>\n\t\t<meta property=\"og:image:height\" content=\"764\" \/>\n\t\t<meta property=\"article:published_time\" content=\"2017-09-25T22:30:07+00:00\" \/>\n\t\t<meta property=\"article:modified_time\" content=\"2025-04-08T13:22:51+00:00\" \/>\n\t\t<meta property=\"article:publisher\" content=\"https:\/\/www.facebook.com\/Proof.de\/\" \/>\n\t\t<meta name=\"twitter:card\" content=\"summary\" \/>\n\t\t<meta name=\"twitter:title\" content=\"Fogra Colormanagement Symposium 2018 in M\u00fcnchen | proof.de\" \/>\n\t\t<meta name=\"twitter:description\" content=\"Ende Februar 2018 findet wieder ein Farbmanagement-Symposium der Fogra in M\u00fcnchen statt. Branchen wie, Farbenherstellung, Software, Messtechnik sind vertreten.\" \/>\n\t\t<meta name=\"twitter:image\" content=\"https:\/\/blog1.proofen.de\/wp-content\/uploads\/2020\/04\/proof_background.jpg\" \/>\n\t\t<script type=\"application\/ld+json\" class=\"aioseo-schema\">\n\t\t\t{\"@context\":\"https:\\\/\\\/schema.org\",\"@graph\":[{\"@type\":\"Article\",\"@id\":\"https:\\\/\\\/blog.proofs.de\\\/ro\\\/fogra-colormanagement-symposium-am-28-2-und-1-3-in-muenchen\\\/#article\",\"name\":\"Fogra Colormanagement Symposium 2018 in M\\u00fcnchen | proof.de\",\"headline\":\"Fogra Colormanagement Symposium am 28.2. und 1.3. in M\\u00fcnchen\",\"author\":{\"@id\":\"https:\\\/\\\/blog.proofs.de\\\/ro\\\/author\\\/mbetz\\\/#author\"},\"publisher\":{\"@id\":\"https:\\\/\\\/blog.proofs.de\\\/ro\\\/#organization\"},\"image\":{\"@type\":\"ImageObject\",\"url\":\"https:\\\/\\\/blog.proofs.de\\\/wp-content\\\/uploads\\\/2017\\\/09\\\/Bildschirmfoto-2017-09-26-um-00.25.40.jpg\",\"width\":1016,\"height\":764,\"caption\":\"Fogra Colormanagement Symposium 2018\"},\"datePublished\":\"2017-09-26T00:30:07+02:00\",\"dateModified\":\"2025-04-08T15:22:51+02:00\",\"inLanguage\":\"ro-RO\",\"mainEntityOfPage\":{\"@id\":\"https:\\\/\\\/blog.proofs.de\\\/ro\\\/fogra-colormanagement-symposium-am-28-2-und-1-3-in-muenchen\\\/#webpage\"},\"isPartOf\":{\"@id\":\"https:\\\/\\\/blog.proofs.de\\\/ro\\\/fogra-colormanagement-symposium-am-28-2-und-1-3-in-muenchen\\\/#webpage\"},\"articleSection\":\"Allgemein, PDF\\\/X-4 und andere PDF\\\/X Standards, Proof Software &amp; Technik, Prozessstandard Offsetdruck, Farbmanagement, Farbmanagement Symposium, Fogra, GMG, Multicolor, Symposium\"},{\"@type\":\"BreadcrumbList\",\"@id\":\"https:\\\/\\\/blog.proofs.de\\\/ro\\\/fogra-colormanagement-symposium-am-28-2-und-1-3-in-muenchen\\\/#breadcrumblist\",\"itemListElement\":[{\"@type\":\"ListItem\",\"@id\":\"https:\\\/\\\/blog.proofs.de\\\/ro#listItem\",\"position\":1,\"name\":\"Home\",\"item\":\"https:\\\/\\\/blog.proofs.de\\\/ro\",\"nextItem\":{\"@type\":\"ListItem\",\"@id\":\"https:\\\/\\\/blog.proofs.de\\\/ro\\\/thema\\\/proof-wissen\\\/#listItem\",\"name\":\"Proof Wissen\"}},{\"@type\":\"ListItem\",\"@id\":\"https:\\\/\\\/blog.proofs.de\\\/ro\\\/thema\\\/proof-wissen\\\/#listItem\",\"position\":2,\"name\":\"Proof Wissen\",\"item\":\"https:\\\/\\\/blog.proofs.de\\\/ro\\\/thema\\\/proof-wissen\\\/\",\"nextItem\":{\"@type\":\"ListItem\",\"@id\":\"https:\\\/\\\/blog.proofs.de\\\/ro\\\/thema\\\/proof-wissen\\\/proof-software-und-technik\\\/#listItem\",\"name\":\"Proof Software &amp; Technik\"},\"previousItem\":{\"@type\":\"ListItem\",\"@id\":\"https:\\\/\\\/blog.proofs.de\\\/ro#listItem\",\"name\":\"Home\"}},{\"@type\":\"ListItem\",\"@id\":\"https:\\\/\\\/blog.proofs.de\\\/ro\\\/thema\\\/proof-wissen\\\/proof-software-und-technik\\\/#listItem\",\"position\":3,\"name\":\"Proof Software &amp; Technik\",\"item\":\"https:\\\/\\\/blog.proofs.de\\\/ro\\\/thema\\\/proof-wissen\\\/proof-software-und-technik\\\/\",\"nextItem\":{\"@type\":\"ListItem\",\"@id\":\"https:\\\/\\\/blog.proofs.de\\\/ro\\\/fogra-colormanagement-symposium-am-28-2-und-1-3-in-muenchen\\\/#listItem\",\"name\":\"Fogra Colormanagement Symposium am 28.2. und 1.3. in M\\u00fcnchen\"},\"previousItem\":{\"@type\":\"ListItem\",\"@id\":\"https:\\\/\\\/blog.proofs.de\\\/ro\\\/thema\\\/proof-wissen\\\/#listItem\",\"name\":\"Proof Wissen\"}},{\"@type\":\"ListItem\",\"@id\":\"https:\\\/\\\/blog.proofs.de\\\/ro\\\/fogra-colormanagement-symposium-am-28-2-und-1-3-in-muenchen\\\/#listItem\",\"position\":4,\"name\":\"Fogra Colormanagement Symposium am 28.2. und 1.3. in M\\u00fcnchen\",\"previousItem\":{\"@type\":\"ListItem\",\"@id\":\"https:\\\/\\\/blog.proofs.de\\\/ro\\\/thema\\\/proof-wissen\\\/proof-software-und-technik\\\/#listItem\",\"name\":\"Proof Software &amp; Technik\"}}]},{\"@type\":\"Organization\",\"@id\":\"https:\\\/\\\/blog.proofs.de\\\/ro\\\/#organization\",\"name\":\"Proof GmbH\",\"description\":\"Farbverbindlicher Proof, Farbproof, Digitalproof und Online-Proof.\",\"url\":\"https:\\\/\\\/blog.proofs.de\\\/ro\\\/\",\"telephone\":\"+4970717952740\",\"logo\":{\"@type\":\"ImageObject\",\"url\":\"https:\\\/\\\/blog1.proofen.de\\\/wp-content\\\/uploads\\\/2019\\\/09\\\/logo_proof_rgb_mit_balken_250px.png\",\"@id\":\"https:\\\/\\\/blog.proofs.de\\\/ro\\\/fogra-colormanagement-symposium-am-28-2-und-1-3-in-muenchen\\\/#organizationLogo\"},\"image\":{\"@id\":\"https:\\\/\\\/blog.proofs.de\\\/ro\\\/fogra-colormanagement-symposium-am-28-2-und-1-3-in-muenchen\\\/#organizationLogo\"},\"sameAs\":[\"https:\\\/\\\/www.facebook.com\\\/Proof.de\\\/\",\"https:\\\/\\\/www.instagram.com\\\/proof.de\\\/\",\"https:\\\/\\\/www.tiktok.com\\\/@proof_de\",\"https:\\\/\\\/www.youtube.com\\\/channel\\\/UCk80fQVQ25wC9wu3SywB-Nw\",\"https:\\\/\\\/www.linkedin.com\\\/company\\\/proof-de\"]},{\"@type\":\"Person\",\"@id\":\"https:\\\/\\\/blog.proofs.de\\\/ro\\\/author\\\/mbetz\\\/#author\",\"url\":\"https:\\\/\\\/blog.proofs.de\\\/ro\\\/author\\\/mbetz\\\/\",\"name\":\"Matthias Betz\",\"image\":{\"@type\":\"ImageObject\",\"@id\":\"https:\\\/\\\/blog.proofs.de\\\/ro\\\/fogra-colormanagement-symposium-am-28-2-und-1-3-in-muenchen\\\/#authorImage\",\"url\":\"https:\\\/\\\/blog.proofs.de\\\/wp-content\\\/uploads\\\/2020\\\/10\\\/matthias-betz-e1603934518350-150x150.png\",\"width\":96,\"height\":96,\"caption\":\"Matthias Betz\"}},{\"@type\":\"WebPage\",\"@id\":\"https:\\\/\\\/blog.proofs.de\\\/ro\\\/fogra-colormanagement-symposium-am-28-2-und-1-3-in-muenchen\\\/#webpage\",\"url\":\"https:\\\/\\\/blog.proofs.de\\\/ro\\\/fogra-colormanagement-symposium-am-28-2-und-1-3-in-muenchen\\\/\",\"name\":\"Fogra Colormanagement Symposium 2018 in M\\u00fcnchen | proof.de\",\"description\":\"Ende Februar 2018 findet wieder ein Farbmanagement-Symposium der Fogra in M\\u00fcnchen statt. Branchen wie, Farbenherstellung, Software, Messtechnik sind vertreten.\",\"inLanguage\":\"ro-RO\",\"isPartOf\":{\"@id\":\"https:\\\/\\\/blog.proofs.de\\\/ro\\\/#website\"},\"breadcrumb\":{\"@id\":\"https:\\\/\\\/blog.proofs.de\\\/ro\\\/fogra-colormanagement-symposium-am-28-2-und-1-3-in-muenchen\\\/#breadcrumblist\"},\"author\":{\"@id\":\"https:\\\/\\\/blog.proofs.de\\\/ro\\\/author\\\/mbetz\\\/#author\"},\"creator\":{\"@id\":\"https:\\\/\\\/blog.proofs.de\\\/ro\\\/author\\\/mbetz\\\/#author\"},\"image\":{\"@type\":\"ImageObject\",\"url\":\"https:\\\/\\\/blog.proofs.de\\\/wp-content\\\/uploads\\\/2017\\\/09\\\/Bildschirmfoto-2017-09-26-um-00.25.40.jpg\",\"@id\":\"https:\\\/\\\/blog.proofs.de\\\/ro\\\/fogra-colormanagement-symposium-am-28-2-und-1-3-in-muenchen\\\/#mainImage\",\"width\":1016,\"height\":764,\"caption\":\"Fogra Colormanagement Symposium 2018\"},\"primaryImageOfPage\":{\"@id\":\"https:\\\/\\\/blog.proofs.de\\\/ro\\\/fogra-colormanagement-symposium-am-28-2-und-1-3-in-muenchen\\\/#mainImage\"},\"datePublished\":\"2017-09-26T00:30:07+02:00\",\"dateModified\":\"2025-04-08T15:22:51+02:00\"},{\"@type\":\"WebSite\",\"@id\":\"https:\\\/\\\/blog.proofs.de\\\/ro\\\/#website\",\"url\":\"https:\\\/\\\/blog.proofs.de\\\/ro\\\/\",\"name\":\"Proof.de\",\"description\":\"Farbverbindlicher Proof, Farbproof, Digitalproof und Online-Proof.\",\"inLanguage\":\"ro-RO\",\"publisher\":{\"@id\":\"https:\\\/\\\/blog.proofs.de\\\/ro\\\/#organization\"}}]}\n\t\t<\/script>\n\t\t<!-- All in One SEO -->\n\n","aioseo_head_json":{"title":"Simpozionul Fogra Colour Management 2018 la M\u00fcnchen | proof.de","description":"La sf\u00e2r\u0219itul lunii februarie 2018, Fogra va organiza din nou un simpozion de management al culorilor la M\u00fcnchen. Vor fi reprezentate industrii precum produc\u021bia de culoare, software \u0219i tehnologii de m\u0103surare.","canonical_url":"https:\/\/blog.proofs.de\/ro\/fogra-colormanagement-symposium-am-28-2-und-1-3-in-muenchen\/","robots":"max-image-preview:large","keywords":"fogra,farbmanagement,symposium,farbmanagement symposium,gmg,multicolor,farbmanagement,farbmanagement symposium,fogra,gmg,multicolor,symposium","webmasterTools":{"google-site-verification":"TuXxyRwxcEg2-WfOaQ8vScWQh3-uBAnxXmY7g3GT90A","miscellaneous":"&lt;meta name=\"seobility\" content=\"593a8578143db71543f014978c690d47\"&gt;"},"schema":{"@context":"https:\/\/schema.org","@graph":[{"@type":"Article","@id":"https:\/\/blog.proofs.de\/ro\/fogra-colormanagement-symposium-am-28-2-und-1-3-in-muenchen\/#article","name":"Fogra Colormanagement Symposium 2018 in M\u00fcnchen | proof.de","headline":"Fogra Colormanagement Symposium am 28.2. und 1.3. in M\u00fcnchen","author":{"@id":"https:\/\/blog.proofs.de\/ro\/author\/mbetz\/#author"},"publisher":{"@id":"https:\/\/blog.proofs.de\/ro\/#organization"},"image":{"@type":"ImageObject","url":"https:\/\/blog.proofs.de\/wp-content\/uploads\/2017\/09\/Bildschirmfoto-2017-09-26-um-00.25.40.jpg","width":1016,"height":764,"caption":"Fogra Colormanagement Symposium 2018"},"datePublished":"2017-09-26T00:30:07+02:00","dateModified":"2025-04-08T15:22:51+02:00","inLanguage":"ro-RO","mainEntityOfPage":{"@id":"https:\/\/blog.proofs.de\/ro\/fogra-colormanagement-symposium-am-28-2-und-1-3-in-muenchen\/#webpage"},"isPartOf":{"@id":"https:\/\/blog.proofs.de\/ro\/fogra-colormanagement-symposium-am-28-2-und-1-3-in-muenchen\/#webpage"},"articleSection":"Allgemein, PDF\/X-4 und andere PDF\/X Standards, Proof Software &amp; Technik, Prozessstandard Offsetdruck, Farbmanagement, Farbmanagement Symposium, Fogra, GMG, Multicolor, Symposium"},{"@type":"BreadcrumbList","@id":"https:\/\/blog.proofs.de\/ro\/fogra-colormanagement-symposium-am-28-2-und-1-3-in-muenchen\/#breadcrumblist","itemListElement":[{"@type":"ListItem","@id":"https:\/\/blog.proofs.de\/ro#listItem","position":1,"name":"Home","item":"https:\/\/blog.proofs.de\/ro","nextItem":{"@type":"ListItem","@id":"https:\/\/blog.proofs.de\/ro\/thema\/proof-wissen\/#listItem","name":"Proof Wissen"}},{"@type":"ListItem","@id":"https:\/\/blog.proofs.de\/ro\/thema\/proof-wissen\/#listItem","position":2,"name":"Proof Wissen","item":"https:\/\/blog.proofs.de\/ro\/thema\/proof-wissen\/","nextItem":{"@type":"ListItem","@id":"https:\/\/blog.proofs.de\/ro\/thema\/proof-wissen\/proof-software-und-technik\/#listItem","name":"Proof Software &amp; Technik"},"previousItem":{"@type":"ListItem","@id":"https:\/\/blog.proofs.de\/ro#listItem","name":"Home"}},{"@type":"ListItem","@id":"https:\/\/blog.proofs.de\/ro\/thema\/proof-wissen\/proof-software-und-technik\/#listItem","position":3,"name":"Proof Software &amp; Technik","item":"https:\/\/blog.proofs.de\/ro\/thema\/proof-wissen\/proof-software-und-technik\/","nextItem":{"@type":"ListItem","@id":"https:\/\/blog.proofs.de\/ro\/fogra-colormanagement-symposium-am-28-2-und-1-3-in-muenchen\/#listItem","name":"Fogra Colormanagement Symposium am 28.2. und 1.3. in M\u00fcnchen"},"previousItem":{"@type":"ListItem","@id":"https:\/\/blog.proofs.de\/ro\/thema\/proof-wissen\/#listItem","name":"Proof Wissen"}},{"@type":"ListItem","@id":"https:\/\/blog.proofs.de\/ro\/fogra-colormanagement-symposium-am-28-2-und-1-3-in-muenchen\/#listItem","position":4,"name":"Fogra Colormanagement Symposium am 28.2. und 1.3. in M\u00fcnchen","previousItem":{"@type":"ListItem","@id":"https:\/\/blog.proofs.de\/ro\/thema\/proof-wissen\/proof-software-und-technik\/#listItem","name":"Proof Software &amp; Technik"}}]},{"@type":"Organization","@id":"https:\/\/blog.proofs.de\/ro\/#organization","name":"Proof GmbH","description":"Farbverbindlicher Proof, Farbproof, Digitalproof und Online-Proof.","url":"https:\/\/blog.proofs.de\/ro\/","telephone":"+4970717952740","logo":{"@type":"ImageObject","url":"https:\/\/blog1.proofen.de\/wp-content\/uploads\/2019\/09\/logo_proof_rgb_mit_balken_250px.png","@id":"https:\/\/blog.proofs.de\/ro\/fogra-colormanagement-symposium-am-28-2-und-1-3-in-muenchen\/#organizationLogo"},"image":{"@id":"https:\/\/blog.proofs.de\/ro\/fogra-colormanagement-symposium-am-28-2-und-1-3-in-muenchen\/#organizationLogo"},"sameAs":["https:\/\/www.facebook.com\/Proof.de\/","https:\/\/www.instagram.com\/proof.de\/","https:\/\/www.tiktok.com\/@proof_de","https:\/\/www.youtube.com\/channel\/UCk80fQVQ25wC9wu3SywB-Nw","https:\/\/www.linkedin.com\/company\/proof-de"]},{"@type":"Person","@id":"https:\/\/blog.proofs.de\/ro\/author\/mbetz\/#author","url":"https:\/\/blog.proofs.de\/ro\/author\/mbetz\/","name":"Matthias Betz","image":{"@type":"ImageObject","@id":"https:\/\/blog.proofs.de\/ro\/fogra-colormanagement-symposium-am-28-2-und-1-3-in-muenchen\/#authorImage","url":"https:\/\/blog.proofs.de\/wp-content\/uploads\/2020\/10\/matthias-betz-e1603934518350-150x150.png","width":96,"height":96,"caption":"Matthias Betz"}},{"@type":"WebPage","@id":"https:\/\/blog.proofs.de\/ro\/fogra-colormanagement-symposium-am-28-2-und-1-3-in-muenchen\/#webpage","url":"https:\/\/blog.proofs.de\/ro\/fogra-colormanagement-symposium-am-28-2-und-1-3-in-muenchen\/","name":"Fogra Colormanagement Symposium 2018 in M\u00fcnchen | proof.de","description":"Ende Februar 2018 findet wieder ein Farbmanagement-Symposium der Fogra in M\u00fcnchen statt. Branchen wie, Farbenherstellung, Software, Messtechnik sind vertreten.","inLanguage":"ro-RO","isPartOf":{"@id":"https:\/\/blog.proofs.de\/ro\/#website"},"breadcrumb":{"@id":"https:\/\/blog.proofs.de\/ro\/fogra-colormanagement-symposium-am-28-2-und-1-3-in-muenchen\/#breadcrumblist"},"author":{"@id":"https:\/\/blog.proofs.de\/ro\/author\/mbetz\/#author"},"creator":{"@id":"https:\/\/blog.proofs.de\/ro\/author\/mbetz\/#author"},"image":{"@type":"ImageObject","url":"https:\/\/blog.proofs.de\/wp-content\/uploads\/2017\/09\/Bildschirmfoto-2017-09-26-um-00.25.40.jpg","@id":"https:\/\/blog.proofs.de\/ro\/fogra-colormanagement-symposium-am-28-2-und-1-3-in-muenchen\/#mainImage","width":1016,"height":764,"caption":"Fogra Colormanagement Symposium 2018"},"primaryImageOfPage":{"@id":"https:\/\/blog.proofs.de\/ro\/fogra-colormanagement-symposium-am-28-2-und-1-3-in-muenchen\/#mainImage"},"datePublished":"2017-09-26T00:30:07+02:00","dateModified":"2025-04-08T15:22:51+02:00"},{"@type":"WebSite","@id":"https:\/\/blog.proofs.de\/ro\/#website","url":"https:\/\/blog.proofs.de\/ro\/","name":"Proof.de","description":"Farbverbindlicher Proof, Farbproof, Digitalproof und Online-Proof.","inLanguage":"ro-RO","publisher":{"@id":"https:\/\/blog.proofs.de\/ro\/#organization"}}]},"og:locale":"ro_RO","og:site_name":"Proof.de | Alles zu Proof, Farbmanagement, Grafik, Messtechnik &amp; Co.","og:type":"article","og:title":"Fogra Colormanagement Symposium 2018 in M\u00fcnchen | proof.de","og:description":"Ende Februar 2018 findet wieder ein Farbmanagement-Symposium der Fogra in M\u00fcnchen statt. Branchen wie, Farbenherstellung, Software, Messtechnik sind vertreten.","og:url":"https:\/\/blog.proofs.de\/ro\/fogra-colormanagement-symposium-am-28-2-und-1-3-in-muenchen\/","og:image":"https:\/\/blog.proofs.de\/wp-content\/uploads\/2017\/09\/Bildschirmfoto-2017-09-26-um-00.25.40.jpg","og:image:secure_url":"https:\/\/blog.proofs.de\/wp-content\/uploads\/2017\/09\/Bildschirmfoto-2017-09-26-um-00.25.40.jpg","og:image:width":1016,"og:image:height":764,"article:published_time":"2017-09-25T22:30:07+00:00","article:modified_time":"2025-04-08T13:22:51+00:00","article:publisher":"https:\/\/www.facebook.com\/Proof.de\/","twitter:card":"summary","twitter:title":"Fogra Colormanagement Symposium 2018 in M\u00fcnchen | proof.de","twitter:description":"Ende Februar 2018 findet wieder ein Farbmanagement-Symposium der Fogra in M\u00fcnchen statt. Branchen wie, Farbenherstellung, Software, Messtechnik sind vertreten.","twitter:image":"https:\/\/blog1.proofen.de\/wp-content\/uploads\/2020\/04\/proof_background.jpg"},"aioseo_meta_data":{"post_id":"1948","title":"Fogra Colormanagement Symposium 2018 in M\u00fcnchen |\u00a0proof.de","description":"La sf\u00e2r\u0219itul lunii februarie 2018, Fogra va organiza din nou un simpozion de management al culorilor la M\u00fcnchen. Vor fi reprezentate industrii precum produc\u021bia de culoare, software \u0219i tehnologii de m\u0103surare.","keywords":[{"label":"Fogra,Farbmanagement,Symposium,Farbmanagement Symposium,GMG,Multicolor","value":"Fogra,Farbmanagement,Symposium,Farbmanagement Symposium,GMG,Multicolor"}],"keyphrases":{"focus":{"keyphrase":"","score":0,"analysis":{"keyphraseInTitle":{"score":0,"maxScore":9,"error":1}}},"additional":[]},"primary_term":null,"canonical_url":null,"og_title":null,"og_description":null,"og_object_type":"default","og_image_type":"default","og_image_url":null,"og_image_width":null,"og_image_height":null,"og_image_custom_url":null,"og_image_custom_fields":null,"og_video":"","og_custom_url":null,"og_article_section":null,"og_article_tags":null,"twitter_use_og":false,"twitter_card":"default","twitter_image_type":"default","twitter_image_url":null,"twitter_image_custom_url":null,"twitter_image_custom_fields":null,"twitter_title":null,"twitter_description":null,"schema":{"blockGraphs":[],"customGraphs":[],"default":{"data":{"Article":[],"Course":[],"Dataset":[],"FAQPage":[],"Movie":[],"Person":[],"Product":[],"ProductReview":[],"Car":[],"Recipe":[],"Service":[],"SoftwareApplication":[],"WebPage":[]},"graphName":"Article","isEnabled":true},"graphs":[],"defaultGraph":"","defaultPostTypeGraph":""},"schema_type":null,"schema_type_options":null,"pillar_content":false,"robots_default":true,"robots_noindex":false,"robots_noarchive":false,"robots_nosnippet":false,"robots_nofollow":false,"robots_noimageindex":false,"robots_noodp":false,"robots_notranslate":false,"robots_max_snippet":"-1","robots_max_videopreview":"-1","robots_max_imagepreview":"large","priority":null,"frequency":"default","local_seo":null,"breadcrumb_settings":null,"limit_modified_date":false,"ai":null,"created":"2020-12-21 00:35:00","updated":"2025-06-04 14:21:06","seo_analyzer_scan_date":null,"focus_keyword":null,"additional_keywords":null,"truseo_locale":null},"_links":{"self":[{"href":"https:\/\/blog.proofs.de\/ro\/wp-json\/wp\/v2\/posts\/1948","targetHints":{"allow":["GET"]}}],"collection":[{"href":"https:\/\/blog.proofs.de\/ro\/wp-json\/wp\/v2\/posts"}],"about":[{"href":"https:\/\/blog.proofs.de\/ro\/wp-json\/wp\/v2\/types\/post"}],"author":[{"embeddable":true,"href":"https:\/\/blog.proofs.de\/ro\/wp-json\/wp\/v2\/users\/2"}],"replies":[{"embeddable":true,"href":"https:\/\/blog.proofs.de\/ro\/wp-json\/wp\/v2\/comments?post=1948"}],"version-history":[{"count":7,"href":"https:\/\/blog.proofs.de\/ro\/wp-json\/wp\/v2\/posts\/1948\/revisions"}],"predecessor-version":[{"id":6017,"href":"https:\/\/blog.proofs.de\/ro\/wp-json\/wp\/v2\/posts\/1948\/revisions\/6017"}],"wp:featuredmedia":[{"embeddable":true,"href":"https:\/\/blog.proofs.de\/ro\/wp-json\/wp\/v2\/media\/1949"}],"wp:attachment":[{"href":"https:\/\/blog.proofs.de\/ro\/wp-json\/wp\/v2\/media?parent=1948"}],"wp:term":[{"taxonomy":"category","embeddable":true,"href":"https:\/\/blog.proofs.de\/ro\/wp-json\/wp\/v2\/categories?post=1948"},{"taxonomy":"post_tag","embeddable":true,"href":"https:\/\/blog.proofs.de\/ro\/wp-json\/wp\/v2\/tags?post=1948"}],"curies":[{"name":"wp","href":"https:\/\/api.w.org\/{rel}","templated":true}]}}