{"id":2110,"date":"2019-04-16T00:17:32","date_gmt":"2019-04-15T22:17:32","guid":{"rendered":"http:\/\/www.proof.de\/?p=2110"},"modified":"2020-05-08T02:26:06","modified_gmt":"2020-05-08T00:26:06","slug":"dovezile-noastre-masurate-de-doua-ori-pentru-o-mai-mare-precizie-a-culorilor","status":"publish","type":"post","link":"https:\/\/blog.proofs.de\/ro\/unsere-proofs-doppelt-gemessen-fuer-mehr-farbpraezision\/","title":{"rendered":"Probele noastre: m\u0103surate de dou\u0103 ori pentru o mai mare precizie a culorilor"},"content":{"rendered":"<div class=\"kk-star-ratings kksr-auto kksr-align-right kksr-valign-top\" data-payload='{\"align\":\"right\",\"id\":\"2110\",\"slug\":\"default\",\"valign\":\"top\",\"ignore\":\"\",\"reference\":\"auto\",\"class\":\"\",\"count\":\"0\",\"legendonly\":\"\",\"readonly\":\"\",\"score\":\"0\",\"starsonly\":\"\",\"best\":\"5\",\"gap\":\"5\",\"greet\":\"Jetzt bewerten\",\"legend\":\"0\\\/5 - (0 votes)\",\"size\":\"24\",\"title\":\"Unsere Proofs: Doppelt gemessen f&uuml;r mehr Farbpr&auml;zision\",\"width\":\"0\",\"_legend\":\"{score}\\\/{best} - ({count} {votes})\",\"font_factor\":\"1.25\"}'>\n            \n<div class=\"kksr-stars\">\n    \n<div class=\"kksr-stars-inactive\">\n            <div class=\"kksr-star\" data-star=\"1\" style=\"padding-right: 5px\">\n            \n\n<div class=\"kksr-icon\" style=\"width: 24px; height: 24px;\"><\/div>\n        <\/div>\n            <div class=\"kksr-star\" data-star=\"2\" style=\"padding-right: 5px\">\n            \n\n<div class=\"kksr-icon\" style=\"width: 24px; height: 24px;\"><\/div>\n        <\/div>\n            <div class=\"kksr-star\" data-star=\"3\" style=\"padding-right: 5px\">\n            \n\n<div class=\"kksr-icon\" style=\"width: 24px; height: 24px;\"><\/div>\n        <\/div>\n            <div class=\"kksr-star\" data-star=\"4\" style=\"padding-right: 5px\">\n            \n\n<div class=\"kksr-icon\" style=\"width: 24px; height: 24px;\"><\/div>\n        <\/div>\n            <div class=\"kksr-star\" data-star=\"5\" style=\"padding-right: 5px\">\n            \n\n<div class=\"kksr-icon\" style=\"width: 24px; height: 24px;\"><\/div>\n        <\/div>\n    <\/div>\n    \n<div class=\"kksr-stars-active\" style=\"width: 0px;\">\n            <div class=\"kksr-star\" style=\"padding-right: 5px\">\n            \n\n<div class=\"kksr-icon\" style=\"width: 24px; height: 24px;\"><\/div>\n        <\/div>\n            <div class=\"kksr-star\" style=\"padding-right: 5px\">\n            \n\n<div class=\"kksr-icon\" style=\"width: 24px; height: 24px;\"><\/div>\n        <\/div>\n            <div class=\"kksr-star\" style=\"padding-right: 5px\">\n            \n\n<div class=\"kksr-icon\" style=\"width: 24px; height: 24px;\"><\/div>\n        <\/div>\n            <div class=\"kksr-star\" style=\"padding-right: 5px\">\n            \n\n<div class=\"kksr-icon\" style=\"width: 24px; height: 24px;\"><\/div>\n        <\/div>\n            <div class=\"kksr-star\" style=\"padding-right: 5px\">\n            \n\n<div class=\"kksr-icon\" style=\"width: 24px; height: 24px;\"><\/div>\n        <\/div>\n    <\/div>\n<\/div>\n                \n\n<div class=\"kksr-legend\" style=\"font-size: 19.2px;\">\n            <span class=\"kksr-muted\">Evalua\u021bi acum<\/span>\n    <\/div>\n    <\/div>\n<p>A <a href=\"https:\/\/blog.proofs.de\/ro\/lexikon\/proof\/\" target=\"_self\" title=\"O prob\u0103 contractual\u0103 este un dispozitiv de testare certificat ISO 12647-7 pentru industria artelor grafice. O prob\u0103 simuleaz\u0103 coloritul imprim\u0103rii offset sau al imprim\u0103rii prin gravur\u0103 \u00een culori \u0219i \u00een mod obligatoriu din punct de vedere juridic, \u00een limitele toleran\u021belor \u00eenguste ale standardului ISO.\" class=\"encyclopedia\">Dovada<\/a> pentru noi \u00eenseamn\u0103 o reproducere foarte precis\u0103 din punct de vedere al culorilor a unui motiv al clientului, \u00een limitele toleran\u021belor actuale ale <a href=\"https:\/\/blog.proofs.de\/ro\/lexikon\/iso-12647\/\" target=\"_self\" title=\"ISO 12647 este standardul ISO responsabil pentru imprimare. Acesta define\u0219te cele mai importante puncte cheie pentru imprim\u0103ri standardizate, cu culori exacte.\" class=\"encyclopedia\">ISO 12647<\/a>-7:2016.<\/p>\n<p>Standardele noastre au fost \u00eentotdeauna mai \u00eenalte dec\u00e2t cele permise de standard. Vrem s\u0103 ne \u00eencadr\u0103m \u00een jum\u0103tate din toleran\u021bele admise. \u0218i, \u00een majoritatea cazurilor, atingem acest lucru \u00een mod fiabil.<\/p>\n<p>Dar dac\u0103 folosi\u021bi acela\u0219i motiv de dou\u0103 ori cu un interval de o s\u0103pt\u0103m\u00e2n\u0103 <a href=\"https:\/\/blog.proofs.de\/ro\/lexikon\/proofen\/\" target=\"_self\" title='&quot;Proofing&quot; \u00eenseamn\u0103 a produce sau a face s\u0103 fie produs\u0103 o prob\u0103. &quot;Mai am nevoie de o prob\u0103 a bro\u0219urii&quot; este formularea tipic\u0103 pentru cuv\u00e2ntul &quot;prob\u0103&quot;. Prin urmare, &quot;proofing&quot; \u00eenseamn\u0103 realizarea unei probe color \u0219i obligatorii din punct de vedere juridic, \u00een conformitate cu standardul ISO 12647-7 \u00een vigoare.' class=\"encyclopedia\">dovad\u0103<\/a> la <a href=\"https:\/\/blog.proofs.de\/ro\/lexikon\/proofs\/\" target=\"_self\" title=\"\u00cen sectorul tipografic, probele (sau testele de imprimare) se refer\u0103 la simularea exact\u0103 a culorilor \u0219i obligatorie din punct de vedere juridic a unui rezultat de imprimare \u00een scopul verific\u0103rii. Standardul responsabil cu probele este ISO 12647-7:2016, adic\u0103 revizuirea actual\u0103 din 2016.\" class=\"encyclopedia\">Dovezile<\/a> difer\u0103 \u00eentotdeauna \u00eentr-o oarecare m\u0103sur\u0103 unul de cel\u0103lalt:<\/p>\n<ul>\n<li>De\u0219i este foarte stabil\u0103 din punct de vedere cromatic, nicio imprimant\u0103 de probe nu imprim\u0103 \u00eentotdeauna identic.<\/li>\n<li>\u00centre cele dou\u0103 probe, este posibil s\u0103 se fi scris o nou\u0103 calibrare sau un nou profil de optimizare care nu mai este exact identic cu vechiul profil de optimizare anterior.<\/li>\n<li>Fluctua\u021biile de temperatur\u0103 \u0219i umiditate pot avea, de asemenea, un efect u\u0219or asupra red\u0103rii culorilor, \u00een special vara.<\/li>\n<li>Dispozitivele de m\u0103surare au \u00eentotdeauna o anumit\u0103 varia\u021bie de la un dispozitiv la altul \u0219i de la o m\u0103sur\u0103toare la alta, care se poate manifesta \u00een diferite protocoale de testare \u0219i \u00een diferite calibr\u0103ri ale dispozitivelor.<\/li>\n<\/ul>\n<p>De asemenea, dovedim pe trei diferite E<a href=\"https:\/\/blog.proofs.de\/ro\/lexikon\/pso\/\" target=\"_self\" title='PSO este acronimul de la &quot;ProzessStandard Offsetdruck&quot;, un standard dezvoltat \u00een comun de Fogra \u0219i de Federa\u021bia German\u0103 a Industriilor de Tip\u0103rire \u0219i Media. ProcessStandard Offset este o colec\u021bie de norme \u0219i standardiz\u0103ri pentru tip\u0103rirea offset.' class=\"encyclopedia\">pso<\/a>n modele de imprimante pentru probe, toate acestea av\u00e2nd un spectroproofer \u00eencorporat cu mecanism de m\u0103surare X-Rite ILS30. Acest lucru \u00eenseamn\u0103 c\u0103 avem un randament ridicat \u0219i, de asemenea, putem procesa \u0219i expedia rapid comenzi mai mari. Cu toate acestea, exist\u0103, de asemenea, posibilitatea ca probele s\u0103 fie create pe imprimante de probe diferite \u0219i verificate cu ajutorul unor mecanisme de m\u0103surare diferite. Acest lucru duce, \u00een mod natural, la abateri mai mari \u00eentre dou\u0103 probe dec\u00e2t \u00een cazul furnizorilor de servicii care au o singur\u0103 imprimant\u0103 de probe \u0219i un singur mecanism de m\u0103surare.<\/p>\n<h2>Dovezile noastre: dubla m\u0103surare este mai precis\u0103<\/h2>\n<p>Pentru a v\u0103 putea garanta o precizie \u0219i o omogenitate optime a culorii, folosim diferite dispozitive de m\u0103surare pentru liniarizare, profilare, optimizarea profilului \u0219i verificarea raportului de testare.<\/p>\n<ul>\n<li>Linearizarea \u0219i profilarea ulterioar\u0103 a aparatelor noastre de control se realizeaz\u0103 \u00een mod complet automat \u00een aparat, prin intermediul dispozitivului X-Rite Spectroproofer \u00eencorporat cu ILS30.<\/li>\n<li>Optimizarea \u0219i mai precis\u0103 a profilului bazat\u0103 pe profilare este m\u0103surat\u0103 cu un i1 Pro 2 extern pe o mas\u0103 iO. M\u0103sur\u0103m \u0219i optimiz\u0103m trei p\u00e2n\u0103 la patru itera\u021bii la un moment dat \u0219i apoi select\u0103m cel mai bun profil de optimizare pentru prooferul respectiv<\/li>\n<li>Dac\u0103 ave\u021bi un <a href=\"https:\/\/blog.proofs.de\/ro\/lexikon\/medienkeil\/\" target=\"_self\" title=\"Un &quot;media wedge&quot; este un model de testare standardizat utilizat \u00een industria tipografic\u0103 \u0219i \u00een managementul culorilor. Cupajul de suport const\u0103 \u00eentr-o serie de pete de culoare cu valori \u0219i intensit\u0103\u021bi de culoare cunoscute. Se utilizeaz\u0103 pentru a verifica acurate\u021bea \u0219i reproducerea culorilor imprim\u0103rilor, \u00een special la calibrarea sistemelor de gestionare a culorilor. Cunei de suport con\u021bine o serie de patch-uri de culoare cu culori diferite, inclusiv...\" class=\"encyclopedia\">Cunei media<\/a> cu un raport de testare, acesta este generat \u00een mod complet automat de c\u0103tre Spectroproofer \u00eencorporat.<\/li>\n<\/ul>\n<h2>Aceast\u0103 procedur\u0103 prezint\u0103 avantaje decisive \u00een ceea ce prive\u0219te precizia culorii:<\/h2>\n<ul>\n<li>Toate imprimantele de probe sunt optimizate cu ajutorul aceluia\u0219i dispozitiv de m\u0103surare extern. Acest lucru permite egalizarea diferen\u021belor \u0219i fluctua\u021biilor dintre imprimantele de probe individuale \u0219i mecanismele de m\u0103surare. Astfel, se ob\u021bin probe aproape identice din punct de vedere al culorilor, indiferent de imprimanta pe care sunt produse.<\/li>\n<li>Proba este m\u0103surat\u0103 \u0219i verificat\u0103 individual pentru fiecare pan\u0103 de suport cu raport de testare. Prin urmare, \u00een cazul \u00een care exist\u0103 discrepan\u021be \u00eentre valorile externe \u0219i interne ale <a href=\"https:\/\/blog.proofs.de\/ro\/lexikon\/spektralfotometer\/\" target=\"_self\" title=\"Spectrofotometrele sunt dispozitive de m\u0103surare a culorilor de \u00eenalt\u0103 calitate care pot m\u0103sura \u0219i descrie cu precizie orice culoare. Dispozitivul de m\u0103surare realizeaz\u0103 acest lucru prin iluminarea suprafe\u021bei de m\u0103surare cu \u00eentregul spectru de lumin\u0103 vizibil\u0103. Valorile de reflexie ale anumitor lungimi de und\u0103 produc \u00eempreun\u0103 valoarea m\u0103surat\u0103, care este adesea emis\u0103 \u00een Lab (mod de m\u0103surare selectabil \u00een mod liber de la M0 la M2). Cu toate acestea, valorile de m\u0103surare spectral\u0103 pot fi, de asemenea, salvate direct. Imprimantele de probe de \u00eenalt\u0103 calitate dispun de propriile spectrofotometre pentru a putea verifica direct imprimarea.\" class=\"encyclopedia\">Spectrofotometru<\/a> &nbsp;se \u00eent\u00e2mpl\u0103, protocolul de testare ar e\u0219ua imediat<\/li>\n<li>Acest lucru \u00eempiedic\u0103 un dispozitiv de m\u0103surare, de exemplu, s\u0103 devin\u0103 orb \u00een \"ochiul verde\", dar se verific\u0103 \u00een mod constant \u0219i, prin urmare, nu o observ\u0103 niciodat\u0103.<\/li>\n<\/ul>\n<p>Strict vorbind, acest lucru face ca fiecare dovad\u0103 s\u0103 fie nu numai d<a href=\"https:\/\/blog.proofs.de\/ro\/lexikon\/opp\/\" target=\"_self\" title='&quot;OPP&quot; \u00eenseamn\u0103 &quot;polipropilen\u0103 orientat\u0103&quot;, un tip de folie de plastic. Folia OPP este fabricat\u0103 din polipropilen\u0103 \u0219i se caracterizeaz\u0103 prin orientarea sa. Orientarea materialului se realizeaz\u0103 printr-un proces de fabrica\u021bie special \u00een care folia este \u00eentins\u0103 pentru a-i \u00eembun\u0103t\u0103\u021bi propriet\u0103\u021bile fizice. Filmele OPP sunt transparente, lucioase \u0219i au o suprafa\u021b\u0103 neted\u0103. Ele ofer\u0103 o claritate ridicat\u0103, sunt rezistente la rupere, hidrofobe \u0219i au un bun efect de barier\u0103 \u00eempotriva umidit\u0103\u021bii, uleiurilor \u0219i gazelor. Aceste propriet\u0103\u021bi fac ca filmele OPP s\u0103 fie versatile \u0219i sunt utilizate \u00een diverse domenii, \u00een special \u00een industria ambalajelor. Exist\u0103 patru standarde a\u0219a-numite &quot;dovezi de finisare&quot; de la Fogra pentru laminarea cu folii OPP mate \u0219i folii OPP lucioase: Fogra49 \u0219i Fogra50 pentru h\u00e2rtii pe baz\u0103 de folii OPP \u00een standardele clasice ISOCoatedV2 300%, \u0219i Fogra56 \u0219i Fogra57 pentru finisarea OPP a tip\u0103riturilor PSOCoatedV3.' class=\"encyclopedia\">opp<\/a>Optimizarea profilului este verificat\u0103 pe trei imprimante de prob\u0103 cu ajutorul a trei mecanisme de m\u0103surare. Dac\u0103 mecanismul central de m\u0103surare a optimiz\u0103rii profilului ar func\u021biona incorect, rapoartele de testare ale tuturor dispozitivelor de verificare ar e\u0219ua. \u00cen cazul \u00een care un dispozitiv de verificare \u0219i un mecanism de m\u0103surare ar da gre\u0219, rapoartele de testare ar da gre\u0219 pe un dispozitiv, dar nu pe toate.<\/p>\n<p>De\u0219i aceast\u0103 procedur\u0103 este ceva mai complex\u0103, ea aduce numai avantaje pentru noi \u0219i pentru clien\u021bii no\u0219tri. Probele noastre sunt la fel de omogene ca \u0219i cum ar fi fost produse de o singur\u0103 imprimant\u0103 de probe, dar, \u00een acela\u0219i timp, au fost prelucrate \u0219i aprobate de dou\u0103 mecanisme de m\u0103surare dup\u0103 ce au verificat cutia de suport. Acest lucru ne ofer\u0103 at\u00e2t dumneavoastr\u0103, c\u00e2t \u0219i nou\u0103, o cre\u0219tere notabil\u0103 a calit\u0103\u021bii procesului de produc\u021bie a probelor.<\/p>","protected":false},"excerpt":{"rendered":"<p>Pentru noi, o prob\u0103 \u00eenseamn\u0103 o reproducere foarte precis\u0103 din punct de vedere al culorilor a unui motiv al clientului, \u00een limitele toleran\u021belor standardului ISO 12647-7:2016 \u00een vigoare. Standardele noastre au fost \u00eentotdeauna mai ridicate dec\u00e2t cele permise de acest standard. Vrem s\u0103 ne \u00eencadr\u0103m \u00een jum\u0103tate din toleran\u021bele admise. \u0218i, \u00een majoritatea cazurilor, atingem acest lucru \u00een mod fiabil. Dar dac\u0103 ave\u021bi acela\u0219i motiv testat de dou\u0103 ori la o s\u0103pt\u0103m\u00e2n\u0103 distan\u021b\u0103, probele vor fi \u00eentotdeauna u\u0219or diferite una de cealalt\u0103: De\u0219i este foarte stabil\u0103 la culoare, nicio imprimant\u0103 de probe nu imprim\u0103 \u00eentotdeauna identic \u00centre cele dou\u0103 probe se poate scrie o nou\u0103 calibrare sau un nou profil de optimizare. <\/p>\n<p class=\"read-more-container\"><a title=\"Probele noastre: m\u0103surate de dou\u0103 ori pentru o mai mare precizie a culorilor\" class=\"read-more button\" href=\"https:\/\/blog.proofs.de\/ro\/unsere-proofs-doppelt-gemessen-fuer-mehr-farbpraezision\/#more-2110\" aria-label=\"Cite\u0219te mai multe despre Dovezile noastre: M\u0103surate de dou\u0103 ori pentru o mai mare precizie a culorilor\">Cite\u0219te mai mult<\/a><\/p>","protected":false},"author":2,"featured_media":1888,"comment_status":"open","ping_status":"open","sticky":false,"template":"","format":"standard","meta":{"om_disable_all_campaigns":false,"inline_featured_image":false,"_monsterinsights_skip_tracking":false,"footnotes":""},"categories":[1],"tags":[1033,806,686,1035,1032,1036,519,1034,988,1031,479],"class_list":["post-2110","post","type-post","status-publish","format-standard","has-post-thumbnail","hentry","category-allgemein","tag-i1","tag-i1pro2","tag-iso12647-7","tag-kalibrierung","tag-messtechnik","tag-profilierung","tag-proof","tag-pruefprotokoll","tag-spektralfotometer","tag-toleranzen","tag-x-rite","generate-columns","tablet-grid-50","mobile-grid-100","grid-parent","grid-50","no-featured-image-padding","resize-featured-image"],"aioseo_notices":[],"aioseo_head":"\n\t\t<!-- All in One SEO 5.0.1.1 - aioseo.com -->\n\t<meta name=\"description\" content=\"Unser Anspruch bei Proofs ist schon immer hoch. Wir m\u00f6chten innerhalb der H\u00e4lfte der zul\u00e4ssigen Toleranzen liegen. Und meistens schaffen wir das auch.\" \/>\n\t<meta name=\"robots\" content=\"max-image-preview:large\" \/>\n\t<meta name=\"author\" content=\"Matthias Betz\"\/>\n\t<meta name=\"google-site-verification\" content=\"TuXxyRwxcEg2-WfOaQ8vScWQh3-uBAnxXmY7g3GT90A\" \/>\n\t<meta name=\"keywords\" content=\"proof,iso12647-7,toleranzen,messtechnik,spektralfotometer,x-rite,i1,i1pro2,pr\u00fcfprotokoll,kalibrierung,profilierung,i1,i1pro2,iso12647-7,kalibrierung,messtechnik,profilierung,proof,pr\u00fcfprotokoll,spektralfotometer,toleranzen,x-rite\" \/>\n\t<link rel=\"canonical\" href=\"https:\/\/blog.proofs.de\/ro\/unsere-proofs-doppelt-gemessen-fuer-mehr-farbpraezision\/\" \/>\n\t<meta name=\"generator\" content=\"All in One SEO (AIOSEO) 5.0.1.1\" \/>\n\n\t\t<meta name=\"seobility\" content=\"593a8578143db71543f014978c690d47\">\n\t\t<meta property=\"og:locale\" content=\"ro_RO\" \/>\n\t\t<meta property=\"og:site_name\" content=\"Proof.de | Alles zu Proof, Farbmanagement, Grafik, Messtechnik &amp; Co.\" \/>\n\t\t<meta property=\"og:type\" content=\"article\" \/>\n\t\t<meta property=\"og:title\" content=\"Unser Proof: Doppelt gemessen f\u00fcr mehr Pr\u00e4zision | proof.de\" \/>\n\t\t<meta property=\"og:description\" content=\"Unser Anspruch bei Proofs ist schon immer hoch. Wir m\u00f6chten innerhalb der H\u00e4lfte der zul\u00e4ssigen Toleranzen liegen. Und meistens schaffen wir das auch.\" \/>\n\t\t<meta property=\"og:url\" content=\"https:\/\/blog.proofs.de\/ro\/unsere-proofs-doppelt-gemessen-fuer-mehr-farbpraezision\/\" \/>\n\t\t<meta property=\"og:image\" content=\"https:\/\/blog.proofs.de\/wp-content\/uploads\/2017\/04\/proof_de_medienkeil_mediawedge_ISO-12647-7_vs_ISO-DIS_12647-7_2016.jpg\" \/>\n\t\t<meta property=\"og:image:secure_url\" content=\"https:\/\/blog.proofs.de\/wp-content\/uploads\/2017\/04\/proof_de_medienkeil_mediawedge_ISO-12647-7_vs_ISO-DIS_12647-7_2016.jpg\" \/>\n\t\t<meta property=\"og:image:width\" content=\"2400\" \/>\n\t\t<meta property=\"og:image:height\" content=\"1100\" \/>\n\t\t<meta property=\"article:published_time\" content=\"2019-04-15T22:17:32+00:00\" \/>\n\t\t<meta property=\"article:modified_time\" content=\"2020-05-08T00:26:06+00:00\" \/>\n\t\t<meta property=\"article:publisher\" content=\"https:\/\/www.facebook.com\/Proof.de\/\" \/>\n\t\t<meta name=\"twitter:card\" content=\"summary\" \/>\n\t\t<meta name=\"twitter:title\" content=\"Unser Proof: Doppelt gemessen f\u00fcr mehr Pr\u00e4zision | proof.de\" \/>\n\t\t<meta name=\"twitter:description\" content=\"Unser Anspruch bei Proofs ist schon immer hoch. Wir m\u00f6chten innerhalb der H\u00e4lfte der zul\u00e4ssigen Toleranzen liegen. Und meistens schaffen wir das auch.\" \/>\n\t\t<meta name=\"twitter:image\" content=\"https:\/\/blog1.proofen.de\/wp-content\/uploads\/2020\/04\/proof_background.jpg\" \/>\n\t\t<script type=\"application\/ld+json\" class=\"aioseo-schema\">\n\t\t\t{\"@context\":\"https:\\\/\\\/schema.org\",\"@graph\":[{\"@type\":\"Article\",\"@id\":\"https:\\\/\\\/blog.proofs.de\\\/ro\\\/unsere-proofs-doppelt-gemessen-fuer-mehr-farbpraezision\\\/#article\",\"name\":\"Unser Proof: Doppelt gemessen f\\u00fcr mehr Pr\\u00e4zision | proof.de\",\"headline\":\"Unsere Proofs: Doppelt gemessen f\\u00fcr mehr Farbpr\\u00e4zision\",\"author\":{\"@id\":\"https:\\\/\\\/blog.proofs.de\\\/ro\\\/author\\\/mbetz\\\/#author\"},\"publisher\":{\"@id\":\"https:\\\/\\\/blog.proofs.de\\\/ro\\\/#organization\"},\"image\":{\"@type\":\"ImageObject\",\"url\":\"https:\\\/\\\/blog.proofs.de\\\/wp-content\\\/uploads\\\/2017\\\/04\\\/proof_de_medienkeil_mediawedge_ISO-12647-7_vs_ISO-DIS_12647-7_2016.jpg\",\"width\":2400,\"height\":1100,\"caption\":\"proof.de Medienkeil Mediawedge ISO 12647-7 vs. ISO\\\/DIS 12647-7:2016\"},\"datePublished\":\"2019-04-16T00:17:32+02:00\",\"dateModified\":\"2020-05-08T02:26:06+02:00\",\"inLanguage\":\"ro-RO\",\"mainEntityOfPage\":{\"@id\":\"https:\\\/\\\/blog.proofs.de\\\/ro\\\/unsere-proofs-doppelt-gemessen-fuer-mehr-farbpraezision\\\/#webpage\"},\"isPartOf\":{\"@id\":\"https:\\\/\\\/blog.proofs.de\\\/ro\\\/unsere-proofs-doppelt-gemessen-fuer-mehr-farbpraezision\\\/#webpage\"},\"articleSection\":\"Allgemein, i1, I1Pro2, ISO12647-7, Kalibrierung, Messtechnik, Profilierung, Proof, Pr\\u00fcfprotokoll, Spektralfotometer, Toleranzen, X-Rite\"},{\"@type\":\"BreadcrumbList\",\"@id\":\"https:\\\/\\\/blog.proofs.de\\\/ro\\\/unsere-proofs-doppelt-gemessen-fuer-mehr-farbpraezision\\\/#breadcrumblist\",\"itemListElement\":[{\"@type\":\"ListItem\",\"@id\":\"https:\\\/\\\/blog.proofs.de\\\/ro#listItem\",\"position\":1,\"name\":\"Home\",\"item\":\"https:\\\/\\\/blog.proofs.de\\\/ro\",\"nextItem\":{\"@type\":\"ListItem\",\"@id\":\"https:\\\/\\\/blog.proofs.de\\\/ro\\\/thema\\\/allgemein\\\/#listItem\",\"name\":\"Allgemein\"}},{\"@type\":\"ListItem\",\"@id\":\"https:\\\/\\\/blog.proofs.de\\\/ro\\\/thema\\\/allgemein\\\/#listItem\",\"position\":2,\"name\":\"Allgemein\",\"item\":\"https:\\\/\\\/blog.proofs.de\\\/ro\\\/thema\\\/allgemein\\\/\",\"nextItem\":{\"@type\":\"ListItem\",\"@id\":\"https:\\\/\\\/blog.proofs.de\\\/ro\\\/unsere-proofs-doppelt-gemessen-fuer-mehr-farbpraezision\\\/#listItem\",\"name\":\"Unsere Proofs: Doppelt gemessen f\\u00fcr mehr Farbpr\\u00e4zision\"},\"previousItem\":{\"@type\":\"ListItem\",\"@id\":\"https:\\\/\\\/blog.proofs.de\\\/ro#listItem\",\"name\":\"Home\"}},{\"@type\":\"ListItem\",\"@id\":\"https:\\\/\\\/blog.proofs.de\\\/ro\\\/unsere-proofs-doppelt-gemessen-fuer-mehr-farbpraezision\\\/#listItem\",\"position\":3,\"name\":\"Unsere Proofs: Doppelt gemessen f\\u00fcr mehr Farbpr\\u00e4zision\",\"previousItem\":{\"@type\":\"ListItem\",\"@id\":\"https:\\\/\\\/blog.proofs.de\\\/ro\\\/thema\\\/allgemein\\\/#listItem\",\"name\":\"Allgemein\"}}]},{\"@type\":\"Organization\",\"@id\":\"https:\\\/\\\/blog.proofs.de\\\/ro\\\/#organization\",\"name\":\"Proof GmbH\",\"description\":\"Farbverbindlicher Proof, Farbproof, Digitalproof und Online-Proof.\",\"url\":\"https:\\\/\\\/blog.proofs.de\\\/ro\\\/\",\"telephone\":\"+4970717952740\",\"logo\":{\"@type\":\"ImageObject\",\"url\":\"https:\\\/\\\/blog1.proofen.de\\\/wp-content\\\/uploads\\\/2019\\\/09\\\/logo_proof_rgb_mit_balken_250px.png\",\"@id\":\"https:\\\/\\\/blog.proofs.de\\\/ro\\\/unsere-proofs-doppelt-gemessen-fuer-mehr-farbpraezision\\\/#organizationLogo\"},\"image\":{\"@id\":\"https:\\\/\\\/blog.proofs.de\\\/ro\\\/unsere-proofs-doppelt-gemessen-fuer-mehr-farbpraezision\\\/#organizationLogo\"},\"sameAs\":[\"https:\\\/\\\/www.facebook.com\\\/Proof.de\\\/\",\"https:\\\/\\\/www.instagram.com\\\/proof.de\\\/\",\"https:\\\/\\\/www.tiktok.com\\\/@proof_de\",\"https:\\\/\\\/www.youtube.com\\\/channel\\\/UCk80fQVQ25wC9wu3SywB-Nw\",\"https:\\\/\\\/www.linkedin.com\\\/company\\\/proof-de\"]},{\"@type\":\"Person\",\"@id\":\"https:\\\/\\\/blog.proofs.de\\\/ro\\\/author\\\/mbetz\\\/#author\",\"url\":\"https:\\\/\\\/blog.proofs.de\\\/ro\\\/author\\\/mbetz\\\/\",\"name\":\"Matthias Betz\",\"image\":{\"@type\":\"ImageObject\",\"@id\":\"https:\\\/\\\/blog.proofs.de\\\/ro\\\/unsere-proofs-doppelt-gemessen-fuer-mehr-farbpraezision\\\/#authorImage\",\"url\":\"https:\\\/\\\/blog.proofs.de\\\/wp-content\\\/uploads\\\/2020\\\/10\\\/matthias-betz-e1603934518350-150x150.png\",\"width\":96,\"height\":96,\"caption\":\"Matthias Betz\"}},{\"@type\":\"WebPage\",\"@id\":\"https:\\\/\\\/blog.proofs.de\\\/ro\\\/unsere-proofs-doppelt-gemessen-fuer-mehr-farbpraezision\\\/#webpage\",\"url\":\"https:\\\/\\\/blog.proofs.de\\\/ro\\\/unsere-proofs-doppelt-gemessen-fuer-mehr-farbpraezision\\\/\",\"name\":\"Unser Proof: Doppelt gemessen f\\u00fcr mehr Pr\\u00e4zision | proof.de\",\"description\":\"Unser Anspruch bei Proofs ist schon immer hoch. Wir m\\u00f6chten innerhalb der H\\u00e4lfte der zul\\u00e4ssigen Toleranzen liegen. Und meistens schaffen wir das auch.\",\"inLanguage\":\"ro-RO\",\"isPartOf\":{\"@id\":\"https:\\\/\\\/blog.proofs.de\\\/ro\\\/#website\"},\"breadcrumb\":{\"@id\":\"https:\\\/\\\/blog.proofs.de\\\/ro\\\/unsere-proofs-doppelt-gemessen-fuer-mehr-farbpraezision\\\/#breadcrumblist\"},\"author\":{\"@id\":\"https:\\\/\\\/blog.proofs.de\\\/ro\\\/author\\\/mbetz\\\/#author\"},\"creator\":{\"@id\":\"https:\\\/\\\/blog.proofs.de\\\/ro\\\/author\\\/mbetz\\\/#author\"},\"image\":{\"@type\":\"ImageObject\",\"url\":\"https:\\\/\\\/blog.proofs.de\\\/wp-content\\\/uploads\\\/2017\\\/04\\\/proof_de_medienkeil_mediawedge_ISO-12647-7_vs_ISO-DIS_12647-7_2016.jpg\",\"@id\":\"https:\\\/\\\/blog.proofs.de\\\/ro\\\/unsere-proofs-doppelt-gemessen-fuer-mehr-farbpraezision\\\/#mainImage\",\"width\":2400,\"height\":1100,\"caption\":\"proof.de Medienkeil Mediawedge ISO 12647-7 vs. ISO\\\/DIS 12647-7:2016\"},\"primaryImageOfPage\":{\"@id\":\"https:\\\/\\\/blog.proofs.de\\\/ro\\\/unsere-proofs-doppelt-gemessen-fuer-mehr-farbpraezision\\\/#mainImage\"},\"datePublished\":\"2019-04-16T00:17:32+02:00\",\"dateModified\":\"2020-05-08T02:26:06+02:00\"},{\"@type\":\"WebSite\",\"@id\":\"https:\\\/\\\/blog.proofs.de\\\/ro\\\/#website\",\"url\":\"https:\\\/\\\/blog.proofs.de\\\/ro\\\/\",\"name\":\"Proof.de\",\"description\":\"Farbverbindlicher Proof, Farbproof, Digitalproof und Online-Proof.\",\"inLanguage\":\"ro-RO\",\"publisher\":{\"@id\":\"https:\\\/\\\/blog.proofs.de\\\/ro\\\/#organization\"}}]}\n\t\t<\/script>\n\t\t<!-- All in One SEO -->\n\n","aioseo_head_json":{"title":"Dovada noastr\u0103: M\u0103surat de dou\u0103 ori pentru mai mult\u0103 precizie | proof.de","description":"Standardele noastre pentru probe au fost \u00eentotdeauna ridicate. Dorim s\u0103 ne \u00eencadr\u0103m \u00een jum\u0103tate din toleran\u021bele admise. \u0218i, de obicei, reu\u0219im acest lucru.","canonical_url":"https:\/\/blog.proofs.de\/ro\/unsere-proofs-doppelt-gemessen-fuer-mehr-farbpraezision\/","robots":"max-image-preview:large","keywords":"proof,iso12647-7,toleranzen,messtechnik,spektralfotometer,x-rite,i1,i1pro2,pr\u00fcfprotokoll,kalibrierung,profilierung,i1,i1pro2,iso12647-7,kalibrierung,messtechnik,profilierung,proof,pr\u00fcfprotokoll,spektralfotometer,toleranzen,x-rite","webmasterTools":{"google-site-verification":"TuXxyRwxcEg2-WfOaQ8vScWQh3-uBAnxXmY7g3GT90A","miscellaneous":"&lt;meta name=\"seobility\" content=\"593a8578143db71543f014978c690d47\"&gt;"},"schema":{"@context":"https:\/\/schema.org","@graph":[{"@type":"Article","@id":"https:\/\/blog.proofs.de\/ro\/unsere-proofs-doppelt-gemessen-fuer-mehr-farbpraezision\/#article","name":"Unser Proof: Doppelt gemessen f\u00fcr mehr Pr\u00e4zision | proof.de","headline":"Unsere Proofs: Doppelt gemessen f\u00fcr mehr Farbpr\u00e4zision","author":{"@id":"https:\/\/blog.proofs.de\/ro\/author\/mbetz\/#author"},"publisher":{"@id":"https:\/\/blog.proofs.de\/ro\/#organization"},"image":{"@type":"ImageObject","url":"https:\/\/blog.proofs.de\/wp-content\/uploads\/2017\/04\/proof_de_medienkeil_mediawedge_ISO-12647-7_vs_ISO-DIS_12647-7_2016.jpg","width":2400,"height":1100,"caption":"proof.de Medienkeil Mediawedge ISO 12647-7 vs. ISO\/DIS 12647-7:2016"},"datePublished":"2019-04-16T00:17:32+02:00","dateModified":"2020-05-08T02:26:06+02:00","inLanguage":"ro-RO","mainEntityOfPage":{"@id":"https:\/\/blog.proofs.de\/ro\/unsere-proofs-doppelt-gemessen-fuer-mehr-farbpraezision\/#webpage"},"isPartOf":{"@id":"https:\/\/blog.proofs.de\/ro\/unsere-proofs-doppelt-gemessen-fuer-mehr-farbpraezision\/#webpage"},"articleSection":"Allgemein, i1, I1Pro2, ISO12647-7, Kalibrierung, Messtechnik, Profilierung, Proof, Pr\u00fcfprotokoll, Spektralfotometer, Toleranzen, X-Rite"},{"@type":"BreadcrumbList","@id":"https:\/\/blog.proofs.de\/ro\/unsere-proofs-doppelt-gemessen-fuer-mehr-farbpraezision\/#breadcrumblist","itemListElement":[{"@type":"ListItem","@id":"https:\/\/blog.proofs.de\/ro#listItem","position":1,"name":"Home","item":"https:\/\/blog.proofs.de\/ro","nextItem":{"@type":"ListItem","@id":"https:\/\/blog.proofs.de\/ro\/thema\/allgemein\/#listItem","name":"Allgemein"}},{"@type":"ListItem","@id":"https:\/\/blog.proofs.de\/ro\/thema\/allgemein\/#listItem","position":2,"name":"Allgemein","item":"https:\/\/blog.proofs.de\/ro\/thema\/allgemein\/","nextItem":{"@type":"ListItem","@id":"https:\/\/blog.proofs.de\/ro\/unsere-proofs-doppelt-gemessen-fuer-mehr-farbpraezision\/#listItem","name":"Unsere Proofs: Doppelt gemessen f\u00fcr mehr Farbpr\u00e4zision"},"previousItem":{"@type":"ListItem","@id":"https:\/\/blog.proofs.de\/ro#listItem","name":"Home"}},{"@type":"ListItem","@id":"https:\/\/blog.proofs.de\/ro\/unsere-proofs-doppelt-gemessen-fuer-mehr-farbpraezision\/#listItem","position":3,"name":"Unsere Proofs: Doppelt gemessen f\u00fcr mehr Farbpr\u00e4zision","previousItem":{"@type":"ListItem","@id":"https:\/\/blog.proofs.de\/ro\/thema\/allgemein\/#listItem","name":"Allgemein"}}]},{"@type":"Organization","@id":"https:\/\/blog.proofs.de\/ro\/#organization","name":"Proof GmbH","description":"Farbverbindlicher Proof, Farbproof, Digitalproof und Online-Proof.","url":"https:\/\/blog.proofs.de\/ro\/","telephone":"+4970717952740","logo":{"@type":"ImageObject","url":"https:\/\/blog1.proofen.de\/wp-content\/uploads\/2019\/09\/logo_proof_rgb_mit_balken_250px.png","@id":"https:\/\/blog.proofs.de\/ro\/unsere-proofs-doppelt-gemessen-fuer-mehr-farbpraezision\/#organizationLogo"},"image":{"@id":"https:\/\/blog.proofs.de\/ro\/unsere-proofs-doppelt-gemessen-fuer-mehr-farbpraezision\/#organizationLogo"},"sameAs":["https:\/\/www.facebook.com\/Proof.de\/","https:\/\/www.instagram.com\/proof.de\/","https:\/\/www.tiktok.com\/@proof_de","https:\/\/www.youtube.com\/channel\/UCk80fQVQ25wC9wu3SywB-Nw","https:\/\/www.linkedin.com\/company\/proof-de"]},{"@type":"Person","@id":"https:\/\/blog.proofs.de\/ro\/author\/mbetz\/#author","url":"https:\/\/blog.proofs.de\/ro\/author\/mbetz\/","name":"Matthias Betz","image":{"@type":"ImageObject","@id":"https:\/\/blog.proofs.de\/ro\/unsere-proofs-doppelt-gemessen-fuer-mehr-farbpraezision\/#authorImage","url":"https:\/\/blog.proofs.de\/wp-content\/uploads\/2020\/10\/matthias-betz-e1603934518350-150x150.png","width":96,"height":96,"caption":"Matthias Betz"}},{"@type":"WebPage","@id":"https:\/\/blog.proofs.de\/ro\/unsere-proofs-doppelt-gemessen-fuer-mehr-farbpraezision\/#webpage","url":"https:\/\/blog.proofs.de\/ro\/unsere-proofs-doppelt-gemessen-fuer-mehr-farbpraezision\/","name":"Unser Proof: Doppelt gemessen f\u00fcr mehr Pr\u00e4zision | proof.de","description":"Unser Anspruch bei Proofs ist schon immer hoch. Wir m\u00f6chten innerhalb der H\u00e4lfte der zul\u00e4ssigen Toleranzen liegen. Und meistens schaffen wir das auch.","inLanguage":"ro-RO","isPartOf":{"@id":"https:\/\/blog.proofs.de\/ro\/#website"},"breadcrumb":{"@id":"https:\/\/blog.proofs.de\/ro\/unsere-proofs-doppelt-gemessen-fuer-mehr-farbpraezision\/#breadcrumblist"},"author":{"@id":"https:\/\/blog.proofs.de\/ro\/author\/mbetz\/#author"},"creator":{"@id":"https:\/\/blog.proofs.de\/ro\/author\/mbetz\/#author"},"image":{"@type":"ImageObject","url":"https:\/\/blog.proofs.de\/wp-content\/uploads\/2017\/04\/proof_de_medienkeil_mediawedge_ISO-12647-7_vs_ISO-DIS_12647-7_2016.jpg","@id":"https:\/\/blog.proofs.de\/ro\/unsere-proofs-doppelt-gemessen-fuer-mehr-farbpraezision\/#mainImage","width":2400,"height":1100,"caption":"proof.de Medienkeil Mediawedge ISO 12647-7 vs. ISO\/DIS 12647-7:2016"},"primaryImageOfPage":{"@id":"https:\/\/blog.proofs.de\/ro\/unsere-proofs-doppelt-gemessen-fuer-mehr-farbpraezision\/#mainImage"},"datePublished":"2019-04-16T00:17:32+02:00","dateModified":"2020-05-08T02:26:06+02:00"},{"@type":"WebSite","@id":"https:\/\/blog.proofs.de\/ro\/#website","url":"https:\/\/blog.proofs.de\/ro\/","name":"Proof.de","description":"Farbverbindlicher Proof, Farbproof, Digitalproof und Online-Proof.","inLanguage":"ro-RO","publisher":{"@id":"https:\/\/blog.proofs.de\/ro\/#organization"}}]},"og:locale":"ro_RO","og:site_name":"Proof.de | Alles zu Proof, Farbmanagement, Grafik, Messtechnik &amp; Co.","og:type":"article","og:title":"Unser Proof: Doppelt gemessen f\u00fcr mehr Pr\u00e4zision | proof.de","og:description":"Unser Anspruch bei Proofs ist schon immer hoch. Wir m\u00f6chten innerhalb der H\u00e4lfte der zul\u00e4ssigen Toleranzen liegen. Und meistens schaffen wir das auch.","og:url":"https:\/\/blog.proofs.de\/ro\/unsere-proofs-doppelt-gemessen-fuer-mehr-farbpraezision\/","og:image":"https:\/\/blog.proofs.de\/wp-content\/uploads\/2017\/04\/proof_de_medienkeil_mediawedge_ISO-12647-7_vs_ISO-DIS_12647-7_2016.jpg","og:image:secure_url":"https:\/\/blog.proofs.de\/wp-content\/uploads\/2017\/04\/proof_de_medienkeil_mediawedge_ISO-12647-7_vs_ISO-DIS_12647-7_2016.jpg","og:image:width":2400,"og:image:height":1100,"article:published_time":"2019-04-15T22:17:32+00:00","article:modified_time":"2020-05-08T00:26:06+00:00","article:publisher":"https:\/\/www.facebook.com\/Proof.de\/","twitter:card":"summary","twitter:title":"Unser Proof: Doppelt gemessen f\u00fcr mehr Pr\u00e4zision | proof.de","twitter:description":"Unser Anspruch bei Proofs ist schon immer hoch. Wir m\u00f6chten innerhalb der H\u00e4lfte der zul\u00e4ssigen Toleranzen liegen. Und meistens schaffen wir das auch.","twitter:image":"https:\/\/blog1.proofen.de\/wp-content\/uploads\/2020\/04\/proof_background.jpg"},"aioseo_meta_data":{"post_id":"2110","title":"Unser Proof: Doppelt gemessen f\u00fcr mehr Pr\u00e4zision |\u00a0proof.de","description":"Standardele noastre pentru probe au fost \u00eentotdeauna ridicate. Dorim s\u0103 ne \u00eencadr\u0103m \u00een jum\u0103tate din toleran\u021bele admise. \u0218i, de obicei, reu\u0219im acest lucru.","keywords":[{"label":"Proof,ISO12647-7,Toleranzen,Messtechnik,Spektralfotometer,X-Rite,i1,i1Pro2,Pr\u00fcfprotokoll,Kalibrierung,Profilierung","value":"Proof,ISO12647-7,Toleranzen,Messtechnik,Spektralfotometer,X-Rite,i1,i1Pro2,Pr\u00fcfprotokoll,Kalibrierung,Profilierung"}],"keyphrases":null,"primary_term":null,"canonical_url":null,"og_title":null,"og_description":null,"og_object_type":"default","og_image_type":"default","og_image_url":null,"og_image_width":null,"og_image_height":null,"og_image_custom_url":null,"og_image_custom_fields":null,"og_video":null,"og_custom_url":null,"og_article_section":null,"og_article_tags":null,"twitter_use_og":false,"twitter_card":"default","twitter_image_type":"default","twitter_image_url":null,"twitter_image_custom_url":null,"twitter_image_custom_fields":null,"twitter_title":null,"twitter_description":null,"schema":{"blockGraphs":[],"customGraphs":[],"default":{"data":{"Article":[],"Course":[],"Dataset":[],"FAQPage":[],"Movie":[],"Person":[],"Product":[],"ProductReview":[],"Car":[],"Recipe":[],"Service":[],"SoftwareApplication":[],"WebPage":[]},"graphName":"","isEnabled":true},"graphs":[],"defaultGraph":"","defaultPostTypeGraph":""},"schema_type":null,"schema_type_options":null,"pillar_content":false,"robots_default":true,"robots_noindex":false,"robots_noarchive":false,"robots_nosnippet":false,"robots_nofollow":false,"robots_noimageindex":false,"robots_noodp":false,"robots_notranslate":false,"robots_max_snippet":null,"robots_max_videopreview":null,"robots_max_imagepreview":"large","priority":null,"frequency":null,"local_seo":null,"breadcrumb_settings":null,"limit_modified_date":false,"ai":null,"created":"2020-12-21 00:35:00","updated":"2025-06-04 14:24:05","seo_analyzer_scan_date":null,"focus_keyword":null,"additional_keywords":null,"truseo_locale":null},"_links":{"self":[{"href":"https:\/\/blog.proofs.de\/ro\/wp-json\/wp\/v2\/posts\/2110","targetHints":{"allow":["GET"]}}],"collection":[{"href":"https:\/\/blog.proofs.de\/ro\/wp-json\/wp\/v2\/posts"}],"about":[{"href":"https:\/\/blog.proofs.de\/ro\/wp-json\/wp\/v2\/types\/post"}],"author":[{"embeddable":true,"href":"https:\/\/blog.proofs.de\/ro\/wp-json\/wp\/v2\/users\/2"}],"replies":[{"embeddable":true,"href":"https:\/\/blog.proofs.de\/ro\/wp-json\/wp\/v2\/comments?post=2110"}],"version-history":[{"count":3,"href":"https:\/\/blog.proofs.de\/ro\/wp-json\/wp\/v2\/posts\/2110\/revisions"}],"predecessor-version":[{"id":2113,"href":"https:\/\/blog.proofs.de\/ro\/wp-json\/wp\/v2\/posts\/2110\/revisions\/2113"}],"wp:featuredmedia":[{"embeddable":true,"href":"https:\/\/blog.proofs.de\/ro\/wp-json\/wp\/v2\/media\/1888"}],"wp:attachment":[{"href":"https:\/\/blog.proofs.de\/ro\/wp-json\/wp\/v2\/media?parent=2110"}],"wp:term":[{"taxonomy":"category","embeddable":true,"href":"https:\/\/blog.proofs.de\/ro\/wp-json\/wp\/v2\/categories?post=2110"},{"taxonomy":"post_tag","embeddable":true,"href":"https:\/\/blog.proofs.de\/ro\/wp-json\/wp\/v2\/tags?post=2110"}],"curies":[{"name":"wp","href":"https:\/\/api.w.org\/{rel}","templated":true}]}}