{"id":2114,"date":"2018-07-24T16:09:27","date_gmt":"2018-07-24T14:09:27","guid":{"rendered":"http:\/\/www.proof.de\/?p=2114"},"modified":"2024-05-06T01:22:27","modified_gmt":"2024-05-05T23:22:27","slug":"utilizati-profiluri-icc-individuale-pentru-dovada","status":"publish","type":"post","link":"https:\/\/blog.proofs.de\/ro\/individuelle-icc-profile-fuer-den-proof-verwenden\/","title":{"rendered":"Utiliza\u021bi profiluri ICC personalizate pentru prob\u0103"},"content":{"rendered":"<div class=\"kk-star-ratings kksr-auto kksr-align-right kksr-valign-top\" data-payload='{\"align\":\"right\",\"id\":\"2114\",\"slug\":\"default\",\"valign\":\"top\",\"ignore\":\"\",\"reference\":\"auto\",\"class\":\"\",\"count\":\"0\",\"legendonly\":\"\",\"readonly\":\"\",\"score\":\"0\",\"starsonly\":\"\",\"best\":\"5\",\"gap\":\"5\",\"greet\":\"Jetzt bewerten\",\"legend\":\"0\\\/5 - (0 votes)\",\"size\":\"24\",\"title\":\"Individuelle ICC Profile f&uuml;r den Proof verwenden\",\"width\":\"0\",\"_legend\":\"{score}\\\/{best} - ({count} {votes})\",\"font_factor\":\"1.25\"}'>\n            \n<div class=\"kksr-stars\">\n    \n<div class=\"kksr-stars-inactive\">\n            <div class=\"kksr-star\" data-star=\"1\" style=\"padding-right: 5px\">\n            \n\n<div class=\"kksr-icon\" style=\"width: 24px; height: 24px;\"><\/div>\n        <\/div>\n            <div class=\"kksr-star\" data-star=\"2\" style=\"padding-right: 5px\">\n            \n\n<div class=\"kksr-icon\" style=\"width: 24px; height: 24px;\"><\/div>\n        <\/div>\n            <div class=\"kksr-star\" data-star=\"3\" style=\"padding-right: 5px\">\n            \n\n<div class=\"kksr-icon\" style=\"width: 24px; height: 24px;\"><\/div>\n        <\/div>\n            <div class=\"kksr-star\" data-star=\"4\" style=\"padding-right: 5px\">\n            \n\n<div class=\"kksr-icon\" style=\"width: 24px; height: 24px;\"><\/div>\n        <\/div>\n            <div class=\"kksr-star\" data-star=\"5\" style=\"padding-right: 5px\">\n            \n\n<div class=\"kksr-icon\" style=\"width: 24px; height: 24px;\"><\/div>\n        <\/div>\n    <\/div>\n    \n<div class=\"kksr-stars-active\" style=\"width: 0px;\">\n            <div class=\"kksr-star\" style=\"padding-right: 5px\">\n            \n\n<div class=\"kksr-icon\" style=\"width: 24px; height: 24px;\"><\/div>\n        <\/div>\n            <div class=\"kksr-star\" style=\"padding-right: 5px\">\n            \n\n<div class=\"kksr-icon\" style=\"width: 24px; height: 24px;\"><\/div>\n        <\/div>\n            <div class=\"kksr-star\" style=\"padding-right: 5px\">\n            \n\n<div class=\"kksr-icon\" style=\"width: 24px; height: 24px;\"><\/div>\n        <\/div>\n            <div class=\"kksr-star\" style=\"padding-right: 5px\">\n            \n\n<div class=\"kksr-icon\" style=\"width: 24px; height: 24px;\"><\/div>\n        <\/div>\n            <div class=\"kksr-star\" style=\"padding-right: 5px\">\n            \n\n<div class=\"kksr-icon\" style=\"width: 24px; height: 24px;\"><\/div>\n        <\/div>\n    <\/div>\n<\/div>\n                \n\n<div class=\"kksr-legend\" style=\"font-size: 19.2px;\">\n            <span class=\"kksr-muted\">Evalua\u021bi acum<\/span>\n    <\/div>\n    <\/div>\n<p>Un nou client ne-a sunat ast\u0103zi: El <a href=\"https:\/\/blog.proofs.de\/ro\/lexikon\/proof\/\" target=\"_self\" title=\"O prob\u0103 contractual\u0103 este un dispozitiv de testare certificat ISO 12647-7 pentru industria artelor grafice. O prob\u0103 simuleaz\u0103 coloritul imprim\u0103rii offset sau al imprim\u0103rii prin gravur\u0103 \u00een culori \u0219i \u00een mod obligatoriu din punct de vedere juridic, \u00een limitele toleran\u021belor \u00eenguste ale standardului ISO.\" class=\"encyclopedia\">dovad\u0103<\/a>t pentru furnizorii chinezi, \u0219i a creat p\u00e2n\u0103 \u00een prezent <a href=\"https:\/\/blog.proofs.de\/ro\/lexikon\/proofs\/\" target=\"_self\" title=\"\u00cen sectorul tipografic, probele (sau testele de imprimare) se refer\u0103 la simularea exact\u0103 a culorilor \u0219i obligatorie din punct de vedere juridic a unui rezultat de imprimare \u00een scopul verific\u0103rii. Standardul responsabil cu probele este ISO 12647-7:2016, adic\u0103 revizuirea actual\u0103 din 2016.\" class=\"encyclopedia\">Dovezile<\/a> \u00een Japan Color 2001 Coated (JapanColor2001Coated.<a href=\"https:\/\/blog.proofs.de\/ro\/lexikon\/icc\/\" target=\"_self\" title=\"International Color Consortium, pe scurt ICC, este un comitet interna\u021bional responsabil pentru standardizarea profilelor de culoare.&nbsp;\" class=\"encyclopedia\">icc<\/a>). P\u00e2n\u0103 \u00een prezent, am avut profilul \u00een <a href=\"https:\/\/blog.proofs.de\/ro\/lexikon\/rip\/\" target=\"_self\" title='Un RIP este un procesor de imagini raster, adic\u0103 un &quot;procesor de imagini raster&quot;. Acesta proceseaz\u0103 datele PDF sau Postscript \u0219i le trimite la imprimantele de imagini sau la imprimantele de probe conectate.' class=\"encyclopedia\">RIP<\/a> Cu toate acestea, am reu\u0219it s\u0103 \u00eenc\u0103rc\u0103m profilul \u00een RIP-ul nostru, s\u0103 cre\u0103m fluxuri de lucru \u0219i s\u0103 facem profilul disponibil pentru a fi comandat \u00een magazin \u00eentr-un timp scurt.<\/p>\n<h2>Suntem bucuro\u0219i s\u0103 integr\u0103m profilurile dvs. individuale de probe ICC \u0219i s\u0103 cre\u0103m probe pentru dvs.<\/h2>\n<p>Noi <a href=\"https:\/\/blog.proofs.de\/ro\/lexikon\/proofen\/\" target=\"_self\" title='&quot;Proofing&quot; \u00eenseamn\u0103 a produce sau a face s\u0103 fie produs\u0103 o prob\u0103. &quot;Mai am nevoie de o prob\u0103 a bro\u0219urii&quot; este formularea tipic\u0103 pentru cuv\u00e2ntul &quot;prob\u0103&quot;. Prin urmare, &quot;proofing&quot; \u00eenseamn\u0103 realizarea unei probe color \u0219i obligatorii din punct de vedere juridic, \u00een conformitate cu standardul ISO 12647-7 \u00een vigoare.' class=\"encyclopedia\">dovad\u0103<\/a> Avem peste 50 de standarde interna\u021bionale pentru probe, dar exist\u0103 \u00eentotdeauna unul sau dou\u0103 standarde pe care nu le oferim \u00eenc\u0103. Adesea, produc\u0103torii de cerneluri sau produc\u0103torii de h\u00e2rtie ofer\u0103 \u0219i ei profile ICC, ca \u00een cazul <a href=\"https:\/\/blog.proofs.de\/ro\/lexikon\/aniva\/\" target=\"_self\" title=\"Aniva este o cerneal\u0103 de imprimare foarte pigmentat\u0103 de la Epple, care atinge o coloristic\u0103 semnificativ mai mare \u00een modul CMYK dec\u00e2t cernelurile de imprimare clasice.\" class=\"encyclopedia\">Aniva<\/a> sau Heaven42 \u0219i <a href=\"https:\/\/blog.proofs.de\/ro\/lexikon\/munken\/\" target=\"_self\" title=\"H\u00e2rtiile Munken sunt h\u00e2rtii naturale de \u00eenalt\u0103 calitate din h\u00e2rtie arctic\u0103, care sunt disponibile \u00een culori speciale. Arctic a creat, de asemenea, profiluri ICC pentru aceste h\u00e2rtii care \u021bin cont de propriet\u0103\u021bile lor speciale. Pentru unele dintre aceste h\u00e2rtii sunt disponibile profile de prob\u0103.\" class=\"encyclopedia\">Munken<\/a>, <a href=\"https:\/\/blog.proofs.de\/ro\/lexikon\/amber\/\" target=\"_self\" title=\"Amber este o h\u00e2rtie neacoperit\u0103, de culoare alb\u0103 str\u0103lucitoare, de la Arctic Papier.\" class=\"encyclopedia\">Amber<\/a> \u0219i seria de h\u00e2rtie Arctic de la Arctic Paper. Sau ave\u021bi un standard propriu pentru parametrii de imprimare pe care dori\u021bi s\u0103 \u00eel utiliza\u021bi pentru probe? Atunci discuta\u021bi cu noi. Vom fi bucuro\u0219i s\u0103 v\u0103 sprijinim.<\/p>\n<h2>Sunt posibile \u0219i profile 7C \u0219i profile cu canal N personalizate<\/h2>\n<p>Din 2024, oferim, de asemenea, proofing cu profile 7C personalizate pentru imprimarea cu o durat\u0103 extins\u0103. <a href=\"https:\/\/blog.proofs.de\/ro\/lexikon\/farbraum\/\" target=\"_self\" title=\"Spa\u021biul de culoare se bazeaz\u0103 pe un model de culoare \u0219i reprezint\u0103 aplicarea concret\u0103 a acestuia la o metod\u0103 de producere a culorilor (imprimant\u0103, ecran etc.). Prin urmare, acesta con\u021bine toate culorile care pot fi afi\u0219ate efectiv cu ajutorul acestei metode \u0219i al materialelor corespunz\u0103toare.\" class=\"encyclopedia\">Spa\u021biul de culoare<\/a> \u00een <a href=\"https:\/\/blog.proofs.de\/ro\/lexikon\/cmyk\/\" target=\"_self\" title='CMYK reprezint\u0103 cele patru culori de tipar cyan, magenta, galben \u0219i &quot;cheie&quot; (negru sau component\u0103 neagr\u0103).' class=\"encyclopedia\">CMYK<\/a>De asemenea, se pot produce profile individuale OGV, cu 5 \u0219i 6 culori.<\/p>","protected":false},"excerpt":{"rendered":"<p>Un nou client ne-a sunat ast\u0103zi: El face probe pentru furnizori chinezi \u0219i a creat probe \u00een Japan Color 2001 Coated (JapanColor2001Coated.icc). Nu am configurat anterior profilul \u00een RIP-ul nostru, dar am reu\u0219it s\u0103 \u00eenc\u0103rc\u0103m profilul \u00een RIP-ul nostru, s\u0103 cre\u0103m fluxuri de lucru \u0219i s\u0103 facem profilul disponibil pentru comenzi \u00een magazin \u00eentr-un timp scurt. Suntem bucuro\u0219i s\u0103 integr\u0103m profilurile dvs. individuale de probe ICC \u0219i s\u0103 cre\u0103m probe pentru dvs. Facem probe pentru peste 50 de standarde interna\u021bionale de probe, dar exist\u0103 \u00eentotdeauna unul sau dou\u0103 standarde pe care nu le oferim \u00eenc\u0103. ... <\/p>\n<p class=\"read-more-container\"><a title=\"Utiliza\u021bi profiluri ICC personalizate pentru prob\u0103\" class=\"read-more button\" href=\"https:\/\/blog.proofs.de\/ro\/individuelle-icc-profile-fuer-den-proof-verwenden\/#more-2114\" aria-label=\"Cite\u0219te mai multe despre Utilizarea profilurilor ICC individuale pentru proof\">Cite\u0219te mai mult<\/a><\/p>","protected":false},"author":2,"featured_media":178,"comment_status":"open","ping_status":"open","sticky":false,"template":"","format":"standard","meta":{"om_disable_all_campaigns":false,"inline_featured_image":false,"_monsterinsights_skip_tracking":false,"footnotes":""},"categories":[1,435],"tags":[764,760,761,767,766,498,758,757,759,336,765,763,762,239],"class_list":["post-2114","post","type-post","status-publish","format-standard","has-post-thumbnail","hentry","category-allgemein","category-farbraeume-und-farbprofile","tag-amber","tag-aniva","tag-arctic","tag-eigenes-icc-profil","tag-eigenes-profil","tag-heaven42","tag-icc","tag-icc-profil","tag-individuelle-icc-profile","tag-japan-color-2011-coated","tag-japancolor2001coated","tag-lynx","tag-munken","tag-proof-profil","generate-columns","tablet-grid-50","mobile-grid-100","grid-parent","grid-50","no-featured-image-padding","resize-featured-image"],"aioseo_notices":[],"aioseo_head":"\n\t\t<!-- All in One SEO 5.0.1.1 - aioseo.com -->\n\t<meta name=\"description\" content=\"Gerne binden wir Ihre individuellen ICC Proof Profile ein und erstellen Ihnen daf\u00fcr Proofs. Sprechen Sie mit uns. Wir unterst\u00fctzen Sie gerne.\" \/>\n\t<meta name=\"robots\" content=\"max-image-preview:large\" \/>\n\t<meta name=\"author\" content=\"Matthias Betz\"\/>\n\t<meta name=\"google-site-verification\" content=\"TuXxyRwxcEg2-WfOaQ8vScWQh3-uBAnxXmY7g3GT90A\" \/>\n\t<meta name=\"keywords\" content=\"amber,aniva,arctic,eigenes icc profil,eigenes profil,heaven42,icc,icc profil,individuelle icc profile,japan color 2011 coated,japancolor2001coated,lynx,munken,proof profil\" \/>\n\t<link rel=\"canonical\" href=\"https:\/\/blog.proofs.de\/ro\/individuelle-icc-profile-fuer-den-proof-verwenden\/\" \/>\n\t<meta name=\"generator\" content=\"All in One SEO (AIOSEO) 5.0.1.1\" \/>\n\n\t\t<meta name=\"seobility\" content=\"593a8578143db71543f014978c690d47\">\n\t\t<meta property=\"og:locale\" content=\"ro_RO\" \/>\n\t\t<meta property=\"og:site_name\" content=\"Proof.de | Alles zu Proof, Farbmanagement, Grafik, Messtechnik &amp; Co.\" \/>\n\t\t<meta property=\"og:type\" content=\"article\" \/>\n\t\t<meta property=\"og:title\" content=\"Individuelle ICC Profile f\u00fcr den Proof verwenden | proof.de\" \/>\n\t\t<meta property=\"og:description\" content=\"Gerne binden wir Ihre individuellen ICC Proof Profile ein und erstellen Ihnen daf\u00fcr Proofs. Sprechen Sie mit uns. Wir unterst\u00fctzen Sie gerne.\" \/>\n\t\t<meta property=\"og:url\" content=\"https:\/\/blog.proofs.de\/ro\/individuelle-icc-profile-fuer-den-proof-verwenden\/\" \/>\n\t\t<meta property=\"og:image\" content=\"https:\/\/blog.proofs.de\/wp-content\/uploads\/2012\/03\/Bildschirmfoto-2012-03-20-um-00.29.41.jpg\" \/>\n\t\t<meta property=\"og:image:secure_url\" content=\"https:\/\/blog.proofs.de\/wp-content\/uploads\/2012\/03\/Bildschirmfoto-2012-03-20-um-00.29.41.jpg\" \/>\n\t\t<meta property=\"og:image:width\" content=\"604\" \/>\n\t\t<meta property=\"og:image:height\" content=\"580\" \/>\n\t\t<meta property=\"article:published_time\" content=\"2018-07-24T14:09:27+00:00\" \/>\n\t\t<meta property=\"article:modified_time\" content=\"2024-05-05T23:22:27+00:00\" \/>\n\t\t<meta property=\"article:publisher\" content=\"https:\/\/www.facebook.com\/Proof.de\/\" \/>\n\t\t<meta name=\"twitter:card\" content=\"summary\" \/>\n\t\t<meta name=\"twitter:title\" content=\"Individuelle ICC Profile f\u00fcr den Proof verwenden | proof.de\" \/>\n\t\t<meta name=\"twitter:description\" content=\"Gerne binden wir Ihre individuellen ICC Proof Profile ein und erstellen Ihnen daf\u00fcr Proofs. Sprechen Sie mit uns. Wir unterst\u00fctzen Sie gerne.\" \/>\n\t\t<meta name=\"twitter:image\" content=\"https:\/\/blog1.proofen.de\/wp-content\/uploads\/2020\/04\/proof_background.jpg\" \/>\n\t\t<script type=\"application\/ld+json\" class=\"aioseo-schema\">\n\t\t\t{\"@context\":\"https:\\\/\\\/schema.org\",\"@graph\":[{\"@type\":\"Article\",\"@id\":\"https:\\\/\\\/blog.proofs.de\\\/ro\\\/individuelle-icc-profile-fuer-den-proof-verwenden\\\/#article\",\"name\":\"Individuelle ICC Profile f\\u00fcr den Proof verwenden | proof.de\",\"headline\":\"Individuelle ICC Profile f\\u00fcr den Proof verwenden\",\"author\":{\"@id\":\"https:\\\/\\\/blog.proofs.de\\\/ro\\\/author\\\/mbetz\\\/#author\"},\"publisher\":{\"@id\":\"https:\\\/\\\/blog.proofs.de\\\/ro\\\/#organization\"},\"image\":{\"@type\":\"ImageObject\",\"url\":\"https:\\\/\\\/blog.proofs.de\\\/wp-content\\\/uploads\\\/2012\\\/03\\\/Bildschirmfoto-2012-03-20-um-00.29.41.jpg\",\"width\":604,\"height\":580,\"caption\":\"Vergleich eciRGB_V2 (wei\\u00df) und ISOCoatedV2\"},\"datePublished\":\"2018-07-24T16:09:27+02:00\",\"dateModified\":\"2024-05-06T01:22:27+02:00\",\"inLanguage\":\"ro-RO\",\"mainEntityOfPage\":{\"@id\":\"https:\\\/\\\/blog.proofs.de\\\/ro\\\/individuelle-icc-profile-fuer-den-proof-verwenden\\\/#webpage\"},\"isPartOf\":{\"@id\":\"https:\\\/\\\/blog.proofs.de\\\/ro\\\/individuelle-icc-profile-fuer-den-proof-verwenden\\\/#webpage\"},\"articleSection\":\"Allgemein, Farbr\\u00e4ume und Farbprofile, Amber, Aniva, Arctic, eigenes ICC Profil, eigenes Profil, Heaven42, ICC, ICC Profil, Individuelle ICC Profile, Japan Color 2011 Coated, JapanColor2001Coated, Lynx, Munken, Proof Profil\"},{\"@type\":\"BreadcrumbList\",\"@id\":\"https:\\\/\\\/blog.proofs.de\\\/ro\\\/individuelle-icc-profile-fuer-den-proof-verwenden\\\/#breadcrumblist\",\"itemListElement\":[{\"@type\":\"ListItem\",\"@id\":\"https:\\\/\\\/blog.proofs.de\\\/ro#listItem\",\"position\":1,\"name\":\"Home\",\"item\":\"https:\\\/\\\/blog.proofs.de\\\/ro\",\"nextItem\":{\"@type\":\"ListItem\",\"@id\":\"https:\\\/\\\/blog.proofs.de\\\/ro\\\/thema\\\/proof-wissen\\\/#listItem\",\"name\":\"Proof Wissen\"}},{\"@type\":\"ListItem\",\"@id\":\"https:\\\/\\\/blog.proofs.de\\\/ro\\\/thema\\\/proof-wissen\\\/#listItem\",\"position\":2,\"name\":\"Proof Wissen\",\"item\":\"https:\\\/\\\/blog.proofs.de\\\/ro\\\/thema\\\/proof-wissen\\\/\",\"nextItem\":{\"@type\":\"ListItem\",\"@id\":\"https:\\\/\\\/blog.proofs.de\\\/ro\\\/thema\\\/proof-wissen\\\/farbraeume-und-farbprofile\\\/#listItem\",\"name\":\"Farbr\\u00e4ume und Farbprofile\"},\"previousItem\":{\"@type\":\"ListItem\",\"@id\":\"https:\\\/\\\/blog.proofs.de\\\/ro#listItem\",\"name\":\"Home\"}},{\"@type\":\"ListItem\",\"@id\":\"https:\\\/\\\/blog.proofs.de\\\/ro\\\/thema\\\/proof-wissen\\\/farbraeume-und-farbprofile\\\/#listItem\",\"position\":3,\"name\":\"Farbr\\u00e4ume und Farbprofile\",\"item\":\"https:\\\/\\\/blog.proofs.de\\\/ro\\\/thema\\\/proof-wissen\\\/farbraeume-und-farbprofile\\\/\",\"nextItem\":{\"@type\":\"ListItem\",\"@id\":\"https:\\\/\\\/blog.proofs.de\\\/ro\\\/individuelle-icc-profile-fuer-den-proof-verwenden\\\/#listItem\",\"name\":\"Individuelle ICC Profile f\\u00fcr den Proof verwenden\"},\"previousItem\":{\"@type\":\"ListItem\",\"@id\":\"https:\\\/\\\/blog.proofs.de\\\/ro\\\/thema\\\/proof-wissen\\\/#listItem\",\"name\":\"Proof Wissen\"}},{\"@type\":\"ListItem\",\"@id\":\"https:\\\/\\\/blog.proofs.de\\\/ro\\\/individuelle-icc-profile-fuer-den-proof-verwenden\\\/#listItem\",\"position\":4,\"name\":\"Individuelle ICC Profile f\\u00fcr den Proof verwenden\",\"previousItem\":{\"@type\":\"ListItem\",\"@id\":\"https:\\\/\\\/blog.proofs.de\\\/ro\\\/thema\\\/proof-wissen\\\/farbraeume-und-farbprofile\\\/#listItem\",\"name\":\"Farbr\\u00e4ume und Farbprofile\"}}]},{\"@type\":\"Organization\",\"@id\":\"https:\\\/\\\/blog.proofs.de\\\/ro\\\/#organization\",\"name\":\"Proof GmbH\",\"description\":\"Farbverbindlicher Proof, Farbproof, Digitalproof und Online-Proof.\",\"url\":\"https:\\\/\\\/blog.proofs.de\\\/ro\\\/\",\"telephone\":\"+4970717952740\",\"logo\":{\"@type\":\"ImageObject\",\"url\":\"https:\\\/\\\/blog1.proofen.de\\\/wp-content\\\/uploads\\\/2019\\\/09\\\/logo_proof_rgb_mit_balken_250px.png\",\"@id\":\"https:\\\/\\\/blog.proofs.de\\\/ro\\\/individuelle-icc-profile-fuer-den-proof-verwenden\\\/#organizationLogo\"},\"image\":{\"@id\":\"https:\\\/\\\/blog.proofs.de\\\/ro\\\/individuelle-icc-profile-fuer-den-proof-verwenden\\\/#organizationLogo\"},\"sameAs\":[\"https:\\\/\\\/www.facebook.com\\\/Proof.de\\\/\",\"https:\\\/\\\/www.instagram.com\\\/proof.de\\\/\",\"https:\\\/\\\/www.tiktok.com\\\/@proof_de\",\"https:\\\/\\\/www.youtube.com\\\/channel\\\/UCk80fQVQ25wC9wu3SywB-Nw\",\"https:\\\/\\\/www.linkedin.com\\\/company\\\/proof-de\"]},{\"@type\":\"Person\",\"@id\":\"https:\\\/\\\/blog.proofs.de\\\/ro\\\/author\\\/mbetz\\\/#author\",\"url\":\"https:\\\/\\\/blog.proofs.de\\\/ro\\\/author\\\/mbetz\\\/\",\"name\":\"Matthias Betz\",\"image\":{\"@type\":\"ImageObject\",\"@id\":\"https:\\\/\\\/blog.proofs.de\\\/ro\\\/individuelle-icc-profile-fuer-den-proof-verwenden\\\/#authorImage\",\"url\":\"https:\\\/\\\/blog.proofs.de\\\/wp-content\\\/uploads\\\/2020\\\/10\\\/matthias-betz-e1603934518350-150x150.png\",\"width\":96,\"height\":96,\"caption\":\"Matthias Betz\"}},{\"@type\":\"WebPage\",\"@id\":\"https:\\\/\\\/blog.proofs.de\\\/ro\\\/individuelle-icc-profile-fuer-den-proof-verwenden\\\/#webpage\",\"url\":\"https:\\\/\\\/blog.proofs.de\\\/ro\\\/individuelle-icc-profile-fuer-den-proof-verwenden\\\/\",\"name\":\"Individuelle ICC Profile f\\u00fcr den Proof verwenden | proof.de\",\"description\":\"Gerne binden wir Ihre individuellen ICC Proof Profile ein und erstellen Ihnen daf\\u00fcr Proofs. Sprechen Sie mit uns. Wir unterst\\u00fctzen Sie gerne.\",\"inLanguage\":\"ro-RO\",\"isPartOf\":{\"@id\":\"https:\\\/\\\/blog.proofs.de\\\/ro\\\/#website\"},\"breadcrumb\":{\"@id\":\"https:\\\/\\\/blog.proofs.de\\\/ro\\\/individuelle-icc-profile-fuer-den-proof-verwenden\\\/#breadcrumblist\"},\"author\":{\"@id\":\"https:\\\/\\\/blog.proofs.de\\\/ro\\\/author\\\/mbetz\\\/#author\"},\"creator\":{\"@id\":\"https:\\\/\\\/blog.proofs.de\\\/ro\\\/author\\\/mbetz\\\/#author\"},\"image\":{\"@type\":\"ImageObject\",\"url\":\"https:\\\/\\\/blog.proofs.de\\\/wp-content\\\/uploads\\\/2012\\\/03\\\/Bildschirmfoto-2012-03-20-um-00.29.41.jpg\",\"@id\":\"https:\\\/\\\/blog.proofs.de\\\/ro\\\/individuelle-icc-profile-fuer-den-proof-verwenden\\\/#mainImage\",\"width\":604,\"height\":580,\"caption\":\"Vergleich eciRGB_V2 (wei\\u00df) und ISOCoatedV2\"},\"primaryImageOfPage\":{\"@id\":\"https:\\\/\\\/blog.proofs.de\\\/ro\\\/individuelle-icc-profile-fuer-den-proof-verwenden\\\/#mainImage\"},\"datePublished\":\"2018-07-24T16:09:27+02:00\",\"dateModified\":\"2024-05-06T01:22:27+02:00\"},{\"@type\":\"WebSite\",\"@id\":\"https:\\\/\\\/blog.proofs.de\\\/ro\\\/#website\",\"url\":\"https:\\\/\\\/blog.proofs.de\\\/ro\\\/\",\"name\":\"Proof.de\",\"description\":\"Farbverbindlicher Proof, Farbproof, Digitalproof und Online-Proof.\",\"inLanguage\":\"ro-RO\",\"publisher\":{\"@id\":\"https:\\\/\\\/blog.proofs.de\\\/ro\\\/#organization\"}}]}\n\t\t<\/script>\n\t\t<!-- All in One SEO -->\n\n","aioseo_head_json":{"title":"Utiliza\u021bi profiluri ICC individuale pentru prob\u0103 | proof.de","description":"Suntem bucuro\u0219i s\u0103 \u00eencorpor\u0103m profilurile dumneavoastr\u0103 individuale de prob\u0103 ICC \u0219i s\u0103 cre\u0103m probe pentru dumneavoastr\u0103. Discuta\u021bi cu noi. Vom fi bucuro\u0219i s\u0103 v\u0103 sprijinim.","canonical_url":"https:\/\/blog.proofs.de\/ro\/individuelle-icc-profile-fuer-den-proof-verwenden\/","robots":"max-image-preview:large","keywords":"amber,aniva,arctic,eigenes icc profil,eigenes profil,heaven42,icc,icc profil,individuelle icc profile,japan color 2011 coated,japancolor2001coated,lynx,munken,proof profil","webmasterTools":{"google-site-verification":"TuXxyRwxcEg2-WfOaQ8vScWQh3-uBAnxXmY7g3GT90A","miscellaneous":"&lt;meta name=\"seobility\" content=\"593a8578143db71543f014978c690d47\"&gt;"},"schema":{"@context":"https:\/\/schema.org","@graph":[{"@type":"Article","@id":"https:\/\/blog.proofs.de\/ro\/individuelle-icc-profile-fuer-den-proof-verwenden\/#article","name":"Individuelle ICC Profile f\u00fcr den Proof verwenden | proof.de","headline":"Individuelle ICC Profile f\u00fcr den Proof verwenden","author":{"@id":"https:\/\/blog.proofs.de\/ro\/author\/mbetz\/#author"},"publisher":{"@id":"https:\/\/blog.proofs.de\/ro\/#organization"},"image":{"@type":"ImageObject","url":"https:\/\/blog.proofs.de\/wp-content\/uploads\/2012\/03\/Bildschirmfoto-2012-03-20-um-00.29.41.jpg","width":604,"height":580,"caption":"Vergleich eciRGB_V2 (wei\u00df) und ISOCoatedV2"},"datePublished":"2018-07-24T16:09:27+02:00","dateModified":"2024-05-06T01:22:27+02:00","inLanguage":"ro-RO","mainEntityOfPage":{"@id":"https:\/\/blog.proofs.de\/ro\/individuelle-icc-profile-fuer-den-proof-verwenden\/#webpage"},"isPartOf":{"@id":"https:\/\/blog.proofs.de\/ro\/individuelle-icc-profile-fuer-den-proof-verwenden\/#webpage"},"articleSection":"Allgemein, Farbr\u00e4ume und Farbprofile, Amber, Aniva, Arctic, eigenes ICC Profil, eigenes Profil, Heaven42, ICC, ICC Profil, Individuelle ICC Profile, Japan Color 2011 Coated, JapanColor2001Coated, Lynx, Munken, Proof Profil"},{"@type":"BreadcrumbList","@id":"https:\/\/blog.proofs.de\/ro\/individuelle-icc-profile-fuer-den-proof-verwenden\/#breadcrumblist","itemListElement":[{"@type":"ListItem","@id":"https:\/\/blog.proofs.de\/ro#listItem","position":1,"name":"Home","item":"https:\/\/blog.proofs.de\/ro","nextItem":{"@type":"ListItem","@id":"https:\/\/blog.proofs.de\/ro\/thema\/proof-wissen\/#listItem","name":"Proof Wissen"}},{"@type":"ListItem","@id":"https:\/\/blog.proofs.de\/ro\/thema\/proof-wissen\/#listItem","position":2,"name":"Proof Wissen","item":"https:\/\/blog.proofs.de\/ro\/thema\/proof-wissen\/","nextItem":{"@type":"ListItem","@id":"https:\/\/blog.proofs.de\/ro\/thema\/proof-wissen\/farbraeume-und-farbprofile\/#listItem","name":"Farbr\u00e4ume und Farbprofile"},"previousItem":{"@type":"ListItem","@id":"https:\/\/blog.proofs.de\/ro#listItem","name":"Home"}},{"@type":"ListItem","@id":"https:\/\/blog.proofs.de\/ro\/thema\/proof-wissen\/farbraeume-und-farbprofile\/#listItem","position":3,"name":"Farbr\u00e4ume und Farbprofile","item":"https:\/\/blog.proofs.de\/ro\/thema\/proof-wissen\/farbraeume-und-farbprofile\/","nextItem":{"@type":"ListItem","@id":"https:\/\/blog.proofs.de\/ro\/individuelle-icc-profile-fuer-den-proof-verwenden\/#listItem","name":"Individuelle ICC Profile f\u00fcr den Proof verwenden"},"previousItem":{"@type":"ListItem","@id":"https:\/\/blog.proofs.de\/ro\/thema\/proof-wissen\/#listItem","name":"Proof Wissen"}},{"@type":"ListItem","@id":"https:\/\/blog.proofs.de\/ro\/individuelle-icc-profile-fuer-den-proof-verwenden\/#listItem","position":4,"name":"Individuelle ICC Profile f\u00fcr den Proof verwenden","previousItem":{"@type":"ListItem","@id":"https:\/\/blog.proofs.de\/ro\/thema\/proof-wissen\/farbraeume-und-farbprofile\/#listItem","name":"Farbr\u00e4ume und Farbprofile"}}]},{"@type":"Organization","@id":"https:\/\/blog.proofs.de\/ro\/#organization","name":"Proof GmbH","description":"Farbverbindlicher Proof, Farbproof, Digitalproof und Online-Proof.","url":"https:\/\/blog.proofs.de\/ro\/","telephone":"+4970717952740","logo":{"@type":"ImageObject","url":"https:\/\/blog1.proofen.de\/wp-content\/uploads\/2019\/09\/logo_proof_rgb_mit_balken_250px.png","@id":"https:\/\/blog.proofs.de\/ro\/individuelle-icc-profile-fuer-den-proof-verwenden\/#organizationLogo"},"image":{"@id":"https:\/\/blog.proofs.de\/ro\/individuelle-icc-profile-fuer-den-proof-verwenden\/#organizationLogo"},"sameAs":["https:\/\/www.facebook.com\/Proof.de\/","https:\/\/www.instagram.com\/proof.de\/","https:\/\/www.tiktok.com\/@proof_de","https:\/\/www.youtube.com\/channel\/UCk80fQVQ25wC9wu3SywB-Nw","https:\/\/www.linkedin.com\/company\/proof-de"]},{"@type":"Person","@id":"https:\/\/blog.proofs.de\/ro\/author\/mbetz\/#author","url":"https:\/\/blog.proofs.de\/ro\/author\/mbetz\/","name":"Matthias Betz","image":{"@type":"ImageObject","@id":"https:\/\/blog.proofs.de\/ro\/individuelle-icc-profile-fuer-den-proof-verwenden\/#authorImage","url":"https:\/\/blog.proofs.de\/wp-content\/uploads\/2020\/10\/matthias-betz-e1603934518350-150x150.png","width":96,"height":96,"caption":"Matthias Betz"}},{"@type":"WebPage","@id":"https:\/\/blog.proofs.de\/ro\/individuelle-icc-profile-fuer-den-proof-verwenden\/#webpage","url":"https:\/\/blog.proofs.de\/ro\/individuelle-icc-profile-fuer-den-proof-verwenden\/","name":"Individuelle ICC Profile f\u00fcr den Proof verwenden | proof.de","description":"Gerne binden wir Ihre individuellen ICC Proof Profile ein und erstellen Ihnen daf\u00fcr Proofs. Sprechen Sie mit uns. Wir unterst\u00fctzen Sie gerne.","inLanguage":"ro-RO","isPartOf":{"@id":"https:\/\/blog.proofs.de\/ro\/#website"},"breadcrumb":{"@id":"https:\/\/blog.proofs.de\/ro\/individuelle-icc-profile-fuer-den-proof-verwenden\/#breadcrumblist"},"author":{"@id":"https:\/\/blog.proofs.de\/ro\/author\/mbetz\/#author"},"creator":{"@id":"https:\/\/blog.proofs.de\/ro\/author\/mbetz\/#author"},"image":{"@type":"ImageObject","url":"https:\/\/blog.proofs.de\/wp-content\/uploads\/2012\/03\/Bildschirmfoto-2012-03-20-um-00.29.41.jpg","@id":"https:\/\/blog.proofs.de\/ro\/individuelle-icc-profile-fuer-den-proof-verwenden\/#mainImage","width":604,"height":580,"caption":"Vergleich eciRGB_V2 (wei\u00df) und ISOCoatedV2"},"primaryImageOfPage":{"@id":"https:\/\/blog.proofs.de\/ro\/individuelle-icc-profile-fuer-den-proof-verwenden\/#mainImage"},"datePublished":"2018-07-24T16:09:27+02:00","dateModified":"2024-05-06T01:22:27+02:00"},{"@type":"WebSite","@id":"https:\/\/blog.proofs.de\/ro\/#website","url":"https:\/\/blog.proofs.de\/ro\/","name":"Proof.de","description":"Farbverbindlicher Proof, Farbproof, Digitalproof und Online-Proof.","inLanguage":"ro-RO","publisher":{"@id":"https:\/\/blog.proofs.de\/ro\/#organization"}}]},"og:locale":"ro_RO","og:site_name":"Proof.de | Alles zu Proof, Farbmanagement, Grafik, Messtechnik &amp; Co.","og:type":"article","og:title":"Individuelle ICC Profile f\u00fcr den Proof verwenden | proof.de","og:description":"Gerne binden wir Ihre individuellen ICC Proof Profile ein und erstellen Ihnen daf\u00fcr Proofs. Sprechen Sie mit uns. Wir unterst\u00fctzen Sie gerne.","og:url":"https:\/\/blog.proofs.de\/ro\/individuelle-icc-profile-fuer-den-proof-verwenden\/","og:image":"https:\/\/blog.proofs.de\/wp-content\/uploads\/2012\/03\/Bildschirmfoto-2012-03-20-um-00.29.41.jpg","og:image:secure_url":"https:\/\/blog.proofs.de\/wp-content\/uploads\/2012\/03\/Bildschirmfoto-2012-03-20-um-00.29.41.jpg","og:image:width":604,"og:image:height":580,"article:published_time":"2018-07-24T14:09:27+00:00","article:modified_time":"2024-05-05T23:22:27+00:00","article:publisher":"https:\/\/www.facebook.com\/Proof.de\/","twitter:card":"summary","twitter:title":"Individuelle ICC Profile f\u00fcr den Proof verwenden | proof.de","twitter:description":"Gerne binden wir Ihre individuellen ICC Proof Profile ein und erstellen Ihnen daf\u00fcr Proofs. Sprechen Sie mit uns. Wir unterst\u00fctzen Sie gerne.","twitter:image":"https:\/\/blog1.proofen.de\/wp-content\/uploads\/2020\/04\/proof_background.jpg"},"aioseo_meta_data":{"post_id":"2114","title":"Individuelle ICC Profile f\u00fcr den Proof verwenden |\u00a0proof.de","description":"Suntem bucuro\u0219i s\u0103 \u00eencorpor\u0103m profilurile dumneavoastr\u0103 individuale de prob\u0103 ICC \u0219i s\u0103 cre\u0103m probe pentru dumneavoastr\u0103. Discuta\u021bi cu noi. Vom fi bucuro\u0219i s\u0103 v\u0103 sprijinim.","keywords":null,"keyphrases":{"focus":{"keyphrase":"","score":0,"analysis":{"keyphraseInTitle":{"score":0,"maxScore":9,"error":1}}},"additional":[]},"primary_term":null,"canonical_url":null,"og_title":null,"og_description":null,"og_object_type":"default","og_image_type":"default","og_image_url":null,"og_image_width":null,"og_image_height":null,"og_image_custom_url":null,"og_image_custom_fields":null,"og_video":"","og_custom_url":null,"og_article_section":null,"og_article_tags":null,"twitter_use_og":false,"twitter_card":"default","twitter_image_type":"default","twitter_image_url":null,"twitter_image_custom_url":null,"twitter_image_custom_fields":null,"twitter_title":null,"twitter_description":null,"schema":{"blockGraphs":[],"customGraphs":[],"default":{"data":{"Article":[],"Course":[],"Dataset":[],"FAQPage":[],"Movie":[],"Person":[],"Product":[],"ProductReview":[],"Car":[],"Recipe":[],"Service":[],"SoftwareApplication":[],"WebPage":[]},"graphName":"Article","isEnabled":true},"graphs":[],"defaultGraph":"","defaultPostTypeGraph":""},"schema_type":null,"schema_type_options":null,"pillar_content":false,"robots_default":true,"robots_noindex":false,"robots_noarchive":false,"robots_nosnippet":false,"robots_nofollow":false,"robots_noimageindex":false,"robots_noodp":false,"robots_notranslate":false,"robots_max_snippet":"-1","robots_max_videopreview":"-1","robots_max_imagepreview":"large","priority":null,"frequency":"default","local_seo":null,"breadcrumb_settings":null,"limit_modified_date":false,"ai":null,"created":"2020-12-21 00:35:00","updated":"2025-06-04 14:22:05","seo_analyzer_scan_date":null,"focus_keyword":null,"additional_keywords":null,"truseo_locale":null},"_links":{"self":[{"href":"https:\/\/blog.proofs.de\/ro\/wp-json\/wp\/v2\/posts\/2114","targetHints":{"allow":["GET"]}}],"collection":[{"href":"https:\/\/blog.proofs.de\/ro\/wp-json\/wp\/v2\/posts"}],"about":[{"href":"https:\/\/blog.proofs.de\/ro\/wp-json\/wp\/v2\/types\/post"}],"author":[{"embeddable":true,"href":"https:\/\/blog.proofs.de\/ro\/wp-json\/wp\/v2\/users\/2"}],"replies":[{"embeddable":true,"href":"https:\/\/blog.proofs.de\/ro\/wp-json\/wp\/v2\/comments?post=2114"}],"version-history":[{"count":3,"href":"https:\/\/blog.proofs.de\/ro\/wp-json\/wp\/v2\/posts\/2114\/revisions"}],"predecessor-version":[{"id":5738,"href":"https:\/\/blog.proofs.de\/ro\/wp-json\/wp\/v2\/posts\/2114\/revisions\/5738"}],"wp:featuredmedia":[{"embeddable":true,"href":"https:\/\/blog.proofs.de\/ro\/wp-json\/wp\/v2\/media\/178"}],"wp:attachment":[{"href":"https:\/\/blog.proofs.de\/ro\/wp-json\/wp\/v2\/media?parent=2114"}],"wp:term":[{"taxonomy":"category","embeddable":true,"href":"https:\/\/blog.proofs.de\/ro\/wp-json\/wp\/v2\/categories?post=2114"},{"taxonomy":"post_tag","embeddable":true,"href":"https:\/\/blog.proofs.de\/ro\/wp-json\/wp\/v2\/tags?post=2114"}],"curies":[{"name":"wp","href":"https:\/\/api.w.org\/{rel}","templated":true}]}}