{"id":2345,"date":"2019-04-06T02:51:14","date_gmt":"2019-04-06T00:51:14","guid":{"rendered":"http:\/\/www.proof.de\/?p=2345"},"modified":"2020-05-08T02:24:41","modified_gmt":"2020-05-08T00:24:41","slug":"care-profil-de-proba-pentru-afise-pentru-camere-goale-si-afise-electorale","status":"publish","type":"post","link":"https:\/\/blog.proofs.de\/ro\/welches-proofprofil-fuer-hohlkammerplakate-und-wahlplakate\/","title":{"rendered":"Care este profilul de prob\u0103 pentru afi\u0219e pentru camere goale \u0219i afi\u0219e electorale?"},"content":{"rendered":"<div class=\"kk-star-ratings kksr-auto kksr-align-right kksr-valign-top\" data-payload='{\"align\":\"right\",\"id\":\"2345\",\"slug\":\"default\",\"valign\":\"top\",\"ignore\":\"\",\"reference\":\"auto\",\"class\":\"\",\"count\":\"0\",\"legendonly\":\"\",\"readonly\":\"\",\"score\":\"0\",\"starsonly\":\"\",\"best\":\"5\",\"gap\":\"5\",\"greet\":\"Jetzt bewerten\",\"legend\":\"0\\\/5 - (0 votes)\",\"size\":\"24\",\"title\":\"Welches Proofprofil f&uuml;r Hohlkammerplakate und Wahlplakate?\",\"width\":\"0\",\"_legend\":\"{score}\\\/{best} - ({count} {votes})\",\"font_factor\":\"1.25\"}'>\n            \n<div class=\"kksr-stars\">\n    \n<div class=\"kksr-stars-inactive\">\n            <div class=\"kksr-star\" data-star=\"1\" style=\"padding-right: 5px\">\n            \n\n<div class=\"kksr-icon\" style=\"width: 24px; height: 24px;\"><\/div>\n        <\/div>\n            <div class=\"kksr-star\" data-star=\"2\" style=\"padding-right: 5px\">\n            \n\n<div class=\"kksr-icon\" style=\"width: 24px; height: 24px;\"><\/div>\n        <\/div>\n            <div class=\"kksr-star\" data-star=\"3\" style=\"padding-right: 5px\">\n            \n\n<div class=\"kksr-icon\" style=\"width: 24px; height: 24px;\"><\/div>\n        <\/div>\n            <div class=\"kksr-star\" data-star=\"4\" style=\"padding-right: 5px\">\n            \n\n<div class=\"kksr-icon\" style=\"width: 24px; height: 24px;\"><\/div>\n        <\/div>\n            <div class=\"kksr-star\" data-star=\"5\" style=\"padding-right: 5px\">\n            \n\n<div class=\"kksr-icon\" style=\"width: 24px; height: 24px;\"><\/div>\n        <\/div>\n    <\/div>\n    \n<div class=\"kksr-stars-active\" style=\"width: 0px;\">\n            <div class=\"kksr-star\" style=\"padding-right: 5px\">\n            \n\n<div class=\"kksr-icon\" style=\"width: 24px; height: 24px;\"><\/div>\n        <\/div>\n            <div class=\"kksr-star\" style=\"padding-right: 5px\">\n            \n\n<div class=\"kksr-icon\" style=\"width: 24px; height: 24px;\"><\/div>\n        <\/div>\n            <div class=\"kksr-star\" style=\"padding-right: 5px\">\n            \n\n<div class=\"kksr-icon\" style=\"width: 24px; height: 24px;\"><\/div>\n        <\/div>\n            <div class=\"kksr-star\" style=\"padding-right: 5px\">\n            \n\n<div class=\"kksr-icon\" style=\"width: 24px; height: 24px;\"><\/div>\n        <\/div>\n            <div class=\"kksr-star\" style=\"padding-right: 5px\">\n            \n\n<div class=\"kksr-icon\" style=\"width: 24px; height: 24px;\"><\/div>\n        <\/div>\n    <\/div>\n<\/div>\n                \n\n<div class=\"kksr-legend\" style=\"font-size: 19.2px;\">\n            <span class=\"kksr-muted\">Evalua\u021bi acum<\/span>\n    <\/div>\n    <\/div>\n\r\n<p class=\"wp-block-paragraph\">Dup\u0103 cum \u0219tim cu to\u021bii, alegerile sunt mereu dup\u0103 col\u021b, iar tendin\u021ba de a avea postere electorale din ce \u00een ce mai mari \u0219i mai numeroase continu\u0103 f\u0103r\u0103 \u00eencetare. \u00cen trecut, doar Mama Natur\u0103 f\u0103cea ca peisajele s\u0103 fie colorate prim\u0103vara, dar ast\u0103zi fiecare alegere local\u0103, statal\u0103, na\u021bional\u0103 \u0219i european\u0103 poate face acest lucru cu u\u0219urin\u021b\u0103. Ast\u0103zi, fiecare candidat, fiecare partid mare sau mic dispune de mijloacele tehnice \u0219i financiare pentru a transforma str\u0103zi \u00eentregi \u00eentr-o mare colorat\u0103 de mesaje \u0219i chipuri. Dup\u0103 ce fotograful a realizat fotografii bune ale candida\u021bilor la alegeri \u00een studio, imaginile sunt trimise pentru retu\u0219are \u0219i apoi pentru machetare.<\/p>\r\n\r\n\r\n\r\n<p class=\"wp-block-paragraph\">P\u00e2n\u0103 \u00een urm\u0103 cu c\u00e2\u021biva ani, afi\u0219ele electorale erau tip\u0103rite de obicei \u00een forma clasic\u0103 <a href=\"https:\/\/blog.proofs.de\/ro\/lexikon\/offsetdruck\/\" target=\"_self\" title=\"Imprimarea offset este un proces de imprimare indirect\u0103. Indirect \u00eenseamn\u0103 c\u0103 forma de tip\u0103rire \u0219i substratul nu intr\u0103 \u00een contact direct unul cu cel\u0103lalt, ci se folose\u0219te un suport ca mijloc de transfer. Este cel mai utilizat proces de imprimare. Exist\u0103: - prese de tip\u0103rire offset cu alimentare \u00een coli \u0219i - prese de tip\u0103rire offset cu band\u0103.\" class=\"encyclopedia\">Imprimare offset<\/a> produse \u0219i apoi lipite pe pl\u0103ci de fibr\u0103 dur\u0103, care au fost apoi g\u0103urite sau \u00een\u0219urubate pe suporturi de lemn de acoperi\u0219 \u0219i ata\u0219ate cu s\u00e2rm\u0103 la l\u0103mpi stradale. Iar dac\u0103 alegerile aveau loc \u00een timpul verii, afi\u0219ele erau afi\u0219ate \u00een<a href=\"https:\/\/blog.proofs.de\/ro\/lexikon\/opp\/\" target=\"_self\" title='&quot;OPP&quot; \u00eenseamn\u0103 &quot;polipropilen\u0103 orientat\u0103&quot;, un tip de folie de plastic. Folia OPP este fabricat\u0103 din polipropilen\u0103 \u0219i se caracterizeaz\u0103 prin orientarea sa. Orientarea materialului se realizeaz\u0103 printr-un proces de fabrica\u021bie special \u00een care folia este \u00eentins\u0103 pentru a-i \u00eembun\u0103t\u0103\u021bi propriet\u0103\u021bile fizice. Filmele OPP sunt transparente, lucioase \u0219i au o suprafa\u021b\u0103 neted\u0103. Ele ofer\u0103 o claritate ridicat\u0103, sunt rezistente la rupere, hidrofobe \u0219i au un bun efect de barier\u0103 \u00eempotriva umidit\u0103\u021bii, uleiurilor \u0219i gazelor. Aceste propriet\u0103\u021bi fac ca filmele OPP s\u0103 fie versatile \u0219i sunt utilizate \u00een diverse domenii, \u00een special \u00een industria ambalajelor. Exist\u0103 patru standarde a\u0219a-numite &quot;dovezi de finisare&quot; de la Fogra pentru laminarea cu folii OPP mate \u0219i folii OPP lucioase: Fogra49 \u0219i Fogra50 pentru h\u00e2rtii pe baz\u0103 de folii OPP \u00een standardele clasice ISOCoatedV2 300%, \u0219i Fogra56 \u0219i Fogra57 pentru finisarea OPP a tip\u0103riturilor PSOCoatedV3.' class=\"encyclopedia\">opp<\/a>Tip\u0103riturile au fost tip\u0103rite \u00een edi\u021bie limitat\u0103, astfel \u00eenc\u00e2t, \u00een caz de urgen\u021b\u0103, printurile decolorate puteau fi \u00eenlocuite cu altele noi \u0219i re\u00eemprosp\u0103tate dup\u0103 o lun\u0103, pentru a fi folosite la ultima edi\u021bie.<\/p>\r\n\r\n\r\n\r\n<p class=\"wp-block-paragraph\">\u00cen prezent, \u00eens\u0103, se prefer\u0103 din ce \u00een ce mai mult posterul cu camer\u0103 goal\u0103, care este livrat gata confec\u021bionat cu g\u0103uri de g\u0103urire, r\u0103m\u00e2ne stabil la culoare timp de c\u00e2teva luni \u0219i poate fi ata\u0219at la l\u0103mpi de iluminat public cu ajutorul unor leg\u0103turi de cablu. Dar cum ar trebui create datele de imprimare pentru acest lucru \u0219i cum ar trebui preg\u0103tite \u0219i prelucrate datele?<a href=\"https:\/\/blog.proofs.de\/ro\/lexikon\/proof\/\" target=\"_self\" title=\"O prob\u0103 contractual\u0103 este un dispozitiv de testare certificat ISO 12647-7 pentru industria artelor grafice. O prob\u0103 simuleaz\u0103 coloritul imprim\u0103rii offset sau al imprim\u0103rii prin gravur\u0103 \u00een culori \u0219i \u00een mod obligatoriu din punct de vedere juridic, \u00een limitele toleran\u021belor \u00eenguste ale standardului ISO.\" class=\"encyclopedia\">dovad\u0103<\/a>t deveni?<\/p>\r\n\r\n\r\n\r\n<h2 class=\"wp-block-heading\">To\u021bi produc\u0103torii de afi\u0219e pentru camere goale \u0219i afi\u0219e electorale pe care \u00eei cunoa\u0219tem doresc probe \u00een ISOCoatedV2 sau ISOCoatedV2 300%.<\/h2>\r\n\r\n\r\n\r\n<p class=\"wp-block-paragraph\">Posterele cu camer\u0103 goal\u0103 sunt produse pe o mare varietate de sisteme. Uneori se folosesc patru culori, alteori \u0219ase, alteori mai multe. Din acest motiv, nu exist\u0103 specifica\u021bii specifice de legare pentru majoritatea produselor tip\u0103rite digital produse \u00een acest mod. <a href=\"https:\/\/blog.proofs.de\/ro\/lexikon\/proofs\/\" target=\"_self\" title=\"\u00cen sectorul tipografic, probele (sau testele de imprimare) se refer\u0103 la simularea exact\u0103 a culorilor \u0219i obligatorie din punct de vedere juridic a unui rezultat de imprimare \u00een scopul verific\u0103rii. Standardul responsabil cu probele este ISO 12647-7:2016, adic\u0103 revizuirea actual\u0103 din 2016.\" class=\"encyclopedia\">Dovezile<\/a>standarde.<\/p>\r\n\r\n\r\n\r\n<p class=\"wp-block-paragraph\">\u00cen schimb, func\u021bioneaz\u0103 invers: deoarece majoritatea acestor sisteme de imprimare digital\u0103 au cel pu\u021bin <a href=\"https:\/\/blog.proofs.de\/ro\/lexikon\/farbraum\/\" target=\"_self\" title=\"Spa\u021biul de culoare se bazeaz\u0103 pe un model de culoare \u0219i reprezint\u0103 aplicarea concret\u0103 a acestuia la o metod\u0103 de producere a culorilor (imprimant\u0103, ecran etc.). Prin urmare, acesta con\u021bine toate culorile care pot fi afi\u0219ate efectiv cu ajutorul acestei metode \u0219i al materialelor corespunz\u0103toare.\" class=\"encyclopedia\">Spa\u021biul de culoare<\/a> de la tip\u0103rirea offset la <a href=\"https:\/\/blog.proofs.de\/ro\/lexikon\/bilderdruckpapier\/\" target=\"_self\" title=\"H\u00e2rtia pentru imprimarea imaginilor (sau h\u00e2rtia de art\u0103) este un tip de h\u00e2rtie care este acoperit\u0103 pe ambele fe\u021be \u0219i este foarte comun\u0103. Este disponibil\u0103 \u00een diferite gramaje, cu acoperire mat\u0103, semilucioas\u0103 sau lucioas\u0103, \u0219i este potrivit\u0103 pentru toate procesele de imprimare.\" class=\"encyclopedia\">H\u00e2rtie pentru imprimarea imaginilor<\/a> aceste sisteme de imprimare se bazeaz\u0103 pe schema de culori stabilit\u0103 de <a href=\"https:\/\/blog.proofs.de\/ro\/lexikon\/isocoatedv2\/\" target=\"_self\" title=\"ISOCoatedV2 este profilul cel mai utilizat \u00een industria tipografic\u0103 din Europa. Reprezint\u0103 cel mai comun proces de imprimare: Imprimare offset pe h\u00e2rtie mat\u0103 sau lucioas\u0103.\" class=\"encyclopedia\">ISOCoatedV2<\/a>.<\/p>\r\n\r\n\r\n\r\n<p class=\"wp-block-paragraph\">Printpartner-XXL, de exemplu, scrie: \"Pentru motivele critice din punct de vedere al culorii, v\u0103 recomand\u0103m s\u0103 folosi\u021bi un <a href=\"https:\/\/blog.proofs.de\/ro\/lexikon\/andruck\/\" target=\"_self\" title=\"Spre deosebire de o prob\u0103, o prob\u0103 de pres\u0103 este creat\u0103 cu ajutorul unor filme sau pl\u0103ci de imprimare CTP pe ma\u0219ini speciale de prob\u0103 de pres\u0103, cu acelea\u0219i culori \u0219i parametri ca \u0219i imprimarea de produc\u021bie ulterioar\u0103. \u00cen prezent, probele de tipar sunt rareori folosite din motive de costuri.\" class=\"encyclopedia\">Prob\u0103 de pres\u0103<\/a> pe materialul original sau prin livrarea unei probe de culoare exact\u0103 (cu cuzinetul de \u00eencercare \u0219i data). Datele furnizate f\u0103r\u0103 informa\u021bii despre culori vor fi furnizate \u0219i produse cu profilul standard \"ISO Coated v2\".<br>\u00cen acest caz, nu se poate accepta o pl\u00e2ngere privind culoarea.<\/p>\r\n\r\n\r\n\r\n<p class=\"wp-block-paragraph\">Din punctul nostru de vedere, cei mai mul\u021bi speciali\u0219ti \u00een imprimare cer ISOCoatedV2, unii ca flyeralarm \u0219i wir-machen-druck ISOCoatedV2 300%. Unii doresc negru exclusiv ca negru pur, al\u021bii exclusiv ca negru colorat cu <a href=\"https:\/\/blog.proofs.de\/ro\/lexikon\/cmyk\/\" target=\"_self\" title='CMYK reprezint\u0103 cele patru culori de tipar cyan, magenta, galben \u0219i &quot;cheie&quot; (negru sau component\u0103 neagr\u0103).' class=\"encyclopedia\">CMYK<\/a> 50\/50\/50\/50\/100 ... iar unele nu ofer\u0103 nicio informa\u021bie despre <a href=\"https:\/\/blog.proofs.de\/ro\/lexikon\/farbprofil\/\" target=\"_self\" title=\"Caracteristicile unui dispozitiv de prelucrare a culorilor sunt stocate \u00eentr-un profil de culoare.  Astfel de dispozitive pot fi scanere, imprimante \u0219i monitoare.  Cu ajutorul profilurilor de culoare este posibil s\u0103 se vad\u0103 ce gam\u0103 de culori poate afi\u0219a un dispozitiv.&nbsp;\" class=\"encyclopedia\">Profil de culoare<\/a>... dar dac\u0103 nu te prefaci c\u0103 faci ceva, probabil c\u0103 nu te vei \u021bine de nimic ... a\u0219a c\u0103, dac\u0103 vrei s\u0103 fii \u00een siguran\u021b\u0103, ar trebui s\u0103 contactezi un furnizor cu un sistem func\u021bional. <a href=\"https:\/\/blog.proofs.de\/ro\/lexikon\/farbmanagement\/\" target=\"_self\" title=\"Scopul gestion\u0103rii culorilor este de a se asigura c\u0103 culorile sunt reproduse c\u00e2t mai asem\u0103n\u0103tor posibil pe diferite dispozitive, cum ar fi camerele de luat vederi, scanerele, monitoarele, imprimantele laser, cu jet de cerneal\u0103, offset \u0219i multe altele.\" class=\"encyclopedia\">Gestionarea culorilor<\/a> \u0219i specifica\u021biile pentru profilurile de culoare.<\/p>","protected":false},"excerpt":{"rendered":"<p>Dup\u0103 cum \u0219tim cu to\u021bii, alegerile sunt mereu dup\u0103 col\u021b, iar tendin\u021ba de a avea postere electorale din ce \u00een ce mai mari \u0219i mai numeroase continu\u0103 f\u0103r\u0103 \u00eencetare. \u00cen trecut, doar Mama Natur\u0103 f\u0103cea ca peisajele s\u0103 fie colorate prim\u0103vara, dar ast\u0103zi fiecare alegere local\u0103, statal\u0103, na\u021bional\u0103 \u0219i european\u0103 poate face acest lucru cu u\u0219urin\u021b\u0103. Ast\u0103zi, fiecare candidat, fiecare partid mare sau mic dispune de mijloacele tehnice \u0219i financiare pentru a transforma str\u0103zi \u00eentregi \u00eentr-o mare colorat\u0103 de mesaje \u0219i chipuri. Dup\u0103 ce fotograful a realizat fotografii bune ale candida\u021bilor la alegeri \u00een studio, imaginile sunt retu\u0219ate \u0219i apoi trimise pentru machetare. P\u00e2n\u0103 acum c\u00e2\u021biva ani, ... <\/p>\n<p class=\"read-more-container\"><a title=\"Care este profilul de prob\u0103 pentru afi\u0219e pentru camere goale \u0219i afi\u0219e electorale?\" class=\"read-more button\" href=\"https:\/\/blog.proofs.de\/ro\/welches-proofprofil-fuer-hohlkammerplakate-und-wahlplakate\/#more-2345\" aria-label=\"Cite\u0219te mai multe despre Ce profil de prob\u0103 pentru afi\u0219ele cu camer\u0103 goal\u0103 \u0219i afi\u0219ele electorale?\">Cite\u0219te mai mult<\/a><\/p>","protected":false},"author":2,"featured_media":2175,"comment_status":"open","ping_status":"open","sticky":false,"template":"","format":"standard","meta":{"om_disable_all_campaigns":false,"inline_featured_image":false,"_monsterinsights_skip_tracking":false,"footnotes":""},"categories":[435,18,443],"tags":[868,869,865,122,862,870,562,866,867,519,872,864,863,871],"class_list":["post-2345","post","type-post","status-publish","format-standard","has-post-thumbnail","hentry","category-farbraeume-und-farbprofile","category-haufige-fragen","category-haeufige-fragen-zu-proofs","tag-bundestagswahl","tag-buergermeisterwahl","tag-europawahl","tag-fogra39","tag-hohlkammerplakat","tag-hohlkammerplakate","tag-isocoatedv2","tag-kommunalwahl","tag-landtagswahl","tag-proof","tag-proof-hohlkammerplakat","tag-proof-wahlplakat","tag-wahlplakat","tag-wahlplakate","generate-columns","tablet-grid-50","mobile-grid-100","grid-parent","grid-50","no-featured-image-padding","resize-featured-image"],"aioseo_notices":[],"aioseo_head":"\n\t\t<!-- All in One SEO 5.0.1.1 - aioseo.com -->\n\t<meta name=\"description\" content=\"Bei Proofs f\u00fcr Hohlkammerplakate und Wahlplakate sollte f\u00fcr die klassischen Hersteller das Proofprofil ISOCoatedV2 bzw. ISOCoatedV2 300% verwendet werden.\" \/>\n\t<meta name=\"robots\" content=\"max-image-preview:large\" \/>\n\t<meta name=\"author\" content=\"Matthias Betz\"\/>\n\t<meta name=\"google-site-verification\" content=\"TuXxyRwxcEg2-WfOaQ8vScWQh3-uBAnxXmY7g3GT90A\" \/>\n\t<meta name=\"keywords\" content=\"hohlkammerplakat,wahlplakat,hohlkammerplakate,wahlplakate,proof,proof hohlkammerplakat,proof wahlplakat,europawahl,kommunalwahl,landtagswahl,bundestagswahl,b\u00fcrgermeisterwahl,isocoatedv2,fogra39,proof,bundestagswahl,b\u00fcrgermeisterwahl,europawahl,fogra39,hohlkammerplakat,hohlkammerplakate,isocoatedv2,kommunalwahl,landtagswahl,proof,proof hohlkammerplakat,proof wahlplakat,wahlplakat,wahlplakate\" \/>\n\t<link rel=\"canonical\" href=\"https:\/\/blog.proofs.de\/ro\/welches-proofprofil-fuer-hohlkammerplakate-und-wahlplakate\/\" \/>\n\t<meta name=\"generator\" content=\"All in One SEO (AIOSEO) 5.0.1.1\" \/>\n\n\t\t<meta name=\"seobility\" content=\"593a8578143db71543f014978c690d47\">\n\t\t<meta property=\"og:locale\" content=\"ro_RO\" \/>\n\t\t<meta property=\"og:site_name\" content=\"Proof.de | Alles zu Proof, Farbmanagement, Grafik, Messtechnik &amp; Co.\" \/>\n\t\t<meta property=\"og:type\" content=\"article\" \/>\n\t\t<meta property=\"og:title\" content=\"Proofprofil f\u00fcr Hohlkammerplakate \/ Wahlplakate? | proof.de\" \/>\n\t\t<meta property=\"og:description\" content=\"Bei Proofs f\u00fcr Hohlkammerplakate und Wahlplakate sollte f\u00fcr die klassischen Hersteller das Proofprofil ISOCoatedV2 bzw. ISOCoatedV2 300% verwendet werden.\" \/>\n\t\t<meta property=\"og:url\" content=\"https:\/\/blog.proofs.de\/ro\/welches-proofprofil-fuer-hohlkammerplakate-und-wahlplakate\/\" \/>\n\t\t<meta property=\"og:image\" content=\"https:\/\/blog.proofs.de\/wp-content\/uploads\/2018\/10\/fiery_xf_7.jpg\" \/>\n\t\t<meta property=\"og:image:secure_url\" content=\"https:\/\/blog.proofs.de\/wp-content\/uploads\/2018\/10\/fiery_xf_7.jpg\" \/>\n\t\t<meta property=\"og:image:width\" content=\"425\" \/>\n\t\t<meta property=\"og:image:height\" content=\"401\" \/>\n\t\t<meta property=\"article:published_time\" content=\"2019-04-06T00:51:14+00:00\" \/>\n\t\t<meta property=\"article:modified_time\" content=\"2020-05-08T00:24:41+00:00\" \/>\n\t\t<meta property=\"article:publisher\" content=\"https:\/\/www.facebook.com\/Proof.de\/\" \/>\n\t\t<meta name=\"twitter:card\" content=\"summary\" \/>\n\t\t<meta name=\"twitter:title\" content=\"Proofprofil f\u00fcr Hohlkammerplakate \/ Wahlplakate? | proof.de\" \/>\n\t\t<meta name=\"twitter:description\" content=\"Bei Proofs f\u00fcr Hohlkammerplakate und Wahlplakate sollte f\u00fcr die klassischen Hersteller das Proofprofil ISOCoatedV2 bzw. ISOCoatedV2 300% verwendet werden.\" \/>\n\t\t<meta name=\"twitter:image\" content=\"https:\/\/blog1.proofen.de\/wp-content\/uploads\/2020\/04\/proof_background.jpg\" \/>\n\t\t<script type=\"application\/ld+json\" class=\"aioseo-schema\">\n\t\t\t{\"@context\":\"https:\\\/\\\/schema.org\",\"@graph\":[{\"@type\":\"Article\",\"@id\":\"https:\\\/\\\/blog.proofs.de\\\/ro\\\/welches-proofprofil-fuer-hohlkammerplakate-und-wahlplakate\\\/#article\",\"name\":\"Proofprofil f\\u00fcr Hohlkammerplakate \\\/ Wahlplakate? | proof.de\",\"headline\":\"Welches Proofprofil f\\u00fcr Hohlkammerplakate und Wahlplakate?\",\"author\":{\"@id\":\"https:\\\/\\\/blog.proofs.de\\\/ro\\\/author\\\/mbetz\\\/#author\"},\"publisher\":{\"@id\":\"https:\\\/\\\/blog.proofs.de\\\/ro\\\/#organization\"},\"image\":{\"@type\":\"ImageObject\",\"url\":\"https:\\\/\\\/blog.proofs.de\\\/wp-content\\\/uploads\\\/2018\\\/10\\\/fiery_xf_7.jpg\",\"width\":425,\"height\":401,\"caption\":\"Fiery XF Version 7\"},\"datePublished\":\"2019-04-06T02:51:14+02:00\",\"dateModified\":\"2020-05-08T02:24:41+02:00\",\"inLanguage\":\"ro-RO\",\"mainEntityOfPage\":{\"@id\":\"https:\\\/\\\/blog.proofs.de\\\/ro\\\/welches-proofprofil-fuer-hohlkammerplakate-und-wahlplakate\\\/#webpage\"},\"isPartOf\":{\"@id\":\"https:\\\/\\\/blog.proofs.de\\\/ro\\\/welches-proofprofil-fuer-hohlkammerplakate-und-wahlplakate\\\/#webpage\"},\"articleSection\":\"Farbr\\u00e4ume und Farbprofile, H\\u00e4ufige Fragen, H\\u00e4ufige Fragen zu Proofs, Bundestagswahl, B\\u00fcrgermeisterwahl, Europawahl, Fogra39, Hohlkammerplakat, Hohlkammerplakate, ISOCoatedV2, Kommunalwahl, Landtagswahl, Proof, Proof Hohlkammerplakat, Proof Wahlplakat, Wahlplakat, Wahlplakate\"},{\"@type\":\"BreadcrumbList\",\"@id\":\"https:\\\/\\\/blog.proofs.de\\\/ro\\\/welches-proofprofil-fuer-hohlkammerplakate-und-wahlplakate\\\/#breadcrumblist\",\"itemListElement\":[{\"@type\":\"ListItem\",\"@id\":\"https:\\\/\\\/blog.proofs.de\\\/ro#listItem\",\"position\":1,\"name\":\"Home\",\"item\":\"https:\\\/\\\/blog.proofs.de\\\/ro\",\"nextItem\":{\"@type\":\"ListItem\",\"@id\":\"https:\\\/\\\/blog.proofs.de\\\/ro\\\/thema\\\/proof-wissen\\\/#listItem\",\"name\":\"Proof Wissen\"}},{\"@type\":\"ListItem\",\"@id\":\"https:\\\/\\\/blog.proofs.de\\\/ro\\\/thema\\\/proof-wissen\\\/#listItem\",\"position\":2,\"name\":\"Proof Wissen\",\"item\":\"https:\\\/\\\/blog.proofs.de\\\/ro\\\/thema\\\/proof-wissen\\\/\",\"nextItem\":{\"@type\":\"ListItem\",\"@id\":\"https:\\\/\\\/blog.proofs.de\\\/ro\\\/thema\\\/proof-wissen\\\/farbraeume-und-farbprofile\\\/#listItem\",\"name\":\"Farbr\\u00e4ume und Farbprofile\"},\"previousItem\":{\"@type\":\"ListItem\",\"@id\":\"https:\\\/\\\/blog.proofs.de\\\/ro#listItem\",\"name\":\"Home\"}},{\"@type\":\"ListItem\",\"@id\":\"https:\\\/\\\/blog.proofs.de\\\/ro\\\/thema\\\/proof-wissen\\\/farbraeume-und-farbprofile\\\/#listItem\",\"position\":3,\"name\":\"Farbr\\u00e4ume und Farbprofile\",\"item\":\"https:\\\/\\\/blog.proofs.de\\\/ro\\\/thema\\\/proof-wissen\\\/farbraeume-und-farbprofile\\\/\",\"nextItem\":{\"@type\":\"ListItem\",\"@id\":\"https:\\\/\\\/blog.proofs.de\\\/ro\\\/welches-proofprofil-fuer-hohlkammerplakate-und-wahlplakate\\\/#listItem\",\"name\":\"Welches Proofprofil f\\u00fcr Hohlkammerplakate und Wahlplakate?\"},\"previousItem\":{\"@type\":\"ListItem\",\"@id\":\"https:\\\/\\\/blog.proofs.de\\\/ro\\\/thema\\\/proof-wissen\\\/#listItem\",\"name\":\"Proof Wissen\"}},{\"@type\":\"ListItem\",\"@id\":\"https:\\\/\\\/blog.proofs.de\\\/ro\\\/welches-proofprofil-fuer-hohlkammerplakate-und-wahlplakate\\\/#listItem\",\"position\":4,\"name\":\"Welches Proofprofil f\\u00fcr Hohlkammerplakate und Wahlplakate?\",\"previousItem\":{\"@type\":\"ListItem\",\"@id\":\"https:\\\/\\\/blog.proofs.de\\\/ro\\\/thema\\\/proof-wissen\\\/farbraeume-und-farbprofile\\\/#listItem\",\"name\":\"Farbr\\u00e4ume und Farbprofile\"}}]},{\"@type\":\"Organization\",\"@id\":\"https:\\\/\\\/blog.proofs.de\\\/ro\\\/#organization\",\"name\":\"Proof GmbH\",\"description\":\"Farbverbindlicher Proof, Farbproof, Digitalproof und Online-Proof.\",\"url\":\"https:\\\/\\\/blog.proofs.de\\\/ro\\\/\",\"telephone\":\"+4970717952740\",\"logo\":{\"@type\":\"ImageObject\",\"url\":\"https:\\\/\\\/blog1.proofen.de\\\/wp-content\\\/uploads\\\/2019\\\/09\\\/logo_proof_rgb_mit_balken_250px.png\",\"@id\":\"https:\\\/\\\/blog.proofs.de\\\/ro\\\/welches-proofprofil-fuer-hohlkammerplakate-und-wahlplakate\\\/#organizationLogo\"},\"image\":{\"@id\":\"https:\\\/\\\/blog.proofs.de\\\/ro\\\/welches-proofprofil-fuer-hohlkammerplakate-und-wahlplakate\\\/#organizationLogo\"},\"sameAs\":[\"https:\\\/\\\/www.facebook.com\\\/Proof.de\\\/\",\"https:\\\/\\\/www.instagram.com\\\/proof.de\\\/\",\"https:\\\/\\\/www.tiktok.com\\\/@proof_de\",\"https:\\\/\\\/www.youtube.com\\\/channel\\\/UCk80fQVQ25wC9wu3SywB-Nw\",\"https:\\\/\\\/www.linkedin.com\\\/company\\\/proof-de\"]},{\"@type\":\"Person\",\"@id\":\"https:\\\/\\\/blog.proofs.de\\\/ro\\\/author\\\/mbetz\\\/#author\",\"url\":\"https:\\\/\\\/blog.proofs.de\\\/ro\\\/author\\\/mbetz\\\/\",\"name\":\"Matthias Betz\",\"image\":{\"@type\":\"ImageObject\",\"@id\":\"https:\\\/\\\/blog.proofs.de\\\/ro\\\/welches-proofprofil-fuer-hohlkammerplakate-und-wahlplakate\\\/#authorImage\",\"url\":\"https:\\\/\\\/blog.proofs.de\\\/wp-content\\\/uploads\\\/2020\\\/10\\\/matthias-betz-e1603934518350-150x150.png\",\"width\":96,\"height\":96,\"caption\":\"Matthias Betz\"}},{\"@type\":\"WebPage\",\"@id\":\"https:\\\/\\\/blog.proofs.de\\\/ro\\\/welches-proofprofil-fuer-hohlkammerplakate-und-wahlplakate\\\/#webpage\",\"url\":\"https:\\\/\\\/blog.proofs.de\\\/ro\\\/welches-proofprofil-fuer-hohlkammerplakate-und-wahlplakate\\\/\",\"name\":\"Proofprofil f\\u00fcr Hohlkammerplakate \\\/ Wahlplakate? | proof.de\",\"description\":\"Bei Proofs f\\u00fcr Hohlkammerplakate und Wahlplakate sollte f\\u00fcr die klassischen Hersteller das Proofprofil ISOCoatedV2 bzw. ISOCoatedV2 300% verwendet werden.\",\"inLanguage\":\"ro-RO\",\"isPartOf\":{\"@id\":\"https:\\\/\\\/blog.proofs.de\\\/ro\\\/#website\"},\"breadcrumb\":{\"@id\":\"https:\\\/\\\/blog.proofs.de\\\/ro\\\/welches-proofprofil-fuer-hohlkammerplakate-und-wahlplakate\\\/#breadcrumblist\"},\"author\":{\"@id\":\"https:\\\/\\\/blog.proofs.de\\\/ro\\\/author\\\/mbetz\\\/#author\"},\"creator\":{\"@id\":\"https:\\\/\\\/blog.proofs.de\\\/ro\\\/author\\\/mbetz\\\/#author\"},\"image\":{\"@type\":\"ImageObject\",\"url\":\"https:\\\/\\\/blog.proofs.de\\\/wp-content\\\/uploads\\\/2018\\\/10\\\/fiery_xf_7.jpg\",\"@id\":\"https:\\\/\\\/blog.proofs.de\\\/ro\\\/welches-proofprofil-fuer-hohlkammerplakate-und-wahlplakate\\\/#mainImage\",\"width\":425,\"height\":401,\"caption\":\"Fiery XF Version 7\"},\"primaryImageOfPage\":{\"@id\":\"https:\\\/\\\/blog.proofs.de\\\/ro\\\/welches-proofprofil-fuer-hohlkammerplakate-und-wahlplakate\\\/#mainImage\"},\"datePublished\":\"2019-04-06T02:51:14+02:00\",\"dateModified\":\"2020-05-08T02:24:41+02:00\"},{\"@type\":\"WebSite\",\"@id\":\"https:\\\/\\\/blog.proofs.de\\\/ro\\\/#website\",\"url\":\"https:\\\/\\\/blog.proofs.de\\\/ro\\\/\",\"name\":\"Proof.de\",\"description\":\"Farbverbindlicher Proof, Farbproof, Digitalproof und Online-Proof.\",\"inLanguage\":\"ro-RO\",\"publisher\":{\"@id\":\"https:\\\/\\\/blog.proofs.de\\\/ro\\\/#organization\"}}]}\n\t\t<\/script>\n\t\t<!-- All in One SEO -->\n\n","aioseo_head_json":{"title":"Profil de prob\u0103 pentru afi\u0219e de camer\u0103 goal\u0103 \/ afi\u0219e electorale? | proof.de","description":"Pentru probele pentru afi\u0219e cu camer\u0103 goal\u0103 \u0219i afi\u0219e electorale, pentru produc\u0103torii clasici trebuie utilizat profilul de prob\u0103 ISOCoatedV2 sau ISOCoatedV2 300%.","canonical_url":"https:\/\/blog.proofs.de\/ro\/welches-proofprofil-fuer-hohlkammerplakate-und-wahlplakate\/","robots":"max-image-preview:large","keywords":"hohlkammerplakat,wahlplakat,hohlkammerplakate,wahlplakate,proof,proof hohlkammerplakat,proof wahlplakat,europawahl,kommunalwahl,landtagswahl,bundestagswahl,b\u00fcrgermeisterwahl,isocoatedv2,fogra39,proof,bundestagswahl,b\u00fcrgermeisterwahl,europawahl,fogra39,hohlkammerplakat,hohlkammerplakate,isocoatedv2,kommunalwahl,landtagswahl,proof,proof hohlkammerplakat,proof wahlplakat,wahlplakat,wahlplakate","webmasterTools":{"google-site-verification":"TuXxyRwxcEg2-WfOaQ8vScWQh3-uBAnxXmY7g3GT90A","miscellaneous":"&lt;meta name=\"seobility\" content=\"593a8578143db71543f014978c690d47\"&gt;"},"schema":{"@context":"https:\/\/schema.org","@graph":[{"@type":"Article","@id":"https:\/\/blog.proofs.de\/ro\/welches-proofprofil-fuer-hohlkammerplakate-und-wahlplakate\/#article","name":"Proofprofil f\u00fcr Hohlkammerplakate \/ Wahlplakate? | proof.de","headline":"Welches Proofprofil f\u00fcr Hohlkammerplakate und Wahlplakate?","author":{"@id":"https:\/\/blog.proofs.de\/ro\/author\/mbetz\/#author"},"publisher":{"@id":"https:\/\/blog.proofs.de\/ro\/#organization"},"image":{"@type":"ImageObject","url":"https:\/\/blog.proofs.de\/wp-content\/uploads\/2018\/10\/fiery_xf_7.jpg","width":425,"height":401,"caption":"Fiery XF Version 7"},"datePublished":"2019-04-06T02:51:14+02:00","dateModified":"2020-05-08T02:24:41+02:00","inLanguage":"ro-RO","mainEntityOfPage":{"@id":"https:\/\/blog.proofs.de\/ro\/welches-proofprofil-fuer-hohlkammerplakate-und-wahlplakate\/#webpage"},"isPartOf":{"@id":"https:\/\/blog.proofs.de\/ro\/welches-proofprofil-fuer-hohlkammerplakate-und-wahlplakate\/#webpage"},"articleSection":"Farbr\u00e4ume und Farbprofile, H\u00e4ufige Fragen, H\u00e4ufige Fragen zu Proofs, Bundestagswahl, B\u00fcrgermeisterwahl, Europawahl, Fogra39, Hohlkammerplakat, Hohlkammerplakate, ISOCoatedV2, Kommunalwahl, Landtagswahl, Proof, Proof Hohlkammerplakat, Proof Wahlplakat, Wahlplakat, Wahlplakate"},{"@type":"BreadcrumbList","@id":"https:\/\/blog.proofs.de\/ro\/welches-proofprofil-fuer-hohlkammerplakate-und-wahlplakate\/#breadcrumblist","itemListElement":[{"@type":"ListItem","@id":"https:\/\/blog.proofs.de\/ro#listItem","position":1,"name":"Home","item":"https:\/\/blog.proofs.de\/ro","nextItem":{"@type":"ListItem","@id":"https:\/\/blog.proofs.de\/ro\/thema\/proof-wissen\/#listItem","name":"Proof Wissen"}},{"@type":"ListItem","@id":"https:\/\/blog.proofs.de\/ro\/thema\/proof-wissen\/#listItem","position":2,"name":"Proof Wissen","item":"https:\/\/blog.proofs.de\/ro\/thema\/proof-wissen\/","nextItem":{"@type":"ListItem","@id":"https:\/\/blog.proofs.de\/ro\/thema\/proof-wissen\/farbraeume-und-farbprofile\/#listItem","name":"Farbr\u00e4ume und Farbprofile"},"previousItem":{"@type":"ListItem","@id":"https:\/\/blog.proofs.de\/ro#listItem","name":"Home"}},{"@type":"ListItem","@id":"https:\/\/blog.proofs.de\/ro\/thema\/proof-wissen\/farbraeume-und-farbprofile\/#listItem","position":3,"name":"Farbr\u00e4ume und Farbprofile","item":"https:\/\/blog.proofs.de\/ro\/thema\/proof-wissen\/farbraeume-und-farbprofile\/","nextItem":{"@type":"ListItem","@id":"https:\/\/blog.proofs.de\/ro\/welches-proofprofil-fuer-hohlkammerplakate-und-wahlplakate\/#listItem","name":"Welches Proofprofil f\u00fcr Hohlkammerplakate und Wahlplakate?"},"previousItem":{"@type":"ListItem","@id":"https:\/\/blog.proofs.de\/ro\/thema\/proof-wissen\/#listItem","name":"Proof Wissen"}},{"@type":"ListItem","@id":"https:\/\/blog.proofs.de\/ro\/welches-proofprofil-fuer-hohlkammerplakate-und-wahlplakate\/#listItem","position":4,"name":"Welches Proofprofil f\u00fcr Hohlkammerplakate und Wahlplakate?","previousItem":{"@type":"ListItem","@id":"https:\/\/blog.proofs.de\/ro\/thema\/proof-wissen\/farbraeume-und-farbprofile\/#listItem","name":"Farbr\u00e4ume und Farbprofile"}}]},{"@type":"Organization","@id":"https:\/\/blog.proofs.de\/ro\/#organization","name":"Proof GmbH","description":"Farbverbindlicher Proof, Farbproof, Digitalproof und Online-Proof.","url":"https:\/\/blog.proofs.de\/ro\/","telephone":"+4970717952740","logo":{"@type":"ImageObject","url":"https:\/\/blog1.proofen.de\/wp-content\/uploads\/2019\/09\/logo_proof_rgb_mit_balken_250px.png","@id":"https:\/\/blog.proofs.de\/ro\/welches-proofprofil-fuer-hohlkammerplakate-und-wahlplakate\/#organizationLogo"},"image":{"@id":"https:\/\/blog.proofs.de\/ro\/welches-proofprofil-fuer-hohlkammerplakate-und-wahlplakate\/#organizationLogo"},"sameAs":["https:\/\/www.facebook.com\/Proof.de\/","https:\/\/www.instagram.com\/proof.de\/","https:\/\/www.tiktok.com\/@proof_de","https:\/\/www.youtube.com\/channel\/UCk80fQVQ25wC9wu3SywB-Nw","https:\/\/www.linkedin.com\/company\/proof-de"]},{"@type":"Person","@id":"https:\/\/blog.proofs.de\/ro\/author\/mbetz\/#author","url":"https:\/\/blog.proofs.de\/ro\/author\/mbetz\/","name":"Matthias Betz","image":{"@type":"ImageObject","@id":"https:\/\/blog.proofs.de\/ro\/welches-proofprofil-fuer-hohlkammerplakate-und-wahlplakate\/#authorImage","url":"https:\/\/blog.proofs.de\/wp-content\/uploads\/2020\/10\/matthias-betz-e1603934518350-150x150.png","width":96,"height":96,"caption":"Matthias Betz"}},{"@type":"WebPage","@id":"https:\/\/blog.proofs.de\/ro\/welches-proofprofil-fuer-hohlkammerplakate-und-wahlplakate\/#webpage","url":"https:\/\/blog.proofs.de\/ro\/welches-proofprofil-fuer-hohlkammerplakate-und-wahlplakate\/","name":"Proofprofil f\u00fcr Hohlkammerplakate \/ Wahlplakate? | proof.de","description":"Bei Proofs f\u00fcr Hohlkammerplakate und Wahlplakate sollte f\u00fcr die klassischen Hersteller das Proofprofil ISOCoatedV2 bzw. ISOCoatedV2 300% verwendet werden.","inLanguage":"ro-RO","isPartOf":{"@id":"https:\/\/blog.proofs.de\/ro\/#website"},"breadcrumb":{"@id":"https:\/\/blog.proofs.de\/ro\/welches-proofprofil-fuer-hohlkammerplakate-und-wahlplakate\/#breadcrumblist"},"author":{"@id":"https:\/\/blog.proofs.de\/ro\/author\/mbetz\/#author"},"creator":{"@id":"https:\/\/blog.proofs.de\/ro\/author\/mbetz\/#author"},"image":{"@type":"ImageObject","url":"https:\/\/blog.proofs.de\/wp-content\/uploads\/2018\/10\/fiery_xf_7.jpg","@id":"https:\/\/blog.proofs.de\/ro\/welches-proofprofil-fuer-hohlkammerplakate-und-wahlplakate\/#mainImage","width":425,"height":401,"caption":"Fiery XF Version 7"},"primaryImageOfPage":{"@id":"https:\/\/blog.proofs.de\/ro\/welches-proofprofil-fuer-hohlkammerplakate-und-wahlplakate\/#mainImage"},"datePublished":"2019-04-06T02:51:14+02:00","dateModified":"2020-05-08T02:24:41+02:00"},{"@type":"WebSite","@id":"https:\/\/blog.proofs.de\/ro\/#website","url":"https:\/\/blog.proofs.de\/ro\/","name":"Proof.de","description":"Farbverbindlicher Proof, Farbproof, Digitalproof und Online-Proof.","inLanguage":"ro-RO","publisher":{"@id":"https:\/\/blog.proofs.de\/ro\/#organization"}}]},"og:locale":"ro_RO","og:site_name":"Proof.de | Alles zu Proof, Farbmanagement, Grafik, Messtechnik &amp; Co.","og:type":"article","og:title":"Proofprofil f\u00fcr Hohlkammerplakate \/ Wahlplakate? | proof.de","og:description":"Bei Proofs f\u00fcr Hohlkammerplakate und Wahlplakate sollte f\u00fcr die klassischen Hersteller das Proofprofil ISOCoatedV2 bzw. ISOCoatedV2 300% verwendet werden.","og:url":"https:\/\/blog.proofs.de\/ro\/welches-proofprofil-fuer-hohlkammerplakate-und-wahlplakate\/","og:image":"https:\/\/blog.proofs.de\/wp-content\/uploads\/2018\/10\/fiery_xf_7.jpg","og:image:secure_url":"https:\/\/blog.proofs.de\/wp-content\/uploads\/2018\/10\/fiery_xf_7.jpg","og:image:width":425,"og:image:height":401,"article:published_time":"2019-04-06T00:51:14+00:00","article:modified_time":"2020-05-08T00:24:41+00:00","article:publisher":"https:\/\/www.facebook.com\/Proof.de\/","twitter:card":"summary","twitter:title":"Proofprofil f\u00fcr Hohlkammerplakate \/ Wahlplakate? | proof.de","twitter:description":"Bei Proofs f\u00fcr Hohlkammerplakate und Wahlplakate sollte f\u00fcr die klassischen Hersteller das Proofprofil ISOCoatedV2 bzw. ISOCoatedV2 300% verwendet werden.","twitter:image":"https:\/\/blog1.proofen.de\/wp-content\/uploads\/2020\/04\/proof_background.jpg"},"aioseo_meta_data":{"post_id":"2345","title":"Proofprofil f\u00fcr Hohlkammerplakate \/ Wahlplakate? |\u00a0proof.de","description":"Pentru probele pentru afi\u0219e cu camer\u0103 goal\u0103 \u0219i afi\u0219e electorale, pentru produc\u0103torii clasici trebuie utilizat profilul de prob\u0103 ISOCoatedV2 sau ISOCoatedV2 300%.","keywords":[{"label":"Hohlkammerplakat,Wahlplakat,Hohlkammerplakate,Wahlplakate,Proof,Proof Hohlkammerplakat,Proof Wahlplakat,Europawahl,Kommunalwahl,Landtagswahl,Bundestagswahl,B\u00fcrgermeisterwahl,ISOCoatedV2,Fogra39,Proof","value":"Hohlkammerplakat,Wahlplakat,Hohlkammerplakate,Wahlplakate,Proof,Proof Hohlkammerplakat,Proof Wahlplakat,Europawahl,Kommunalwahl,Landtagswahl,Bundestagswahl,B\u00fcrgermeisterwahl,ISOCoatedV2,Fogra39,Proof"}],"keyphrases":null,"primary_term":null,"canonical_url":null,"og_title":null,"og_description":null,"og_object_type":"default","og_image_type":"default","og_image_url":null,"og_image_width":null,"og_image_height":null,"og_image_custom_url":null,"og_image_custom_fields":null,"og_video":null,"og_custom_url":null,"og_article_section":null,"og_article_tags":null,"twitter_use_og":false,"twitter_card":"default","twitter_image_type":"default","twitter_image_url":null,"twitter_image_custom_url":null,"twitter_image_custom_fields":null,"twitter_title":null,"twitter_description":null,"schema":{"blockGraphs":[],"customGraphs":[],"default":{"data":{"Article":[],"Course":[],"Dataset":[],"FAQPage":[],"Movie":[],"Person":[],"Product":[],"ProductReview":[],"Car":[],"Recipe":[],"Service":[],"SoftwareApplication":[],"WebPage":[]},"graphName":"","isEnabled":true},"graphs":[],"defaultGraph":"","defaultPostTypeGraph":""},"schema_type":null,"schema_type_options":null,"pillar_content":false,"robots_default":true,"robots_noindex":false,"robots_noarchive":false,"robots_nosnippet":false,"robots_nofollow":false,"robots_noimageindex":false,"robots_noodp":false,"robots_notranslate":false,"robots_max_snippet":null,"robots_max_videopreview":null,"robots_max_imagepreview":"large","priority":null,"frequency":null,"local_seo":null,"breadcrumb_settings":null,"limit_modified_date":false,"ai":null,"created":"2020-12-21 00:33:58","updated":"2025-06-04 14:24:05","seo_analyzer_scan_date":null,"focus_keyword":null,"additional_keywords":null,"truseo_locale":null},"_links":{"self":[{"href":"https:\/\/blog.proofs.de\/ro\/wp-json\/wp\/v2\/posts\/2345","targetHints":{"allow":["GET"]}}],"collection":[{"href":"https:\/\/blog.proofs.de\/ro\/wp-json\/wp\/v2\/posts"}],"about":[{"href":"https:\/\/blog.proofs.de\/ro\/wp-json\/wp\/v2\/types\/post"}],"author":[{"embeddable":true,"href":"https:\/\/blog.proofs.de\/ro\/wp-json\/wp\/v2\/users\/2"}],"replies":[{"embeddable":true,"href":"https:\/\/blog.proofs.de\/ro\/wp-json\/wp\/v2\/comments?post=2345"}],"version-history":[{"count":4,"href":"https:\/\/blog.proofs.de\/ro\/wp-json\/wp\/v2\/posts\/2345\/revisions"}],"predecessor-version":[{"id":3944,"href":"https:\/\/blog.proofs.de\/ro\/wp-json\/wp\/v2\/posts\/2345\/revisions\/3944"}],"wp:featuredmedia":[{"embeddable":true,"href":"https:\/\/blog.proofs.de\/ro\/wp-json\/wp\/v2\/media\/2175"}],"wp:attachment":[{"href":"https:\/\/blog.proofs.de\/ro\/wp-json\/wp\/v2\/media?parent=2345"}],"wp:term":[{"taxonomy":"category","embeddable":true,"href":"https:\/\/blog.proofs.de\/ro\/wp-json\/wp\/v2\/categories?post=2345"},{"taxonomy":"post_tag","embeddable":true,"href":"https:\/\/blog.proofs.de\/ro\/wp-json\/wp\/v2\/tags?post=2345"}],"curies":[{"name":"wp","href":"https:\/\/api.w.org\/{rel}","templated":true}]}}