{"id":659,"date":"2013-12-04T17:57:50","date_gmt":"2013-12-04T16:57:50","guid":{"rendered":"http:\/\/www.proof.de\/?p=659"},"modified":"2022-06-13T10:40:03","modified_gmt":"2022-06-13T08:40:03","slug":"shop-proof-noul-ambalaj-pentru-proof-uri-de-format-mic","status":"publish","type":"post","link":"https:\/\/blog.proofs.de\/ro\/shop-proof-de-neue-verpackung-fuer-kleinformatige-proofs\/","title":{"rendered":"shop.proof.de - Un nou ambalaj pentru probe de format mic"},"content":{"rendered":"<div class=\"kk-star-ratings kksr-auto kksr-align-right kksr-valign-top\" data-payload='{\"align\":\"right\",\"id\":\"659\",\"slug\":\"default\",\"valign\":\"top\",\"ignore\":\"\",\"reference\":\"auto\",\"class\":\"\",\"count\":\"0\",\"legendonly\":\"\",\"readonly\":\"\",\"score\":\"0\",\"starsonly\":\"\",\"best\":\"5\",\"gap\":\"5\",\"greet\":\"Jetzt bewerten\",\"legend\":\"0\\\/5 - (0 votes)\",\"size\":\"24\",\"title\":\"shop.proof.de &ndash; Neue Verpackung f&uuml;r kleinformatige Proofs\",\"width\":\"0\",\"_legend\":\"{score}\\\/{best} - ({count} {votes})\",\"font_factor\":\"1.25\"}'>\n            \n<div class=\"kksr-stars\">\n    \n<div class=\"kksr-stars-inactive\">\n            <div class=\"kksr-star\" data-star=\"1\" style=\"padding-right: 5px\">\n            \n\n<div class=\"kksr-icon\" style=\"width: 24px; height: 24px;\"><\/div>\n        <\/div>\n            <div class=\"kksr-star\" data-star=\"2\" style=\"padding-right: 5px\">\n            \n\n<div class=\"kksr-icon\" style=\"width: 24px; height: 24px;\"><\/div>\n        <\/div>\n            <div class=\"kksr-star\" data-star=\"3\" style=\"padding-right: 5px\">\n            \n\n<div class=\"kksr-icon\" style=\"width: 24px; height: 24px;\"><\/div>\n        <\/div>\n            <div class=\"kksr-star\" data-star=\"4\" style=\"padding-right: 5px\">\n            \n\n<div class=\"kksr-icon\" style=\"width: 24px; height: 24px;\"><\/div>\n        <\/div>\n            <div class=\"kksr-star\" data-star=\"5\" style=\"padding-right: 5px\">\n            \n\n<div class=\"kksr-icon\" style=\"width: 24px; height: 24px;\"><\/div>\n        <\/div>\n    <\/div>\n    \n<div class=\"kksr-stars-active\" style=\"width: 0px;\">\n            <div class=\"kksr-star\" style=\"padding-right: 5px\">\n            \n\n<div class=\"kksr-icon\" style=\"width: 24px; height: 24px;\"><\/div>\n        <\/div>\n            <div class=\"kksr-star\" style=\"padding-right: 5px\">\n            \n\n<div class=\"kksr-icon\" style=\"width: 24px; height: 24px;\"><\/div>\n        <\/div>\n            <div class=\"kksr-star\" style=\"padding-right: 5px\">\n            \n\n<div class=\"kksr-icon\" style=\"width: 24px; height: 24px;\"><\/div>\n        <\/div>\n            <div class=\"kksr-star\" style=\"padding-right: 5px\">\n            \n\n<div class=\"kksr-icon\" style=\"width: 24px; height: 24px;\"><\/div>\n        <\/div>\n            <div class=\"kksr-star\" style=\"padding-right: 5px\">\n            \n\n<div class=\"kksr-icon\" style=\"width: 24px; height: 24px;\"><\/div>\n        <\/div>\n    <\/div>\n<\/div>\n                \n\n<div class=\"kksr-legend\" style=\"font-size: 19.2px;\">\n            <span class=\"kksr-muted\">Evalua\u021bi acum<\/span>\n    <\/div>\n    <\/div>\n\n<p class=\"wp-block-paragraph\">Magazinul online <a title=\"Magazin online Proof\" href=\"http:\/\/shop.proof.de\" target=\"_blank\" rel=\"noopener noreferrer\">shop.proof.de<\/a> ofer\u0103 \u00eencep\u00e2nd de acum o nou\u0103 copert\u0103 de protec\u021bie pentru <a href=\"https:\/\/blog.proofs.de\/ro\/lexikon\/proofs\/\" target=\"_self\" title=\"\u00cen sectorul tipografic, probele (sau testele de imprimare) se refer\u0103 la simularea exact\u0103 a culorilor \u0219i obligatorie din punct de vedere juridic a unui rezultat de imprimare \u00een scopul verific\u0103rii. Standardul responsabil cu probele este ISO 12647-7:2016, adic\u0103 revizuirea actual\u0103 din 2016.\" class=\"encyclopedia\">Dovezile<\/a> \u00een format p\u00e2n\u0103 la A4+.<\/p>\n\n\n\n<p class=\"wp-block-paragraph\">The <a href=\"https:\/\/blog.proofs.de\/ro\/lexikon\/proof\/\" target=\"_self\" title=\"O prob\u0103 contractual\u0103 este un dispozitiv de testare certificat ISO 12647-7 pentru industria artelor grafice. O prob\u0103 simuleaz\u0103 coloritul imprim\u0103rii offset sau al imprim\u0103rii prin gravur\u0103 \u00een culori \u0219i \u00een mod obligatoriu din punct de vedere juridic, \u00een limitele toleran\u021belor \u00eenguste ale standardului ISO.\" class=\"encyclopedia\">Dovada<\/a>Acestea sunt ambalate, ca \u0219i p\u00e2n\u0103 acum, \u00eentr-o hus\u0103 de protec\u021bie din polietilen\u0103, care protejeaz\u0103 probele \u00een special \u00eempotriva umezelii.<\/p>\n\n\n\n<p class=\"wp-block-paragraph\">\u00cen plus fa\u021b\u0103 de folia de protec\u021bie, probele sunt acum protejate de o copert\u0103 de protec\u021bie proof.de de \u00eenalt\u0103 calitate, disponibil\u0103 \u00een dou\u0103  dimensiuni diferite, \u00een func\u021bie de format.<\/p>\n\n\n\n<p class=\"wp-block-paragraph\">Husa de protec\u021bie nu serve\u0219te doar ca protec\u021bie \u00eempotriva \u00eendoirii, ci poate fi utilizat\u0103 de client \u0219i ca \u201epung\u0103 pentru comenzi\u201c. Astfel, pe hus\u0103 pot fi trecute numele clientului \u0219i al proiectului, precum \u0219i data curent\u0103. Este foarte practic\u0103 pentru arhivare sau pentru expedierea c\u0103tre o tipografie.<\/p>\n\n\n\n<p class=\"wp-block-paragraph\">Toate probele care dep\u0103\u0219esc formatul A4+ vor fi expediate, ca de obicei, \u00eentr-un pachet rezistent la \u00eendoire.<\/p>\n\n\n\n<figure class=\"wp-block-gallery has-nested-images columns-1 is-cropped wp-block-gallery-2 is-layout-flex wp-block-gallery-is-layout-flex\">\n<figure class=\"wp-block-image size-large\"><img loading=\"lazy\" decoding=\"async\" width=\"3390\" height=\"3296\" data-id=\"695\" src=\"https:\/\/blog1.proofen.de\/wp-content\/uploads\/2013\/12\/proof-de_schutzumschlag-e1638179412598.jpg\" alt=\"proof.de Copert\u0103 de protec\u021bie pentru dovezi\/dovezi digitale\" class=\"wp-image-695\" srcset=\"https:\/\/blog.proofs.de\/wp-content\/uploads\/2013\/12\/proof-de_schutzumschlag-e1638179412598.jpg 3390w, https:\/\/blog.proofs.de\/wp-content\/uploads\/2013\/12\/proof-de_schutzumschlag-e1638179412598-300x292.jpg 300w, https:\/\/blog.proofs.de\/wp-content\/uploads\/2013\/12\/proof-de_schutzumschlag-e1638179412598-1024x996.jpg 1024w, https:\/\/blog.proofs.de\/wp-content\/uploads\/2013\/12\/proof-de_schutzumschlag-e1638179412598-768x747.jpg 768w, https:\/\/blog.proofs.de\/wp-content\/uploads\/2013\/12\/proof-de_schutzumschlag-e1638179412598-1536x1493.jpg 1536w, https:\/\/blog.proofs.de\/wp-content\/uploads\/2013\/12\/proof-de_schutzumschlag-e1638179412598-2048x1991.jpg 2048w\" sizes=\"auto, (max-width: 3390px) 100vw, 3390px\"><\/figure>\n\n\n\n<figure class=\"wp-block-image size-large\"><img loading=\"lazy\" decoding=\"async\" width=\"3360\" height=\"3456\" data-id=\"694\" src=\"https:\/\/blog1.proofen.de\/wp-content\/uploads\/2013\/12\/proof-de_schutzumschlag_formate-e1638179348813.jpg\" alt=\"proof.de Copert\u0103 de protec\u021bie pentru dou\u0103 formate pentru probe\/probe digitale\" class=\"wp-image-694\" srcset=\"https:\/\/blog.proofs.de\/wp-content\/uploads\/2013\/12\/proof-de_schutzumschlag_formate-e1638179348813.jpg 3360w, https:\/\/blog.proofs.de\/wp-content\/uploads\/2013\/12\/proof-de_schutzumschlag_formate-e1638179348813-292x300.jpg 292w, https:\/\/blog.proofs.de\/wp-content\/uploads\/2013\/12\/proof-de_schutzumschlag_formate-e1638179348813-996x1024.jpg 996w, https:\/\/blog.proofs.de\/wp-content\/uploads\/2013\/12\/proof-de_schutzumschlag_formate-e1638179348813-768x790.jpg 768w, https:\/\/blog.proofs.de\/wp-content\/uploads\/2013\/12\/proof-de_schutzumschlag_formate-e1638179348813-1493x1536.jpg 1493w, https:\/\/blog.proofs.de\/wp-content\/uploads\/2013\/12\/proof-de_schutzumschlag_formate-e1638179348813-1991x2048.jpg 1991w\" sizes=\"auto, (max-width: 3360px) 100vw, 3360px\"><\/figure>\n\n\n\n<figure class=\"wp-block-image size-large\"><img loading=\"lazy\" decoding=\"async\" width=\"2911\" height=\"2744\" data-id=\"693\" src=\"https:\/\/blog1.proofen.de\/wp-content\/uploads\/2013\/12\/proof-de_schutzumschlag_fogracert-e1638179367760.jpg\" alt=\"proof.de Copert\u0103 de protec\u021bie cu FograCert\" class=\"wp-image-693\" srcset=\"https:\/\/blog.proofs.de\/wp-content\/uploads\/2013\/12\/proof-de_schutzumschlag_fogracert-e1638179367760.jpg 2911w, https:\/\/blog.proofs.de\/wp-content\/uploads\/2013\/12\/proof-de_schutzumschlag_fogracert-e1638179367760-300x283.jpg 300w, https:\/\/blog.proofs.de\/wp-content\/uploads\/2013\/12\/proof-de_schutzumschlag_fogracert-e1638179367760-1024x965.jpg 1024w, https:\/\/blog.proofs.de\/wp-content\/uploads\/2013\/12\/proof-de_schutzumschlag_fogracert-e1638179367760-768x724.jpg 768w, https:\/\/blog.proofs.de\/wp-content\/uploads\/2013\/12\/proof-de_schutzumschlag_fogracert-e1638179367760-1536x1448.jpg 1536w, https:\/\/blog.proofs.de\/wp-content\/uploads\/2013\/12\/proof-de_schutzumschlag_fogracert-e1638179367760-2048x1931.jpg 2048w\" sizes=\"auto, (max-width: 2911px) 100vw, 2911px\"><\/figure>\n\n\n\n<figure class=\"wp-block-image size-large\"><img loading=\"lazy\" decoding=\"async\" width=\"3360\" height=\"3456\" data-id=\"692\" src=\"https:\/\/blog1.proofen.de\/wp-content\/uploads\/2013\/12\/proof-de_kundendaten-e1638179389516.jpg\" alt=\"proof.de Copert\u0103 de protec\u021bie cu posibilitate de notare\" class=\"wp-image-692\" srcset=\"https:\/\/blog.proofs.de\/wp-content\/uploads\/2013\/12\/proof-de_kundendaten-e1638179389516.jpg 3360w, https:\/\/blog.proofs.de\/wp-content\/uploads\/2013\/12\/proof-de_kundendaten-e1638179389516-292x300.jpg 292w, https:\/\/blog.proofs.de\/wp-content\/uploads\/2013\/12\/proof-de_kundendaten-e1638179389516-996x1024.jpg 996w, https:\/\/blog.proofs.de\/wp-content\/uploads\/2013\/12\/proof-de_kundendaten-e1638179389516-768x790.jpg 768w, https:\/\/blog.proofs.de\/wp-content\/uploads\/2013\/12\/proof-de_kundendaten-e1638179389516-1493x1536.jpg 1493w, https:\/\/blog.proofs.de\/wp-content\/uploads\/2013\/12\/proof-de_kundendaten-e1638179389516-1991x2048.jpg 1991w\" sizes=\"auto, (max-width: 3360px) 100vw, 3360px\"><\/figure>\n\n\n\n<figure class=\"wp-block-image size-large\"><img loading=\"lazy\" decoding=\"async\" width=\"3000\" height=\"4398\" data-id=\"691\" src=\"https:\/\/blog1.proofen.de\/wp-content\/uploads\/2013\/12\/proof-de_filmschutzhuelle-e1638179291753.jpg\" alt=\"proof.de Ambalarea unei probe\/probe digitale\/probe digitale \u00eentr-un plic de polietilen\u0103\" class=\"wp-image-691\" srcset=\"https:\/\/blog.proofs.de\/wp-content\/uploads\/2013\/12\/proof-de_filmschutzhuelle-e1638179291753.jpg 3000w, https:\/\/blog.proofs.de\/wp-content\/uploads\/2013\/12\/proof-de_filmschutzhuelle-e1638179291753-205x300.jpg 205w, https:\/\/blog.proofs.de\/wp-content\/uploads\/2013\/12\/proof-de_filmschutzhuelle-e1638179291753-698x1024.jpg 698w, https:\/\/blog.proofs.de\/wp-content\/uploads\/2013\/12\/proof-de_filmschutzhuelle-e1638179291753-768x1126.jpg 768w, https:\/\/blog.proofs.de\/wp-content\/uploads\/2013\/12\/proof-de_filmschutzhuelle-e1638179291753-1048x1536.jpg 1048w, https:\/\/blog.proofs.de\/wp-content\/uploads\/2013\/12\/proof-de_filmschutzhuelle-e1638179291753-1397x2048.jpg 1397w\" sizes=\"auto, (max-width: 3000px) 100vw, 3000px\"><\/figure>\n\n\n\n<figure class=\"wp-block-image size-large\"><img loading=\"lazy\" decoding=\"async\" width=\"5054\" height=\"3456\" data-id=\"690\" src=\"https:\/\/blog1.proofen.de\/wp-content\/uploads\/2013\/12\/proof-de_filmschutzhuelle_schutzumschlag-e1638179316250.jpg\" alt=\"proof.de Ambalarea unei probe \/ a unei probe digitale \/ a unei probe color \u00eentr-o hus\u0103 de protec\u021bie\" class=\"wp-image-690\" srcset=\"https:\/\/blog.proofs.de\/wp-content\/uploads\/2013\/12\/proof-de_filmschutzhuelle_schutzumschlag-e1638179316250.jpg 5054w, https:\/\/blog.proofs.de\/wp-content\/uploads\/2013\/12\/proof-de_filmschutzhuelle_schutzumschlag-e1638179316250-300x205.jpg 300w, https:\/\/blog.proofs.de\/wp-content\/uploads\/2013\/12\/proof-de_filmschutzhuelle_schutzumschlag-e1638179316250-1024x700.jpg 1024w, https:\/\/blog.proofs.de\/wp-content\/uploads\/2013\/12\/proof-de_filmschutzhuelle_schutzumschlag-e1638179316250-768x525.jpg 768w, https:\/\/blog.proofs.de\/wp-content\/uploads\/2013\/12\/proof-de_filmschutzhuelle_schutzumschlag-e1638179316250-1536x1050.jpg 1536w, https:\/\/blog.proofs.de\/wp-content\/uploads\/2013\/12\/proof-de_filmschutzhuelle_schutzumschlag-e1638179316250-2048x1400.jpg 2048w\" sizes=\"auto, (max-width: 5054px) 100vw, 5054px\"><\/figure>\n<\/figure>","protected":false},"excerpt":{"rendered":"<p>Magazinul online shop.proof.de ofer\u0103 acum un nou ambalaj de protec\u021bie pentru probele \u00een formate de p\u00e2n\u0103 la A4+. Ca \u0219i p\u00e2n\u0103 acum, probele sunt ambalate \u00eentr-o folie protectoare din polietilen\u0103, care protejeaz\u0103 probele \u00een special de umiditate. Pe l\u00e2ng\u0103 \u00eenveli\u0219ul de film, probele sunt acum protejate de un plic de protec\u021bie de \u00eenalt\u0103 calitate proof.de \u00een dou\u0103 dimensiuni diferite, \u00een func\u021bie de format. Cu toate acestea, plicul de protec\u021bie nu serve\u0219te doar ca protec\u021bie la \u00eendoire, ci poate fi utilizat \u0219i de c\u0103tre client ca \"plic de comand\u0103\". Plicul poate fi etichetat cu numele clientului \u0219i al proiectului \u0219i cu data curent\u0103. Deosebit de practic pentru arhivare sau ... <\/p>\n<p class=\"read-more-container\"><a title=\"shop.proof.de - Un nou ambalaj pentru probe de format mic\" class=\"read-more button\" href=\"https:\/\/blog.proofs.de\/ro\/shop-proof-de-neue-verpackung-fuer-kleinformatige-proofs\/#more-659\" aria-label=\"Cite\u0219te mai multe despre shop.proof.de - Un nou ambalaj pentru probele de format mic\">Cite\u0219te mai mult<\/a><\/p>","protected":false},"author":2,"featured_media":690,"comment_status":"open","ping_status":"open","sticky":false,"template":"","format":"standard","meta":{"om_disable_all_campaigns":false,"inline_featured_image":false,"_monsterinsights_skip_tracking":false,"footnotes":""},"categories":[1,120],"tags":[206,519,205],"class_list":["post-659","post","type-post","status-publish","format-standard","has-post-thumbnail","hentry","category-allgemein","category-kategorie-proof-gmbh","tag-knickschutz","tag-proof","tag-schutzumschlag","generate-columns","tablet-grid-50","mobile-grid-100","grid-parent","grid-50","no-featured-image-padding","resize-featured-image"],"aioseo_notices":[],"aioseo_head":"\n\t\t<!-- All in One SEO 5.0.1.1 - aioseo.com -->\n\t<meta name=\"description\" content=\"shop.proof.de bietet kleinformatige Proofs bis Format A4+ ab sofort in neuem Schutzumschlag.\" \/>\n\t<meta name=\"robots\" content=\"max-image-preview:large\" \/>\n\t<meta name=\"author\" content=\"Matthias Betz\"\/>\n\t<meta name=\"google-site-verification\" content=\"TuXxyRwxcEg2-WfOaQ8vScWQh3-uBAnxXmY7g3GT90A\" \/>\n\t<meta name=\"keywords\" content=\"schutzumschlag,knickschutz,proof,,proof\" \/>\n\t<link rel=\"canonical\" href=\"https:\/\/blog.proofs.de\/ro\/shop-proof-de-neue-verpackung-fuer-kleinformatige-proofs\/\" \/>\n\t<meta name=\"generator\" content=\"All in One SEO (AIOSEO) 5.0.1.1\" \/>\n\n\t\t<meta name=\"seobility\" content=\"593a8578143db71543f014978c690d47\">\n\t\t<meta property=\"og:locale\" content=\"ro_RO\" \/>\n\t\t<meta property=\"og:site_name\" content=\"Proof.de | Alles zu Proof, Farbmanagement, Grafik, Messtechnik &amp; Co.\" \/>\n\t\t<meta property=\"og:type\" content=\"article\" \/>\n\t\t<meta property=\"og:title\" content=\"shop.proof.de \u2013 Neue Verpackung f\u00fcr Proofs | proof.de\" \/>\n\t\t<meta property=\"og:description\" content=\"shop.proof.de bietet kleinformatige Proofs bis Format A4+ ab sofort in neuem Schutzumschlag.\" \/>\n\t\t<meta property=\"og:url\" content=\"https:\/\/blog.proofs.de\/ro\/shop-proof-de-neue-verpackung-fuer-kleinformatige-proofs\/\" \/>\n\t\t<meta property=\"og:image\" content=\"https:\/\/blog.proofs.de\/wp-content\/uploads\/2013\/12\/proof-de_filmschutzhuelle_schutzumschlag-e1638179316250.jpg\" \/>\n\t\t<meta property=\"og:image:secure_url\" content=\"https:\/\/blog.proofs.de\/wp-content\/uploads\/2013\/12\/proof-de_filmschutzhuelle_schutzumschlag-e1638179316250.jpg\" \/>\n\t\t<meta property=\"og:image:width\" content=\"5054\" \/>\n\t\t<meta property=\"og:image:height\" content=\"3456\" \/>\n\t\t<meta property=\"article:published_time\" content=\"2013-12-04T16:57:50+00:00\" \/>\n\t\t<meta property=\"article:modified_time\" content=\"2022-06-13T08:40:03+00:00\" \/>\n\t\t<meta property=\"article:publisher\" content=\"https:\/\/www.facebook.com\/Proof.de\/\" \/>\n\t\t<meta name=\"twitter:card\" content=\"summary\" \/>\n\t\t<meta name=\"twitter:title\" content=\"shop.proof.de \u2013 Neue Verpackung f\u00fcr Proofs | proof.de\" \/>\n\t\t<meta name=\"twitter:description\" content=\"shop.proof.de bietet kleinformatige Proofs bis Format A4+ ab sofort in neuem Schutzumschlag.\" \/>\n\t\t<meta name=\"twitter:image\" content=\"https:\/\/blog1.proofen.de\/wp-content\/uploads\/2020\/04\/proof_background.jpg\" \/>\n\t\t<script type=\"application\/ld+json\" class=\"aioseo-schema\">\n\t\t\t{\"@context\":\"https:\\\/\\\/schema.org\",\"@graph\":[{\"@type\":\"Article\",\"@id\":\"https:\\\/\\\/blog.proofs.de\\\/ro\\\/shop-proof-de-neue-verpackung-fuer-kleinformatige-proofs\\\/#article\",\"name\":\"shop.proof.de \\u2013 Neue Verpackung f\\u00fcr Proofs | proof.de\",\"headline\":\"shop.proof.de \\u2013 Neue Verpackung f\\u00fcr kleinformatige Proofs\",\"author\":{\"@id\":\"https:\\\/\\\/blog.proofs.de\\\/ro\\\/author\\\/mbetz\\\/#author\"},\"publisher\":{\"@id\":\"https:\\\/\\\/blog.proofs.de\\\/ro\\\/#organization\"},\"image\":{\"@type\":\"ImageObject\",\"url\":\"https:\\\/\\\/blog.proofs.de\\\/wp-content\\\/uploads\\\/2013\\\/12\\\/proof-de_filmschutzhuelle_schutzumschlag-e1638179316250.jpg\",\"width\":5054,\"height\":3456,\"caption\":\"proof.de Verpacken eines Proofs \\\/ Digitalproofs \\\/ Farbproofs in einen Schutzumschlag\"},\"datePublished\":\"2013-12-04T17:57:50+01:00\",\"dateModified\":\"2022-06-13T10:40:03+02:00\",\"inLanguage\":\"ro-RO\",\"mainEntityOfPage\":{\"@id\":\"https:\\\/\\\/blog.proofs.de\\\/ro\\\/shop-proof-de-neue-verpackung-fuer-kleinformatige-proofs\\\/#webpage\"},\"isPartOf\":{\"@id\":\"https:\\\/\\\/blog.proofs.de\\\/ro\\\/shop-proof-de-neue-verpackung-fuer-kleinformatige-proofs\\\/#webpage\"},\"articleSection\":\"Allgemein, Proof GmbH, Knickschutz, Proof, Schutzumschlag\"},{\"@type\":\"BreadcrumbList\",\"@id\":\"https:\\\/\\\/blog.proofs.de\\\/ro\\\/shop-proof-de-neue-verpackung-fuer-kleinformatige-proofs\\\/#breadcrumblist\",\"itemListElement\":[{\"@type\":\"ListItem\",\"@id\":\"https:\\\/\\\/blog.proofs.de\\\/ro#listItem\",\"position\":1,\"name\":\"Home\",\"item\":\"https:\\\/\\\/blog.proofs.de\\\/ro\",\"nextItem\":{\"@type\":\"ListItem\",\"@id\":\"https:\\\/\\\/blog.proofs.de\\\/ro\\\/thema\\\/proof-wissen\\\/#listItem\",\"name\":\"Proof Wissen\"}},{\"@type\":\"ListItem\",\"@id\":\"https:\\\/\\\/blog.proofs.de\\\/ro\\\/thema\\\/proof-wissen\\\/#listItem\",\"position\":2,\"name\":\"Proof Wissen\",\"item\":\"https:\\\/\\\/blog.proofs.de\\\/ro\\\/thema\\\/proof-wissen\\\/\",\"nextItem\":{\"@type\":\"ListItem\",\"@id\":\"https:\\\/\\\/blog.proofs.de\\\/ro\\\/thema\\\/proof-wissen\\\/kategorie-proof-gmbh\\\/#listItem\",\"name\":\"Proof GmbH\"},\"previousItem\":{\"@type\":\"ListItem\",\"@id\":\"https:\\\/\\\/blog.proofs.de\\\/ro#listItem\",\"name\":\"Home\"}},{\"@type\":\"ListItem\",\"@id\":\"https:\\\/\\\/blog.proofs.de\\\/ro\\\/thema\\\/proof-wissen\\\/kategorie-proof-gmbh\\\/#listItem\",\"position\":3,\"name\":\"Proof GmbH\",\"item\":\"https:\\\/\\\/blog.proofs.de\\\/ro\\\/thema\\\/proof-wissen\\\/kategorie-proof-gmbh\\\/\",\"nextItem\":{\"@type\":\"ListItem\",\"@id\":\"https:\\\/\\\/blog.proofs.de\\\/ro\\\/shop-proof-de-neue-verpackung-fuer-kleinformatige-proofs\\\/#listItem\",\"name\":\"shop.proof.de \\u2013 Neue Verpackung f\\u00fcr kleinformatige Proofs\"},\"previousItem\":{\"@type\":\"ListItem\",\"@id\":\"https:\\\/\\\/blog.proofs.de\\\/ro\\\/thema\\\/proof-wissen\\\/#listItem\",\"name\":\"Proof Wissen\"}},{\"@type\":\"ListItem\",\"@id\":\"https:\\\/\\\/blog.proofs.de\\\/ro\\\/shop-proof-de-neue-verpackung-fuer-kleinformatige-proofs\\\/#listItem\",\"position\":4,\"name\":\"shop.proof.de \\u2013 Neue Verpackung f\\u00fcr kleinformatige Proofs\",\"previousItem\":{\"@type\":\"ListItem\",\"@id\":\"https:\\\/\\\/blog.proofs.de\\\/ro\\\/thema\\\/proof-wissen\\\/kategorie-proof-gmbh\\\/#listItem\",\"name\":\"Proof GmbH\"}}]},{\"@type\":\"Organization\",\"@id\":\"https:\\\/\\\/blog.proofs.de\\\/ro\\\/#organization\",\"name\":\"Proof GmbH\",\"description\":\"Farbverbindlicher Proof, Farbproof, Digitalproof und Online-Proof.\",\"url\":\"https:\\\/\\\/blog.proofs.de\\\/ro\\\/\",\"telephone\":\"+4970717952740\",\"logo\":{\"@type\":\"ImageObject\",\"url\":\"https:\\\/\\\/blog1.proofen.de\\\/wp-content\\\/uploads\\\/2019\\\/09\\\/logo_proof_rgb_mit_balken_250px.png\",\"@id\":\"https:\\\/\\\/blog.proofs.de\\\/ro\\\/shop-proof-de-neue-verpackung-fuer-kleinformatige-proofs\\\/#organizationLogo\"},\"image\":{\"@id\":\"https:\\\/\\\/blog.proofs.de\\\/ro\\\/shop-proof-de-neue-verpackung-fuer-kleinformatige-proofs\\\/#organizationLogo\"},\"sameAs\":[\"https:\\\/\\\/www.facebook.com\\\/Proof.de\\\/\",\"https:\\\/\\\/www.instagram.com\\\/proof.de\\\/\",\"https:\\\/\\\/www.tiktok.com\\\/@proof_de\",\"https:\\\/\\\/www.youtube.com\\\/channel\\\/UCk80fQVQ25wC9wu3SywB-Nw\",\"https:\\\/\\\/www.linkedin.com\\\/company\\\/proof-de\"]},{\"@type\":\"Person\",\"@id\":\"https:\\\/\\\/blog.proofs.de\\\/ro\\\/author\\\/mbetz\\\/#author\",\"url\":\"https:\\\/\\\/blog.proofs.de\\\/ro\\\/author\\\/mbetz\\\/\",\"name\":\"Matthias Betz\",\"image\":{\"@type\":\"ImageObject\",\"@id\":\"https:\\\/\\\/blog.proofs.de\\\/ro\\\/shop-proof-de-neue-verpackung-fuer-kleinformatige-proofs\\\/#authorImage\",\"url\":\"https:\\\/\\\/blog.proofs.de\\\/wp-content\\\/uploads\\\/2020\\\/10\\\/matthias-betz-e1603934518350-150x150.png\",\"width\":96,\"height\":96,\"caption\":\"Matthias Betz\"}},{\"@type\":\"WebPage\",\"@id\":\"https:\\\/\\\/blog.proofs.de\\\/ro\\\/shop-proof-de-neue-verpackung-fuer-kleinformatige-proofs\\\/#webpage\",\"url\":\"https:\\\/\\\/blog.proofs.de\\\/ro\\\/shop-proof-de-neue-verpackung-fuer-kleinformatige-proofs\\\/\",\"name\":\"shop.proof.de \\u2013 Neue Verpackung f\\u00fcr Proofs | proof.de\",\"description\":\"shop.proof.de bietet kleinformatige Proofs bis Format A4+ ab sofort in neuem Schutzumschlag.\",\"inLanguage\":\"ro-RO\",\"isPartOf\":{\"@id\":\"https:\\\/\\\/blog.proofs.de\\\/ro\\\/#website\"},\"breadcrumb\":{\"@id\":\"https:\\\/\\\/blog.proofs.de\\\/ro\\\/shop-proof-de-neue-verpackung-fuer-kleinformatige-proofs\\\/#breadcrumblist\"},\"author\":{\"@id\":\"https:\\\/\\\/blog.proofs.de\\\/ro\\\/author\\\/mbetz\\\/#author\"},\"creator\":{\"@id\":\"https:\\\/\\\/blog.proofs.de\\\/ro\\\/author\\\/mbetz\\\/#author\"},\"image\":{\"@type\":\"ImageObject\",\"url\":\"https:\\\/\\\/blog.proofs.de\\\/wp-content\\\/uploads\\\/2013\\\/12\\\/proof-de_filmschutzhuelle_schutzumschlag-e1638179316250.jpg\",\"@id\":\"https:\\\/\\\/blog.proofs.de\\\/ro\\\/shop-proof-de-neue-verpackung-fuer-kleinformatige-proofs\\\/#mainImage\",\"width\":5054,\"height\":3456,\"caption\":\"proof.de Verpacken eines Proofs \\\/ Digitalproofs \\\/ Farbproofs in einen Schutzumschlag\"},\"primaryImageOfPage\":{\"@id\":\"https:\\\/\\\/blog.proofs.de\\\/ro\\\/shop-proof-de-neue-verpackung-fuer-kleinformatige-proofs\\\/#mainImage\"},\"datePublished\":\"2013-12-04T17:57:50+01:00\",\"dateModified\":\"2022-06-13T10:40:03+02:00\"},{\"@type\":\"WebSite\",\"@id\":\"https:\\\/\\\/blog.proofs.de\\\/ro\\\/#website\",\"url\":\"https:\\\/\\\/blog.proofs.de\\\/ro\\\/\",\"name\":\"Proof.de\",\"description\":\"Farbverbindlicher Proof, Farbproof, Digitalproof und Online-Proof.\",\"inLanguage\":\"ro-RO\",\"publisher\":{\"@id\":\"https:\\\/\\\/blog.proofs.de\\\/ro\\\/#organization\"}}]}\n\t\t<\/script>\n\t\t<!-- All in One SEO -->\n\n","aioseo_head_json":{"title":"shop.proof.de \u2013 Ambalaj nou pentru probe | proof.de","description":"shop.proof.de ofer\u0103 acum proof-uri de format mic p\u00e2n\u0103 la formatul A4+ \u00eentr-o nou\u0103 copert\u0103 de protec\u021bie.","canonical_url":"https:\/\/blog.proofs.de\/ro\/shop-proof-de-neue-verpackung-fuer-kleinformatige-proofs\/","robots":"max-image-preview:large","keywords":"schutzumschlag,knickschutz,proof,,proof","webmasterTools":{"google-site-verification":"TuXxyRwxcEg2-WfOaQ8vScWQh3-uBAnxXmY7g3GT90A","miscellaneous":"&lt;meta name=\"seobility\" content=\"593a8578143db71543f014978c690d47\"&gt;"},"schema":{"@context":"https:\/\/schema.org","@graph":[{"@type":"Article","@id":"https:\/\/blog.proofs.de\/ro\/shop-proof-de-neue-verpackung-fuer-kleinformatige-proofs\/#article","name":"shop.proof.de \u2013 Neue Verpackung f\u00fcr Proofs | proof.de","headline":"shop.proof.de \u2013 Neue Verpackung f\u00fcr kleinformatige Proofs","author":{"@id":"https:\/\/blog.proofs.de\/ro\/author\/mbetz\/#author"},"publisher":{"@id":"https:\/\/blog.proofs.de\/ro\/#organization"},"image":{"@type":"ImageObject","url":"https:\/\/blog.proofs.de\/wp-content\/uploads\/2013\/12\/proof-de_filmschutzhuelle_schutzumschlag-e1638179316250.jpg","width":5054,"height":3456,"caption":"proof.de Verpacken eines Proofs \/ Digitalproofs \/ Farbproofs in einen Schutzumschlag"},"datePublished":"2013-12-04T17:57:50+01:00","dateModified":"2022-06-13T10:40:03+02:00","inLanguage":"ro-RO","mainEntityOfPage":{"@id":"https:\/\/blog.proofs.de\/ro\/shop-proof-de-neue-verpackung-fuer-kleinformatige-proofs\/#webpage"},"isPartOf":{"@id":"https:\/\/blog.proofs.de\/ro\/shop-proof-de-neue-verpackung-fuer-kleinformatige-proofs\/#webpage"},"articleSection":"Allgemein, Proof GmbH, Knickschutz, Proof, Schutzumschlag"},{"@type":"BreadcrumbList","@id":"https:\/\/blog.proofs.de\/ro\/shop-proof-de-neue-verpackung-fuer-kleinformatige-proofs\/#breadcrumblist","itemListElement":[{"@type":"ListItem","@id":"https:\/\/blog.proofs.de\/ro#listItem","position":1,"name":"Home","item":"https:\/\/blog.proofs.de\/ro","nextItem":{"@type":"ListItem","@id":"https:\/\/blog.proofs.de\/ro\/thema\/proof-wissen\/#listItem","name":"Proof Wissen"}},{"@type":"ListItem","@id":"https:\/\/blog.proofs.de\/ro\/thema\/proof-wissen\/#listItem","position":2,"name":"Proof Wissen","item":"https:\/\/blog.proofs.de\/ro\/thema\/proof-wissen\/","nextItem":{"@type":"ListItem","@id":"https:\/\/blog.proofs.de\/ro\/thema\/proof-wissen\/kategorie-proof-gmbh\/#listItem","name":"Proof GmbH"},"previousItem":{"@type":"ListItem","@id":"https:\/\/blog.proofs.de\/ro#listItem","name":"Home"}},{"@type":"ListItem","@id":"https:\/\/blog.proofs.de\/ro\/thema\/proof-wissen\/kategorie-proof-gmbh\/#listItem","position":3,"name":"Proof GmbH","item":"https:\/\/blog.proofs.de\/ro\/thema\/proof-wissen\/kategorie-proof-gmbh\/","nextItem":{"@type":"ListItem","@id":"https:\/\/blog.proofs.de\/ro\/shop-proof-de-neue-verpackung-fuer-kleinformatige-proofs\/#listItem","name":"shop.proof.de \u2013 Neue Verpackung f\u00fcr kleinformatige Proofs"},"previousItem":{"@type":"ListItem","@id":"https:\/\/blog.proofs.de\/ro\/thema\/proof-wissen\/#listItem","name":"Proof Wissen"}},{"@type":"ListItem","@id":"https:\/\/blog.proofs.de\/ro\/shop-proof-de-neue-verpackung-fuer-kleinformatige-proofs\/#listItem","position":4,"name":"shop.proof.de \u2013 Neue Verpackung f\u00fcr kleinformatige Proofs","previousItem":{"@type":"ListItem","@id":"https:\/\/blog.proofs.de\/ro\/thema\/proof-wissen\/kategorie-proof-gmbh\/#listItem","name":"Proof GmbH"}}]},{"@type":"Organization","@id":"https:\/\/blog.proofs.de\/ro\/#organization","name":"Proof GmbH","description":"Farbverbindlicher Proof, Farbproof, Digitalproof und Online-Proof.","url":"https:\/\/blog.proofs.de\/ro\/","telephone":"+4970717952740","logo":{"@type":"ImageObject","url":"https:\/\/blog1.proofen.de\/wp-content\/uploads\/2019\/09\/logo_proof_rgb_mit_balken_250px.png","@id":"https:\/\/blog.proofs.de\/ro\/shop-proof-de-neue-verpackung-fuer-kleinformatige-proofs\/#organizationLogo"},"image":{"@id":"https:\/\/blog.proofs.de\/ro\/shop-proof-de-neue-verpackung-fuer-kleinformatige-proofs\/#organizationLogo"},"sameAs":["https:\/\/www.facebook.com\/Proof.de\/","https:\/\/www.instagram.com\/proof.de\/","https:\/\/www.tiktok.com\/@proof_de","https:\/\/www.youtube.com\/channel\/UCk80fQVQ25wC9wu3SywB-Nw","https:\/\/www.linkedin.com\/company\/proof-de"]},{"@type":"Person","@id":"https:\/\/blog.proofs.de\/ro\/author\/mbetz\/#author","url":"https:\/\/blog.proofs.de\/ro\/author\/mbetz\/","name":"Matthias Betz","image":{"@type":"ImageObject","@id":"https:\/\/blog.proofs.de\/ro\/shop-proof-de-neue-verpackung-fuer-kleinformatige-proofs\/#authorImage","url":"https:\/\/blog.proofs.de\/wp-content\/uploads\/2020\/10\/matthias-betz-e1603934518350-150x150.png","width":96,"height":96,"caption":"Matthias Betz"}},{"@type":"WebPage","@id":"https:\/\/blog.proofs.de\/ro\/shop-proof-de-neue-verpackung-fuer-kleinformatige-proofs\/#webpage","url":"https:\/\/blog.proofs.de\/ro\/shop-proof-de-neue-verpackung-fuer-kleinformatige-proofs\/","name":"shop.proof.de \u2013 Neue Verpackung f\u00fcr Proofs | proof.de","description":"shop.proof.de bietet kleinformatige Proofs bis Format A4+ ab sofort in neuem Schutzumschlag.","inLanguage":"ro-RO","isPartOf":{"@id":"https:\/\/blog.proofs.de\/ro\/#website"},"breadcrumb":{"@id":"https:\/\/blog.proofs.de\/ro\/shop-proof-de-neue-verpackung-fuer-kleinformatige-proofs\/#breadcrumblist"},"author":{"@id":"https:\/\/blog.proofs.de\/ro\/author\/mbetz\/#author"},"creator":{"@id":"https:\/\/blog.proofs.de\/ro\/author\/mbetz\/#author"},"image":{"@type":"ImageObject","url":"https:\/\/blog.proofs.de\/wp-content\/uploads\/2013\/12\/proof-de_filmschutzhuelle_schutzumschlag-e1638179316250.jpg","@id":"https:\/\/blog.proofs.de\/ro\/shop-proof-de-neue-verpackung-fuer-kleinformatige-proofs\/#mainImage","width":5054,"height":3456,"caption":"proof.de Verpacken eines Proofs \/ Digitalproofs \/ Farbproofs in einen Schutzumschlag"},"primaryImageOfPage":{"@id":"https:\/\/blog.proofs.de\/ro\/shop-proof-de-neue-verpackung-fuer-kleinformatige-proofs\/#mainImage"},"datePublished":"2013-12-04T17:57:50+01:00","dateModified":"2022-06-13T10:40:03+02:00"},{"@type":"WebSite","@id":"https:\/\/blog.proofs.de\/ro\/#website","url":"https:\/\/blog.proofs.de\/ro\/","name":"Proof.de","description":"Farbverbindlicher Proof, Farbproof, Digitalproof und Online-Proof.","inLanguage":"ro-RO","publisher":{"@id":"https:\/\/blog.proofs.de\/ro\/#organization"}}]},"og:locale":"ro_RO","og:site_name":"Proof.de | Alles zu Proof, Farbmanagement, Grafik, Messtechnik &amp; Co.","og:type":"article","og:title":"shop.proof.de \u2013 Neue Verpackung f\u00fcr Proofs | proof.de","og:description":"shop.proof.de bietet kleinformatige Proofs bis Format A4+ ab sofort in neuem Schutzumschlag.","og:url":"https:\/\/blog.proofs.de\/ro\/shop-proof-de-neue-verpackung-fuer-kleinformatige-proofs\/","og:image":"https:\/\/blog.proofs.de\/wp-content\/uploads\/2013\/12\/proof-de_filmschutzhuelle_schutzumschlag-e1638179316250.jpg","og:image:secure_url":"https:\/\/blog.proofs.de\/wp-content\/uploads\/2013\/12\/proof-de_filmschutzhuelle_schutzumschlag-e1638179316250.jpg","og:image:width":5054,"og:image:height":3456,"article:published_time":"2013-12-04T16:57:50+00:00","article:modified_time":"2022-06-13T08:40:03+00:00","article:publisher":"https:\/\/www.facebook.com\/Proof.de\/","twitter:card":"summary","twitter:title":"shop.proof.de \u2013 Neue Verpackung f\u00fcr Proofs | proof.de","twitter:description":"shop.proof.de bietet kleinformatige Proofs bis Format A4+ ab sofort in neuem Schutzumschlag.","twitter:image":"https:\/\/blog1.proofen.de\/wp-content\/uploads\/2020\/04\/proof_background.jpg"},"aioseo_meta_data":{"post_id":"659","title":"shop.proof.de \u2013 Ambalaj nou pentru probe | proof.de","description":"shop.proof.de ofer\u0103 acum proof-uri de format mic p\u00e2n\u0103 la formatul A4+ \u00eentr-o nou\u0103 copert\u0103 de protec\u021bie.","keywords":[{"label":"Schutzumschlag","value":"Schutzumschlag"},{"label":"Knickschutz","value":"Knickschutz"},{"label":"Proof,","value":"Proof,"}],"keyphrases":{"focus":{"keyphrase":"Schutzumschlag","score":80,"analysis":{"keyphraseInTitle":{"title":"Focus keyphrase in SEO title","description":"Focus keyphrase not found in SEO title.","score":3,"maxScore":9,"error":1},"keyphraseInDescription":{"title":"Focus keyphrase in meta description","description":"Focus keyphrase found in meta description.","score":9,"maxScore":9,"error":0},"keyphraseLength":{"title":"Focus keyphrase length","description":"Good job!","score":9,"maxScore":9,"error":0,"length":1},"keyphraseInURL":{"title":"Focus keyphrase in URL","description":"Focus keyphrase not found in the URL.","score":1,"maxScore":5,"error":1},"keyphraseInIntroduction":{"title":"Focus keyphrase in introduction","description":"Your Focus keyphrase appears in the first paragraph. Well done!","score":9,"maxScore":9,"error":0},"keyphraseInSubHeadings":[],"keyphraseInImageAlt":{"title":"Focus keyphrase in image alt attributes","description":"Focus keyphrase found in image alt attribute(s).","score":9,"maxScore":9,"error":0}}},"additional":[]},"primary_term":null,"canonical_url":null,"og_title":null,"og_description":null,"og_object_type":"default","og_image_type":"default","og_image_url":null,"og_image_width":null,"og_image_height":null,"og_image_custom_url":null,"og_image_custom_fields":null,"og_video":"","og_custom_url":null,"og_article_section":null,"og_article_tags":[],"twitter_use_og":false,"twitter_card":"default","twitter_image_type":"default","twitter_image_url":null,"twitter_image_custom_url":null,"twitter_image_custom_fields":null,"twitter_title":null,"twitter_description":null,"schema":{"blockGraphs":[],"customGraphs":[],"default":{"data":{"Article":[],"Course":[],"Dataset":[],"FAQPage":[],"Movie":[],"Person":[],"Product":[],"ProductReview":[],"Car":[],"Recipe":[],"Service":[],"SoftwareApplication":[],"WebPage":[]},"graphName":"","isEnabled":true},"graphs":[],"defaultGraph":"Article","defaultPostTypeGraph":""},"schema_type":"default","schema_type_options":"{\"article\":{\"articleType\":\"BlogPosting\"},\"course\":{\"name\":\"\",\"description\":\"\",\"provider\":\"\"},\"faq\":{\"pages\":[]},\"product\":{\"reviews\":[]},\"recipe\":{\"ingredients\":[],\"instructions\":[],\"keywords\":[]},\"software\":{\"reviews\":[],\"operatingSystems\":[]},\"webPage\":{\"webPageType\":\"WebPage\"}}","pillar_content":false,"robots_default":true,"robots_noindex":false,"robots_noarchive":false,"robots_nosnippet":false,"robots_nofollow":false,"robots_noimageindex":false,"robots_noodp":false,"robots_notranslate":false,"robots_max_snippet":"-1","robots_max_videopreview":"-1","robots_max_imagepreview":"large","priority":null,"frequency":"default","local_seo":null,"breadcrumb_settings":null,"limit_modified_date":false,"ai":null,"created":"2020-12-21 00:36:00","updated":"2025-06-04 14:13:58","seo_analyzer_scan_date":null,"focus_keyword":"Schutzumschlag","additional_keywords":null,"truseo_locale":null},"_links":{"self":[{"href":"https:\/\/blog.proofs.de\/ro\/wp-json\/wp\/v2\/posts\/659","targetHints":{"allow":["GET"]}}],"collection":[{"href":"https:\/\/blog.proofs.de\/ro\/wp-json\/wp\/v2\/posts"}],"about":[{"href":"https:\/\/blog.proofs.de\/ro\/wp-json\/wp\/v2\/types\/post"}],"author":[{"embeddable":true,"href":"https:\/\/blog.proofs.de\/ro\/wp-json\/wp\/v2\/users\/2"}],"replies":[{"embeddable":true,"href":"https:\/\/blog.proofs.de\/ro\/wp-json\/wp\/v2\/comments?post=659"}],"version-history":[{"count":26,"href":"https:\/\/blog.proofs.de\/ro\/wp-json\/wp\/v2\/posts\/659\/revisions"}],"predecessor-version":[{"id":4954,"href":"https:\/\/blog.proofs.de\/ro\/wp-json\/wp\/v2\/posts\/659\/revisions\/4954"}],"wp:featuredmedia":[{"embeddable":true,"href":"https:\/\/blog.proofs.de\/ro\/wp-json\/wp\/v2\/media\/690"}],"wp:attachment":[{"href":"https:\/\/blog.proofs.de\/ro\/wp-json\/wp\/v2\/media?parent=659"}],"wp:term":[{"taxonomy":"category","embeddable":true,"href":"https:\/\/blog.proofs.de\/ro\/wp-json\/wp\/v2\/categories?post=659"},{"taxonomy":"post_tag","embeddable":true,"href":"https:\/\/blog.proofs.de\/ro\/wp-json\/wp\/v2\/tags?post=659"}],"curies":[{"name":"wp","href":"https:\/\/api.w.org\/{rel}","templated":true}]}}