{"id":1052,"date":"2014-09-30T01:09:34","date_gmt":"2014-09-29T23:09:34","guid":{"rendered":"http:\/\/www.proof.de\/?p=1052"},"modified":"2020-05-08T13:19:18","modified_gmt":"2020-05-08T11:19:18","slug":"reproduktion-av-anaglyfbilder-och-linjeteckningar","status":"publish","type":"post","link":"https:\/\/blog.proofs.de\/sv\/reproduktion-von-anaglyphen-bildern-und-strichzeichnungen\/","title":{"rendered":"Reproduktion av anaglyfbilder och linjedragningar."},"content":{"rendered":"<div class=\"kk-star-ratings kksr-auto kksr-align-right kksr-valign-top\" data-payload='{\"align\":\"right\",\"id\":\"1052\",\"slug\":\"default\",\"valign\":\"top\",\"ignore\":\"\",\"reference\":\"auto\",\"class\":\"\",\"count\":\"0\",\"legendonly\":\"\",\"readonly\":\"\",\"score\":\"0\",\"starsonly\":\"\",\"best\":\"5\",\"gap\":\"5\",\"greet\":\"Jetzt bewerten\",\"legend\":\"0\\\/5 - (0 votes)\",\"size\":\"24\",\"title\":\"Reproduktion von Anaglyphen Bildern und Strichzeichnungen\",\"width\":\"0\",\"_legend\":\"{score}\\\/{best} - ({count} {votes})\",\"font_factor\":\"1.25\"}'>\n            \n<div class=\"kksr-stars\">\n    \n<div class=\"kksr-stars-inactive\">\n            <div class=\"kksr-star\" data-star=\"1\" style=\"padding-right: 5px\">\n            \n\n<div class=\"kksr-icon\" style=\"width: 24px; height: 24px;\"><\/div>\n        <\/div>\n            <div class=\"kksr-star\" data-star=\"2\" style=\"padding-right: 5px\">\n            \n\n<div class=\"kksr-icon\" style=\"width: 24px; height: 24px;\"><\/div>\n        <\/div>\n            <div class=\"kksr-star\" data-star=\"3\" style=\"padding-right: 5px\">\n            \n\n<div class=\"kksr-icon\" style=\"width: 24px; height: 24px;\"><\/div>\n        <\/div>\n            <div class=\"kksr-star\" data-star=\"4\" style=\"padding-right: 5px\">\n            \n\n<div class=\"kksr-icon\" style=\"width: 24px; height: 24px;\"><\/div>\n        <\/div>\n            <div class=\"kksr-star\" data-star=\"5\" style=\"padding-right: 5px\">\n            \n\n<div class=\"kksr-icon\" style=\"width: 24px; height: 24px;\"><\/div>\n        <\/div>\n    <\/div>\n    \n<div class=\"kksr-stars-active\" style=\"width: 0px;\">\n            <div class=\"kksr-star\" style=\"padding-right: 5px\">\n            \n\n<div class=\"kksr-icon\" style=\"width: 24px; height: 24px;\"><\/div>\n        <\/div>\n            <div class=\"kksr-star\" style=\"padding-right: 5px\">\n            \n\n<div class=\"kksr-icon\" style=\"width: 24px; height: 24px;\"><\/div>\n        <\/div>\n            <div class=\"kksr-star\" style=\"padding-right: 5px\">\n            \n\n<div class=\"kksr-icon\" style=\"width: 24px; height: 24px;\"><\/div>\n        <\/div>\n            <div class=\"kksr-star\" style=\"padding-right: 5px\">\n            \n\n<div class=\"kksr-icon\" style=\"width: 24px; height: 24px;\"><\/div>\n        <\/div>\n            <div class=\"kksr-star\" style=\"padding-right: 5px\">\n            \n\n<div class=\"kksr-icon\" style=\"width: 24px; height: 24px;\"><\/div>\n        <\/div>\n    <\/div>\n<\/div>\n                \n\n<div class=\"kksr-legend\" style=\"font-size: 19.2px;\">\n            <span class=\"kksr-muted\">Betygs\u00e4tt nu<\/span>\n    <\/div>\n    <\/div>\n<p>Redan f\u00f6r n\u00e5gra veckor sedan fick vi en ovanlig f\u00f6rfr\u00e5gan: Musikern och den blivande konststudenten Tobias Weh fr\u00e5n Osnabr\u00fcck experimenterade med linjedragningar p\u00e5 <a href=\"https:\/\/blog.proofs.de\/sv\/lexikon\/anaglyph\/\" target=\"_self\" title=\"En anaglyfbild \u00e4r en 3D-bild som \u00e4r utskriven eller visas p\u00e5 sk\u00e4rmen och som kan ses i 3D med hj\u00e4lp av s\u00e4rskilda anaglyfglas\u00f6gon. Dessa glas\u00f6gon \u00e4r utrustade med en r\u00f6d och en cyan eller bl\u00e5 film framf\u00f6r \u00f6gonen, bilderna \u00e4r oftast i svartvitt, ibland \u00e4ven i f\u00e4rg, varvid bilden f\u00f6r v\u00e4nster \u00f6ga \u00e4r cyanf\u00e4rgad och bilden f\u00f6r h\u00f6ger \u00f6ga \u00e4r r\u00f6df\u00e4rgad, dvs. exakt motsatt till glas\u00f6gonfilmernas f\u00e4rg. Bilderna trycks \u00f6verlappande p\u00e5 en sida.\" class=\"encyclopedia\">Anaglyph<\/a>en basis och har uppn\u00e5tt mycket goda resultat med den p\u00e5 sk\u00e4rmen. Han skapade \u00f6verlagrade linjedragningar som sedan gav en annan bild n\u00e4r de betraktades med v\u00e4nster \u00f6ga \u00e4n n\u00e4r de betraktades med h\u00f6ger \u00f6ga. Fr\u00e5gan var om detta berodde p\u00e5 den h\u00f6ga <a href=\"https:\/\/blog.proofs.de\/sv\/lexikon\/farbumfang\/\" target=\"_self\" title=\"F\u00e4rgskalan (\u00e4ven: gamut) omfattar alla f\u00e4rger i ett f\u00e4rgomr\u00e5de som kan identifieras (kamera, skanner) eller \u00e5terges (skrivare, monitor) av en enhet. Den illustreras i form av en f\u00e4rgkropp.\" class=\"encyclopedia\">F\u00e4rgsortiment<\/a> av en <a href=\"https:\/\/blog.proofs.de\/sv\/lexikon\/proofs\/\" target=\"_self\" title=\"Inom tryckeribranschen avses med proof (eller proof prints) en f\u00e4rgbindande och juridiskt bindande simulering av ett tryckresultat f\u00f6r kontroll\u00e4ndam\u00e5l. Den standard som ansvarar f\u00f6r provtryck \u00e4r ISO 12647-7:2016, dvs. den aktuella revideringen fr\u00e5n 2016.\" class=\"encyclopedia\">Bevis<\/a>ystema kunde \u00e5terges b\u00e4ttre \u00e4n med den enkla bl\u00e4ckstr\u00e5leskrivaren hemma.<\/p>\n<p>Eftersom s\u00e5dana fr\u00e5gor f\u00f6rst\u00e5s \u00e4r mycket intressanta vid f\u00f6rsta anblicken var vi snabbt beredda att st\u00f6dja Weh i hans arbete. F\u00f6r att f\u00e5 grepp om saken m\u00e4tte vi de spektrum som s\u00e4nds genom de kommersiellt tillg\u00e4ngliga anaglyfglasen f\u00f6r de tv\u00e5 folierna med hj\u00e4lp av en i1 Pro 2 och BabelColor Color Translator &amp; Analyzer.<\/p>\n<p><a href=\"https:\/\/blog1.proofen.de\/wp-content\/uploads\/2014\/08\/Anaglyphenbrille-Durchgelassenes-Spektrum-der-beiden-Folien.png\"><img loading=\"lazy\" decoding=\"async\" class=\"alignleft size-full wp-image-1053\" src=\"https:\/\/blog1.proofen.de\/wp-content\/uploads\/2014\/08\/Anaglyphenbrille-Durchgelassenes-Spektrum-der-beiden-Folien.png\" alt=\"Anaglyph-glas\u00f6gon - Transmittat spektrum f\u00f6r de tv\u00e5 folierna\" width=\"694\" height=\"676\" srcset=\"https:\/\/blog.proofs.de\/wp-content\/uploads\/2014\/08\/Anaglyphenbrille-Durchgelassenes-Spektrum-der-beiden-Folien.png 694w, https:\/\/blog.proofs.de\/wp-content\/uploads\/2014\/08\/Anaglyphenbrille-Durchgelassenes-Spektrum-der-beiden-Folien-300x292.png 300w, https:\/\/blog.proofs.de\/wp-content\/uploads\/2014\/08\/Anaglyphenbrille-Durchgelassenes-Spektrum-der-beiden-Folien-307x300.png 307w\" sizes=\"auto, (max-width: 694px) 100vw, 694px\"><\/a>Det \u00e4r faktiskt ett mycket tillfredsst\u00e4llande resultat. Genom att v\u00e4lja tv\u00e5 f\u00e4rger som bl\u00e4ck i spektralomr\u00e5dena 450-500 nanometer f\u00f6r bl\u00e5tt och 650-700 nanometer f\u00f6r r\u00f6tt borde det faktiskt vara m\u00f6jligt att uppn\u00e5 ett ganska bra resultat.&nbsp;<!--more-->Den f\u00f6rsta id\u00e9n var att ta de v\u00e4rden som BabelColor m\u00e4ter. <a href=\"https:\/\/blog.proofs.de\/sv\/lexikon\/lab\/\" target=\"_self\" title=\"CIELAB eller LAB \u00e4r en matematisk f\u00e4rgmodell som har blivit etablerad \u00f6verallt d\u00e4r exakt f\u00e4rgber\u00e4kning kr\u00e4vs. F\u00e4rgstyrning med datorer arbetar vanligtvis med CIELAB.\" class=\"encyclopedia\">LAB<\/a> v\u00e4rden f\u00f6r respektive folie f\u00f6r att producera respektive r\u00f6d och cyan f\u00e4rg i trycket. Men tyv\u00e4rr fungerar detta inte riktigt; de uppm\u00e4tta tryckta f\u00e4rgerna var spektralt inte alls i linje med den \u00f6nskade f\u00e4rgen.<\/p>\n<p><a href=\"https:\/\/blog1.proofen.de\/wp-content\/uploads\/2014\/08\/Anaglyphen-Druck_der_gemessenen_LAB_Werte.png\"><img loading=\"lazy\" decoding=\"async\" class=\"alignleft size-full wp-image-1054\" src=\"https:\/\/blog1.proofen.de\/wp-content\/uploads\/2014\/08\/Anaglyphen-Druck_der_gemessenen_LAB_Werte.png\" alt=\"Anaglyph_pressure_of_the_measured_LAB_values\" width=\"694\" height=\"676\" srcset=\"https:\/\/blog.proofs.de\/wp-content\/uploads\/2014\/08\/Anaglyphen-Druck_der_gemessenen_LAB_Werte.png 694w, https:\/\/blog.proofs.de\/wp-content\/uploads\/2014\/08\/Anaglyphen-Druck_der_gemessenen_LAB_Werte-300x292.png 300w, https:\/\/blog.proofs.de\/wp-content\/uploads\/2014\/08\/Anaglyphen-Druck_der_gemessenen_LAB_Werte-307x300.png 307w\" sizes=\"auto, (max-width: 694px) 100vw, 694px\"><\/a>S\u00e5 vi experimenterade vidare och hittade tv\u00e5 f\u00e4rger som faktiskt borde harmonisera spektralt mycket v\u00e4l med glas\u00f6gonens genomsl\u00e4ppliga spektrum.<\/p>\n<p><a href=\"https:\/\/blog1.proofen.de\/wp-content\/uploads\/2014\/08\/Anaglyphen-Druck_Gewaehlte_Farben_fuer_Test.png\"><img loading=\"lazy\" decoding=\"async\" class=\"alignleft size-full wp-image-1055\" src=\"https:\/\/blog1.proofen.de\/wp-content\/uploads\/2014\/08\/Anaglyphen-Druck_Gewaehlte_Farben_fuer_Test.png\" alt=\"Anaglyf-utskrift: Utvalda f\u00e4rger f\u00f6r test\" width=\"694\" height=\"676\" srcset=\"https:\/\/blog.proofs.de\/wp-content\/uploads\/2014\/08\/Anaglyphen-Druck_Gewaehlte_Farben_fuer_Test.png 694w, https:\/\/blog.proofs.de\/wp-content\/uploads\/2014\/08\/Anaglyphen-Druck_Gewaehlte_Farben_fuer_Test-300x292.png 300w, https:\/\/blog.proofs.de\/wp-content\/uploads\/2014\/08\/Anaglyphen-Druck_Gewaehlte_Farben_fuer_Test-307x300.png 307w\" sizes=\"auto, (max-width: 694px) 100vw, 694px\"><\/a>Men \u00e4ven h\u00e4r var resultatet av den visuella inspektionen f\u00f6r\u00f6dande. En stark sp\u00f6kbild i b\u00e5da f\u00e4rgerna var st\u00e4ndigt f\u00f6rekommande, en tydlig f\u00e4rgseparation var inte m\u00f6jlig. Till och med en titt genom anaglyphglasens transparenter vid olika <a href=\"https:\/\/blog.proofs.de\/sv\/lexikon\/pantone\/\" target=\"_self\" title='Pantone tillverkar Pantone Matching System, ett f\u00e4rgsystem som \u00e4r popul\u00e4rt f\u00f6r tryckning \u00f6ver hela v\u00e4rlden. 2010 bytte Pantone Plus Series namn till Pantone Plus Series och har sedan dess ut\u00f6kats till 1755 f\u00e4rger.' class=\"encyclopedia\">Pantone<\/a>-fans som f\u00f6rs\u00f6kte hitta en f\u00e4rg som st\u00e4mde s\u00e5 bra som m\u00f6jligt genom visuellt f\u00e4rgval gav inget resultat. I r\u00f6tt fungerade glas\u00f6gonen ganska bra, men i cyan var ingen av Pantone-f\u00e4rgplattorna ens i n\u00e4rheten av att f\u00f6rsvinna f\u00f6r det m\u00e4nskliga \u00f6gat.<\/p>\n<p><a href=\"https:\/\/blog1.proofen.de\/wp-content\/uploads\/2014\/08\/Foto-2.jpg\"><img loading=\"lazy\" decoding=\"async\" class=\"size-full wp-image-1057 aligncenter\" src=\"https:\/\/blog1.proofen.de\/wp-content\/uploads\/2014\/08\/Foto-2.jpg\" alt=\"Se genom bl\u00e5 anaglyfa glas\u00f6gon p\u00e5 r\u00f6da Pantone-f\u00e4rger\" width=\"1296\" height=\"968\" srcset=\"https:\/\/blog.proofs.de\/wp-content\/uploads\/2014\/08\/Foto-2.jpg 1296w, https:\/\/blog.proofs.de\/wp-content\/uploads\/2014\/08\/Foto-2-300x224.jpg 300w, https:\/\/blog.proofs.de\/wp-content\/uploads\/2014\/08\/Foto-2-1024x764.jpg 1024w, https:\/\/blog.proofs.de\/wp-content\/uploads\/2014\/08\/Foto-2-401x300.jpg 401w\" sizes=\"auto, (max-width: 1296px) 100vw, 1296px\"><\/a> <a href=\"https:\/\/blog1.proofen.de\/wp-content\/uploads\/2014\/08\/Foto-1.jpg\"><img loading=\"lazy\" decoding=\"async\" class=\"size-large wp-image-1056 aligncenter\" src=\"https:\/\/blog1.proofen.de\/wp-content\/uploads\/2014\/08\/Foto-1-1024x764.jpg\" alt=\"Titta genom r\u00f6da anaglyfa glas\u00f6gon p\u00e5 r\u00f6da Pantone-f\u00e4rger\" width=\"584\" height=\"435\" srcset=\"https:\/\/blog.proofs.de\/wp-content\/uploads\/2014\/08\/Foto-1-1024x764.jpg 1024w, https:\/\/blog.proofs.de\/wp-content\/uploads\/2014\/08\/Foto-1-300x224.jpg 300w, https:\/\/blog.proofs.de\/wp-content\/uploads\/2014\/08\/Foto-1-401x300.jpg 401w, https:\/\/blog.proofs.de\/wp-content\/uploads\/2014\/08\/Foto-1.jpg 1296w\" sizes=\"auto, (max-width: 584px) 100vw, 584px\"><\/a>Det var ocks\u00e5 fantastiskt att se effekten av Pantone neonf\u00e4rger som Pantone 811 C, som gav ett synligt ljusare f\u00e4rgresultat f\u00f6r \u00f6gat och till och med f\u00f6r en kamera \u00e4n rent vitt papper. De tv\u00e5 bilderna ovan \u00e4r \u00f6gonblicksbilder av en iPhone-kamera genom de tv\u00e5 filterfolierna i anaglyphglas\u00f6gonen. I det r\u00f6da omr\u00e5det kan man tydligt se att vissa Pantone-f\u00e4rger f\u00f6rsvinner helt genom folien, medan alla Pantone-f\u00e4rgstrimmor i det bl\u00e5 \u00e4r fullt synliga.<\/p>\n<p>Som enda pragmatiska l\u00f6sning utvecklade vi slutligen en kompromiss: Vi l\u00e4ttade upp f\u00e4rgerna r\u00f6tt och cyan betydligt f\u00f6r att f\u00f6rhindra sp\u00f6kbildningar och f\u00e4rgade bakgrunden p\u00e5 pappret ljusgr\u00e5tt i st\u00e4llet f\u00f6r vitt. Detta minimerade sp\u00f6kbildningen, s\u00e4rskilt i det cyanf\u00e4rgade omr\u00e5det, s\u00e5 att den \u00f6nskade visuella effekten av den anaglyfiska bilden uppn\u00e5ddes.<\/p>\n<p>\u00c4ven med intensiv forskning p\u00e5 Internet kunde vi inte hitta n\u00e5got annat eller b\u00e4ttre resultat. Olika artiklar av en fransman, Eric Dubois, beskriver dilemmat ganska bra, men hans resultat hj\u00e4lpte oss inte riktigt med v\u00e5rt problem med linjerepresentationer.<\/p>\n<p>N\u00e5gra viktiga l\u00e4nkar om anaglyfutskrifter som vi st\u00f6tte p\u00e5 under v\u00e5r forskning:<\/p>\n<p>http:\/\/www.site.uottawa.ca\/~edubois\/anaglyph\/<\/p>\n<p>https:\/\/forums.adobe.com\/thread\/377398<\/p>\n<p>http:\/\/en.wikipedia.org\/wiki\/Anaglyph_3D<\/p>\n<p>Tobias Weh fr\u00e5gade ocks\u00e5 i typografiforumet efter empiriska v\u00e4rden.<\/p>\n<p>http:\/\/www.typografie.info\/3\/topic\/31883-anaglyphe-bilder-drucken-rot-gr&uuml;n-3d\/<\/p>\n<p>Men inte heller h\u00e4r hittades n\u00e5gra ytterligare indikationer p\u00e5 ett b\u00e4ttre tillv\u00e4gag\u00e5ngss\u00e4tt.<\/p>\n<p>Slutsats: Det anaglyfiska omr\u00e5det verkar fungera mycket bra p\u00e5 sk\u00e4rmen. Detta st\u00f6ds av ett stort antal Kindle eBook-publikationer som s\u00e4ljs f\u00f6r sm\u00e5 pengar p\u00e5 Amazon. H\u00e4r fungerar anaglyfeffekten riktigt bra, en h\u00f6gkvalitativ bildsk\u00e4rm \u00e4r inte n\u00f6dv\u00e4ndig. Detta h\u00f6gkvalitativa resultat kan dock inte \u00e5terges i tryck.<\/p>\n<p>De b\u00f6cker med anaglyfer som f\u00f6r n\u00e4rvarande finns p\u00e5 marknaden \u00e4r huvudsakligen fyllda med historiska stereografiska bilder som bygger p\u00e5 en kontinuerlig tv\u00e5f\u00e4rgad och d\u00e4rmed gr\u00e5 bakgrund. Detta har f\u00f6rmodligen tv\u00e5 f\u00f6rdelar: Den gr\u00e5 tv\u00e5f\u00e4rgsbilden minimerar sp\u00f6kbildningen, och med historiska bilder \u00e4r v\u00e5r m\u00e4nskliga toleransniv\u00e5 helt enkelt h\u00f6gre \u00e4n med moderna fotografier eller, f\u00f6r den delen, med linjeteckningar.<\/p>\n<p>Om du har n\u00e5gra id\u00e9er om hur man kan producera en sp\u00f6kfri anaglyfbild med moderna utskriftssystem \u00e4r du v\u00e4lkommen att kontakta oss. Vi ser fram emot ytterligare input och all feedback p\u00e5 v\u00e5ra tankar.<\/p>","protected":false},"excerpt":{"rendered":"<p>F\u00f6r n\u00e5gra veckor sedan fick vi en ovanlig f\u00f6rfr\u00e5gan: Musikern och den blivande konststudenten Tobias Weh fr\u00e5n Osnabr\u00fcck experimenterade med linjeteckningar baserade p\u00e5 anaglyfer och uppn\u00e5dde mycket bra resultat p\u00e5 monitorn. Han skapade \u00f6verlappande linjeteckningar som sedan gav en annan bild n\u00e4r man tittade med v\u00e4nster \u00f6ga \u00e4n n\u00e4r man tittade med h\u00f6ger \u00f6ga. Fr\u00e5gan var om detta kunde \u00e5terges b\u00e4ttre med den h\u00f6ga f\u00e4rgskala som ett korrekturl\u00e4sningssystem har \u00e4n med en enkel bl\u00e4ckstr\u00e5leskrivare f\u00f6r hush\u00e5llsbruk. Eftersom s\u00e5dana fr\u00e5gor naturligtvis \u00e4r mycket intressanta vid f\u00f6rsta anblicken var vi snabbt beredda att hj\u00e4lpa herr Weh med ... <\/p>\n<p class=\"read-more-container\"><a title=\"Reproduktion av anaglyfbilder och linjedragningar.\" class=\"read-more button\" href=\"https:\/\/blog.proofs.de\/sv\/reproduktion-von-anaglyphen-bildern-und-strichzeichnungen\/#more-1052\" aria-label=\"L\u00e4s mer om Reproduktion av anaglyfiska bilder och linjeteckningar\">L\u00e4s mer p\u00e5<\/a><\/p>","protected":false},"author":2,"featured_media":1053,"comment_status":"open","ping_status":"open","sticky":false,"template":"","format":"standard","meta":{"om_disable_all_campaigns":false,"inline_featured_image":false,"_monsterinsights_skip_tracking":false,"footnotes":""},"categories":[1,441,25,7],"tags":[376,377,379,378,380,230,382,381],"class_list":["post-1052","post","type-post","status-publish","format-standard","has-post-thumbnail","hentry","category-allgemein","category-layout-tipps-und-tricks","category-licht-und-normlicht","category-proof-wissen","tag-anaglyph","tag-anaglyphen","tag-anaglyphen-drucken","tag-anaglyphenbild","tag-babelcolor","tag-lab","tag-spektren","tag-spektrum","generate-columns","tablet-grid-50","mobile-grid-100","grid-parent","grid-50","no-featured-image-padding","resize-featured-image"],"aioseo_notices":[],"aioseo_head":"\n\t\t<!-- All in One SEO 5.0.1.1 - aioseo.com -->\n\t<meta name=\"description\" content=\"Die Frage war, ob das mit dem hohen Farbumfang eines Proofsystems besser zu reproduzieren war als mit dem einfachen heimischen Tintenstrahldrucker.\" \/>\n\t<meta name=\"robots\" content=\"max-image-preview:large\" \/>\n\t<meta name=\"author\" content=\"Matthias Betz\"\/>\n\t<meta name=\"google-site-verification\" content=\"TuXxyRwxcEg2-WfOaQ8vScWQh3-uBAnxXmY7g3GT90A\" \/>\n\t<meta name=\"keywords\" content=\"anaglyph,anaglyphen,anaglyphen drucken,anaglyphenbild,babelcolor,lab,spektren,spektrum\" \/>\n\t<link rel=\"canonical\" href=\"https:\/\/blog.proofs.de\/sv\/reproduktion-von-anaglyphen-bildern-und-strichzeichnungen\/\" \/>\n\t<meta name=\"generator\" content=\"All in One SEO (AIOSEO) 5.0.1.1\" \/>\n\n\t\t<meta name=\"seobility\" content=\"593a8578143db71543f014978c690d47\">\n\t\t<meta property=\"og:locale\" content=\"sv_SE\" \/>\n\t\t<meta property=\"og:site_name\" content=\"Proof.de | Alles zu Proof, Farbmanagement, Grafik, Messtechnik &amp; Co.\" \/>\n\t\t<meta property=\"og:type\" content=\"article\" \/>\n\t\t<meta property=\"og:title\" content=\"Reproduktion von Anaglyphen Bildern | proof.de\" \/>\n\t\t<meta property=\"og:description\" content=\"Die Frage war, ob das mit dem hohen Farbumfang eines Proofsystems besser zu reproduzieren war als mit dem einfachen heimischen Tintenstrahldrucker.\" \/>\n\t\t<meta property=\"og:url\" content=\"https:\/\/blog.proofs.de\/sv\/reproduktion-von-anaglyphen-bildern-und-strichzeichnungen\/\" \/>\n\t\t<meta property=\"og:image\" content=\"https:\/\/blog.proofs.de\/wp-content\/uploads\/2014\/08\/Anaglyphenbrille-Durchgelassenes-Spektrum-der-beiden-Folien.png\" \/>\n\t\t<meta property=\"og:image:secure_url\" content=\"https:\/\/blog.proofs.de\/wp-content\/uploads\/2014\/08\/Anaglyphenbrille-Durchgelassenes-Spektrum-der-beiden-Folien.png\" \/>\n\t\t<meta property=\"og:image:width\" content=\"694\" \/>\n\t\t<meta property=\"og:image:height\" content=\"676\" \/>\n\t\t<meta property=\"article:published_time\" content=\"2014-09-29T23:09:34+00:00\" \/>\n\t\t<meta property=\"article:modified_time\" content=\"2020-05-08T11:19:18+00:00\" \/>\n\t\t<meta property=\"article:publisher\" content=\"https:\/\/www.facebook.com\/Proof.de\/\" \/>\n\t\t<meta name=\"twitter:card\" content=\"summary\" \/>\n\t\t<meta name=\"twitter:title\" content=\"Reproduktion von Anaglyphen Bildern | proof.de\" \/>\n\t\t<meta name=\"twitter:description\" content=\"Die Frage war, ob das mit dem hohen Farbumfang eines Proofsystems besser zu reproduzieren war als mit dem einfachen heimischen Tintenstrahldrucker.\" \/>\n\t\t<meta name=\"twitter:image\" content=\"https:\/\/blog1.proofen.de\/wp-content\/uploads\/2020\/04\/proof_background.jpg\" \/>\n\t\t<script type=\"application\/ld+json\" class=\"aioseo-schema\">\n\t\t\t{\"@context\":\"https:\\\/\\\/schema.org\",\"@graph\":[{\"@type\":\"Article\",\"@id\":\"https:\\\/\\\/blog.proofs.de\\\/sv\\\/reproduktion-von-anaglyphen-bildern-und-strichzeichnungen\\\/#article\",\"name\":\"Reproduktion von Anaglyphen Bildern | proof.de\",\"headline\":\"Reproduktion von Anaglyphen Bildern und Strichzeichnungen\",\"author\":{\"@id\":\"https:\\\/\\\/blog.proofs.de\\\/sv\\\/author\\\/mbetz\\\/#author\"},\"publisher\":{\"@id\":\"https:\\\/\\\/blog.proofs.de\\\/sv\\\/#organization\"},\"image\":{\"@type\":\"ImageObject\",\"url\":\"https:\\\/\\\/blog.proofs.de\\\/wp-content\\\/uploads\\\/2014\\\/08\\\/Anaglyphenbrille-Durchgelassenes-Spektrum-der-beiden-Folien.png\",\"width\":694,\"height\":676,\"caption\":\"Anaglyphenbrille - Durchgelassenes Spektrum der beiden Folien\"},\"datePublished\":\"2014-09-30T01:09:34+02:00\",\"dateModified\":\"2020-05-08T13:19:18+02:00\",\"inLanguage\":\"sv-SE\",\"commentCount\":3,\"mainEntityOfPage\":{\"@id\":\"https:\\\/\\\/blog.proofs.de\\\/sv\\\/reproduktion-von-anaglyphen-bildern-und-strichzeichnungen\\\/#webpage\"},\"isPartOf\":{\"@id\":\"https:\\\/\\\/blog.proofs.de\\\/sv\\\/reproduktion-von-anaglyphen-bildern-und-strichzeichnungen\\\/#webpage\"},\"articleSection\":\"Allgemein, Layout Tipps, Licht und Normlicht, Proof Wissen, anaglyph, anaglyphen, anaglyphen drucken, anaglyphenbild, babelcolor, LAB, spektren, spektrum\"},{\"@type\":\"BreadcrumbList\",\"@id\":\"https:\\\/\\\/blog.proofs.de\\\/sv\\\/reproduktion-von-anaglyphen-bildern-und-strichzeichnungen\\\/#breadcrumblist\",\"itemListElement\":[{\"@type\":\"ListItem\",\"@id\":\"https:\\\/\\\/blog.proofs.de\\\/sv#listItem\",\"position\":1,\"name\":\"Home\",\"item\":\"https:\\\/\\\/blog.proofs.de\\\/sv\",\"nextItem\":{\"@type\":\"ListItem\",\"@id\":\"https:\\\/\\\/blog.proofs.de\\\/sv\\\/thema\\\/proof-wissen\\\/#listItem\",\"name\":\"Proof Wissen\"}},{\"@type\":\"ListItem\",\"@id\":\"https:\\\/\\\/blog.proofs.de\\\/sv\\\/thema\\\/proof-wissen\\\/#listItem\",\"position\":2,\"name\":\"Proof Wissen\",\"item\":\"https:\\\/\\\/blog.proofs.de\\\/sv\\\/thema\\\/proof-wissen\\\/\",\"nextItem\":{\"@type\":\"ListItem\",\"@id\":\"https:\\\/\\\/blog.proofs.de\\\/sv\\\/thema\\\/proof-wissen\\\/licht-und-normlicht\\\/#listItem\",\"name\":\"Licht und Normlicht\"},\"previousItem\":{\"@type\":\"ListItem\",\"@id\":\"https:\\\/\\\/blog.proofs.de\\\/sv#listItem\",\"name\":\"Home\"}},{\"@type\":\"ListItem\",\"@id\":\"https:\\\/\\\/blog.proofs.de\\\/sv\\\/thema\\\/proof-wissen\\\/licht-und-normlicht\\\/#listItem\",\"position\":3,\"name\":\"Licht und Normlicht\",\"item\":\"https:\\\/\\\/blog.proofs.de\\\/sv\\\/thema\\\/proof-wissen\\\/licht-und-normlicht\\\/\",\"nextItem\":{\"@type\":\"ListItem\",\"@id\":\"https:\\\/\\\/blog.proofs.de\\\/sv\\\/reproduktion-von-anaglyphen-bildern-und-strichzeichnungen\\\/#listItem\",\"name\":\"Reproduktion von Anaglyphen Bildern und Strichzeichnungen\"},\"previousItem\":{\"@type\":\"ListItem\",\"@id\":\"https:\\\/\\\/blog.proofs.de\\\/sv\\\/thema\\\/proof-wissen\\\/#listItem\",\"name\":\"Proof Wissen\"}},{\"@type\":\"ListItem\",\"@id\":\"https:\\\/\\\/blog.proofs.de\\\/sv\\\/reproduktion-von-anaglyphen-bildern-und-strichzeichnungen\\\/#listItem\",\"position\":4,\"name\":\"Reproduktion von Anaglyphen Bildern und Strichzeichnungen\",\"previousItem\":{\"@type\":\"ListItem\",\"@id\":\"https:\\\/\\\/blog.proofs.de\\\/sv\\\/thema\\\/proof-wissen\\\/licht-und-normlicht\\\/#listItem\",\"name\":\"Licht und Normlicht\"}}]},{\"@type\":\"Organization\",\"@id\":\"https:\\\/\\\/blog.proofs.de\\\/sv\\\/#organization\",\"name\":\"Proof GmbH\",\"description\":\"Farbverbindlicher Proof, Farbproof, Digitalproof und Online-Proof.\",\"url\":\"https:\\\/\\\/blog.proofs.de\\\/sv\\\/\",\"telephone\":\"+4970717952740\",\"logo\":{\"@type\":\"ImageObject\",\"url\":\"https:\\\/\\\/blog1.proofen.de\\\/wp-content\\\/uploads\\\/2019\\\/09\\\/logo_proof_rgb_mit_balken_250px.png\",\"@id\":\"https:\\\/\\\/blog.proofs.de\\\/sv\\\/reproduktion-von-anaglyphen-bildern-und-strichzeichnungen\\\/#organizationLogo\"},\"image\":{\"@id\":\"https:\\\/\\\/blog.proofs.de\\\/sv\\\/reproduktion-von-anaglyphen-bildern-und-strichzeichnungen\\\/#organizationLogo\"},\"sameAs\":[\"https:\\\/\\\/www.facebook.com\\\/Proof.de\\\/\",\"https:\\\/\\\/www.instagram.com\\\/proof.de\\\/\",\"https:\\\/\\\/www.tiktok.com\\\/@proof_de\",\"https:\\\/\\\/www.youtube.com\\\/channel\\\/UCk80fQVQ25wC9wu3SywB-Nw\",\"https:\\\/\\\/www.linkedin.com\\\/company\\\/proof-de\"]},{\"@type\":\"Person\",\"@id\":\"https:\\\/\\\/blog.proofs.de\\\/sv\\\/author\\\/mbetz\\\/#author\",\"url\":\"https:\\\/\\\/blog.proofs.de\\\/sv\\\/author\\\/mbetz\\\/\",\"name\":\"Matthias Betz\",\"image\":{\"@type\":\"ImageObject\",\"@id\":\"https:\\\/\\\/blog.proofs.de\\\/sv\\\/reproduktion-von-anaglyphen-bildern-und-strichzeichnungen\\\/#authorImage\",\"url\":\"https:\\\/\\\/blog.proofs.de\\\/wp-content\\\/uploads\\\/2020\\\/10\\\/matthias-betz-e1603934518350-150x150.png\",\"width\":96,\"height\":96,\"caption\":\"Matthias Betz\"}},{\"@type\":\"WebPage\",\"@id\":\"https:\\\/\\\/blog.proofs.de\\\/sv\\\/reproduktion-von-anaglyphen-bildern-und-strichzeichnungen\\\/#webpage\",\"url\":\"https:\\\/\\\/blog.proofs.de\\\/sv\\\/reproduktion-von-anaglyphen-bildern-und-strichzeichnungen\\\/\",\"name\":\"Reproduktion von Anaglyphen Bildern | proof.de\",\"description\":\"Die Frage war, ob das mit dem hohen Farbumfang eines Proofsystems besser zu reproduzieren war als mit dem einfachen heimischen Tintenstrahldrucker.\",\"inLanguage\":\"sv-SE\",\"isPartOf\":{\"@id\":\"https:\\\/\\\/blog.proofs.de\\\/sv\\\/#website\"},\"breadcrumb\":{\"@id\":\"https:\\\/\\\/blog.proofs.de\\\/sv\\\/reproduktion-von-anaglyphen-bildern-und-strichzeichnungen\\\/#breadcrumblist\"},\"author\":{\"@id\":\"https:\\\/\\\/blog.proofs.de\\\/sv\\\/author\\\/mbetz\\\/#author\"},\"creator\":{\"@id\":\"https:\\\/\\\/blog.proofs.de\\\/sv\\\/author\\\/mbetz\\\/#author\"},\"image\":{\"@type\":\"ImageObject\",\"url\":\"https:\\\/\\\/blog.proofs.de\\\/wp-content\\\/uploads\\\/2014\\\/08\\\/Anaglyphenbrille-Durchgelassenes-Spektrum-der-beiden-Folien.png\",\"@id\":\"https:\\\/\\\/blog.proofs.de\\\/sv\\\/reproduktion-von-anaglyphen-bildern-und-strichzeichnungen\\\/#mainImage\",\"width\":694,\"height\":676,\"caption\":\"Anaglyphenbrille - Durchgelassenes Spektrum der beiden Folien\"},\"primaryImageOfPage\":{\"@id\":\"https:\\\/\\\/blog.proofs.de\\\/sv\\\/reproduktion-von-anaglyphen-bildern-und-strichzeichnungen\\\/#mainImage\"},\"datePublished\":\"2014-09-30T01:09:34+02:00\",\"dateModified\":\"2020-05-08T13:19:18+02:00\"},{\"@type\":\"WebSite\",\"@id\":\"https:\\\/\\\/blog.proofs.de\\\/sv\\\/#website\",\"url\":\"https:\\\/\\\/blog.proofs.de\\\/sv\\\/\",\"name\":\"Proof.de\",\"description\":\"Farbverbindlicher Proof, Farbproof, Digitalproof und Online-Proof.\",\"inLanguage\":\"sv-SE\",\"publisher\":{\"@id\":\"https:\\\/\\\/blog.proofs.de\\\/sv\\\/#organization\"}}]}\n\t\t<\/script>\n\t\t<!-- All in One SEO -->\n\n","aioseo_head_json":{"title":"Reproduktion av Anaglyph Images | proof.de","description":"Fr\u00e5gan var om detta kunde \u00e5terges b\u00e4ttre med den h\u00f6ga f\u00e4rgskalan i ett proofingsystem \u00e4n med den enkla bl\u00e4ckstr\u00e5leskrivaren f\u00f6r hemmabruk.","canonical_url":"https:\/\/blog.proofs.de\/sv\/reproduktion-von-anaglyphen-bildern-und-strichzeichnungen\/","robots":"max-image-preview:large","keywords":"anaglyph,anaglyphen,anaglyphen drucken,anaglyphenbild,babelcolor,lab,spektren,spektrum","webmasterTools":{"google-site-verification":"TuXxyRwxcEg2-WfOaQ8vScWQh3-uBAnxXmY7g3GT90A","miscellaneous":"&lt;meta name=\"seobility\" content=\"593a8578143db71543f014978c690d47\"&gt;"},"schema":{"@context":"https:\/\/schema.org","@graph":[{"@type":"Article","@id":"https:\/\/blog.proofs.de\/sv\/reproduktion-von-anaglyphen-bildern-und-strichzeichnungen\/#article","name":"Reproduktion von Anaglyphen Bildern | proof.de","headline":"Reproduktion von Anaglyphen Bildern und Strichzeichnungen","author":{"@id":"https:\/\/blog.proofs.de\/sv\/author\/mbetz\/#author"},"publisher":{"@id":"https:\/\/blog.proofs.de\/sv\/#organization"},"image":{"@type":"ImageObject","url":"https:\/\/blog.proofs.de\/wp-content\/uploads\/2014\/08\/Anaglyphenbrille-Durchgelassenes-Spektrum-der-beiden-Folien.png","width":694,"height":676,"caption":"Anaglyphenbrille - Durchgelassenes Spektrum der beiden Folien"},"datePublished":"2014-09-30T01:09:34+02:00","dateModified":"2020-05-08T13:19:18+02:00","inLanguage":"sv-SE","commentCount":3,"mainEntityOfPage":{"@id":"https:\/\/blog.proofs.de\/sv\/reproduktion-von-anaglyphen-bildern-und-strichzeichnungen\/#webpage"},"isPartOf":{"@id":"https:\/\/blog.proofs.de\/sv\/reproduktion-von-anaglyphen-bildern-und-strichzeichnungen\/#webpage"},"articleSection":"Allgemein, Layout Tipps, Licht und Normlicht, Proof Wissen, anaglyph, anaglyphen, anaglyphen drucken, anaglyphenbild, babelcolor, LAB, spektren, spektrum"},{"@type":"BreadcrumbList","@id":"https:\/\/blog.proofs.de\/sv\/reproduktion-von-anaglyphen-bildern-und-strichzeichnungen\/#breadcrumblist","itemListElement":[{"@type":"ListItem","@id":"https:\/\/blog.proofs.de\/sv#listItem","position":1,"name":"Home","item":"https:\/\/blog.proofs.de\/sv","nextItem":{"@type":"ListItem","@id":"https:\/\/blog.proofs.de\/sv\/thema\/proof-wissen\/#listItem","name":"Proof Wissen"}},{"@type":"ListItem","@id":"https:\/\/blog.proofs.de\/sv\/thema\/proof-wissen\/#listItem","position":2,"name":"Proof Wissen","item":"https:\/\/blog.proofs.de\/sv\/thema\/proof-wissen\/","nextItem":{"@type":"ListItem","@id":"https:\/\/blog.proofs.de\/sv\/thema\/proof-wissen\/licht-und-normlicht\/#listItem","name":"Licht und Normlicht"},"previousItem":{"@type":"ListItem","@id":"https:\/\/blog.proofs.de\/sv#listItem","name":"Home"}},{"@type":"ListItem","@id":"https:\/\/blog.proofs.de\/sv\/thema\/proof-wissen\/licht-und-normlicht\/#listItem","position":3,"name":"Licht und Normlicht","item":"https:\/\/blog.proofs.de\/sv\/thema\/proof-wissen\/licht-und-normlicht\/","nextItem":{"@type":"ListItem","@id":"https:\/\/blog.proofs.de\/sv\/reproduktion-von-anaglyphen-bildern-und-strichzeichnungen\/#listItem","name":"Reproduktion von Anaglyphen Bildern und Strichzeichnungen"},"previousItem":{"@type":"ListItem","@id":"https:\/\/blog.proofs.de\/sv\/thema\/proof-wissen\/#listItem","name":"Proof Wissen"}},{"@type":"ListItem","@id":"https:\/\/blog.proofs.de\/sv\/reproduktion-von-anaglyphen-bildern-und-strichzeichnungen\/#listItem","position":4,"name":"Reproduktion von Anaglyphen Bildern und Strichzeichnungen","previousItem":{"@type":"ListItem","@id":"https:\/\/blog.proofs.de\/sv\/thema\/proof-wissen\/licht-und-normlicht\/#listItem","name":"Licht und Normlicht"}}]},{"@type":"Organization","@id":"https:\/\/blog.proofs.de\/sv\/#organization","name":"Proof GmbH","description":"Farbverbindlicher Proof, Farbproof, Digitalproof und Online-Proof.","url":"https:\/\/blog.proofs.de\/sv\/","telephone":"+4970717952740","logo":{"@type":"ImageObject","url":"https:\/\/blog1.proofen.de\/wp-content\/uploads\/2019\/09\/logo_proof_rgb_mit_balken_250px.png","@id":"https:\/\/blog.proofs.de\/sv\/reproduktion-von-anaglyphen-bildern-und-strichzeichnungen\/#organizationLogo"},"image":{"@id":"https:\/\/blog.proofs.de\/sv\/reproduktion-von-anaglyphen-bildern-und-strichzeichnungen\/#organizationLogo"},"sameAs":["https:\/\/www.facebook.com\/Proof.de\/","https:\/\/www.instagram.com\/proof.de\/","https:\/\/www.tiktok.com\/@proof_de","https:\/\/www.youtube.com\/channel\/UCk80fQVQ25wC9wu3SywB-Nw","https:\/\/www.linkedin.com\/company\/proof-de"]},{"@type":"Person","@id":"https:\/\/blog.proofs.de\/sv\/author\/mbetz\/#author","url":"https:\/\/blog.proofs.de\/sv\/author\/mbetz\/","name":"Matthias Betz","image":{"@type":"ImageObject","@id":"https:\/\/blog.proofs.de\/sv\/reproduktion-von-anaglyphen-bildern-und-strichzeichnungen\/#authorImage","url":"https:\/\/blog.proofs.de\/wp-content\/uploads\/2020\/10\/matthias-betz-e1603934518350-150x150.png","width":96,"height":96,"caption":"Matthias Betz"}},{"@type":"WebPage","@id":"https:\/\/blog.proofs.de\/sv\/reproduktion-von-anaglyphen-bildern-und-strichzeichnungen\/#webpage","url":"https:\/\/blog.proofs.de\/sv\/reproduktion-von-anaglyphen-bildern-und-strichzeichnungen\/","name":"Reproduktion von Anaglyphen Bildern | proof.de","description":"Die Frage war, ob das mit dem hohen Farbumfang eines Proofsystems besser zu reproduzieren war als mit dem einfachen heimischen Tintenstrahldrucker.","inLanguage":"sv-SE","isPartOf":{"@id":"https:\/\/blog.proofs.de\/sv\/#website"},"breadcrumb":{"@id":"https:\/\/blog.proofs.de\/sv\/reproduktion-von-anaglyphen-bildern-und-strichzeichnungen\/#breadcrumblist"},"author":{"@id":"https:\/\/blog.proofs.de\/sv\/author\/mbetz\/#author"},"creator":{"@id":"https:\/\/blog.proofs.de\/sv\/author\/mbetz\/#author"},"image":{"@type":"ImageObject","url":"https:\/\/blog.proofs.de\/wp-content\/uploads\/2014\/08\/Anaglyphenbrille-Durchgelassenes-Spektrum-der-beiden-Folien.png","@id":"https:\/\/blog.proofs.de\/sv\/reproduktion-von-anaglyphen-bildern-und-strichzeichnungen\/#mainImage","width":694,"height":676,"caption":"Anaglyphenbrille - Durchgelassenes Spektrum der beiden Folien"},"primaryImageOfPage":{"@id":"https:\/\/blog.proofs.de\/sv\/reproduktion-von-anaglyphen-bildern-und-strichzeichnungen\/#mainImage"},"datePublished":"2014-09-30T01:09:34+02:00","dateModified":"2020-05-08T13:19:18+02:00"},{"@type":"WebSite","@id":"https:\/\/blog.proofs.de\/sv\/#website","url":"https:\/\/blog.proofs.de\/sv\/","name":"Proof.de","description":"Farbverbindlicher Proof, Farbproof, Digitalproof und Online-Proof.","inLanguage":"sv-SE","publisher":{"@id":"https:\/\/blog.proofs.de\/sv\/#organization"}}]},"og:locale":"sv_SE","og:site_name":"Proof.de | Alles zu Proof, Farbmanagement, Grafik, Messtechnik &amp; Co.","og:type":"article","og:title":"Reproduktion von Anaglyphen Bildern | proof.de","og:description":"Die Frage war, ob das mit dem hohen Farbumfang eines Proofsystems besser zu reproduzieren war als mit dem einfachen heimischen Tintenstrahldrucker.","og:url":"https:\/\/blog.proofs.de\/sv\/reproduktion-von-anaglyphen-bildern-und-strichzeichnungen\/","og:image":"https:\/\/blog.proofs.de\/wp-content\/uploads\/2014\/08\/Anaglyphenbrille-Durchgelassenes-Spektrum-der-beiden-Folien.png","og:image:secure_url":"https:\/\/blog.proofs.de\/wp-content\/uploads\/2014\/08\/Anaglyphenbrille-Durchgelassenes-Spektrum-der-beiden-Folien.png","og:image:width":694,"og:image:height":676,"article:published_time":"2014-09-29T23:09:34+00:00","article:modified_time":"2020-05-08T11:19:18+00:00","article:publisher":"https:\/\/www.facebook.com\/Proof.de\/","twitter:card":"summary","twitter:title":"Reproduktion von Anaglyphen Bildern | proof.de","twitter:description":"Die Frage war, ob das mit dem hohen Farbumfang eines Proofsystems besser zu reproduzieren war als mit dem einfachen heimischen Tintenstrahldrucker.","twitter:image":"https:\/\/blog1.proofen.de\/wp-content\/uploads\/2020\/04\/proof_background.jpg"},"aioseo_meta_data":{"post_id":"1052","title":"\u00c5tergivning av anaglyfiska bilder | proof.de","description":"Fr\u00e5gan var om detta kunde \u00e5terges b\u00e4ttre med den h\u00f6ga f\u00e4rgskalan i ett proofingsystem \u00e4n med den enkla bl\u00e4ckstr\u00e5leskrivaren f\u00f6r hemmabruk.","keywords":null,"keyphrases":null,"primary_term":null,"canonical_url":null,"og_title":null,"og_description":null,"og_object_type":"default","og_image_type":"default","og_image_url":null,"og_image_width":null,"og_image_height":null,"og_image_custom_url":null,"og_image_custom_fields":null,"og_video":null,"og_custom_url":null,"og_article_section":null,"og_article_tags":null,"twitter_use_og":false,"twitter_card":"default","twitter_image_type":"default","twitter_image_url":null,"twitter_image_custom_url":null,"twitter_image_custom_fields":null,"twitter_title":null,"twitter_description":null,"schema":{"blockGraphs":[],"customGraphs":[],"default":{"data":{"Article":[],"Course":[],"Dataset":[],"FAQPage":[],"Movie":[],"Person":[],"Product":[],"ProductReview":[],"Car":[],"Recipe":[],"Service":[],"SoftwareApplication":[],"WebPage":[]},"graphName":"","isEnabled":true},"graphs":[],"defaultGraph":"","defaultPostTypeGraph":""},"schema_type":null,"schema_type_options":null,"pillar_content":false,"robots_default":true,"robots_noindex":false,"robots_noarchive":false,"robots_nosnippet":false,"robots_nofollow":false,"robots_noimageindex":false,"robots_noodp":false,"robots_notranslate":false,"robots_max_snippet":null,"robots_max_videopreview":null,"robots_max_imagepreview":"large","priority":null,"frequency":null,"local_seo":null,"breadcrumb_settings":null,"limit_modified_date":false,"ai":null,"created":"2020-12-21 00:36:59","updated":"2025-06-04 14:17:01","seo_analyzer_scan_date":null,"focus_keyword":null,"additional_keywords":null,"truseo_locale":null},"_links":{"self":[{"href":"https:\/\/blog.proofs.de\/sv\/wp-json\/wp\/v2\/posts\/1052","targetHints":{"allow":["GET"]}}],"collection":[{"href":"https:\/\/blog.proofs.de\/sv\/wp-json\/wp\/v2\/posts"}],"about":[{"href":"https:\/\/blog.proofs.de\/sv\/wp-json\/wp\/v2\/types\/post"}],"author":[{"embeddable":true,"href":"https:\/\/blog.proofs.de\/sv\/wp-json\/wp\/v2\/users\/2"}],"replies":[{"embeddable":true,"href":"https:\/\/blog.proofs.de\/sv\/wp-json\/wp\/v2\/comments?post=1052"}],"version-history":[{"count":10,"href":"https:\/\/blog.proofs.de\/sv\/wp-json\/wp\/v2\/posts\/1052\/revisions"}],"predecessor-version":[{"id":3927,"href":"https:\/\/blog.proofs.de\/sv\/wp-json\/wp\/v2\/posts\/1052\/revisions\/3927"}],"wp:featuredmedia":[{"embeddable":true,"href":"https:\/\/blog.proofs.de\/sv\/wp-json\/wp\/v2\/media\/1053"}],"wp:attachment":[{"href":"https:\/\/blog.proofs.de\/sv\/wp-json\/wp\/v2\/media?parent=1052"}],"wp:term":[{"taxonomy":"category","embeddable":true,"href":"https:\/\/blog.proofs.de\/sv\/wp-json\/wp\/v2\/categories?post=1052"},{"taxonomy":"post_tag","embeddable":true,"href":"https:\/\/blog.proofs.de\/sv\/wp-json\/wp\/v2\/tags?post=1052"}],"curies":[{"name":"wp","href":"https:\/\/api.w.org\/{rel}","templated":true}]}}