{"id":2031,"date":"2018-02-27T00:36:23","date_gmt":"2018-02-26T23:36:23","guid":{"rendered":"http:\/\/www.proof.de\/?p=2031"},"modified":"2020-05-08T11:38:39","modified_gmt":"2020-05-08T09:38:39","slug":"din-spec-affaersplan-oeppen-faerg-kommunikation-publicerad","status":"publish","type":"post","link":"https:\/\/blog.proofs.de\/sv\/din-spec-geschaeftsplan-offene-farbkommunikation-veroeffentlicht\/","title":{"rendered":"DIN SPEC Aff\u00e4rsplan \"\u00d6ppen f\u00e4rgkommunikation\" publicerad"},"content":{"rendered":"<div class=\"kk-star-ratings kksr-auto kksr-align-right kksr-valign-top\" data-payload='{\"align\":\"right\",\"id\":\"2031\",\"slug\":\"default\",\"valign\":\"top\",\"ignore\":\"\",\"reference\":\"auto\",\"class\":\"\",\"count\":\"0\",\"legendonly\":\"\",\"readonly\":\"\",\"score\":\"0\",\"starsonly\":\"\",\"best\":\"5\",\"gap\":\"5\",\"greet\":\"Jetzt bewerten\",\"legend\":\"0\\\/5 - (0 votes)\",\"size\":\"24\",\"title\":\"DIN SPEC Gesch&auml;ftsplan \\u0026quot;Offene Farbkommunikation\\u0026quot; ver&ouml;ffentlicht\",\"width\":\"0\",\"_legend\":\"{score}\\\/{best} - ({count} {votes})\",\"font_factor\":\"1.25\"}'>\n            \n<div class=\"kksr-stars\">\n    \n<div class=\"kksr-stars-inactive\">\n            <div class=\"kksr-star\" data-star=\"1\" style=\"padding-right: 5px\">\n            \n\n<div class=\"kksr-icon\" style=\"width: 24px; height: 24px;\"><\/div>\n        <\/div>\n            <div class=\"kksr-star\" data-star=\"2\" style=\"padding-right: 5px\">\n            \n\n<div class=\"kksr-icon\" style=\"width: 24px; height: 24px;\"><\/div>\n        <\/div>\n            <div class=\"kksr-star\" data-star=\"3\" style=\"padding-right: 5px\">\n            \n\n<div class=\"kksr-icon\" style=\"width: 24px; height: 24px;\"><\/div>\n        <\/div>\n            <div class=\"kksr-star\" data-star=\"4\" style=\"padding-right: 5px\">\n            \n\n<div class=\"kksr-icon\" style=\"width: 24px; height: 24px;\"><\/div>\n        <\/div>\n            <div class=\"kksr-star\" data-star=\"5\" style=\"padding-right: 5px\">\n            \n\n<div class=\"kksr-icon\" style=\"width: 24px; height: 24px;\"><\/div>\n        <\/div>\n    <\/div>\n    \n<div class=\"kksr-stars-active\" style=\"width: 0px;\">\n            <div class=\"kksr-star\" style=\"padding-right: 5px\">\n            \n\n<div class=\"kksr-icon\" style=\"width: 24px; height: 24px;\"><\/div>\n        <\/div>\n            <div class=\"kksr-star\" style=\"padding-right: 5px\">\n            \n\n<div class=\"kksr-icon\" style=\"width: 24px; height: 24px;\"><\/div>\n        <\/div>\n            <div class=\"kksr-star\" style=\"padding-right: 5px\">\n            \n\n<div class=\"kksr-icon\" style=\"width: 24px; height: 24px;\"><\/div>\n        <\/div>\n            <div class=\"kksr-star\" style=\"padding-right: 5px\">\n            \n\n<div class=\"kksr-icon\" style=\"width: 24px; height: 24px;\"><\/div>\n        <\/div>\n            <div class=\"kksr-star\" style=\"padding-right: 5px\">\n            \n\n<div class=\"kksr-icon\" style=\"width: 24px; height: 24px;\"><\/div>\n        <\/div>\n    <\/div>\n<\/div>\n                \n\n<div class=\"kksr-legend\" style=\"font-size: 19.2px;\">\n            <span class=\"kksr-muted\">Betygs\u00e4tt nu<\/span>\n    <\/div>\n    <\/div>\n<p>F\u00f6r n\u00e4rvarande har v\u00e5r verksamhetsplan f\u00f6r freieFarbe e.V. DIN SPEC publicerats p\u00e5 DIN:s webbplats f\u00f6r kommentarer i 4 veckor fr\u00e5n 19.02.2018 till 19.03.2018.<\/p>\n<p><a href=\"https:\/\/www.din.de\/de\/forschung-und-innovation\/din-spec\/alle-geschaeftsplaene\"><img loading=\"lazy\" decoding=\"async\" class=\"alignright wp-image-2032 size-medium\" title=\"DIN SPEC 16699 \u00d6ppen f\u00e4rgkommunikation\" src=\"https:\/\/blog1.proofen.de\/wp-content\/uploads\/2018\/02\/Bildschirmfoto-2018-02-25-um-01.01.13-300x75.png\" alt=\"DIN SPEC 16699 \u00d6ppen f\u00e4rgkommunikation\" width=\"300\" height=\"75\" srcset=\"https:\/\/blog.proofs.de\/wp-content\/uploads\/2018\/02\/Bildschirmfoto-2018-02-25-um-01.01.13-300x75.png 300w, https:\/\/blog.proofs.de\/wp-content\/uploads\/2018\/02\/Bildschirmfoto-2018-02-25-um-01.01.13-768x193.png 768w, https:\/\/blog.proofs.de\/wp-content\/uploads\/2018\/02\/Bildschirmfoto-2018-02-25-um-01.01.13-500x126.png 500w, https:\/\/blog.proofs.de\/wp-content\/uploads\/2018\/02\/Bildschirmfoto-2018-02-25-um-01.01.13.png 946w\" sizes=\"auto, (max-width: 300px) 100vw, 300px\"><\/a>I denna DIN SPEC presenterar vi arbetsverktyg och f\u00f6rfaranden f\u00f6r \u00f6ppen och otvetydig f\u00e4rgkommunikation fr\u00e5n design till f\u00e4rdig produkt som bygger p\u00e5 f\u00f6ljande <a href=\"https:\/\/blog.proofs.de\/sv\/lexikon\/cielab\/\" target=\"_self\" title=\"CIELAB:s f\u00e4rgmodell definierades 1976 av Commission Internationale de l&#039;Eclairage och beskriver alla uppfattbara f\u00e4rger. Den \u00e4r en vidareutveckling av Hunter-LAB:s f\u00e4rgskala fr\u00e5n 1966 och en matematisk f\u00e4rgmodell d\u00e4r ett objekts spektrala egenskaper och v\u00e5rt visuella systems perceptuella egenskaper st\u00e4lls mot varandra. CIELAB, eller LAB som det f\u00f6rkortas, anv\u00e4nds fortfarande i stor utstr\u00e4ckning...\" class=\"encyclopedia\">CIELAB<\/a> F\u00e4rgv\u00e4rden, fysiska m\u00f6nster enligt ISO12647-7 och spektrala data i den <a href=\"https:\/\/blog.proofs.de\/sv\/lexikon\/cxf\/\" target=\"_self\" title='CxF st\u00e5r f\u00f6r &quot;Color Exchange Format&quot;, ett \u00f6ppet XML-format f\u00f6r utbyte av f\u00e4rginformation.' class=\"encyclopedia\">CxF<\/a>3 Format enligt ISO 17972 d<a href=\"https:\/\/blog.proofs.de\/sv\/lexikon\/efi\/\" target=\"_self\" title=\"Electronics For Imaging Inc. (EFI) \u00e4r ett amerikanskt f\u00f6retag och tillverkare av ett av v\u00e4rldens ledande korrekturl\u00e4sningssystem: EFI Colorproof XF, sedan 2013 Fiery XF. EFI \u00e4r en l\u00f6sningsleverant\u00f6r f\u00f6r stora utskriftssystem, RIP:er och f\u00e4rghanteringsl\u00f6sningar som proofing.\" class=\"encyclopedia\">efi<\/a>nate.<\/p>\n<p>DIN SPEC beskriver b\u00e5de hur man skapar de fysiska m\u00f6nstren och CxF-spektraldata f\u00f6r alla CIE<a href=\"https:\/\/blog.proofs.de\/sv\/lexikon\/lab\/\" target=\"_self\" title=\"CIELAB eller LAB \u00e4r en matematisk f\u00e4rgmodell som har blivit etablerad \u00f6verallt d\u00e4r exakt f\u00e4rgber\u00e4kning kr\u00e4vs. F\u00e4rgstyrning med datorer arbetar vanligtvis med CIELAB.\" class=\"encyclopedia\">LAB<\/a>-f\u00e4rgv\u00e4rden av anv\u00e4ndaren samt de grundl\u00e4ggande v\u00e4rdena f\u00f6r en \u00f6ppen referens.<a href=\"https:\/\/blog.proofs.de\/sv\/lexikon\/farbsystem\/\" target=\"_self\" title=\"Ett f\u00e4rgsystem (eller en f\u00e4rgmodell) \u00e4r en abstrakt matematisk metod f\u00f6r att best\u00e4mma och specificera f\u00e4rger och deras f\u00f6rh\u00e5llande till varandra. Det likst\u00e4lls ofta med f\u00e4rgrymd, som dock \u00e4r den konkreta till\u00e4mpningen av ett f\u00e4rgsystem p\u00e5 en metod som ger f\u00e4rg (skrivare, sk\u00e4rm osv.).\" class=\"encyclopedia\">f\u00e4rgsystem<\/a>s, som \u00e4r tillg\u00e4nglig f\u00f6r alla anv\u00e4ndare utan licenskostnader inom ramen f\u00f6r en Creative Commons-licens. Arbetsverktygen som beskrivs i DIN SPEC \u00e4r s\u00e4rskilt l\u00e4mpliga f\u00f6r uppgifter d\u00e4r f\u00e4rgerna i designen definieras i olika produktionsprocesser och kommuniceras till de producerande f\u00f6retagen med hj\u00e4lp av fysiska prover och spektraldata, det f\u00f6rfarande som beskrivs i DIN SPEC \u00e4r avsett att m\u00f6jligg\u00f6ra skapandet av matta, silkesm\u00e5tt och blanka f\u00e4rgprover p\u00e5 slutna ostrukturerade ytor.<\/p>\n<p>DIN Building och DIN Square \u00a9 DINTDIN SPEC \u00e4r p\u00e5 s\u00e4tt och vis DIN-standardens lillebror. DIN skriver: \"DIN SPEC \u00e4r ett mycket effektivt marknadsf\u00f6ringsverktyg som tack vare det erk\u00e4nda DIN-m\u00e4rket f\u00e5r stor acceptans bland kunder och partner. DIN ser till att DIN SPEC inte kolliderar med befintliga standarder och publicerar standarderna, \u00e4ven internationellt. En DIN SPEC kan ligga till grund f\u00f6r en DIN-standard.\"<\/p>\n<p>Vi p\u00e5 freieFarbe e.V. vill anv\u00e4nda DIN SPEC 16699 \"\u00d6ppen f\u00e4rgkommunikation\" f\u00f6r att visa att med \u00f6ppna verktyg och processer samt Creative Commons-licenser, s\u00e4rskilt CIELAB-standarden, kan <a href=\"https:\/\/blog.proofs.de\/sv\/lexikon\/icc\/\" target=\"_self\" title=\"International Color Consortium, ICC, \u00e4r en internationell kommitt\u00e9 som ansvarar f\u00f6r att standardisera f\u00e4rgprofiler.&nbsp;\" class=\"encyclopedia\">ICC<\/a>-baserad <a href=\"https:\/\/blog.proofs.de\/sv\/lexikon\/farbmanagement\/\" target=\"_self\" title=\"Syftet med f\u00e4rghantering \u00e4r att se till att f\u00e4rgerna \u00e5terges s\u00e5 lika som m\u00f6jligt p\u00e5 olika enheter som kameror, skannrar, sk\u00e4rmar, laser-, bl\u00e4ckstr\u00e5le- och offsetskrivare och m\u00e5nga fler.\" class=\"encyclopedia\">F\u00e4rghantering<\/a> och ISO-standarder f\u00f6r spektrala data \u00e4r det m\u00f6jligt att kommunicera f\u00e4rg p\u00e5 professionell niv\u00e5.<\/p>\n<p><a href=\"http:\/\/www.freiefarbe.de\" target=\"_blank\" rel=\"noopener noreferrer\">Du kan ocks\u00e5 hitta mer information p\u00e5 freieFarbe.de.<\/a><\/p>","protected":false},"excerpt":{"rendered":"<p>V\u00e5r aff\u00e4rsplan freieFarbe e.V. DIN SPEC har f\u00f6r n\u00e4rvarande publicerats p\u00e5 DIN:s webbplats under 4 veckor fr\u00e5n den 19 februari 2018 till den 19 mars 2018 f\u00f6r kommentarer. I denna DIN SPEC kommer vi att definiera verktyg och f\u00f6rfaranden f\u00f6r \u00f6ppen och entydig f\u00e4rgkommunikation fr\u00e5n design till f\u00e4rdig produkt baserat p\u00e5 CIELAB-f\u00e4rgv\u00e4rden, fysiska prover enligt ISO12647-7 och spektraldata i CxF3-format enligt ISO 17972. DIN SPEC beskriver b\u00e5de hur anv\u00e4ndaren kan skapa fysiska prover och CxF-spektraldata f\u00f6r alla CIELAB-f\u00e4rgv\u00e4rden samt de grundl\u00e4ggande v\u00e4rdena f\u00f6r ett \u00f6ppet referensf\u00e4rgsystem som kan anv\u00e4ndas av alla anv\u00e4ndare utan ... <\/p>\n<p class=\"read-more-container\"><a title=\"DIN SPEC aff\u00e4rsplan &quot;\u00d6ppen f\u00e4rgkommunikation&quot; publicerad\" class=\"read-more button\" href=\"https:\/\/blog.proofs.de\/sv\/din-spec-geschaeftsplan-offene-farbkommunikation-veroeffentlicht\/#more-2031\" aria-label=\"L\u00e4s mer om DIN SPEC aff\u00e4rsplan \u201e\u00d6ppen f\u00e4rgkommunikation\u201c publicerad\">L\u00e4s mer p\u00e5<\/a><\/p>","protected":false},"author":2,"featured_media":2039,"comment_status":"open","ping_status":"open","sticky":false,"template":"","format":"standard","meta":{"om_disable_all_campaigns":false,"inline_featured_image":false,"_monsterinsights_skip_tracking":false,"footnotes":""},"categories":[1],"tags":[714,715,712,713,680],"class_list":["post-2031","post","type-post","status-publish","format-standard","has-post-thumbnail","hentry","category-allgemein","tag-714","tag-din","tag-din-spec","tag-din-spec-16699","tag-freiefarbe-e-v","generate-columns","tablet-grid-50","mobile-grid-100","grid-parent","grid-50","no-featured-image-padding","resize-featured-image"],"aioseo_notices":[],"aioseo_head":"\n\t\t<!-- All in One SEO 5.0.1.1 - aioseo.com -->\n\t<meta name=\"description\" content=\"Aktuell wurde unser freieFarbe e.V. DIN SPEC Gesch\u00e4ftsplan f\u00fcr 4 Wochen vom 19.02.2018 bis zum 19.03.2018 auf der DIN-Webseite zur Kommentierung ver\u00f6ffentlicht.\" \/>\n\t<meta name=\"robots\" content=\"max-image-preview:large\" \/>\n\t<meta name=\"author\" content=\"Matthias Betz\"\/>\n\t<meta name=\"google-site-verification\" content=\"TuXxyRwxcEg2-WfOaQ8vScWQh3-uBAnxXmY7g3GT90A\" \/>\n\t<meta name=\"keywords\" content=\"freiefarbe e.v.,din spec,din spec 16699,16699,din,16699,din,din spec,din spec 16699,freiefarbe e.v.\" \/>\n\t<link rel=\"canonical\" href=\"https:\/\/blog.proofs.de\/sv\/din-spec-geschaeftsplan-offene-farbkommunikation-veroeffentlicht\/\" \/>\n\t<meta name=\"generator\" content=\"All in One SEO (AIOSEO) 5.0.1.1\" \/>\n\n\t\t<meta name=\"seobility\" content=\"593a8578143db71543f014978c690d47\">\n\t\t<meta property=\"og:locale\" content=\"sv_SE\" \/>\n\t\t<meta property=\"og:site_name\" content=\"Proof.de | Alles zu Proof, Farbmanagement, Grafik, Messtechnik &amp; Co.\" \/>\n\t\t<meta property=\"og:type\" content=\"article\" \/>\n\t\t<meta property=\"og:title\" content=\"DIN SPEC &quot;Offene Farbkommunikation&quot; erschienen | proof.de\" \/>\n\t\t<meta property=\"og:description\" content=\"Aktuell wurde unser freieFarbe e.V. DIN SPEC Gesch\u00e4ftsplan f\u00fcr 4 Wochen vom 19.02.2018 bis zum 19.03.2018 auf der DIN-Webseite zur Kommentierung ver\u00f6ffentlicht.\" \/>\n\t\t<meta property=\"og:url\" content=\"https:\/\/blog.proofs.de\/sv\/din-spec-geschaeftsplan-offene-farbkommunikation-veroeffentlicht\/\" \/>\n\t\t<meta property=\"og:image\" content=\"https:\/\/blog.proofs.de\/wp-content\/uploads\/2018\/02\/DIN_Geb\u00d1ude_DIN-Platz-e1541466353442.jpg\" \/>\n\t\t<meta property=\"og:image:secure_url\" content=\"https:\/\/blog.proofs.de\/wp-content\/uploads\/2018\/02\/DIN_Geb\u00d1ude_DIN-Platz-e1541466353442.jpg\" \/>\n\t\t<meta property=\"og:image:width\" content=\"1000\" \/>\n\t\t<meta property=\"og:image:height\" content=\"667\" \/>\n\t\t<meta property=\"article:published_time\" content=\"2018-02-26T23:36:23+00:00\" \/>\n\t\t<meta property=\"article:modified_time\" content=\"2020-05-08T09:38:39+00:00\" \/>\n\t\t<meta property=\"article:publisher\" content=\"https:\/\/www.facebook.com\/Proof.de\/\" \/>\n\t\t<meta name=\"twitter:card\" content=\"summary\" \/>\n\t\t<meta name=\"twitter:title\" content=\"DIN SPEC &quot;Offene Farbkommunikation&quot; erschienen | proof.de\" \/>\n\t\t<meta name=\"twitter:description\" content=\"Aktuell wurde unser freieFarbe e.V. DIN SPEC Gesch\u00e4ftsplan f\u00fcr 4 Wochen vom 19.02.2018 bis zum 19.03.2018 auf der DIN-Webseite zur Kommentierung ver\u00f6ffentlicht.\" \/>\n\t\t<meta name=\"twitter:image\" content=\"https:\/\/blog1.proofen.de\/wp-content\/uploads\/2020\/04\/proof_background.jpg\" \/>\n\t\t<script type=\"application\/ld+json\" class=\"aioseo-schema\">\n\t\t\t{\"@context\":\"https:\\\/\\\/schema.org\",\"@graph\":[{\"@type\":\"Article\",\"@id\":\"https:\\\/\\\/blog.proofs.de\\\/sv\\\/din-spec-geschaeftsplan-offene-farbkommunikation-veroeffentlicht\\\/#article\",\"name\":\"DIN SPEC \\\"Offene Farbkommunikation\\\" erschienen | proof.de\",\"headline\":\"DIN SPEC Gesch\\u00e4ftsplan &#8222;Offene Farbkommunikation&#8220; ver\\u00f6ffentlicht\",\"author\":{\"@id\":\"https:\\\/\\\/blog.proofs.de\\\/sv\\\/author\\\/mbetz\\\/#author\"},\"publisher\":{\"@id\":\"https:\\\/\\\/blog.proofs.de\\\/sv\\\/#organization\"},\"image\":{\"@type\":\"ImageObject\",\"url\":\"https:\\\/\\\/blog.proofs.de\\\/wp-content\\\/uploads\\\/2018\\\/02\\\/DIN_Geb\\u00d1ude_DIN-Platz-e1541466353442.jpg\",\"width\":1000,\"height\":667,\"caption\":\"Haus der Normung am DIN-Platz in Berlin\"},\"datePublished\":\"2018-02-27T00:36:23+01:00\",\"dateModified\":\"2020-05-08T11:38:39+02:00\",\"inLanguage\":\"sv-SE\",\"mainEntityOfPage\":{\"@id\":\"https:\\\/\\\/blog.proofs.de\\\/sv\\\/din-spec-geschaeftsplan-offene-farbkommunikation-veroeffentlicht\\\/#webpage\"},\"isPartOf\":{\"@id\":\"https:\\\/\\\/blog.proofs.de\\\/sv\\\/din-spec-geschaeftsplan-offene-farbkommunikation-veroeffentlicht\\\/#webpage\"},\"articleSection\":\"Allgemein, 16699, DIN, DIN SPEC, DIN SPEC 16699, freieFarbe e.V.\"},{\"@type\":\"BreadcrumbList\",\"@id\":\"https:\\\/\\\/blog.proofs.de\\\/sv\\\/din-spec-geschaeftsplan-offene-farbkommunikation-veroeffentlicht\\\/#breadcrumblist\",\"itemListElement\":[{\"@type\":\"ListItem\",\"@id\":\"https:\\\/\\\/blog.proofs.de\\\/sv#listItem\",\"position\":1,\"name\":\"Home\",\"item\":\"https:\\\/\\\/blog.proofs.de\\\/sv\",\"nextItem\":{\"@type\":\"ListItem\",\"@id\":\"https:\\\/\\\/blog.proofs.de\\\/sv\\\/thema\\\/allgemein\\\/#listItem\",\"name\":\"Allgemein\"}},{\"@type\":\"ListItem\",\"@id\":\"https:\\\/\\\/blog.proofs.de\\\/sv\\\/thema\\\/allgemein\\\/#listItem\",\"position\":2,\"name\":\"Allgemein\",\"item\":\"https:\\\/\\\/blog.proofs.de\\\/sv\\\/thema\\\/allgemein\\\/\",\"nextItem\":{\"@type\":\"ListItem\",\"@id\":\"https:\\\/\\\/blog.proofs.de\\\/sv\\\/din-spec-geschaeftsplan-offene-farbkommunikation-veroeffentlicht\\\/#listItem\",\"name\":\"DIN SPEC Gesch\\u00e4ftsplan &#8222;Offene Farbkommunikation&#8220; ver\\u00f6ffentlicht\"},\"previousItem\":{\"@type\":\"ListItem\",\"@id\":\"https:\\\/\\\/blog.proofs.de\\\/sv#listItem\",\"name\":\"Home\"}},{\"@type\":\"ListItem\",\"@id\":\"https:\\\/\\\/blog.proofs.de\\\/sv\\\/din-spec-geschaeftsplan-offene-farbkommunikation-veroeffentlicht\\\/#listItem\",\"position\":3,\"name\":\"DIN SPEC Gesch\\u00e4ftsplan &#8222;Offene Farbkommunikation&#8220; ver\\u00f6ffentlicht\",\"previousItem\":{\"@type\":\"ListItem\",\"@id\":\"https:\\\/\\\/blog.proofs.de\\\/sv\\\/thema\\\/allgemein\\\/#listItem\",\"name\":\"Allgemein\"}}]},{\"@type\":\"Organization\",\"@id\":\"https:\\\/\\\/blog.proofs.de\\\/sv\\\/#organization\",\"name\":\"Proof GmbH\",\"description\":\"Farbverbindlicher Proof, Farbproof, Digitalproof und Online-Proof.\",\"url\":\"https:\\\/\\\/blog.proofs.de\\\/sv\\\/\",\"telephone\":\"+4970717952740\",\"logo\":{\"@type\":\"ImageObject\",\"url\":\"https:\\\/\\\/blog1.proofen.de\\\/wp-content\\\/uploads\\\/2019\\\/09\\\/logo_proof_rgb_mit_balken_250px.png\",\"@id\":\"https:\\\/\\\/blog.proofs.de\\\/sv\\\/din-spec-geschaeftsplan-offene-farbkommunikation-veroeffentlicht\\\/#organizationLogo\"},\"image\":{\"@id\":\"https:\\\/\\\/blog.proofs.de\\\/sv\\\/din-spec-geschaeftsplan-offene-farbkommunikation-veroeffentlicht\\\/#organizationLogo\"},\"sameAs\":[\"https:\\\/\\\/www.facebook.com\\\/Proof.de\\\/\",\"https:\\\/\\\/www.instagram.com\\\/proof.de\\\/\",\"https:\\\/\\\/www.tiktok.com\\\/@proof_de\",\"https:\\\/\\\/www.youtube.com\\\/channel\\\/UCk80fQVQ25wC9wu3SywB-Nw\",\"https:\\\/\\\/www.linkedin.com\\\/company\\\/proof-de\"]},{\"@type\":\"Person\",\"@id\":\"https:\\\/\\\/blog.proofs.de\\\/sv\\\/author\\\/mbetz\\\/#author\",\"url\":\"https:\\\/\\\/blog.proofs.de\\\/sv\\\/author\\\/mbetz\\\/\",\"name\":\"Matthias Betz\",\"image\":{\"@type\":\"ImageObject\",\"@id\":\"https:\\\/\\\/blog.proofs.de\\\/sv\\\/din-spec-geschaeftsplan-offene-farbkommunikation-veroeffentlicht\\\/#authorImage\",\"url\":\"https:\\\/\\\/blog.proofs.de\\\/wp-content\\\/uploads\\\/2020\\\/10\\\/matthias-betz-e1603934518350-150x150.png\",\"width\":96,\"height\":96,\"caption\":\"Matthias Betz\"}},{\"@type\":\"WebPage\",\"@id\":\"https:\\\/\\\/blog.proofs.de\\\/sv\\\/din-spec-geschaeftsplan-offene-farbkommunikation-veroeffentlicht\\\/#webpage\",\"url\":\"https:\\\/\\\/blog.proofs.de\\\/sv\\\/din-spec-geschaeftsplan-offene-farbkommunikation-veroeffentlicht\\\/\",\"name\":\"DIN SPEC \\\"Offene Farbkommunikation\\\" erschienen | proof.de\",\"description\":\"Aktuell wurde unser freieFarbe e.V. DIN SPEC Gesch\\u00e4ftsplan f\\u00fcr 4 Wochen vom 19.02.2018 bis zum 19.03.2018 auf der DIN-Webseite zur Kommentierung ver\\u00f6ffentlicht.\",\"inLanguage\":\"sv-SE\",\"isPartOf\":{\"@id\":\"https:\\\/\\\/blog.proofs.de\\\/sv\\\/#website\"},\"breadcrumb\":{\"@id\":\"https:\\\/\\\/blog.proofs.de\\\/sv\\\/din-spec-geschaeftsplan-offene-farbkommunikation-veroeffentlicht\\\/#breadcrumblist\"},\"author\":{\"@id\":\"https:\\\/\\\/blog.proofs.de\\\/sv\\\/author\\\/mbetz\\\/#author\"},\"creator\":{\"@id\":\"https:\\\/\\\/blog.proofs.de\\\/sv\\\/author\\\/mbetz\\\/#author\"},\"image\":{\"@type\":\"ImageObject\",\"url\":\"https:\\\/\\\/blog.proofs.de\\\/wp-content\\\/uploads\\\/2018\\\/02\\\/DIN_Geb\\u00d1ude_DIN-Platz-e1541466353442.jpg\",\"@id\":\"https:\\\/\\\/blog.proofs.de\\\/sv\\\/din-spec-geschaeftsplan-offene-farbkommunikation-veroeffentlicht\\\/#mainImage\",\"width\":1000,\"height\":667,\"caption\":\"Haus der Normung am DIN-Platz in Berlin\"},\"primaryImageOfPage\":{\"@id\":\"https:\\\/\\\/blog.proofs.de\\\/sv\\\/din-spec-geschaeftsplan-offene-farbkommunikation-veroeffentlicht\\\/#mainImage\"},\"datePublished\":\"2018-02-27T00:36:23+01:00\",\"dateModified\":\"2020-05-08T11:38:39+02:00\"},{\"@type\":\"WebSite\",\"@id\":\"https:\\\/\\\/blog.proofs.de\\\/sv\\\/#website\",\"url\":\"https:\\\/\\\/blog.proofs.de\\\/sv\\\/\",\"name\":\"Proof.de\",\"description\":\"Farbverbindlicher Proof, Farbproof, Digitalproof und Online-Proof.\",\"inLanguage\":\"sv-SE\",\"publisher\":{\"@id\":\"https:\\\/\\\/blog.proofs.de\\\/sv\\\/#organization\"}}]}\n\t\t<\/script>\n\t\t<!-- All in One SEO -->\n\n","aioseo_head_json":{"title":"DIN SPEC \"\u00d6ppen f\u00e4rgkommunikation\" publicerad | proof.de","description":"V\u00e5r aff\u00e4rsplan freieFarbe e.V. DIN SPEC publicerades f\u00f6r n\u00e4rvarande p\u00e5 DIN:s webbplats under 4 veckor fr\u00e5n den 19 februari 2018 till den 19 mars 2018 f\u00f6r kommentarer.","canonical_url":"https:\/\/blog.proofs.de\/sv\/din-spec-geschaeftsplan-offene-farbkommunikation-veroeffentlicht\/","robots":"max-image-preview:large","keywords":"freiefarbe e.v.,din spec,din spec 16699,16699,din,16699,din,din spec,din spec 16699,freiefarbe e.v.","webmasterTools":{"google-site-verification":"TuXxyRwxcEg2-WfOaQ8vScWQh3-uBAnxXmY7g3GT90A","miscellaneous":"&lt;meta name=\"seobility\" content=\"593a8578143db71543f014978c690d47\"&gt;"},"schema":{"@context":"https:\/\/schema.org","@graph":[{"@type":"Article","@id":"https:\/\/blog.proofs.de\/sv\/din-spec-geschaeftsplan-offene-farbkommunikation-veroeffentlicht\/#article","name":"DIN SPEC \"Offene Farbkommunikation\" erschienen | proof.de","headline":"DIN SPEC Gesch\u00e4ftsplan &#8222;Offene Farbkommunikation&#8220; ver\u00f6ffentlicht","author":{"@id":"https:\/\/blog.proofs.de\/sv\/author\/mbetz\/#author"},"publisher":{"@id":"https:\/\/blog.proofs.de\/sv\/#organization"},"image":{"@type":"ImageObject","url":"https:\/\/blog.proofs.de\/wp-content\/uploads\/2018\/02\/DIN_Geb\u00d1ude_DIN-Platz-e1541466353442.jpg","width":1000,"height":667,"caption":"Haus der Normung am DIN-Platz in Berlin"},"datePublished":"2018-02-27T00:36:23+01:00","dateModified":"2020-05-08T11:38:39+02:00","inLanguage":"sv-SE","mainEntityOfPage":{"@id":"https:\/\/blog.proofs.de\/sv\/din-spec-geschaeftsplan-offene-farbkommunikation-veroeffentlicht\/#webpage"},"isPartOf":{"@id":"https:\/\/blog.proofs.de\/sv\/din-spec-geschaeftsplan-offene-farbkommunikation-veroeffentlicht\/#webpage"},"articleSection":"Allgemein, 16699, DIN, DIN SPEC, DIN SPEC 16699, freieFarbe e.V."},{"@type":"BreadcrumbList","@id":"https:\/\/blog.proofs.de\/sv\/din-spec-geschaeftsplan-offene-farbkommunikation-veroeffentlicht\/#breadcrumblist","itemListElement":[{"@type":"ListItem","@id":"https:\/\/blog.proofs.de\/sv#listItem","position":1,"name":"Home","item":"https:\/\/blog.proofs.de\/sv","nextItem":{"@type":"ListItem","@id":"https:\/\/blog.proofs.de\/sv\/thema\/allgemein\/#listItem","name":"Allgemein"}},{"@type":"ListItem","@id":"https:\/\/blog.proofs.de\/sv\/thema\/allgemein\/#listItem","position":2,"name":"Allgemein","item":"https:\/\/blog.proofs.de\/sv\/thema\/allgemein\/","nextItem":{"@type":"ListItem","@id":"https:\/\/blog.proofs.de\/sv\/din-spec-geschaeftsplan-offene-farbkommunikation-veroeffentlicht\/#listItem","name":"DIN SPEC Gesch\u00e4ftsplan &#8222;Offene Farbkommunikation&#8220; ver\u00f6ffentlicht"},"previousItem":{"@type":"ListItem","@id":"https:\/\/blog.proofs.de\/sv#listItem","name":"Home"}},{"@type":"ListItem","@id":"https:\/\/blog.proofs.de\/sv\/din-spec-geschaeftsplan-offene-farbkommunikation-veroeffentlicht\/#listItem","position":3,"name":"DIN SPEC Gesch\u00e4ftsplan &#8222;Offene Farbkommunikation&#8220; ver\u00f6ffentlicht","previousItem":{"@type":"ListItem","@id":"https:\/\/blog.proofs.de\/sv\/thema\/allgemein\/#listItem","name":"Allgemein"}}]},{"@type":"Organization","@id":"https:\/\/blog.proofs.de\/sv\/#organization","name":"Proof GmbH","description":"Farbverbindlicher Proof, Farbproof, Digitalproof und Online-Proof.","url":"https:\/\/blog.proofs.de\/sv\/","telephone":"+4970717952740","logo":{"@type":"ImageObject","url":"https:\/\/blog1.proofen.de\/wp-content\/uploads\/2019\/09\/logo_proof_rgb_mit_balken_250px.png","@id":"https:\/\/blog.proofs.de\/sv\/din-spec-geschaeftsplan-offene-farbkommunikation-veroeffentlicht\/#organizationLogo"},"image":{"@id":"https:\/\/blog.proofs.de\/sv\/din-spec-geschaeftsplan-offene-farbkommunikation-veroeffentlicht\/#organizationLogo"},"sameAs":["https:\/\/www.facebook.com\/Proof.de\/","https:\/\/www.instagram.com\/proof.de\/","https:\/\/www.tiktok.com\/@proof_de","https:\/\/www.youtube.com\/channel\/UCk80fQVQ25wC9wu3SywB-Nw","https:\/\/www.linkedin.com\/company\/proof-de"]},{"@type":"Person","@id":"https:\/\/blog.proofs.de\/sv\/author\/mbetz\/#author","url":"https:\/\/blog.proofs.de\/sv\/author\/mbetz\/","name":"Matthias Betz","image":{"@type":"ImageObject","@id":"https:\/\/blog.proofs.de\/sv\/din-spec-geschaeftsplan-offene-farbkommunikation-veroeffentlicht\/#authorImage","url":"https:\/\/blog.proofs.de\/wp-content\/uploads\/2020\/10\/matthias-betz-e1603934518350-150x150.png","width":96,"height":96,"caption":"Matthias Betz"}},{"@type":"WebPage","@id":"https:\/\/blog.proofs.de\/sv\/din-spec-geschaeftsplan-offene-farbkommunikation-veroeffentlicht\/#webpage","url":"https:\/\/blog.proofs.de\/sv\/din-spec-geschaeftsplan-offene-farbkommunikation-veroeffentlicht\/","name":"DIN SPEC \"Offene Farbkommunikation\" erschienen | proof.de","description":"Aktuell wurde unser freieFarbe e.V. DIN SPEC Gesch\u00e4ftsplan f\u00fcr 4 Wochen vom 19.02.2018 bis zum 19.03.2018 auf der DIN-Webseite zur Kommentierung ver\u00f6ffentlicht.","inLanguage":"sv-SE","isPartOf":{"@id":"https:\/\/blog.proofs.de\/sv\/#website"},"breadcrumb":{"@id":"https:\/\/blog.proofs.de\/sv\/din-spec-geschaeftsplan-offene-farbkommunikation-veroeffentlicht\/#breadcrumblist"},"author":{"@id":"https:\/\/blog.proofs.de\/sv\/author\/mbetz\/#author"},"creator":{"@id":"https:\/\/blog.proofs.de\/sv\/author\/mbetz\/#author"},"image":{"@type":"ImageObject","url":"https:\/\/blog.proofs.de\/wp-content\/uploads\/2018\/02\/DIN_Geb\u00d1ude_DIN-Platz-e1541466353442.jpg","@id":"https:\/\/blog.proofs.de\/sv\/din-spec-geschaeftsplan-offene-farbkommunikation-veroeffentlicht\/#mainImage","width":1000,"height":667,"caption":"Haus der Normung am DIN-Platz in Berlin"},"primaryImageOfPage":{"@id":"https:\/\/blog.proofs.de\/sv\/din-spec-geschaeftsplan-offene-farbkommunikation-veroeffentlicht\/#mainImage"},"datePublished":"2018-02-27T00:36:23+01:00","dateModified":"2020-05-08T11:38:39+02:00"},{"@type":"WebSite","@id":"https:\/\/blog.proofs.de\/sv\/#website","url":"https:\/\/blog.proofs.de\/sv\/","name":"Proof.de","description":"Farbverbindlicher Proof, Farbproof, Digitalproof und Online-Proof.","inLanguage":"sv-SE","publisher":{"@id":"https:\/\/blog.proofs.de\/sv\/#organization"}}]},"og:locale":"sv_SE","og:site_name":"Proof.de | Alles zu Proof, Farbmanagement, Grafik, Messtechnik &amp; Co.","og:type":"article","og:title":"DIN SPEC &quot;Offene Farbkommunikation&quot; erschienen | proof.de","og:description":"Aktuell wurde unser freieFarbe e.V. DIN SPEC Gesch\u00e4ftsplan f\u00fcr 4 Wochen vom 19.02.2018 bis zum 19.03.2018 auf der DIN-Webseite zur Kommentierung ver\u00f6ffentlicht.","og:url":"https:\/\/blog.proofs.de\/sv\/din-spec-geschaeftsplan-offene-farbkommunikation-veroeffentlicht\/","og:image":"https:\/\/blog.proofs.de\/wp-content\/uploads\/2018\/02\/DIN_Geb\u00d1ude_DIN-Platz-e1541466353442.jpg","og:image:secure_url":"https:\/\/blog.proofs.de\/wp-content\/uploads\/2018\/02\/DIN_Geb\u00d1ude_DIN-Platz-e1541466353442.jpg","og:image:width":1000,"og:image:height":667,"article:published_time":"2018-02-26T23:36:23+00:00","article:modified_time":"2020-05-08T09:38:39+00:00","article:publisher":"https:\/\/www.facebook.com\/Proof.de\/","twitter:card":"summary","twitter:title":"DIN SPEC &quot;Offene Farbkommunikation&quot; erschienen | proof.de","twitter:description":"Aktuell wurde unser freieFarbe e.V. DIN SPEC Gesch\u00e4ftsplan f\u00fcr 4 Wochen vom 19.02.2018 bis zum 19.03.2018 auf der DIN-Webseite zur Kommentierung ver\u00f6ffentlicht.","twitter:image":"https:\/\/blog1.proofen.de\/wp-content\/uploads\/2020\/04\/proof_background.jpg"},"aioseo_meta_data":{"post_id":"2031","title":"DIN SPEC \"\u00d6ppen f\u00e4rgkommunikation\" har publicerats | proof.de","description":"Nyligen publicerades v\u00e5r aff\u00e4rsplan f\u00f6r freieFarbe e.V. enligt DIN SPEC f\u00f6r en period p\u00e5 fyra veckor, fr\u00e5n den 19 februari 2018 till den 19 mars 2018, p\u00e5 DIN:s webbplats f\u00f6r synpunkter.","keywords":[{"label":"freieFarbe e.V.,DIN SPEC,DIN SPEC 16699,16699,DIN","value":"freieFarbe e.V.,DIN SPEC,DIN SPEC 16699,16699,DIN"}],"keyphrases":null,"primary_term":null,"canonical_url":null,"og_title":null,"og_description":null,"og_object_type":"default","og_image_type":"default","og_image_url":null,"og_image_width":null,"og_image_height":null,"og_image_custom_url":null,"og_image_custom_fields":null,"og_video":null,"og_custom_url":null,"og_article_section":null,"og_article_tags":null,"twitter_use_og":false,"twitter_card":"default","twitter_image_type":"default","twitter_image_url":null,"twitter_image_custom_url":null,"twitter_image_custom_fields":null,"twitter_title":null,"twitter_description":null,"schema":{"blockGraphs":[],"customGraphs":[],"default":{"data":{"Article":[],"Course":[],"Dataset":[],"FAQPage":[],"Movie":[],"Person":[],"Product":[],"ProductReview":[],"Car":[],"Recipe":[],"Service":[],"SoftwareApplication":[],"WebPage":[]},"graphName":"","isEnabled":true},"graphs":[],"defaultGraph":"","defaultPostTypeGraph":""},"schema_type":null,"schema_type_options":null,"pillar_content":false,"robots_default":true,"robots_noindex":false,"robots_noarchive":false,"robots_nosnippet":false,"robots_nofollow":false,"robots_noimageindex":false,"robots_noodp":false,"robots_notranslate":false,"robots_max_snippet":null,"robots_max_videopreview":null,"robots_max_imagepreview":"large","priority":null,"frequency":null,"local_seo":null,"breadcrumb_settings":null,"limit_modified_date":false,"ai":null,"created":"2020-12-21 00:35:00","updated":"2025-06-04 14:22:05","seo_analyzer_scan_date":null,"focus_keyword":null,"additional_keywords":null,"truseo_locale":null},"_links":{"self":[{"href":"https:\/\/blog.proofs.de\/sv\/wp-json\/wp\/v2\/posts\/2031","targetHints":{"allow":["GET"]}}],"collection":[{"href":"https:\/\/blog.proofs.de\/sv\/wp-json\/wp\/v2\/posts"}],"about":[{"href":"https:\/\/blog.proofs.de\/sv\/wp-json\/wp\/v2\/types\/post"}],"author":[{"embeddable":true,"href":"https:\/\/blog.proofs.de\/sv\/wp-json\/wp\/v2\/users\/2"}],"replies":[{"embeddable":true,"href":"https:\/\/blog.proofs.de\/sv\/wp-json\/wp\/v2\/comments?post=2031"}],"version-history":[{"count":9,"href":"https:\/\/blog.proofs.de\/sv\/wp-json\/wp\/v2\/posts\/2031\/revisions"}],"predecessor-version":[{"id":6018,"href":"https:\/\/blog.proofs.de\/sv\/wp-json\/wp\/v2\/posts\/2031\/revisions\/6018"}],"wp:featuredmedia":[{"embeddable":true,"href":"https:\/\/blog.proofs.de\/sv\/wp-json\/wp\/v2\/media\/2039"}],"wp:attachment":[{"href":"https:\/\/blog.proofs.de\/sv\/wp-json\/wp\/v2\/media?parent=2031"}],"wp:term":[{"taxonomy":"category","embeddable":true,"href":"https:\/\/blog.proofs.de\/sv\/wp-json\/wp\/v2\/categories?post=2031"},{"taxonomy":"post_tag","embeddable":true,"href":"https:\/\/blog.proofs.de\/sv\/wp-json\/wp\/v2\/tags?post=2031"}],"curies":[{"name":"wp","href":"https:\/\/api.w.org\/{rel}","templated":true}]}}