{"id":2095,"date":"2018-07-04T02:11:15","date_gmt":"2018-07-04T00:11:15","guid":{"rendered":"http:\/\/www.proof.de\/?p=2095"},"modified":"2020-05-08T02:12:06","modified_gmt":"2020-05-08T00:12:06","slug":"din-spec-16699-oeppen-faergkommunikation-pa-vaeg-att-antas","status":"publish","type":"post","link":"https:\/\/blog.proofs.de\/sv\/din-spec-16699-offene-farbkommunikation-kurz-vor-der-verabschiedung\/","title":{"rendered":"DIN SPEC 16699 \"\u00d6ppen f\u00e4rgkommunikation\" \u00e4r p\u00e5 v\u00e4g att antas"},"content":{"rendered":"<div class=\"kk-star-ratings kksr-auto kksr-align-right kksr-valign-top\" data-payload='{\"align\":\"right\",\"id\":\"2095\",\"slug\":\"default\",\"valign\":\"top\",\"ignore\":\"\",\"reference\":\"auto\",\"class\":\"\",\"count\":\"0\",\"legendonly\":\"\",\"readonly\":\"\",\"score\":\"0\",\"starsonly\":\"\",\"best\":\"5\",\"gap\":\"5\",\"greet\":\"Jetzt bewerten\",\"legend\":\"0\\\/5 - (0 votes)\",\"size\":\"24\",\"title\":\"DIN SPEC 16699 \\u0026quot;Offene Farbkommunikation\\u0026quot; kurz vor der Verabschiedung\",\"width\":\"0\",\"_legend\":\"{score}\\\/{best} - ({count} {votes})\",\"font_factor\":\"1.25\"}'>\n            \n<div class=\"kksr-stars\">\n    \n<div class=\"kksr-stars-inactive\">\n            <div class=\"kksr-star\" data-star=\"1\" style=\"padding-right: 5px\">\n            \n\n<div class=\"kksr-icon\" style=\"width: 24px; height: 24px;\"><\/div>\n        <\/div>\n            <div class=\"kksr-star\" data-star=\"2\" style=\"padding-right: 5px\">\n            \n\n<div class=\"kksr-icon\" style=\"width: 24px; height: 24px;\"><\/div>\n        <\/div>\n            <div class=\"kksr-star\" data-star=\"3\" style=\"padding-right: 5px\">\n            \n\n<div class=\"kksr-icon\" style=\"width: 24px; height: 24px;\"><\/div>\n        <\/div>\n            <div class=\"kksr-star\" data-star=\"4\" style=\"padding-right: 5px\">\n            \n\n<div class=\"kksr-icon\" style=\"width: 24px; height: 24px;\"><\/div>\n        <\/div>\n            <div class=\"kksr-star\" data-star=\"5\" style=\"padding-right: 5px\">\n            \n\n<div class=\"kksr-icon\" style=\"width: 24px; height: 24px;\"><\/div>\n        <\/div>\n    <\/div>\n    \n<div class=\"kksr-stars-active\" style=\"width: 0px;\">\n            <div class=\"kksr-star\" style=\"padding-right: 5px\">\n            \n\n<div class=\"kksr-icon\" style=\"width: 24px; height: 24px;\"><\/div>\n        <\/div>\n            <div class=\"kksr-star\" style=\"padding-right: 5px\">\n            \n\n<div class=\"kksr-icon\" style=\"width: 24px; height: 24px;\"><\/div>\n        <\/div>\n            <div class=\"kksr-star\" style=\"padding-right: 5px\">\n            \n\n<div class=\"kksr-icon\" style=\"width: 24px; height: 24px;\"><\/div>\n        <\/div>\n            <div class=\"kksr-star\" style=\"padding-right: 5px\">\n            \n\n<div class=\"kksr-icon\" style=\"width: 24px; height: 24px;\"><\/div>\n        <\/div>\n            <div class=\"kksr-star\" style=\"padding-right: 5px\">\n            \n\n<div class=\"kksr-icon\" style=\"width: 24px; height: 24px;\"><\/div>\n        <\/div>\n    <\/div>\n<\/div>\n                \n\n<div class=\"kksr-legend\" style=\"font-size: 19.2px;\">\n            <span class=\"kksr-muted\">Betygs\u00e4tt nu<\/span>\n    <\/div>\n    <\/div>\n<p><a href=\"https:\/\/blog1.proofen.de\/wp-content\/uploads\/2018\/06\/DIN_SPEC_16699_Offene_Farbkommunikation_Abschlussmeeting_Berlin.jpg\"><img loading=\"lazy\" decoding=\"async\" class=\"aligncenter size-full wp-image-2099\" src=\"https:\/\/blog1.proofen.de\/wp-content\/uploads\/2018\/06\/DIN_SPEC_16699_Offene_Farbkommunikation_Abschlussmeeting_Berlin.jpg\" alt=\"DIN SPEC 16699 \u00d6ppen f\u00e4rgkommunikation Slutm\u00f6te Berlin Matthias Betz, Eric A. Soder, Jan-Peter Homann, Holger Everding\" width=\"1140\" height=\"550\" srcset=\"https:\/\/blog.proofs.de\/wp-content\/uploads\/2018\/06\/DIN_SPEC_16699_Offene_Farbkommunikation_Abschlussmeeting_Berlin.jpg 1140w, https:\/\/blog.proofs.de\/wp-content\/uploads\/2018\/06\/DIN_SPEC_16699_Offene_Farbkommunikation_Abschlussmeeting_Berlin-300x145.jpg 300w, https:\/\/blog.proofs.de\/wp-content\/uploads\/2018\/06\/DIN_SPEC_16699_Offene_Farbkommunikation_Abschlussmeeting_Berlin-768x371.jpg 768w, https:\/\/blog.proofs.de\/wp-content\/uploads\/2018\/06\/DIN_SPEC_16699_Offene_Farbkommunikation_Abschlussmeeting_Berlin-1024x494.jpg 1024w, https:\/\/blog.proofs.de\/wp-content\/uploads\/2018\/06\/DIN_SPEC_16699_Offene_Farbkommunikation_Abschlussmeeting_Berlin-500x241.jpg 500w\" sizes=\"auto, (max-width: 1140px) 100vw, 1140px\"><\/a>I m\u00e5ndags tog f\u00f6rfattarna Jan-Peter Homann, Holger Everding, Eric A. Soder och Matthias Betz ytterligare en milstolpe mot en \u00f6ppen f\u00e4rgkommunikation vid ett slutm\u00f6te p\u00e5 det tyska standardiseringsinstitutet DIN i Berlin: De sista \u00f6ppna punkterna i DIN SPEC 16699 \"Offene Farbkommunikation - \u00d6ppen f\u00e4rgkommunikation\" i Berlin: De sista \u00f6ppna punkterna i DIN SPEC 16699 \"Offene Farbkommunikation - \u00d6ppen f\u00e4rgkommunikation\" i Berlin.<a href=\"https:\/\/blog.proofs.de\/sv\/lexikon\/cat\/\" target=\"_self\" title=\"CAT st\u00e5r f\u00f6r Cromatic Adaption Transform. Kromatisk anpassning inneb\u00e4r att det m\u00e4nskliga \u00f6gat utf\u00f6r en automatisk vitbalans. F\u00e4rgen uppfattas allts\u00e5 helt oberoende av f\u00e4rgtemperaturen.\" class=\"encyclopedia\">cat<\/a>ion\" diskuterades och godk\u00e4ndes. Det enda som nu saknas \u00e4r den engelska versionen av Matthias Betz och Eric A. Soder och det slutliga genomf\u00f6randet och godk\u00e4nnandet av DIN. DIN SPEC f\u00f6rv\u00e4ntas vara tillg\u00e4nglig f\u00f6r nedladdning i augusti. Den kommer att finnas tillg\u00e4nglig gratis som PAS - Publicly Avai<a href=\"https:\/\/blog.proofs.de\/sv\/lexikon\/lab\/\" target=\"_self\" title=\"CIELAB eller LAB \u00e4r en matematisk f\u00e4rgmodell som har blivit etablerad \u00f6verallt d\u00e4r exakt f\u00e4rgber\u00e4kning kr\u00e4vs. F\u00e4rgstyrning med datorer arbetar vanligtvis med CIELAB.\" class=\"encyclopedia\">labb<\/a>le Sp<a href=\"https:\/\/blog.proofs.de\/sv\/lexikon\/eci\/\" target=\"_self\" title=\"ECI (European Color Initiative) \u00e4r en grupp experter som arbetar med behandling av f\u00e4rgdata i publiceringssystem.\" class=\"encyclopedia\">eci<\/a>som publiceras av DIN p\u00e5 tyska och engelska.<\/p>\n<p>I DIN-SPEC beskriver vi ett f\u00f6rnuftigt f\u00f6rfarande f\u00f6r exakt f\u00e4rgkommunikation och skapande av f\u00e4rgprover baserat p\u00e5 \u00f6ppna och fritt tillg\u00e4ngliga standarder som t.ex. <a href=\"https:\/\/blog.proofs.de\/sv\/lexikon\/cielab\/\" target=\"_self\" title=\"CIELAB:s f\u00e4rgmodell definierades 1976 av Commission Internationale de l&#039;Eclairage och beskriver alla uppfattbara f\u00e4rger. Den \u00e4r en vidareutveckling av Hunter-LAB:s f\u00e4rgskala fr\u00e5n 1966 och en matematisk f\u00e4rgmodell d\u00e4r ett objekts spektrala egenskaper och v\u00e5rt visuella systems perceptuella egenskaper st\u00e4lls mot varandra. CIELAB, eller LAB som det f\u00f6rkortas, anv\u00e4nds fortfarande i stor utstr\u00e4ckning...\" class=\"encyclopedia\">CIELAB<\/a>, <a href=\"https:\/\/blog.proofs.de\/sv\/lexikon\/hlc\/\" target=\"_self\" title=\"HLC \u00e4r en l\u00e4ttf\u00f6rst\u00e5elig representation av CIELAB-f\u00e4rgrymden. Den vertikala L-axeln \u00e4r identisk h\u00e4r. Den horisontella positionen f\u00f6r en f\u00e4rgplats best\u00e4ms av vinkeln H till den positiva a-axeln (moturs och i grader) och radien C, avst\u00e5ndet till L-axeln.\" class=\"encyclopedia\">HLC<\/a>, <a href=\"https:\/\/blog.proofs.de\/sv\/lexikon\/icc\/\" target=\"_self\" title=\"International Color Consortium, ICC, \u00e4r en internationell kommitt\u00e9 som ansvarar f\u00f6r att standardisera f\u00e4rgprofiler.&nbsp;\" class=\"encyclopedia\">ICC<\/a>- och <a href=\"https:\/\/blog.proofs.de\/sv\/lexikon\/cxf\/\" target=\"_self\" title='CxF st\u00e5r f\u00f6r &quot;Color Exchange Format&quot;, ett \u00f6ppet XML-format f\u00f6r utbyte av f\u00e4rginformation.' class=\"encyclopedia\">CXF<\/a>-filformat. Vi arbetar med matematiska <a href=\"https:\/\/blog.proofs.de\/sv\/lexikon\/farbmodell\/\" target=\"_self\" title=\"En f\u00e4rgmodell (eller f\u00e4rgsystem) \u00e4r en abstrakt matematisk metod f\u00f6r att best\u00e4mma och specificera f\u00e4rger och deras f\u00f6rh\u00e5llande till varandra. Den likst\u00e4lls ofta med f\u00e4rgutrymmet, som dock \u00e4r den konkreta till\u00e4mpningen av en f\u00e4rgmodell p\u00e5 en f\u00e4rgproducerande metod (skrivare, sk\u00e4rm osv.).\" class=\"encyclopedia\">F\u00e4rgmodell<\/a>M\u00e5let \u00e4r att f\u00f6rse f\u00e4rgtillverkare och tj\u00e4nsteleverant\u00f6rer med f\u00e4rgprover med h\u00f6g precision och exakta spektrala data som kan sp\u00e5ras och anv\u00e4ndas i praktiken som grund f\u00f6r f\u00e4rgformulering. Ist\u00e4llet f\u00f6r inkompatibla kommersiella standarder visar vi en \u00f6ppen, transparent och \u00f6ppen k\u00e4llkod f\u00f6r f\u00e4rgkommunikation med h\u00f6g precision.<\/p>\n<p>Ut\u00f6ver DIN SPEC arbetar vi intensivt med nya projekt och id\u00e9er och med olika nya versioner av v\u00e5r friaFarbe CIELAB HLC-f\u00e4rgatlas.<\/p>","protected":false},"excerpt":{"rendered":"<p>I m\u00e5ndags tog f\u00f6rfattarna Jan-Peter Homann, Holger Everding, Eric A. Soder och Matthias Betz ytterligare en milstolpe mot \u00f6ppen f\u00e4rgkommunikation vid ett slutm\u00f6te p\u00e5 det tyska institutet f\u00f6r standardisering - DIN i Berlin: De sista \u00f6ppna punkterna i DIN SPEC 16699 \"\u00d6ppen f\u00e4rgkommunikation\" diskuterades och godk\u00e4ndes. Nu saknas bara den engelska versionen av Matthias Betz och Eric A. Soder och den slutliga implementeringen och godk\u00e4nnandet av DIN. DIN SPEC f\u00f6rv\u00e4ntas vara tillg\u00e4nglig f\u00f6r nedladdning i augusti. Du ... <\/p>\n<p class=\"read-more-container\"><a title=\"DIN SPEC 16699 &quot;\u00d6ppen f\u00e4rgkommunikation&quot; p\u00e5 v\u00e4g att antas\" class=\"read-more button\" href=\"https:\/\/blog.proofs.de\/sv\/din-spec-16699-offene-farbkommunikation-kurz-vor-der-verabschiedung\/#more-2095\" aria-label=\"L\u00e4s mer om DIN SPEC 16699 \u201e\u00d6ppen f\u00e4rgkommunikation\u201c strax f\u00f6re antagandet\">L\u00e4s mer p\u00e5<\/a><\/p>","protected":false},"author":2,"featured_media":2194,"comment_status":"open","ping_status":"open","sticky":false,"template":"","format":"standard","meta":{"om_disable_all_campaigns":false,"inline_featured_image":false,"_monsterinsights_skip_tracking":false,"footnotes":""},"categories":[1,120],"tags":[714,751,715,712,746,679,680,747,748,749,750],"class_list":["post-2095","post","type-post","status-publish","format-standard","has-post-thumbnail","hentry","category-allgemein","category-kategorie-proof-gmbh","tag-714","tag-deutsches-institut-fuer-normung","tag-din","tag-din-spec","tag-din-spec-166909","tag-freiefarbe","tag-freiefarbe-e-v","tag-offene-farbkommunikation","tag-open-colour-communication","tag-pas","tag-publicly-available-specification","generate-columns","tablet-grid-50","mobile-grid-100","grid-parent","grid-50","no-featured-image-padding","resize-featured-image"],"aioseo_notices":[],"aioseo_head":"\n\t\t<!-- All in One SEO 5.0.1.1 - aioseo.com -->\n\t<meta name=\"description\" content=\"Am Montag habenJan-Peter Homann, Holger Everding, Eric A. Soder und Matthias Betz beim DIN in Berlin einen Meilenstein f\u00fcr freie Farbkommunikation genommen\" \/>\n\t<meta name=\"robots\" content=\"max-image-preview:large\" \/>\n\t<meta name=\"author\" content=\"Matthias Betz\"\/>\n\t<meta name=\"google-site-verification\" content=\"TuXxyRwxcEg2-WfOaQ8vScWQh3-uBAnxXmY7g3GT90A\" \/>\n\t<meta name=\"keywords\" content=\"16699,deutsches institut f\u00fcr normung,din,din spec,din spec 166909,freiefarbe,freiefarbe e.v.,offene farbkommunikation,open colour communication,pas,publicly available specification\" \/>\n\t<link rel=\"canonical\" href=\"https:\/\/blog.proofs.de\/sv\/din-spec-16699-offene-farbkommunikation-kurz-vor-der-verabschiedung\/\" \/>\n\t<meta name=\"generator\" content=\"All in One SEO (AIOSEO) 5.0.1.1\" \/>\n\n\t\t<meta name=\"seobility\" content=\"593a8578143db71543f014978c690d47\">\n\t\t<meta property=\"og:locale\" content=\"sv_SE\" \/>\n\t\t<meta property=\"og:site_name\" content=\"Proof.de | Alles zu Proof, Farbmanagement, Grafik, Messtechnik &amp; Co.\" \/>\n\t\t<meta property=\"og:type\" content=\"article\" \/>\n\t\t<meta property=\"og:title\" content=\"DIN SPEC &quot;Offene Farbkommunikation&quot; vor Verabschiedung | proof.de\" \/>\n\t\t<meta property=\"og:description\" content=\"Am Montag habenJan-Peter Homann, Holger Everding, Eric A. Soder und Matthias Betz beim DIN in Berlin einen Meilenstein f\u00fcr freie Farbkommunikation genommen\" \/>\n\t\t<meta property=\"og:url\" content=\"https:\/\/blog.proofs.de\/sv\/din-spec-16699-offene-farbkommunikation-kurz-vor-der-verabschiedung\/\" \/>\n\t\t<meta property=\"og:image\" content=\"https:\/\/blog.proofs.de\/wp-content\/uploads\/2018\/11\/DIN_SPEC_16699_Offene_Farbkommunikation.png\" \/>\n\t\t<meta property=\"og:image:secure_url\" content=\"https:\/\/blog.proofs.de\/wp-content\/uploads\/2018\/11\/DIN_SPEC_16699_Offene_Farbkommunikation.png\" \/>\n\t\t<meta property=\"og:image:width\" content=\"2326\" \/>\n\t\t<meta property=\"og:image:height\" content=\"1540\" \/>\n\t\t<meta property=\"article:published_time\" content=\"2018-07-04T00:11:15+00:00\" \/>\n\t\t<meta property=\"article:modified_time\" content=\"2020-05-08T00:12:06+00:00\" \/>\n\t\t<meta property=\"article:publisher\" content=\"https:\/\/www.facebook.com\/Proof.de\/\" \/>\n\t\t<meta name=\"twitter:card\" content=\"summary\" \/>\n\t\t<meta name=\"twitter:title\" content=\"DIN SPEC &quot;Offene Farbkommunikation&quot; vor Verabschiedung | proof.de\" \/>\n\t\t<meta name=\"twitter:description\" content=\"Am Montag habenJan-Peter Homann, Holger Everding, Eric A. Soder und Matthias Betz beim DIN in Berlin einen Meilenstein f\u00fcr freie Farbkommunikation genommen\" \/>\n\t\t<meta name=\"twitter:image\" content=\"https:\/\/blog1.proofen.de\/wp-content\/uploads\/2020\/04\/proof_background.jpg\" \/>\n\t\t<script type=\"application\/ld+json\" class=\"aioseo-schema\">\n\t\t\t{\"@context\":\"https:\\\/\\\/schema.org\",\"@graph\":[{\"@type\":\"Article\",\"@id\":\"https:\\\/\\\/blog.proofs.de\\\/sv\\\/din-spec-16699-offene-farbkommunikation-kurz-vor-der-verabschiedung\\\/#article\",\"name\":\"DIN SPEC \\\"Offene Farbkommunikation\\\" vor Verabschiedung | proof.de\",\"headline\":\"DIN SPEC 16699 &#8222;Offene Farbkommunikation&#8220; kurz vor der Verabschiedung\",\"author\":{\"@id\":\"https:\\\/\\\/blog.proofs.de\\\/sv\\\/author\\\/mbetz\\\/#author\"},\"publisher\":{\"@id\":\"https:\\\/\\\/blog.proofs.de\\\/sv\\\/#organization\"},\"image\":{\"@type\":\"ImageObject\",\"url\":\"https:\\\/\\\/blog.proofs.de\\\/wp-content\\\/uploads\\\/2018\\\/11\\\/DIN_SPEC_16699_Offene_Farbkommunikation.png\",\"width\":2326,\"height\":1540,\"caption\":\"Vorschau Titel DIN SPEC 16699 Offene Farbkommunikation \\\/ Open Colour Communication\"},\"datePublished\":\"2018-07-04T02:11:15+02:00\",\"dateModified\":\"2020-05-08T02:12:06+02:00\",\"inLanguage\":\"sv-SE\",\"mainEntityOfPage\":{\"@id\":\"https:\\\/\\\/blog.proofs.de\\\/sv\\\/din-spec-16699-offene-farbkommunikation-kurz-vor-der-verabschiedung\\\/#webpage\"},\"isPartOf\":{\"@id\":\"https:\\\/\\\/blog.proofs.de\\\/sv\\\/din-spec-16699-offene-farbkommunikation-kurz-vor-der-verabschiedung\\\/#webpage\"},\"articleSection\":\"Allgemein, Proof GmbH, 16699, Deutsches Institut f\\u00fcr Normung, DIN, DIN SPEC, DIN SPEC 166909, freieFarbe, freieFarbe e.V., Offene Farbkommunikation, Open Colour Communication, PAS, Publicly Available Specification\"},{\"@type\":\"BreadcrumbList\",\"@id\":\"https:\\\/\\\/blog.proofs.de\\\/sv\\\/din-spec-16699-offene-farbkommunikation-kurz-vor-der-verabschiedung\\\/#breadcrumblist\",\"itemListElement\":[{\"@type\":\"ListItem\",\"@id\":\"https:\\\/\\\/blog.proofs.de\\\/sv#listItem\",\"position\":1,\"name\":\"Home\",\"item\":\"https:\\\/\\\/blog.proofs.de\\\/sv\",\"nextItem\":{\"@type\":\"ListItem\",\"@id\":\"https:\\\/\\\/blog.proofs.de\\\/sv\\\/thema\\\/proof-wissen\\\/#listItem\",\"name\":\"Proof Wissen\"}},{\"@type\":\"ListItem\",\"@id\":\"https:\\\/\\\/blog.proofs.de\\\/sv\\\/thema\\\/proof-wissen\\\/#listItem\",\"position\":2,\"name\":\"Proof Wissen\",\"item\":\"https:\\\/\\\/blog.proofs.de\\\/sv\\\/thema\\\/proof-wissen\\\/\",\"nextItem\":{\"@type\":\"ListItem\",\"@id\":\"https:\\\/\\\/blog.proofs.de\\\/sv\\\/thema\\\/proof-wissen\\\/kategorie-proof-gmbh\\\/#listItem\",\"name\":\"Proof GmbH\"},\"previousItem\":{\"@type\":\"ListItem\",\"@id\":\"https:\\\/\\\/blog.proofs.de\\\/sv#listItem\",\"name\":\"Home\"}},{\"@type\":\"ListItem\",\"@id\":\"https:\\\/\\\/blog.proofs.de\\\/sv\\\/thema\\\/proof-wissen\\\/kategorie-proof-gmbh\\\/#listItem\",\"position\":3,\"name\":\"Proof GmbH\",\"item\":\"https:\\\/\\\/blog.proofs.de\\\/sv\\\/thema\\\/proof-wissen\\\/kategorie-proof-gmbh\\\/\",\"nextItem\":{\"@type\":\"ListItem\",\"@id\":\"https:\\\/\\\/blog.proofs.de\\\/sv\\\/din-spec-16699-offene-farbkommunikation-kurz-vor-der-verabschiedung\\\/#listItem\",\"name\":\"DIN SPEC 16699 &#8222;Offene Farbkommunikation&#8220; kurz vor der Verabschiedung\"},\"previousItem\":{\"@type\":\"ListItem\",\"@id\":\"https:\\\/\\\/blog.proofs.de\\\/sv\\\/thema\\\/proof-wissen\\\/#listItem\",\"name\":\"Proof Wissen\"}},{\"@type\":\"ListItem\",\"@id\":\"https:\\\/\\\/blog.proofs.de\\\/sv\\\/din-spec-16699-offene-farbkommunikation-kurz-vor-der-verabschiedung\\\/#listItem\",\"position\":4,\"name\":\"DIN SPEC 16699 &#8222;Offene Farbkommunikation&#8220; kurz vor der Verabschiedung\",\"previousItem\":{\"@type\":\"ListItem\",\"@id\":\"https:\\\/\\\/blog.proofs.de\\\/sv\\\/thema\\\/proof-wissen\\\/kategorie-proof-gmbh\\\/#listItem\",\"name\":\"Proof GmbH\"}}]},{\"@type\":\"Organization\",\"@id\":\"https:\\\/\\\/blog.proofs.de\\\/sv\\\/#organization\",\"name\":\"Proof GmbH\",\"description\":\"Farbverbindlicher Proof, Farbproof, Digitalproof und Online-Proof.\",\"url\":\"https:\\\/\\\/blog.proofs.de\\\/sv\\\/\",\"telephone\":\"+4970717952740\",\"logo\":{\"@type\":\"ImageObject\",\"url\":\"https:\\\/\\\/blog1.proofen.de\\\/wp-content\\\/uploads\\\/2019\\\/09\\\/logo_proof_rgb_mit_balken_250px.png\",\"@id\":\"https:\\\/\\\/blog.proofs.de\\\/sv\\\/din-spec-16699-offene-farbkommunikation-kurz-vor-der-verabschiedung\\\/#organizationLogo\"},\"image\":{\"@id\":\"https:\\\/\\\/blog.proofs.de\\\/sv\\\/din-spec-16699-offene-farbkommunikation-kurz-vor-der-verabschiedung\\\/#organizationLogo\"},\"sameAs\":[\"https:\\\/\\\/www.facebook.com\\\/Proof.de\\\/\",\"https:\\\/\\\/www.instagram.com\\\/proof.de\\\/\",\"https:\\\/\\\/www.tiktok.com\\\/@proof_de\",\"https:\\\/\\\/www.youtube.com\\\/channel\\\/UCk80fQVQ25wC9wu3SywB-Nw\",\"https:\\\/\\\/www.linkedin.com\\\/company\\\/proof-de\"]},{\"@type\":\"Person\",\"@id\":\"https:\\\/\\\/blog.proofs.de\\\/sv\\\/author\\\/mbetz\\\/#author\",\"url\":\"https:\\\/\\\/blog.proofs.de\\\/sv\\\/author\\\/mbetz\\\/\",\"name\":\"Matthias Betz\",\"image\":{\"@type\":\"ImageObject\",\"@id\":\"https:\\\/\\\/blog.proofs.de\\\/sv\\\/din-spec-16699-offene-farbkommunikation-kurz-vor-der-verabschiedung\\\/#authorImage\",\"url\":\"https:\\\/\\\/blog.proofs.de\\\/wp-content\\\/uploads\\\/2020\\\/10\\\/matthias-betz-e1603934518350-150x150.png\",\"width\":96,\"height\":96,\"caption\":\"Matthias Betz\"}},{\"@type\":\"WebPage\",\"@id\":\"https:\\\/\\\/blog.proofs.de\\\/sv\\\/din-spec-16699-offene-farbkommunikation-kurz-vor-der-verabschiedung\\\/#webpage\",\"url\":\"https:\\\/\\\/blog.proofs.de\\\/sv\\\/din-spec-16699-offene-farbkommunikation-kurz-vor-der-verabschiedung\\\/\",\"name\":\"DIN SPEC \\\"Offene Farbkommunikation\\\" vor Verabschiedung | proof.de\",\"description\":\"Am Montag habenJan-Peter Homann, Holger Everding, Eric A. Soder und Matthias Betz beim DIN in Berlin einen Meilenstein f\\u00fcr freie Farbkommunikation genommen\",\"inLanguage\":\"sv-SE\",\"isPartOf\":{\"@id\":\"https:\\\/\\\/blog.proofs.de\\\/sv\\\/#website\"},\"breadcrumb\":{\"@id\":\"https:\\\/\\\/blog.proofs.de\\\/sv\\\/din-spec-16699-offene-farbkommunikation-kurz-vor-der-verabschiedung\\\/#breadcrumblist\"},\"author\":{\"@id\":\"https:\\\/\\\/blog.proofs.de\\\/sv\\\/author\\\/mbetz\\\/#author\"},\"creator\":{\"@id\":\"https:\\\/\\\/blog.proofs.de\\\/sv\\\/author\\\/mbetz\\\/#author\"},\"image\":{\"@type\":\"ImageObject\",\"url\":\"https:\\\/\\\/blog.proofs.de\\\/wp-content\\\/uploads\\\/2018\\\/11\\\/DIN_SPEC_16699_Offene_Farbkommunikation.png\",\"@id\":\"https:\\\/\\\/blog.proofs.de\\\/sv\\\/din-spec-16699-offene-farbkommunikation-kurz-vor-der-verabschiedung\\\/#mainImage\",\"width\":2326,\"height\":1540,\"caption\":\"Vorschau Titel DIN SPEC 16699 Offene Farbkommunikation \\\/ Open Colour Communication\"},\"primaryImageOfPage\":{\"@id\":\"https:\\\/\\\/blog.proofs.de\\\/sv\\\/din-spec-16699-offene-farbkommunikation-kurz-vor-der-verabschiedung\\\/#mainImage\"},\"datePublished\":\"2018-07-04T02:11:15+02:00\",\"dateModified\":\"2020-05-08T02:12:06+02:00\"},{\"@type\":\"WebSite\",\"@id\":\"https:\\\/\\\/blog.proofs.de\\\/sv\\\/#website\",\"url\":\"https:\\\/\\\/blog.proofs.de\\\/sv\\\/\",\"name\":\"Proof.de\",\"description\":\"Farbverbindlicher Proof, Farbproof, Digitalproof und Online-Proof.\",\"inLanguage\":\"sv-SE\",\"publisher\":{\"@id\":\"https:\\\/\\\/blog.proofs.de\\\/sv\\\/#organization\"}}]}\n\t\t<\/script>\n\t\t<!-- All in One SEO -->\n\n","aioseo_head_json":{"title":"DIN SPEC \"Open Colour Communication\" f\u00f6re inf\u00f6randet | proof.de","description":"I m\u00e5ndags tog Jan-Peter Homann, Holger Everding, Eric A. Soder och Matthias Betz en milstolpe f\u00f6r fri f\u00e4rgkommunikation p\u00e5 DIN i Berlin.","canonical_url":"https:\/\/blog.proofs.de\/sv\/din-spec-16699-offene-farbkommunikation-kurz-vor-der-verabschiedung\/","robots":"max-image-preview:large","keywords":"16699,deutsches institut f\u00fcr normung,din,din spec,din spec 166909,freiefarbe,freiefarbe e.v.,offene farbkommunikation,open colour communication,pas,publicly available specification","webmasterTools":{"google-site-verification":"TuXxyRwxcEg2-WfOaQ8vScWQh3-uBAnxXmY7g3GT90A","miscellaneous":"&lt;meta name=\"seobility\" content=\"593a8578143db71543f014978c690d47\"&gt;"},"schema":{"@context":"https:\/\/schema.org","@graph":[{"@type":"Article","@id":"https:\/\/blog.proofs.de\/sv\/din-spec-16699-offene-farbkommunikation-kurz-vor-der-verabschiedung\/#article","name":"DIN SPEC \"Offene Farbkommunikation\" vor Verabschiedung | proof.de","headline":"DIN SPEC 16699 &#8222;Offene Farbkommunikation&#8220; kurz vor der Verabschiedung","author":{"@id":"https:\/\/blog.proofs.de\/sv\/author\/mbetz\/#author"},"publisher":{"@id":"https:\/\/blog.proofs.de\/sv\/#organization"},"image":{"@type":"ImageObject","url":"https:\/\/blog.proofs.de\/wp-content\/uploads\/2018\/11\/DIN_SPEC_16699_Offene_Farbkommunikation.png","width":2326,"height":1540,"caption":"Vorschau Titel DIN SPEC 16699 Offene Farbkommunikation \/ Open Colour Communication"},"datePublished":"2018-07-04T02:11:15+02:00","dateModified":"2020-05-08T02:12:06+02:00","inLanguage":"sv-SE","mainEntityOfPage":{"@id":"https:\/\/blog.proofs.de\/sv\/din-spec-16699-offene-farbkommunikation-kurz-vor-der-verabschiedung\/#webpage"},"isPartOf":{"@id":"https:\/\/blog.proofs.de\/sv\/din-spec-16699-offene-farbkommunikation-kurz-vor-der-verabschiedung\/#webpage"},"articleSection":"Allgemein, Proof GmbH, 16699, Deutsches Institut f\u00fcr Normung, DIN, DIN SPEC, DIN SPEC 166909, freieFarbe, freieFarbe e.V., Offene Farbkommunikation, Open Colour Communication, PAS, Publicly Available Specification"},{"@type":"BreadcrumbList","@id":"https:\/\/blog.proofs.de\/sv\/din-spec-16699-offene-farbkommunikation-kurz-vor-der-verabschiedung\/#breadcrumblist","itemListElement":[{"@type":"ListItem","@id":"https:\/\/blog.proofs.de\/sv#listItem","position":1,"name":"Home","item":"https:\/\/blog.proofs.de\/sv","nextItem":{"@type":"ListItem","@id":"https:\/\/blog.proofs.de\/sv\/thema\/proof-wissen\/#listItem","name":"Proof Wissen"}},{"@type":"ListItem","@id":"https:\/\/blog.proofs.de\/sv\/thema\/proof-wissen\/#listItem","position":2,"name":"Proof Wissen","item":"https:\/\/blog.proofs.de\/sv\/thema\/proof-wissen\/","nextItem":{"@type":"ListItem","@id":"https:\/\/blog.proofs.de\/sv\/thema\/proof-wissen\/kategorie-proof-gmbh\/#listItem","name":"Proof GmbH"},"previousItem":{"@type":"ListItem","@id":"https:\/\/blog.proofs.de\/sv#listItem","name":"Home"}},{"@type":"ListItem","@id":"https:\/\/blog.proofs.de\/sv\/thema\/proof-wissen\/kategorie-proof-gmbh\/#listItem","position":3,"name":"Proof GmbH","item":"https:\/\/blog.proofs.de\/sv\/thema\/proof-wissen\/kategorie-proof-gmbh\/","nextItem":{"@type":"ListItem","@id":"https:\/\/blog.proofs.de\/sv\/din-spec-16699-offene-farbkommunikation-kurz-vor-der-verabschiedung\/#listItem","name":"DIN SPEC 16699 &#8222;Offene Farbkommunikation&#8220; kurz vor der Verabschiedung"},"previousItem":{"@type":"ListItem","@id":"https:\/\/blog.proofs.de\/sv\/thema\/proof-wissen\/#listItem","name":"Proof Wissen"}},{"@type":"ListItem","@id":"https:\/\/blog.proofs.de\/sv\/din-spec-16699-offene-farbkommunikation-kurz-vor-der-verabschiedung\/#listItem","position":4,"name":"DIN SPEC 16699 &#8222;Offene Farbkommunikation&#8220; kurz vor der Verabschiedung","previousItem":{"@type":"ListItem","@id":"https:\/\/blog.proofs.de\/sv\/thema\/proof-wissen\/kategorie-proof-gmbh\/#listItem","name":"Proof GmbH"}}]},{"@type":"Organization","@id":"https:\/\/blog.proofs.de\/sv\/#organization","name":"Proof GmbH","description":"Farbverbindlicher Proof, Farbproof, Digitalproof und Online-Proof.","url":"https:\/\/blog.proofs.de\/sv\/","telephone":"+4970717952740","logo":{"@type":"ImageObject","url":"https:\/\/blog1.proofen.de\/wp-content\/uploads\/2019\/09\/logo_proof_rgb_mit_balken_250px.png","@id":"https:\/\/blog.proofs.de\/sv\/din-spec-16699-offene-farbkommunikation-kurz-vor-der-verabschiedung\/#organizationLogo"},"image":{"@id":"https:\/\/blog.proofs.de\/sv\/din-spec-16699-offene-farbkommunikation-kurz-vor-der-verabschiedung\/#organizationLogo"},"sameAs":["https:\/\/www.facebook.com\/Proof.de\/","https:\/\/www.instagram.com\/proof.de\/","https:\/\/www.tiktok.com\/@proof_de","https:\/\/www.youtube.com\/channel\/UCk80fQVQ25wC9wu3SywB-Nw","https:\/\/www.linkedin.com\/company\/proof-de"]},{"@type":"Person","@id":"https:\/\/blog.proofs.de\/sv\/author\/mbetz\/#author","url":"https:\/\/blog.proofs.de\/sv\/author\/mbetz\/","name":"Matthias Betz","image":{"@type":"ImageObject","@id":"https:\/\/blog.proofs.de\/sv\/din-spec-16699-offene-farbkommunikation-kurz-vor-der-verabschiedung\/#authorImage","url":"https:\/\/blog.proofs.de\/wp-content\/uploads\/2020\/10\/matthias-betz-e1603934518350-150x150.png","width":96,"height":96,"caption":"Matthias Betz"}},{"@type":"WebPage","@id":"https:\/\/blog.proofs.de\/sv\/din-spec-16699-offene-farbkommunikation-kurz-vor-der-verabschiedung\/#webpage","url":"https:\/\/blog.proofs.de\/sv\/din-spec-16699-offene-farbkommunikation-kurz-vor-der-verabschiedung\/","name":"DIN SPEC \"Offene Farbkommunikation\" vor Verabschiedung | proof.de","description":"Am Montag habenJan-Peter Homann, Holger Everding, Eric A. Soder und Matthias Betz beim DIN in Berlin einen Meilenstein f\u00fcr freie Farbkommunikation genommen","inLanguage":"sv-SE","isPartOf":{"@id":"https:\/\/blog.proofs.de\/sv\/#website"},"breadcrumb":{"@id":"https:\/\/blog.proofs.de\/sv\/din-spec-16699-offene-farbkommunikation-kurz-vor-der-verabschiedung\/#breadcrumblist"},"author":{"@id":"https:\/\/blog.proofs.de\/sv\/author\/mbetz\/#author"},"creator":{"@id":"https:\/\/blog.proofs.de\/sv\/author\/mbetz\/#author"},"image":{"@type":"ImageObject","url":"https:\/\/blog.proofs.de\/wp-content\/uploads\/2018\/11\/DIN_SPEC_16699_Offene_Farbkommunikation.png","@id":"https:\/\/blog.proofs.de\/sv\/din-spec-16699-offene-farbkommunikation-kurz-vor-der-verabschiedung\/#mainImage","width":2326,"height":1540,"caption":"Vorschau Titel DIN SPEC 16699 Offene Farbkommunikation \/ Open Colour Communication"},"primaryImageOfPage":{"@id":"https:\/\/blog.proofs.de\/sv\/din-spec-16699-offene-farbkommunikation-kurz-vor-der-verabschiedung\/#mainImage"},"datePublished":"2018-07-04T02:11:15+02:00","dateModified":"2020-05-08T02:12:06+02:00"},{"@type":"WebSite","@id":"https:\/\/blog.proofs.de\/sv\/#website","url":"https:\/\/blog.proofs.de\/sv\/","name":"Proof.de","description":"Farbverbindlicher Proof, Farbproof, Digitalproof und Online-Proof.","inLanguage":"sv-SE","publisher":{"@id":"https:\/\/blog.proofs.de\/sv\/#organization"}}]},"og:locale":"sv_SE","og:site_name":"Proof.de | Alles zu Proof, Farbmanagement, Grafik, Messtechnik &amp; Co.","og:type":"article","og:title":"DIN SPEC &quot;Offene Farbkommunikation&quot; vor Verabschiedung | proof.de","og:description":"Am Montag habenJan-Peter Homann, Holger Everding, Eric A. Soder und Matthias Betz beim DIN in Berlin einen Meilenstein f\u00fcr freie Farbkommunikation genommen","og:url":"https:\/\/blog.proofs.de\/sv\/din-spec-16699-offene-farbkommunikation-kurz-vor-der-verabschiedung\/","og:image":"https:\/\/blog.proofs.de\/wp-content\/uploads\/2018\/11\/DIN_SPEC_16699_Offene_Farbkommunikation.png","og:image:secure_url":"https:\/\/blog.proofs.de\/wp-content\/uploads\/2018\/11\/DIN_SPEC_16699_Offene_Farbkommunikation.png","og:image:width":2326,"og:image:height":1540,"article:published_time":"2018-07-04T00:11:15+00:00","article:modified_time":"2020-05-08T00:12:06+00:00","article:publisher":"https:\/\/www.facebook.com\/Proof.de\/","twitter:card":"summary","twitter:title":"DIN SPEC &quot;Offene Farbkommunikation&quot; vor Verabschiedung | proof.de","twitter:description":"Am Montag habenJan-Peter Homann, Holger Everding, Eric A. Soder und Matthias Betz beim DIN in Berlin einen Meilenstein f\u00fcr freie Farbkommunikation genommen","twitter:image":"https:\/\/blog1.proofen.de\/wp-content\/uploads\/2020\/04\/proof_background.jpg"},"aioseo_meta_data":{"post_id":"2095","title":"DIN SPEC &quot;Offene Farbkommunikation&quot; vor Verabschiedung |\u00a0proof.de","description":"I m\u00e5ndags tog Jan-Peter Homann, Holger Everding, Eric A. Soder och Matthias Betz en milstolpe f\u00f6r fri f\u00e4rgkommunikation p\u00e5 DIN i Berlin.","keywords":null,"keyphrases":null,"primary_term":null,"canonical_url":null,"og_title":null,"og_description":null,"og_object_type":"default","og_image_type":"default","og_image_url":null,"og_image_width":null,"og_image_height":null,"og_image_custom_url":null,"og_image_custom_fields":null,"og_video":null,"og_custom_url":null,"og_article_section":null,"og_article_tags":null,"twitter_use_og":false,"twitter_card":"default","twitter_image_type":"default","twitter_image_url":null,"twitter_image_custom_url":null,"twitter_image_custom_fields":null,"twitter_title":null,"twitter_description":null,"schema":{"blockGraphs":[],"customGraphs":[],"default":{"data":{"Article":[],"Course":[],"Dataset":[],"FAQPage":[],"Movie":[],"Person":[],"Product":[],"ProductReview":[],"Car":[],"Recipe":[],"Service":[],"SoftwareApplication":[],"WebPage":[]},"graphName":"","isEnabled":true},"graphs":[],"defaultGraph":"","defaultPostTypeGraph":""},"schema_type":null,"schema_type_options":null,"pillar_content":false,"robots_default":true,"robots_noindex":false,"robots_noarchive":false,"robots_nosnippet":false,"robots_nofollow":false,"robots_noimageindex":false,"robots_noodp":false,"robots_notranslate":false,"robots_max_snippet":null,"robots_max_videopreview":null,"robots_max_imagepreview":"large","priority":null,"frequency":null,"local_seo":null,"breadcrumb_settings":null,"limit_modified_date":false,"ai":null,"created":"2020-12-21 00:35:00","updated":"2025-06-04 14:22:05","seo_analyzer_scan_date":null,"focus_keyword":null,"additional_keywords":null,"truseo_locale":null},"_links":{"self":[{"href":"https:\/\/blog.proofs.de\/sv\/wp-json\/wp\/v2\/posts\/2095","targetHints":{"allow":["GET"]}}],"collection":[{"href":"https:\/\/blog.proofs.de\/sv\/wp-json\/wp\/v2\/posts"}],"about":[{"href":"https:\/\/blog.proofs.de\/sv\/wp-json\/wp\/v2\/types\/post"}],"author":[{"embeddable":true,"href":"https:\/\/blog.proofs.de\/sv\/wp-json\/wp\/v2\/users\/2"}],"replies":[{"embeddable":true,"href":"https:\/\/blog.proofs.de\/sv\/wp-json\/wp\/v2\/comments?post=2095"}],"version-history":[{"count":5,"href":"https:\/\/blog.proofs.de\/sv\/wp-json\/wp\/v2\/posts\/2095\/revisions"}],"predecessor-version":[{"id":3316,"href":"https:\/\/blog.proofs.de\/sv\/wp-json\/wp\/v2\/posts\/2095\/revisions\/3316"}],"wp:featuredmedia":[{"embeddable":true,"href":"https:\/\/blog.proofs.de\/sv\/wp-json\/wp\/v2\/media\/2194"}],"wp:attachment":[{"href":"https:\/\/blog.proofs.de\/sv\/wp-json\/wp\/v2\/media?parent=2095"}],"wp:term":[{"taxonomy":"category","embeddable":true,"href":"https:\/\/blog.proofs.de\/sv\/wp-json\/wp\/v2\/categories?post=2095"},{"taxonomy":"post_tag","embeddable":true,"href":"https:\/\/blog.proofs.de\/sv\/wp-json\/wp\/v2\/tags?post=2095"}],"curies":[{"name":"wp","href":"https:\/\/api.w.org\/{rel}","templated":true}]}}