{"id":2110,"date":"2019-04-16T00:17:32","date_gmt":"2019-04-15T22:17:32","guid":{"rendered":"http:\/\/www.proof.de\/?p=2110"},"modified":"2020-05-08T02:26:06","modified_gmt":"2020-05-08T00:26:06","slug":"vara-bevis-dubbelt-uppmaetta-foer-mer-faerg-precision","status":"publish","type":"post","link":"https:\/\/blog.proofs.de\/sv\/unsere-proofs-doppelt-gemessen-fuer-mehr-farbpraezision\/","title":{"rendered":"V\u00e5ra prov: M\u00e4tt tv\u00e5 g\u00e5nger f\u00f6r mer f\u00e4rgprecision"},"content":{"rendered":"<div class=\"kk-star-ratings kksr-auto kksr-align-right kksr-valign-top\" data-payload='{\"align\":\"right\",\"id\":\"2110\",\"slug\":\"default\",\"valign\":\"top\",\"ignore\":\"\",\"reference\":\"auto\",\"class\":\"\",\"count\":\"0\",\"legendonly\":\"\",\"readonly\":\"\",\"score\":\"0\",\"starsonly\":\"\",\"best\":\"5\",\"gap\":\"5\",\"greet\":\"Jetzt bewerten\",\"legend\":\"0\\\/5 - (0 votes)\",\"size\":\"24\",\"title\":\"Unsere Proofs: Doppelt gemessen f&uuml;r mehr Farbpr&auml;zision\",\"width\":\"0\",\"_legend\":\"{score}\\\/{best} - ({count} {votes})\",\"font_factor\":\"1.25\"}'>\n            \n<div class=\"kksr-stars\">\n    \n<div class=\"kksr-stars-inactive\">\n            <div class=\"kksr-star\" data-star=\"1\" style=\"padding-right: 5px\">\n            \n\n<div class=\"kksr-icon\" style=\"width: 24px; height: 24px;\"><\/div>\n        <\/div>\n            <div class=\"kksr-star\" data-star=\"2\" style=\"padding-right: 5px\">\n            \n\n<div class=\"kksr-icon\" style=\"width: 24px; height: 24px;\"><\/div>\n        <\/div>\n            <div class=\"kksr-star\" data-star=\"3\" style=\"padding-right: 5px\">\n            \n\n<div class=\"kksr-icon\" style=\"width: 24px; height: 24px;\"><\/div>\n        <\/div>\n            <div class=\"kksr-star\" data-star=\"4\" style=\"padding-right: 5px\">\n            \n\n<div class=\"kksr-icon\" style=\"width: 24px; height: 24px;\"><\/div>\n        <\/div>\n            <div class=\"kksr-star\" data-star=\"5\" style=\"padding-right: 5px\">\n            \n\n<div class=\"kksr-icon\" style=\"width: 24px; height: 24px;\"><\/div>\n        <\/div>\n    <\/div>\n    \n<div class=\"kksr-stars-active\" style=\"width: 0px;\">\n            <div class=\"kksr-star\" style=\"padding-right: 5px\">\n            \n\n<div class=\"kksr-icon\" style=\"width: 24px; height: 24px;\"><\/div>\n        <\/div>\n            <div class=\"kksr-star\" style=\"padding-right: 5px\">\n            \n\n<div class=\"kksr-icon\" style=\"width: 24px; height: 24px;\"><\/div>\n        <\/div>\n            <div class=\"kksr-star\" style=\"padding-right: 5px\">\n            \n\n<div class=\"kksr-icon\" style=\"width: 24px; height: 24px;\"><\/div>\n        <\/div>\n            <div class=\"kksr-star\" style=\"padding-right: 5px\">\n            \n\n<div class=\"kksr-icon\" style=\"width: 24px; height: 24px;\"><\/div>\n        <\/div>\n            <div class=\"kksr-star\" style=\"padding-right: 5px\">\n            \n\n<div class=\"kksr-icon\" style=\"width: 24px; height: 24px;\"><\/div>\n        <\/div>\n    <\/div>\n<\/div>\n                \n\n<div class=\"kksr-legend\" style=\"font-size: 19.2px;\">\n            <span class=\"kksr-muted\">Betygs\u00e4tt nu<\/span>\n    <\/div>\n    <\/div>\n<p>A <a href=\"https:\/\/blog.proofs.de\/sv\/lexikon\/proof\/\" target=\"_self\" title=\"Ett proof (korrekt: kontraktsprov) \u00e4r en ISO 12647-7-certifierad provningsutrustning f\u00f6r den grafiska industrin. Ett provtryck simulerar f\u00e4rgligheten i offset- eller djuptryck p\u00e5 ett f\u00e4rg- och r\u00e4ttsligt bindande s\u00e4tt inom de sn\u00e4va toleranserna i ISO-standarden.\" class=\"encyclopedia\">Bevis<\/a> F\u00f6r oss inneb\u00e4r detta att producera en mycket f\u00e4rgprecis reproduktion av en kunds motiv inom toleranserna f\u00f6r den nuvarande <a href=\"https:\/\/blog.proofs.de\/sv\/lexikon\/iso-12647\/\" target=\"_self\" title=\"ISO 12647 \u00e4r den ISO-standard som ansvarar f\u00f6r utskrifter. Den definierar de viktigaste nyckelpunkterna f\u00f6r standardiserad, f\u00e4rgkompatibel utskrift.\" class=\"encyclopedia\">ISO 12647<\/a>-7:2016.<\/p>\n<p>V\u00e5r standard har alltid varit h\u00f6gre \u00e4n vad standarden till\u00e5ter. Vi vill ligga inom h\u00e4lften av de till\u00e5tna toleranserna. Och i de flesta fall lyckas vi g\u00f6ra det p\u00e5 ett tillf\u00f6rlitligt s\u00e4tt.<\/p>\n<p>Men om du anv\u00e4nder samma motiv tv\u00e5 g\u00e5nger med en veckas mellanrum <a href=\"https:\/\/blog.proofs.de\/sv\/lexikon\/proofen\/\" target=\"_self\" title='&quot;provning&quot;: att g\u00f6ra ett prov eller l\u00e5ta g\u00f6ra ett prov. &quot;Jag m\u00e5ste fortfarande f\u00e5 broschyren granskad&quot; \u00e4r den typiska formuleringen f\u00f6r ordet &quot;granskning&quot;. Proofing inneb\u00e4r allts\u00e5 att ett f\u00e4rgprov och juridiskt bindande prov tas fram i enlighet med den g\u00e4llande ISO 12647-7-standarden.' class=\"encyclopedia\">proofen<\/a> lassen, werden sich die <a href=\"https:\/\/blog.proofs.de\/sv\/lexikon\/proofs\/\" target=\"_self\" title=\"Inom tryckeribranschen avses med proof (eller proof prints) en f\u00e4rgbindande och juridiskt bindande simulering av ett tryckresultat f\u00f6r kontroll\u00e4ndam\u00e5l. Den standard som ansvarar f\u00f6r provtryck \u00e4r ISO 12647-7:2016, dvs. den aktuella revideringen fr\u00e5n 2016.\" class=\"encyclopedia\">Bevis<\/a> alltid skiljer sig n\u00e5got fr\u00e5n varandra:<\/p>\n<ul>\n<li>\u00c4ven om den \u00e4r mycket f\u00e4rgstabil, kan ingen proof-skrivare alltid skriva ut identiska bilder.<\/li>\n<li>Mellan de tv\u00e5 bevisen kan en ny kalibrering eller en ny optimeringsprofil ha skrivits som inte l\u00e4ngre \u00e4r exakt identisk med den tidigare, gamla optimeringsprofilen.<\/li>\n<li>Temperatur- och luftfuktighetsvariationer kan ocks\u00e5 p\u00e5verka f\u00e4rg\u00e5tergivningen n\u00e5got - s\u00e4rskilt p\u00e5 sommaren.<\/li>\n<li>M\u00e4tinstrument har alltid en viss variation fr\u00e5n instrument till instrument och fr\u00e5n m\u00e4tning till m\u00e4tning, vilket kan visa sig i olika provningsprotokoll och i olika kalibreringar av instrumenten.<\/li>\n<\/ul>\n<p>Vi har ocks\u00e5 bevis p\u00e5 tre olika E<a href=\"https:\/\/blog.proofs.de\/sv\/lexikon\/pso\/\" target=\"_self\" title='PSO st\u00e5r f\u00f6r &quot;ProcessStandard Offset&quot;, en standard som utvecklats gemensamt av Fogra och German Printing and Media Industries Federation. ProcessStandard Offset \u00e4r en samling normer och standardiseringar f\u00f6r offsettryck.' class=\"encyclopedia\">pso<\/a>n modeller av provskrivare, som alla har en inbyggd spektroproofer med X-Rite ILS30-m\u00e4tmekanik. Detta ger oss en h\u00f6g genomstr\u00f6mning och g\u00f6r att vi kan bearbeta och skicka \u00e4ven stora jobb snabbt. Men det inneb\u00e4r ocks\u00e5 att korrekturerna produceras p\u00e5 olika korrekturskrivare och kontrolleras med olika m\u00e4tmekanismer. Detta leder naturligtvis till st\u00f6rre avvikelser mellan tv\u00e5 provtryck \u00e4n hos tj\u00e4nsteleverant\u00f6rer som endast har en provtryckare och en m\u00e4tmekanism.<\/p>\n<h2>V\u00e5ra bevis: M\u00e4tt tv\u00e5 g\u00e5nger \u00e4r mer exakt<\/h2>\n<p>F\u00f6r att kunna garantera dig optimal f\u00e4rgprecision och homogenitet anv\u00e4nder vi olika m\u00e4tinstrument f\u00f6r linj\u00e4risering, profilering, profiloptimering och verifiering av testprotokollet.<\/p>\n<ul>\n<li>Linj\u00e4riseringen och den efterf\u00f6ljande profileringen av v\u00e5r proofare utf\u00f6rs helautomatiskt i enheten av den inbyggda X-Rite Spectroproofer med ILS30.<\/li>\n<li>Den \u00e4nnu mer exakta profiloptimeringen baserad p\u00e5 profilering m\u00e4ts in med en extern i1 Pro 2 p\u00e5 ett iO-bord. Vi m\u00e4ter och optimerar tre till fyra iterationer vardera och v\u00e4ljer sedan den b\u00e4sta optimeringsprofilen f\u00f6r respektive provgivare.<\/li>\n<li>Om du har en <a href=\"https:\/\/blog.proofs.de\/sv\/lexikon\/medienkeil\/\" target=\"_self\" title=\"En mediakil \u00e4r ett standardiserat testm\u00f6nster som anv\u00e4nds inom tryckindustrin och vid f\u00e4rghantering. Mediakilen best\u00e5r av en serie f\u00e4rgf\u00e4lt med k\u00e4nda f\u00e4rgv\u00e4rden och f\u00e4rgintensiteter. Den anv\u00e4nds f\u00f6r att kontrollera f\u00e4rgnoggrannheten och f\u00e4rg\u00e5tergivningen i utskrifter, s\u00e4rskilt vid kalibrering av f\u00e4rghanteringssystem. Mediakilen inneh\u00e5ller en serie f\u00e4rgf\u00e4lt med olika f\u00e4rger, inklusive...\" class=\"encyclopedia\">Mediekil<\/a> med testrapport, denna skapas helt automatiskt av den inbyggda spektroproofern.<\/li>\n<\/ul>\n<h2>Detta f\u00f6rfarande har avg\u00f6rande f\u00f6rdelar n\u00e4r det g\u00e4ller f\u00e4rgprecision:<\/h2>\n<ul>\n<li>Alla provtryckare optimeras med hj\u00e4lp av samma externa m\u00e4tutrustning. Detta g\u00f6r det m\u00f6jligt att kompensera f\u00f6r skillnader och fluktuationer mellan de enskilda provtryckarna och m\u00e4tmekanismerna. Detta resulterar i n\u00e4stan f\u00e4rgidentiska provtryck, oavsett vilken provtryckare de produceras p\u00e5.<\/li>\n<li>F\u00f6r varje mediakil med ett testprotokoll m\u00e4ts och kontrolleras beviset individuellt. S\u00e5 om det skulle finnas n\u00e5gra avvikelser mellan den yttre och den inre <a href=\"https:\/\/blog.proofs.de\/sv\/lexikon\/spektralfotometer\/\" target=\"_self\" title=\"Spektrofotometrar \u00e4r h\u00f6gkvalitativa f\u00e4rgm\u00e4tare som kan m\u00e4ta och exakt beskriva alla f\u00e4rger. M\u00e4tanordningen uppn\u00e5r detta genom att belysa m\u00e4tytan med hela det synliga ljusets spektrum. Reflektionsv\u00e4rdena f\u00f6r vissa v\u00e5gl\u00e4ngder resulterar tillsammans i det uppm\u00e4tta v\u00e4rdet, som ofta ges ut i Lab (m\u00e4tl\u00e4ge fritt valbart fr\u00e5n M0 till M2). De spektrala m\u00e4tv\u00e4rdena kan dock ocks\u00e5 lagras direkt. H\u00f6gkvalitativa provtryckare har en egen spektralfotometer f\u00f6r att verifiera utskriften direkt.\" class=\"encyclopedia\">Spektrofotometer<\/a> &nbsp;intr\u00e4ffar, skulle testprotokollet omedelbart misslyckas.<\/li>\n<li>Detta utesluter m\u00f6jligheten att t.ex. en m\u00e4tanordning \"blir blind p\u00e5 det gr\u00f6na \u00f6gat\", men kontrollerar sig sj\u00e4lv hela tiden och m\u00e4rker d\u00e4rf\u00f6r aldrig detta.<\/li>\n<\/ul>\n<p>Str\u00e4ngt taget inneb\u00e4r detta att varje bevis inte bara \u00e4r d<a href=\"https:\/\/blog.proofs.de\/sv\/lexikon\/opp\/\" target=\"_self\" title='&quot;OPP&quot; st\u00e5r f\u00f6r &quot;Oriented Polypropylene&quot;, vilket \u00e4r en typ av plastfilm. OPP-film \u00e4r tillverkad av polypropen och k\u00e4nnetecknas av sin orientering. Materialets orientering uppn\u00e5s genom en speciell tillverkningsprocess d\u00e4r filmen str\u00e4cks f\u00f6r att f\u00f6rb\u00e4ttra dess fysiska egenskaper. OPP-filmer \u00e4r transparenta, glansiga och har en sl\u00e4t yta. De har h\u00f6g klarhet, \u00e4r rivt\u00e5liga, vattenavvisande och har en bra barri\u00e4reffekt mot fukt, oljor och gaser. Dessa egenskaper g\u00f6r OPP-filmer m\u00e5ngsidiga och de anv\u00e4nds inom m\u00e5nga olika omr\u00e5den, s\u00e4rskilt inom f\u00f6rpackningsindustrin. F\u00f6r filmlaminering med matta OPP-filmer och glansiga OPP-filmer finns det fyra s\u00e5 kallade &quot;finishing proof&quot;-standarder fr\u00e5n Fogra: Fogra49 och Fogra50 f\u00f6r filmrelaterade OPP-papper i de klassiska standarderna ISOCoatedV2 300%, samt Fogra56 och Fogra57 f\u00f6r efterbehandling av OPP i PSOCoatedV3-tryck.' class=\"encyclopedia\">opp<\/a>Profiloptimeringen kontrolleras inte bara en g\u00e5ng, utan fyra g\u00e5nger, eftersom den kontrolleras p\u00e5 tre provskrivare med tre m\u00e4tmekanismer. Om den centrala m\u00e4tmekanismen f\u00f6r profiloptimeringen skulle fungera felaktigt, skulle testrapporterna f\u00f6r alla korrekturapparater misslyckas. Om en korrekturl\u00e4sare och en m\u00e4tmekanism inte skulle fungera skulle testprotokollen inte fungera p\u00e5 en enhet, men inte p\u00e5 alla.<\/p>\n<p>Detta f\u00f6rfarande \u00e4r lite mer tidskr\u00e4vande, men ger oss och v\u00e5ra kunder bara f\u00f6rdelar. V\u00e5ra provtryck \u00e4r allts\u00e5 lika homogena som om de hade producerats av en enda provtryckare, men samtidigt har de, efter att ha kontrollerat mediakilen, behandlats av tv\u00e5 m\u00e4tmekaniker och befunnits vara bra. Detta ger dig och oss en m\u00e4rkbar \u00f6kning av processkvaliteten f\u00f6r proofproduktion.<\/p>","protected":false},"excerpt":{"rendered":"<p>F\u00f6r oss inneb\u00e4r ett proof en mycket f\u00e4rgriktig \u00e5tergivning av ett kundmotiv inom toleranserna f\u00f6r den aktuella standarden ISO 12647-7:2016. V\u00e5ra krav har alltid varit h\u00f6gre \u00e4n vad standarden till\u00e5ter. Vi vill ligga inom h\u00e4lften av de till\u00e5tna toleranserna. Och i de flesta fall uppn\u00e5r vi detta p\u00e5 ett tillf\u00f6rlitligt s\u00e4tt. Men om du l\u00e5ter provtrycka samma motiv tv\u00e5 g\u00e5nger med en veckas mellanrum, kommer provtryckningarna alltid att skilja sig n\u00e5got fr\u00e5n varandra: \u00c4ven om de \u00e4r mycket f\u00e4rgstabila, skriver ingen korrekturskrivare alltid ut identiskt En ny kalibrering eller en ny optimeringsprofil kan skrivas mellan de tv\u00e5 korrekturerna. <\/p>\n<p class=\"read-more-container\"><a title=\"V\u00e5ra prov: M\u00e4tt tv\u00e5 g\u00e5nger f\u00f6r mer f\u00e4rgprecision\" class=\"read-more button\" href=\"https:\/\/blog.proofs.de\/sv\/unsere-proofs-doppelt-gemessen-fuer-mehr-farbpraezision\/#more-2110\" aria-label=\"L\u00e4s mer om V\u00e5ra provtryck: M\u00e4tt tv\u00e5 g\u00e5nger f\u00f6r b\u00e4ttre f\u00e4rgprecision\">L\u00e4s mer p\u00e5<\/a><\/p>","protected":false},"author":2,"featured_media":1888,"comment_status":"open","ping_status":"open","sticky":false,"template":"","format":"standard","meta":{"om_disable_all_campaigns":false,"inline_featured_image":false,"_monsterinsights_skip_tracking":false,"footnotes":""},"categories":[1],"tags":[1033,806,686,1035,1032,1036,519,1034,988,1031,479],"class_list":["post-2110","post","type-post","status-publish","format-standard","has-post-thumbnail","hentry","category-allgemein","tag-i1","tag-i1pro2","tag-iso12647-7","tag-kalibrierung","tag-messtechnik","tag-profilierung","tag-proof","tag-pruefprotokoll","tag-spektralfotometer","tag-toleranzen","tag-x-rite","generate-columns","tablet-grid-50","mobile-grid-100","grid-parent","grid-50","no-featured-image-padding","resize-featured-image"],"aioseo_notices":[],"aioseo_head":"\n\t\t<!-- All in One SEO 5.0.1.1 - aioseo.com -->\n\t<meta name=\"description\" content=\"Unser Anspruch bei Proofs ist schon immer hoch. Wir m\u00f6chten innerhalb der H\u00e4lfte der zul\u00e4ssigen Toleranzen liegen. Und meistens schaffen wir das auch.\" \/>\n\t<meta name=\"robots\" content=\"max-image-preview:large\" \/>\n\t<meta name=\"author\" content=\"Matthias Betz\"\/>\n\t<meta name=\"google-site-verification\" content=\"TuXxyRwxcEg2-WfOaQ8vScWQh3-uBAnxXmY7g3GT90A\" \/>\n\t<meta name=\"keywords\" content=\"proof,iso12647-7,toleranzen,messtechnik,spektralfotometer,x-rite,i1,i1pro2,pr\u00fcfprotokoll,kalibrierung,profilierung,i1,i1pro2,iso12647-7,kalibrierung,messtechnik,profilierung,proof,pr\u00fcfprotokoll,spektralfotometer,toleranzen,x-rite\" \/>\n\t<link rel=\"canonical\" href=\"https:\/\/blog.proofs.de\/sv\/unsere-proofs-doppelt-gemessen-fuer-mehr-farbpraezision\/\" \/>\n\t<meta name=\"generator\" content=\"All in One SEO (AIOSEO) 5.0.1.1\" \/>\n\n\t\t<meta name=\"seobility\" content=\"593a8578143db71543f014978c690d47\">\n\t\t<meta property=\"og:locale\" content=\"sv_SE\" \/>\n\t\t<meta property=\"og:site_name\" content=\"Proof.de | Alles zu Proof, Farbmanagement, Grafik, Messtechnik &amp; Co.\" \/>\n\t\t<meta property=\"og:type\" content=\"article\" \/>\n\t\t<meta property=\"og:title\" content=\"Unser Proof: Doppelt gemessen f\u00fcr mehr Pr\u00e4zision | proof.de\" \/>\n\t\t<meta property=\"og:description\" content=\"Unser Anspruch bei Proofs ist schon immer hoch. Wir m\u00f6chten innerhalb der H\u00e4lfte der zul\u00e4ssigen Toleranzen liegen. Und meistens schaffen wir das auch.\" \/>\n\t\t<meta property=\"og:url\" content=\"https:\/\/blog.proofs.de\/sv\/unsere-proofs-doppelt-gemessen-fuer-mehr-farbpraezision\/\" \/>\n\t\t<meta property=\"og:image\" content=\"https:\/\/blog.proofs.de\/wp-content\/uploads\/2017\/04\/proof_de_medienkeil_mediawedge_ISO-12647-7_vs_ISO-DIS_12647-7_2016.jpg\" \/>\n\t\t<meta property=\"og:image:secure_url\" content=\"https:\/\/blog.proofs.de\/wp-content\/uploads\/2017\/04\/proof_de_medienkeil_mediawedge_ISO-12647-7_vs_ISO-DIS_12647-7_2016.jpg\" \/>\n\t\t<meta property=\"og:image:width\" content=\"2400\" \/>\n\t\t<meta property=\"og:image:height\" content=\"1100\" \/>\n\t\t<meta property=\"article:published_time\" content=\"2019-04-15T22:17:32+00:00\" \/>\n\t\t<meta property=\"article:modified_time\" content=\"2020-05-08T00:26:06+00:00\" \/>\n\t\t<meta property=\"article:publisher\" content=\"https:\/\/www.facebook.com\/Proof.de\/\" \/>\n\t\t<meta name=\"twitter:card\" content=\"summary\" \/>\n\t\t<meta name=\"twitter:title\" content=\"Unser Proof: Doppelt gemessen f\u00fcr mehr Pr\u00e4zision | proof.de\" \/>\n\t\t<meta name=\"twitter:description\" content=\"Unser Anspruch bei Proofs ist schon immer hoch. Wir m\u00f6chten innerhalb der H\u00e4lfte der zul\u00e4ssigen Toleranzen liegen. Und meistens schaffen wir das auch.\" \/>\n\t\t<meta name=\"twitter:image\" content=\"https:\/\/blog1.proofen.de\/wp-content\/uploads\/2020\/04\/proof_background.jpg\" \/>\n\t\t<script type=\"application\/ld+json\" class=\"aioseo-schema\">\n\t\t\t{\"@context\":\"https:\\\/\\\/schema.org\",\"@graph\":[{\"@type\":\"Article\",\"@id\":\"https:\\\/\\\/blog.proofs.de\\\/sv\\\/unsere-proofs-doppelt-gemessen-fuer-mehr-farbpraezision\\\/#article\",\"name\":\"Unser Proof: Doppelt gemessen f\\u00fcr mehr Pr\\u00e4zision | proof.de\",\"headline\":\"Unsere Proofs: Doppelt gemessen f\\u00fcr mehr Farbpr\\u00e4zision\",\"author\":{\"@id\":\"https:\\\/\\\/blog.proofs.de\\\/sv\\\/author\\\/mbetz\\\/#author\"},\"publisher\":{\"@id\":\"https:\\\/\\\/blog.proofs.de\\\/sv\\\/#organization\"},\"image\":{\"@type\":\"ImageObject\",\"url\":\"https:\\\/\\\/blog.proofs.de\\\/wp-content\\\/uploads\\\/2017\\\/04\\\/proof_de_medienkeil_mediawedge_ISO-12647-7_vs_ISO-DIS_12647-7_2016.jpg\",\"width\":2400,\"height\":1100,\"caption\":\"proof.de Medienkeil Mediawedge ISO 12647-7 vs. ISO\\\/DIS 12647-7:2016\"},\"datePublished\":\"2019-04-16T00:17:32+02:00\",\"dateModified\":\"2020-05-08T02:26:06+02:00\",\"inLanguage\":\"sv-SE\",\"mainEntityOfPage\":{\"@id\":\"https:\\\/\\\/blog.proofs.de\\\/sv\\\/unsere-proofs-doppelt-gemessen-fuer-mehr-farbpraezision\\\/#webpage\"},\"isPartOf\":{\"@id\":\"https:\\\/\\\/blog.proofs.de\\\/sv\\\/unsere-proofs-doppelt-gemessen-fuer-mehr-farbpraezision\\\/#webpage\"},\"articleSection\":\"Allgemein, i1, I1Pro2, ISO12647-7, Kalibrierung, Messtechnik, Profilierung, Proof, Pr\\u00fcfprotokoll, Spektralfotometer, Toleranzen, X-Rite\"},{\"@type\":\"BreadcrumbList\",\"@id\":\"https:\\\/\\\/blog.proofs.de\\\/sv\\\/unsere-proofs-doppelt-gemessen-fuer-mehr-farbpraezision\\\/#breadcrumblist\",\"itemListElement\":[{\"@type\":\"ListItem\",\"@id\":\"https:\\\/\\\/blog.proofs.de\\\/sv#listItem\",\"position\":1,\"name\":\"Home\",\"item\":\"https:\\\/\\\/blog.proofs.de\\\/sv\",\"nextItem\":{\"@type\":\"ListItem\",\"@id\":\"https:\\\/\\\/blog.proofs.de\\\/sv\\\/thema\\\/allgemein\\\/#listItem\",\"name\":\"Allgemein\"}},{\"@type\":\"ListItem\",\"@id\":\"https:\\\/\\\/blog.proofs.de\\\/sv\\\/thema\\\/allgemein\\\/#listItem\",\"position\":2,\"name\":\"Allgemein\",\"item\":\"https:\\\/\\\/blog.proofs.de\\\/sv\\\/thema\\\/allgemein\\\/\",\"nextItem\":{\"@type\":\"ListItem\",\"@id\":\"https:\\\/\\\/blog.proofs.de\\\/sv\\\/unsere-proofs-doppelt-gemessen-fuer-mehr-farbpraezision\\\/#listItem\",\"name\":\"Unsere Proofs: Doppelt gemessen f\\u00fcr mehr Farbpr\\u00e4zision\"},\"previousItem\":{\"@type\":\"ListItem\",\"@id\":\"https:\\\/\\\/blog.proofs.de\\\/sv#listItem\",\"name\":\"Home\"}},{\"@type\":\"ListItem\",\"@id\":\"https:\\\/\\\/blog.proofs.de\\\/sv\\\/unsere-proofs-doppelt-gemessen-fuer-mehr-farbpraezision\\\/#listItem\",\"position\":3,\"name\":\"Unsere Proofs: Doppelt gemessen f\\u00fcr mehr Farbpr\\u00e4zision\",\"previousItem\":{\"@type\":\"ListItem\",\"@id\":\"https:\\\/\\\/blog.proofs.de\\\/sv\\\/thema\\\/allgemein\\\/#listItem\",\"name\":\"Allgemein\"}}]},{\"@type\":\"Organization\",\"@id\":\"https:\\\/\\\/blog.proofs.de\\\/sv\\\/#organization\",\"name\":\"Proof GmbH\",\"description\":\"Farbverbindlicher Proof, Farbproof, Digitalproof und Online-Proof.\",\"url\":\"https:\\\/\\\/blog.proofs.de\\\/sv\\\/\",\"telephone\":\"+4970717952740\",\"logo\":{\"@type\":\"ImageObject\",\"url\":\"https:\\\/\\\/blog1.proofen.de\\\/wp-content\\\/uploads\\\/2019\\\/09\\\/logo_proof_rgb_mit_balken_250px.png\",\"@id\":\"https:\\\/\\\/blog.proofs.de\\\/sv\\\/unsere-proofs-doppelt-gemessen-fuer-mehr-farbpraezision\\\/#organizationLogo\"},\"image\":{\"@id\":\"https:\\\/\\\/blog.proofs.de\\\/sv\\\/unsere-proofs-doppelt-gemessen-fuer-mehr-farbpraezision\\\/#organizationLogo\"},\"sameAs\":[\"https:\\\/\\\/www.facebook.com\\\/Proof.de\\\/\",\"https:\\\/\\\/www.instagram.com\\\/proof.de\\\/\",\"https:\\\/\\\/www.tiktok.com\\\/@proof_de\",\"https:\\\/\\\/www.youtube.com\\\/channel\\\/UCk80fQVQ25wC9wu3SywB-Nw\",\"https:\\\/\\\/www.linkedin.com\\\/company\\\/proof-de\"]},{\"@type\":\"Person\",\"@id\":\"https:\\\/\\\/blog.proofs.de\\\/sv\\\/author\\\/mbetz\\\/#author\",\"url\":\"https:\\\/\\\/blog.proofs.de\\\/sv\\\/author\\\/mbetz\\\/\",\"name\":\"Matthias Betz\",\"image\":{\"@type\":\"ImageObject\",\"@id\":\"https:\\\/\\\/blog.proofs.de\\\/sv\\\/unsere-proofs-doppelt-gemessen-fuer-mehr-farbpraezision\\\/#authorImage\",\"url\":\"https:\\\/\\\/blog.proofs.de\\\/wp-content\\\/uploads\\\/2020\\\/10\\\/matthias-betz-e1603934518350-150x150.png\",\"width\":96,\"height\":96,\"caption\":\"Matthias Betz\"}},{\"@type\":\"WebPage\",\"@id\":\"https:\\\/\\\/blog.proofs.de\\\/sv\\\/unsere-proofs-doppelt-gemessen-fuer-mehr-farbpraezision\\\/#webpage\",\"url\":\"https:\\\/\\\/blog.proofs.de\\\/sv\\\/unsere-proofs-doppelt-gemessen-fuer-mehr-farbpraezision\\\/\",\"name\":\"Unser Proof: Doppelt gemessen f\\u00fcr mehr Pr\\u00e4zision | proof.de\",\"description\":\"Unser Anspruch bei Proofs ist schon immer hoch. Wir m\\u00f6chten innerhalb der H\\u00e4lfte der zul\\u00e4ssigen Toleranzen liegen. Und meistens schaffen wir das auch.\",\"inLanguage\":\"sv-SE\",\"isPartOf\":{\"@id\":\"https:\\\/\\\/blog.proofs.de\\\/sv\\\/#website\"},\"breadcrumb\":{\"@id\":\"https:\\\/\\\/blog.proofs.de\\\/sv\\\/unsere-proofs-doppelt-gemessen-fuer-mehr-farbpraezision\\\/#breadcrumblist\"},\"author\":{\"@id\":\"https:\\\/\\\/blog.proofs.de\\\/sv\\\/author\\\/mbetz\\\/#author\"},\"creator\":{\"@id\":\"https:\\\/\\\/blog.proofs.de\\\/sv\\\/author\\\/mbetz\\\/#author\"},\"image\":{\"@type\":\"ImageObject\",\"url\":\"https:\\\/\\\/blog.proofs.de\\\/wp-content\\\/uploads\\\/2017\\\/04\\\/proof_de_medienkeil_mediawedge_ISO-12647-7_vs_ISO-DIS_12647-7_2016.jpg\",\"@id\":\"https:\\\/\\\/blog.proofs.de\\\/sv\\\/unsere-proofs-doppelt-gemessen-fuer-mehr-farbpraezision\\\/#mainImage\",\"width\":2400,\"height\":1100,\"caption\":\"proof.de Medienkeil Mediawedge ISO 12647-7 vs. ISO\\\/DIS 12647-7:2016\"},\"primaryImageOfPage\":{\"@id\":\"https:\\\/\\\/blog.proofs.de\\\/sv\\\/unsere-proofs-doppelt-gemessen-fuer-mehr-farbpraezision\\\/#mainImage\"},\"datePublished\":\"2019-04-16T00:17:32+02:00\",\"dateModified\":\"2020-05-08T02:26:06+02:00\"},{\"@type\":\"WebSite\",\"@id\":\"https:\\\/\\\/blog.proofs.de\\\/sv\\\/#website\",\"url\":\"https:\\\/\\\/blog.proofs.de\\\/sv\\\/\",\"name\":\"Proof.de\",\"description\":\"Farbverbindlicher Proof, Farbproof, Digitalproof und Online-Proof.\",\"inLanguage\":\"sv-SE\",\"publisher\":{\"@id\":\"https:\\\/\\\/blog.proofs.de\\\/sv\\\/#organization\"}}]}\n\t\t<\/script>\n\t\t<!-- All in One SEO -->\n\n","aioseo_head_json":{"title":"V\u00e5rt bevis: M\u00e4tt tv\u00e5 g\u00e5nger f\u00f6r \u00f6kad precision | proof.de","description":"V\u00e5r standard f\u00f6r korrektur har alltid varit h\u00f6g. Vi vill ligga inom h\u00e4lften av de till\u00e5tna toleranserna. Och f\u00f6r det mesta lyckas vi med det.","canonical_url":"https:\/\/blog.proofs.de\/sv\/unsere-proofs-doppelt-gemessen-fuer-mehr-farbpraezision\/","robots":"max-image-preview:large","keywords":"proof,iso12647-7,toleranzen,messtechnik,spektralfotometer,x-rite,i1,i1pro2,pr\u00fcfprotokoll,kalibrierung,profilierung,i1,i1pro2,iso12647-7,kalibrierung,messtechnik,profilierung,proof,pr\u00fcfprotokoll,spektralfotometer,toleranzen,x-rite","webmasterTools":{"google-site-verification":"TuXxyRwxcEg2-WfOaQ8vScWQh3-uBAnxXmY7g3GT90A","miscellaneous":"&lt;meta name=\"seobility\" content=\"593a8578143db71543f014978c690d47\"&gt;"},"schema":{"@context":"https:\/\/schema.org","@graph":[{"@type":"Article","@id":"https:\/\/blog.proofs.de\/sv\/unsere-proofs-doppelt-gemessen-fuer-mehr-farbpraezision\/#article","name":"Unser Proof: Doppelt gemessen f\u00fcr mehr Pr\u00e4zision | proof.de","headline":"Unsere Proofs: Doppelt gemessen f\u00fcr mehr Farbpr\u00e4zision","author":{"@id":"https:\/\/blog.proofs.de\/sv\/author\/mbetz\/#author"},"publisher":{"@id":"https:\/\/blog.proofs.de\/sv\/#organization"},"image":{"@type":"ImageObject","url":"https:\/\/blog.proofs.de\/wp-content\/uploads\/2017\/04\/proof_de_medienkeil_mediawedge_ISO-12647-7_vs_ISO-DIS_12647-7_2016.jpg","width":2400,"height":1100,"caption":"proof.de Medienkeil Mediawedge ISO 12647-7 vs. ISO\/DIS 12647-7:2016"},"datePublished":"2019-04-16T00:17:32+02:00","dateModified":"2020-05-08T02:26:06+02:00","inLanguage":"sv-SE","mainEntityOfPage":{"@id":"https:\/\/blog.proofs.de\/sv\/unsere-proofs-doppelt-gemessen-fuer-mehr-farbpraezision\/#webpage"},"isPartOf":{"@id":"https:\/\/blog.proofs.de\/sv\/unsere-proofs-doppelt-gemessen-fuer-mehr-farbpraezision\/#webpage"},"articleSection":"Allgemein, i1, I1Pro2, ISO12647-7, Kalibrierung, Messtechnik, Profilierung, Proof, Pr\u00fcfprotokoll, Spektralfotometer, Toleranzen, X-Rite"},{"@type":"BreadcrumbList","@id":"https:\/\/blog.proofs.de\/sv\/unsere-proofs-doppelt-gemessen-fuer-mehr-farbpraezision\/#breadcrumblist","itemListElement":[{"@type":"ListItem","@id":"https:\/\/blog.proofs.de\/sv#listItem","position":1,"name":"Home","item":"https:\/\/blog.proofs.de\/sv","nextItem":{"@type":"ListItem","@id":"https:\/\/blog.proofs.de\/sv\/thema\/allgemein\/#listItem","name":"Allgemein"}},{"@type":"ListItem","@id":"https:\/\/blog.proofs.de\/sv\/thema\/allgemein\/#listItem","position":2,"name":"Allgemein","item":"https:\/\/blog.proofs.de\/sv\/thema\/allgemein\/","nextItem":{"@type":"ListItem","@id":"https:\/\/blog.proofs.de\/sv\/unsere-proofs-doppelt-gemessen-fuer-mehr-farbpraezision\/#listItem","name":"Unsere Proofs: Doppelt gemessen f\u00fcr mehr Farbpr\u00e4zision"},"previousItem":{"@type":"ListItem","@id":"https:\/\/blog.proofs.de\/sv#listItem","name":"Home"}},{"@type":"ListItem","@id":"https:\/\/blog.proofs.de\/sv\/unsere-proofs-doppelt-gemessen-fuer-mehr-farbpraezision\/#listItem","position":3,"name":"Unsere Proofs: Doppelt gemessen f\u00fcr mehr Farbpr\u00e4zision","previousItem":{"@type":"ListItem","@id":"https:\/\/blog.proofs.de\/sv\/thema\/allgemein\/#listItem","name":"Allgemein"}}]},{"@type":"Organization","@id":"https:\/\/blog.proofs.de\/sv\/#organization","name":"Proof GmbH","description":"Farbverbindlicher Proof, Farbproof, Digitalproof und Online-Proof.","url":"https:\/\/blog.proofs.de\/sv\/","telephone":"+4970717952740","logo":{"@type":"ImageObject","url":"https:\/\/blog1.proofen.de\/wp-content\/uploads\/2019\/09\/logo_proof_rgb_mit_balken_250px.png","@id":"https:\/\/blog.proofs.de\/sv\/unsere-proofs-doppelt-gemessen-fuer-mehr-farbpraezision\/#organizationLogo"},"image":{"@id":"https:\/\/blog.proofs.de\/sv\/unsere-proofs-doppelt-gemessen-fuer-mehr-farbpraezision\/#organizationLogo"},"sameAs":["https:\/\/www.facebook.com\/Proof.de\/","https:\/\/www.instagram.com\/proof.de\/","https:\/\/www.tiktok.com\/@proof_de","https:\/\/www.youtube.com\/channel\/UCk80fQVQ25wC9wu3SywB-Nw","https:\/\/www.linkedin.com\/company\/proof-de"]},{"@type":"Person","@id":"https:\/\/blog.proofs.de\/sv\/author\/mbetz\/#author","url":"https:\/\/blog.proofs.de\/sv\/author\/mbetz\/","name":"Matthias Betz","image":{"@type":"ImageObject","@id":"https:\/\/blog.proofs.de\/sv\/unsere-proofs-doppelt-gemessen-fuer-mehr-farbpraezision\/#authorImage","url":"https:\/\/blog.proofs.de\/wp-content\/uploads\/2020\/10\/matthias-betz-e1603934518350-150x150.png","width":96,"height":96,"caption":"Matthias Betz"}},{"@type":"WebPage","@id":"https:\/\/blog.proofs.de\/sv\/unsere-proofs-doppelt-gemessen-fuer-mehr-farbpraezision\/#webpage","url":"https:\/\/blog.proofs.de\/sv\/unsere-proofs-doppelt-gemessen-fuer-mehr-farbpraezision\/","name":"Unser Proof: Doppelt gemessen f\u00fcr mehr Pr\u00e4zision | proof.de","description":"Unser Anspruch bei Proofs ist schon immer hoch. Wir m\u00f6chten innerhalb der H\u00e4lfte der zul\u00e4ssigen Toleranzen liegen. Und meistens schaffen wir das auch.","inLanguage":"sv-SE","isPartOf":{"@id":"https:\/\/blog.proofs.de\/sv\/#website"},"breadcrumb":{"@id":"https:\/\/blog.proofs.de\/sv\/unsere-proofs-doppelt-gemessen-fuer-mehr-farbpraezision\/#breadcrumblist"},"author":{"@id":"https:\/\/blog.proofs.de\/sv\/author\/mbetz\/#author"},"creator":{"@id":"https:\/\/blog.proofs.de\/sv\/author\/mbetz\/#author"},"image":{"@type":"ImageObject","url":"https:\/\/blog.proofs.de\/wp-content\/uploads\/2017\/04\/proof_de_medienkeil_mediawedge_ISO-12647-7_vs_ISO-DIS_12647-7_2016.jpg","@id":"https:\/\/blog.proofs.de\/sv\/unsere-proofs-doppelt-gemessen-fuer-mehr-farbpraezision\/#mainImage","width":2400,"height":1100,"caption":"proof.de Medienkeil Mediawedge ISO 12647-7 vs. ISO\/DIS 12647-7:2016"},"primaryImageOfPage":{"@id":"https:\/\/blog.proofs.de\/sv\/unsere-proofs-doppelt-gemessen-fuer-mehr-farbpraezision\/#mainImage"},"datePublished":"2019-04-16T00:17:32+02:00","dateModified":"2020-05-08T02:26:06+02:00"},{"@type":"WebSite","@id":"https:\/\/blog.proofs.de\/sv\/#website","url":"https:\/\/blog.proofs.de\/sv\/","name":"Proof.de","description":"Farbverbindlicher Proof, Farbproof, Digitalproof und Online-Proof.","inLanguage":"sv-SE","publisher":{"@id":"https:\/\/blog.proofs.de\/sv\/#organization"}}]},"og:locale":"sv_SE","og:site_name":"Proof.de | Alles zu Proof, Farbmanagement, Grafik, Messtechnik &amp; Co.","og:type":"article","og:title":"Unser Proof: Doppelt gemessen f\u00fcr mehr Pr\u00e4zision | proof.de","og:description":"Unser Anspruch bei Proofs ist schon immer hoch. Wir m\u00f6chten innerhalb der H\u00e4lfte der zul\u00e4ssigen Toleranzen liegen. Und meistens schaffen wir das auch.","og:url":"https:\/\/blog.proofs.de\/sv\/unsere-proofs-doppelt-gemessen-fuer-mehr-farbpraezision\/","og:image":"https:\/\/blog.proofs.de\/wp-content\/uploads\/2017\/04\/proof_de_medienkeil_mediawedge_ISO-12647-7_vs_ISO-DIS_12647-7_2016.jpg","og:image:secure_url":"https:\/\/blog.proofs.de\/wp-content\/uploads\/2017\/04\/proof_de_medienkeil_mediawedge_ISO-12647-7_vs_ISO-DIS_12647-7_2016.jpg","og:image:width":2400,"og:image:height":1100,"article:published_time":"2019-04-15T22:17:32+00:00","article:modified_time":"2020-05-08T00:26:06+00:00","article:publisher":"https:\/\/www.facebook.com\/Proof.de\/","twitter:card":"summary","twitter:title":"Unser Proof: Doppelt gemessen f\u00fcr mehr Pr\u00e4zision | proof.de","twitter:description":"Unser Anspruch bei Proofs ist schon immer hoch. Wir m\u00f6chten innerhalb der H\u00e4lfte der zul\u00e4ssigen Toleranzen liegen. Und meistens schaffen wir das auch.","twitter:image":"https:\/\/blog1.proofen.de\/wp-content\/uploads\/2020\/04\/proof_background.jpg"},"aioseo_meta_data":{"post_id":"2110","title":"Unser Proof: Doppelt gemessen f\u00fcr mehr Pr\u00e4zision |\u00a0proof.de","description":"V\u00e5r standard f\u00f6r korrektur har alltid varit h\u00f6g. Vi vill ligga inom h\u00e4lften av de till\u00e5tna toleranserna. Och f\u00f6r det mesta lyckas vi med det.","keywords":[{"label":"Proof,ISO12647-7,Toleranzen,Messtechnik,Spektralfotometer,X-Rite,i1,i1Pro2,Pr\u00fcfprotokoll,Kalibrierung,Profilierung","value":"Proof,ISO12647-7,Toleranzen,Messtechnik,Spektralfotometer,X-Rite,i1,i1Pro2,Pr\u00fcfprotokoll,Kalibrierung,Profilierung"}],"keyphrases":null,"primary_term":null,"canonical_url":null,"og_title":null,"og_description":null,"og_object_type":"default","og_image_type":"default","og_image_url":null,"og_image_width":null,"og_image_height":null,"og_image_custom_url":null,"og_image_custom_fields":null,"og_video":null,"og_custom_url":null,"og_article_section":null,"og_article_tags":null,"twitter_use_og":false,"twitter_card":"default","twitter_image_type":"default","twitter_image_url":null,"twitter_image_custom_url":null,"twitter_image_custom_fields":null,"twitter_title":null,"twitter_description":null,"schema":{"blockGraphs":[],"customGraphs":[],"default":{"data":{"Article":[],"Course":[],"Dataset":[],"FAQPage":[],"Movie":[],"Person":[],"Product":[],"ProductReview":[],"Car":[],"Recipe":[],"Service":[],"SoftwareApplication":[],"WebPage":[]},"graphName":"","isEnabled":true},"graphs":[],"defaultGraph":"","defaultPostTypeGraph":""},"schema_type":null,"schema_type_options":null,"pillar_content":false,"robots_default":true,"robots_noindex":false,"robots_noarchive":false,"robots_nosnippet":false,"robots_nofollow":false,"robots_noimageindex":false,"robots_noodp":false,"robots_notranslate":false,"robots_max_snippet":null,"robots_max_videopreview":null,"robots_max_imagepreview":"large","priority":null,"frequency":null,"local_seo":null,"breadcrumb_settings":null,"limit_modified_date":false,"ai":null,"created":"2020-12-21 00:35:00","updated":"2025-06-04 14:24:05","seo_analyzer_scan_date":null,"focus_keyword":null,"additional_keywords":null,"truseo_locale":null},"_links":{"self":[{"href":"https:\/\/blog.proofs.de\/sv\/wp-json\/wp\/v2\/posts\/2110","targetHints":{"allow":["GET"]}}],"collection":[{"href":"https:\/\/blog.proofs.de\/sv\/wp-json\/wp\/v2\/posts"}],"about":[{"href":"https:\/\/blog.proofs.de\/sv\/wp-json\/wp\/v2\/types\/post"}],"author":[{"embeddable":true,"href":"https:\/\/blog.proofs.de\/sv\/wp-json\/wp\/v2\/users\/2"}],"replies":[{"embeddable":true,"href":"https:\/\/blog.proofs.de\/sv\/wp-json\/wp\/v2\/comments?post=2110"}],"version-history":[{"count":3,"href":"https:\/\/blog.proofs.de\/sv\/wp-json\/wp\/v2\/posts\/2110\/revisions"}],"predecessor-version":[{"id":2113,"href":"https:\/\/blog.proofs.de\/sv\/wp-json\/wp\/v2\/posts\/2110\/revisions\/2113"}],"wp:featuredmedia":[{"embeddable":true,"href":"https:\/\/blog.proofs.de\/sv\/wp-json\/wp\/v2\/media\/1888"}],"wp:attachment":[{"href":"https:\/\/blog.proofs.de\/sv\/wp-json\/wp\/v2\/media?parent=2110"}],"wp:term":[{"taxonomy":"category","embeddable":true,"href":"https:\/\/blog.proofs.de\/sv\/wp-json\/wp\/v2\/categories?post=2110"},{"taxonomy":"post_tag","embeddable":true,"href":"https:\/\/blog.proofs.de\/sv\/wp-json\/wp\/v2\/tags?post=2110"}],"curies":[{"name":"wp","href":"https:\/\/api.w.org\/{rel}","templated":true}]}}