{"id":6127,"date":"2025-08-01T12:15:43","date_gmt":"2025-08-01T10:15:43","guid":{"rendered":"https:\/\/www.proof.de\/?p=6127"},"modified":"2025-08-04T17:36:35","modified_gmt":"2025-08-04T15:36:35","slug":"x-rite-i1profiler-stoeder-inte-laengre-i1pro2-och-i1display","status":"publish","type":"post","link":"https:\/\/blog.proofs.de\/sv\/x-rite-i1profiler-unterstuetzt-i1pro2-und-i1display-nicht-mehr\/","title":{"rendered":"X-Rite i1Profiler st\u00f6der inte l\u00e4ngre i1Pro2 och i1iO 2"},"content":{"rendered":"<div class=\"kk-star-ratings kksr-auto kksr-align-right kksr-valign-top\" data-payload='{\"align\":\"right\",\"id\":\"6127\",\"slug\":\"default\",\"valign\":\"top\",\"ignore\":\"\",\"reference\":\"auto\",\"class\":\"\",\"count\":\"2\",\"legendonly\":\"\",\"readonly\":\"\",\"score\":\"5\",\"starsonly\":\"\",\"best\":\"5\",\"gap\":\"5\",\"greet\":\"Jetzt bewerten\",\"legend\":\"5\\\/5 - (2 votes)\",\"size\":\"24\",\"title\":\"X-Rite i1Profiler unterst&uuml;tzt i1Pro2 und und i1iO 2 nicht mehr\",\"width\":\"142.5\",\"_legend\":\"{score}\\\/{best} - ({count} {votes})\",\"font_factor\":\"1.25\"}'>\n            \n<div class=\"kksr-stars\">\n    \n<div class=\"kksr-stars-inactive\">\n            <div class=\"kksr-star\" data-star=\"1\" style=\"padding-right: 5px\">\n            \n\n<div class=\"kksr-icon\" style=\"width: 24px; height: 24px;\"><\/div>\n        <\/div>\n            <div class=\"kksr-star\" data-star=\"2\" style=\"padding-right: 5px\">\n            \n\n<div class=\"kksr-icon\" style=\"width: 24px; height: 24px;\"><\/div>\n        <\/div>\n            <div class=\"kksr-star\" data-star=\"3\" style=\"padding-right: 5px\">\n            \n\n<div class=\"kksr-icon\" style=\"width: 24px; height: 24px;\"><\/div>\n        <\/div>\n            <div class=\"kksr-star\" data-star=\"4\" style=\"padding-right: 5px\">\n            \n\n<div class=\"kksr-icon\" style=\"width: 24px; height: 24px;\"><\/div>\n        <\/div>\n            <div class=\"kksr-star\" data-star=\"5\" style=\"padding-right: 5px\">\n            \n\n<div class=\"kksr-icon\" style=\"width: 24px; height: 24px;\"><\/div>\n        <\/div>\n    <\/div>\n    \n<div class=\"kksr-stars-active\" style=\"width: 142.5px;\">\n            <div class=\"kksr-star\" style=\"padding-right: 5px\">\n            \n\n<div class=\"kksr-icon\" style=\"width: 24px; height: 24px;\"><\/div>\n        <\/div>\n            <div class=\"kksr-star\" style=\"padding-right: 5px\">\n            \n\n<div class=\"kksr-icon\" style=\"width: 24px; height: 24px;\"><\/div>\n        <\/div>\n            <div class=\"kksr-star\" style=\"padding-right: 5px\">\n            \n\n<div class=\"kksr-icon\" style=\"width: 24px; height: 24px;\"><\/div>\n        <\/div>\n            <div class=\"kksr-star\" style=\"padding-right: 5px\">\n            \n\n<div class=\"kksr-icon\" style=\"width: 24px; height: 24px;\"><\/div>\n        <\/div>\n            <div class=\"kksr-star\" style=\"padding-right: 5px\">\n            \n\n<div class=\"kksr-icon\" style=\"width: 24px; height: 24px;\"><\/div>\n        <\/div>\n    <\/div>\n<\/div>\n                \n\n<div class=\"kksr-legend\" style=\"font-size: 19.2px;\">\n            5\/5 - (2 r\u00f6ster)    <\/div>\n    <\/div>\n\n<p class=\"wp-block-paragraph\">Alla som har installerat om eller uppdaterat sin i1 Profiler-app under de senaste veckorna har m\u00f6tts av oroande nyheter: X-Rite meddelade direkt i startf\u00f6nstret att de inte l\u00e4ngre skulle st\u00f6dja sina enormt popul\u00e4ra i1Display- och i1Pro2-enheter. <\/p>\n\n\n<div class=\"wp-block-image\">\n<figure class=\"alignright size-large is-resized\"><a href=\"http:\/\/blog.proofs.de\/wp-content\/uploads\/2025\/08\/X-Rite_Meldung_i1_Profiler_wegen_i1Pro2_und_i1iO2.png\"><img loading=\"lazy\" decoding=\"async\" width=\"1024\" height=\"697\" src=\"http:\/\/blog.proofs.de\/wp-content\/uploads\/2025\/08\/X-Rite_Meldung_i1_Profiler_wegen_i1Pro2_und_i1iO2-1024x697.png\" alt=\"X-Rite meddelande i i1 Profiler om slutet av i1Pro 2 och i1iO 2\" class=\"wp-image-6140\" style=\"width:483px;height:auto\" srcset=\"https:\/\/blog.proofs.de\/wp-content\/uploads\/2025\/08\/X-Rite_Meldung_i1_Profiler_wegen_i1Pro2_und_i1iO2-1024x697.png 1024w, https:\/\/blog.proofs.de\/wp-content\/uploads\/2025\/08\/X-Rite_Meldung_i1_Profiler_wegen_i1Pro2_und_i1iO2-300x204.png 300w, https:\/\/blog.proofs.de\/wp-content\/uploads\/2025\/08\/X-Rite_Meldung_i1_Profiler_wegen_i1Pro2_und_i1iO2-768x523.png 768w, https:\/\/blog.proofs.de\/wp-content\/uploads\/2025\/08\/X-Rite_Meldung_i1_Profiler_wegen_i1Pro2_und_i1iO2-18x12.png 18w, https:\/\/blog.proofs.de\/wp-content\/uploads\/2025\/08\/X-Rite_Meldung_i1_Profiler_wegen_i1Pro2_und_i1iO2.png 1128w\" sizes=\"auto, (max-width: 1024px) 100vw, 1024px\"><\/a><\/figure>\n<\/div>\n\n\n<blockquote class=\"wp-block-quote is-layout-flow wp-block-quote-is-layout-flow\">\n<p class=\"wp-block-paragraph\">\"<strong>Viktig anm\u00e4rkning<\/strong><\/p>\n\n\n\n<p class=\"wp-block-paragraph\">Enhetsserien i1Pro 2 upph\u00f6rde att g\u00e4lla den 1 januari 2025. i1Pro 2 och i1iO 2 kommer inte l\u00e4ngre att st\u00f6djas av i1Profiler fr\u00e5n och med den 1 januari 2026. Kontakta X-Rite Sales f\u00f6r att uppgradera till i1Pro 3. <\/p>\n\n\n\n<p class=\"wp-block-paragraph\">i1Profiler har inte l\u00e4ngre st\u00f6d f\u00f6r X-Rite-enheterna i1Display Pro och i1Display Pro Plus. De st\u00f6ds dock av programvaran fr\u00e5n Calibrite, en X-Rite-partner. V\u00e4nligen bes\u00f6k <a href=\"https:\/\/www.xrite.com\/contact-us\/contact-us-form\" title=\"\">Uppgraderingar av X-Rite i1Display<\/a>f\u00f6r att f\u00e5 reda p\u00e5 mer.\"&nbsp;<\/p>\n<\/blockquote>\n\n\n\n<p class=\"wp-block-paragraph\">Framf\u00f6r allt \u00e4r det anv\u00e4ndare av tryck- och <a href=\"https:\/\/blog.proofs.de\/sv\/lexikon\/farbmanagement\/\" target=\"_self\" title=\"Syftet med f\u00e4rghantering \u00e4r att se till att f\u00e4rgerna \u00e5terges s\u00e5 lika som m\u00f6jligt p\u00e5 olika enheter som kameror, skannrar, sk\u00e4rmar, laser-, bl\u00e4ckstr\u00e5le- och offsetskrivare och m\u00e5nga fler.\" class=\"encyclopedia\">F\u00e4rghantering<\/a> enormt popul\u00e4ra i1Pro 2-apparater och i1iO 2-bord kommer att drabbas h\u00e5rt av tillk\u00e4nnagivandet: En investering p\u00e5 6.000 euro hamnar snabbt p\u00e5 den elektroniska skroten. Men vad kan du g\u00f6ra om du \u00e4ger en s\u00e5dan kombination eller har m\u00e5nga i1Pro 2-m\u00e4tinstrument i ditt f\u00f6retag?<\/p>\n\n\n\n<figure class=\"wp-block-gallery has-nested-images columns-default is-cropped wp-block-gallery-2 is-layout-flex wp-block-gallery-is-layout-flex\">\n<figure class=\"wp-block-image size-large\"><a href=\"http:\/\/blog.proofs.de\/wp-content\/uploads\/2025\/07\/Proof_de_X-Rite_i1Pro_2_produktbild_web.jpg\"><img loading=\"lazy\" decoding=\"async\" width=\"1024\" height=\"683\" data-id=\"6136\" src=\"http:\/\/blog.proofs.de\/wp-content\/uploads\/2025\/07\/Proof_de_X-Rite_i1Pro_2_produktbild_web-1024x683.jpg\" alt=\"Proof.de: X-Rite i1iPro 2 produktbild\" class=\"wp-image-6136\" srcset=\"https:\/\/blog.proofs.de\/wp-content\/uploads\/2025\/07\/Proof_de_X-Rite_i1Pro_2_produktbild_web-1024x683.jpg 1024w, https:\/\/blog.proofs.de\/wp-content\/uploads\/2025\/07\/Proof_de_X-Rite_i1Pro_2_produktbild_web-300x200.jpg 300w, https:\/\/blog.proofs.de\/wp-content\/uploads\/2025\/07\/Proof_de_X-Rite_i1Pro_2_produktbild_web-768x512.jpg 768w, https:\/\/blog.proofs.de\/wp-content\/uploads\/2025\/07\/Proof_de_X-Rite_i1Pro_2_produktbild_web-1536x1024.jpg 1536w, https:\/\/blog.proofs.de\/wp-content\/uploads\/2025\/07\/Proof_de_X-Rite_i1Pro_2_produktbild_web-18x12.jpg 18w, https:\/\/blog.proofs.de\/wp-content\/uploads\/2025\/07\/Proof_de_X-Rite_i1Pro_2_produktbild_web.jpg 1800w\" sizes=\"auto, (max-width: 1024px) 100vw, 1024px\"><\/a><figcaption class=\"wp-element-caption\"><a href=\"https:\/\/blog.proofs.de\/sv\/lexikon\/proof\/\" target=\"_self\" title=\"Ett proof (korrekt: kontraktsprov) \u00e4r en ISO 12647-7-certifierad provningsutrustning f\u00f6r den grafiska industrin. Ett provtryck simulerar f\u00e4rgligheten i offset- eller djuptryck p\u00e5 ett f\u00e4rg- och r\u00e4ttsligt bindande s\u00e4tt inom de sn\u00e4va toleranserna i ISO-standarden.\" class=\"encyclopedia\">Bevis<\/a>.de: X-Rite i1iPro 2 produktbild<\/figcaption><\/figure>\n\n\n\n<figure class=\"wp-block-image size-large\"><a href=\"http:\/\/blog.proofs.de\/wp-content\/uploads\/2025\/07\/Proof_de_X-Rite_i1iO_2_produktbild_web.jpg\"><img loading=\"lazy\" decoding=\"async\" width=\"1024\" height=\"683\" data-id=\"6135\" src=\"http:\/\/blog.proofs.de\/wp-content\/uploads\/2025\/07\/Proof_de_X-Rite_i1iO_2_produktbild_web-1024x683.jpg\" alt=\"Proof.de: X-Rite i1iO 2 produktbild\" class=\"wp-image-6135\" srcset=\"https:\/\/blog.proofs.de\/wp-content\/uploads\/2025\/07\/Proof_de_X-Rite_i1iO_2_produktbild_web-1024x683.jpg 1024w, https:\/\/blog.proofs.de\/wp-content\/uploads\/2025\/07\/Proof_de_X-Rite_i1iO_2_produktbild_web-300x200.jpg 300w, https:\/\/blog.proofs.de\/wp-content\/uploads\/2025\/07\/Proof_de_X-Rite_i1iO_2_produktbild_web-768x512.jpg 768w, https:\/\/blog.proofs.de\/wp-content\/uploads\/2025\/07\/Proof_de_X-Rite_i1iO_2_produktbild_web-1536x1024.jpg 1536w, https:\/\/blog.proofs.de\/wp-content\/uploads\/2025\/07\/Proof_de_X-Rite_i1iO_2_produktbild_web-18x12.jpg 18w, https:\/\/blog.proofs.de\/wp-content\/uploads\/2025\/07\/Proof_de_X-Rite_i1iO_2_produktbild_web.jpg 1800w\" sizes=\"auto, (max-width: 1024px) 100vw, 1024px\"><\/a><figcaption class=\"wp-element-caption\">Proof.de: X-Rite i1iO 2 produktbild<\/figcaption><\/figure>\n<\/figure>\n\n\n\n<h2 class=\"wp-block-heading\">Vad ska jag g\u00f6ra? Alternativ 1: Forts\u00e4tt att anv\u00e4nda datorn med den \"gamla\" programvaran i1 Profiler<\/h2>\n\n\n\n<p class=\"wp-block-paragraph\">Ha en dator redo p\u00e5 vilken du kan h\u00e5lla den sista programvaran som fortfarande st\u00f6der dessa enheter vid liv. F\u00f6r, som X-Rite supportteam l\u00e5ter oss veta: <\/p>\n\n\n\n<blockquote class=\"wp-block-quote is-layout-flow wp-block-quote-is-layout-flow\">\n<p class=\"wp-block-paragraph\">\"... s\u00e5 l\u00e4nge en version som fortfarande har i1Pro 2 i sig fortfarande k\u00f6rs p\u00e5 de nuvarande operativsystemen Mac \/ Windows (dvs. \u00e4ven efter januari 2026) kan du forts\u00e4tta att anv\u00e4nda den. <a href=\"https:\/\/blog.proofs.de\/sv\/lexikon\/nutzen\/\" target=\"_self\" title=\"Antalet paneler anger hur m\u00e5nga sidor som kan placeras (och d\u00e4rmed skrivas ut) p\u00e5 ett utskrivet ark.\" class=\"encyclopedia\">anv\u00e4nda<\/a>.\" <\/p>\n<\/blockquote>\n\n\n\n<p class=\"wp-block-paragraph\">S\u00e5 var beredd p\u00e5 att parkera en \u00e4ldre Mac Mini med den senaste programvaran i1 Profiler, som fortfarande st\u00f6der i1Pro 2, n\u00e5gonstans i ett h\u00f6rn av kontoret s\u00e5 att du kan forts\u00e4tta att anv\u00e4nda iO-bordet och i1. Finns det n\u00e5got annat alternativ? X-Rite Support kan ocks\u00e5 ge dig en ledtr\u00e5d h\u00e4r:<\/p>\n\n\n\n<h2 class=\"wp-block-heading\">Alternativ 2: K\u00f6p en ny i1Pro 3 och \u00f6verf\u00f6r i1 Profiler-licensen till den nya enheten<\/h2>\n\n\n\n<p class=\"wp-block-paragraph\">X-Rite skriver: <\/p>\n\n\n\n<blockquote class=\"wp-block-quote is-layout-flow wp-block-quote-is-layout-flow\">\n<p class=\"wp-block-paragraph\">\"I den nuvarande versionen av i1Profiler (och en annan version f\u00f6rv\u00e4ntas f\u00f6lja h\u00f6sten 2025, som ocks\u00e5 kommer att omfatta i1Pro 2) kan du \u00f6verf\u00f6ra licenser fr\u00e5n i1Pro 2 till i1Pro 3 med hj\u00e4lp av funktionen \"Licens\u00f6verf\u00f6ring\" (alternativ i huvudf\u00f6nstret i i1Profiler).<\/p>\n<\/blockquote>\n\n\n\n<p class=\"wp-block-paragraph\">Detta kan ocks\u00e5 hittas direkt i programvaran:<\/p>\n\n\n\n<figure class=\"wp-block-image size-large\"><a href=\"http:\/\/blog.proofs.de\/wp-content\/uploads\/2025\/07\/x-rite_i1Pro_2_Lizenzuebertragung_auf_i1Pro_3-scaled.jpg\"><img loading=\"lazy\" decoding=\"async\" width=\"1024\" height=\"639\" src=\"http:\/\/blog.proofs.de\/wp-content\/uploads\/2025\/07\/x-rite_i1Pro_2_Lizenzuebertragung_auf_i1Pro_3-1024x639.jpg\" alt=\"Dialog f\u00f6r licens\u00f6verf\u00f6ring i X-Rite i1 Profiler fr\u00e5n i1Pro 2 till i1Pro 3 eller i1Pro 3 PLUS\" class=\"wp-image-6129\" srcset=\"https:\/\/blog.proofs.de\/wp-content\/uploads\/2025\/07\/x-rite_i1Pro_2_Lizenzuebertragung_auf_i1Pro_3-1024x639.jpg 1024w, https:\/\/blog.proofs.de\/wp-content\/uploads\/2025\/07\/x-rite_i1Pro_2_Lizenzuebertragung_auf_i1Pro_3-300x187.jpg 300w, https:\/\/blog.proofs.de\/wp-content\/uploads\/2025\/07\/x-rite_i1Pro_2_Lizenzuebertragung_auf_i1Pro_3-768x480.jpg 768w, https:\/\/blog.proofs.de\/wp-content\/uploads\/2025\/07\/x-rite_i1Pro_2_Lizenzuebertragung_auf_i1Pro_3-1536x959.jpg 1536w, https:\/\/blog.proofs.de\/wp-content\/uploads\/2025\/07\/x-rite_i1Pro_2_Lizenzuebertragung_auf_i1Pro_3-2048x1279.jpg 2048w, https:\/\/blog.proofs.de\/wp-content\/uploads\/2025\/07\/x-rite_i1Pro_2_Lizenzuebertragung_auf_i1Pro_3-18x12.jpg 18w\" sizes=\"auto, (max-width: 1024px) 100vw, 1024px\"><\/a><figcaption class=\"wp-element-caption\">Dialog f\u00f6r licens\u00f6verf\u00f6ring i X-Rite i1 Profiler fr\u00e5n i1Pro 2 till i1Pro 3 eller i1Pro 3 PLUS<\/figcaption><\/figure>\n\n\n\n<p class=\"wp-block-paragraph\">Naturligtvis uppfyller Proof GmbH \u00e4ven detta krav: vi har f\u00f6r n\u00e4rvarande tv\u00e5 X-Rite i1Pro 2 och ett i1iO 2-bord i bruk. Vi hade k\u00f6pt iO-bordet f\u00f6r att kunna anv\u00e4nda den kostnadsfria f\u00e4rg <a href=\"https:\/\/blog.proofs.de\/sv\/lexikon\/cielab\/\" target=\"_self\" title=\"CIELAB:s f\u00e4rgmodell definierades 1976 av Commission Internationale de l&#039;Eclairage och beskriver alla uppfattbara f\u00e4rger. Den \u00e4r en vidareutveckling av Hunter-LAB:s f\u00e4rgskala fr\u00e5n 1966 och en matematisk f\u00e4rgmodell d\u00e4r ett objekts spektrala egenskaper och v\u00e5rt visuella systems perceptuella egenskaper st\u00e4lls mot varandra. CIELAB, eller LAB som det f\u00f6rkortas, anv\u00e4nds fortfarande i stor utstr\u00e4ckning...\" class=\"encyclopedia\">CIELAB<\/a> <a href=\"https:\/\/blog.proofs.de\/sv\/lexikon\/hlc\/\" target=\"_self\" title=\"HLC \u00e4r en l\u00e4ttf\u00f6rst\u00e5elig representation av CIELAB-f\u00e4rgrymden. Den vertikala L-axeln \u00e4r identisk h\u00e4r. Den horisontella positionen f\u00f6r en f\u00e4rgplats best\u00e4ms av vinkeln H till den positiva a-axeln (moturs och i grader) och radien C, avst\u00e5ndet till L-axeln.\" class=\"encyclopedia\">HLC<\/a> Colour Atlas, vilket knappast skulle ha varit m\u00f6jligt p\u00e5 n\u00e5got annat s\u00e4tt d\u00e5. Vi k\u00f6pte iO 2, som var ganska dyr: idag erbjuder 3D-skrivare p\u00e5 Ebay ocks\u00e5 att skriva ut f\u00e4sten f\u00f6r i1Pro 2 f\u00f6r iO 1-bordet f\u00f6r bara 90 euro, eftersom detta sedan kan anv\u00e4ndas med en i1Pro 2. X-Rite hade redan satt sin egen marknad under press. Och X-Rite brukade erbjuda en uppgradering av i1-bordet f\u00f6r i1Pro 2, som kostade cirka 350 euro direkt fr\u00e5n X-Rite, s\u00e5 det var ett ganska r\u00e4ttvist pris.<\/p>\n\n\n\n<h2 class=\"wp-block-heading\">X-Rite erbjuder en rad olika inbyteserbjudanden f\u00f6r att kompensera f\u00f6r detta <\/h2>\n\n\n\n<p class=\"wp-block-paragraph\">F\u00f6r att inte skr\u00e4mma sina kunder f\u00f6r mycket erbjuder X-Rite just nu 9 inbyteserbjudanden d\u00e4r gamla m\u00e4tinstrument, h\u00e5rdvara och mjukvara kan bytas ut mot nya versioner och spara upp till 35% p\u00e5 ink\u00f6pspriset f\u00f6r den nya l\u00f6sningen. Alla som vill kan spara pengar p\u00e5 b\u00e5de i1Pro 3 och eXact 2 n\u00e4r de k\u00f6per en ny om de l\u00e4mnar in eller f\u00f6rst\u00f6r sin gamla enhet i utbyte. Det h\u00e4r kommer s\u00e4kert att gl\u00e4dja och lugna en och annan kund.<\/p>\n\n\n\n<p class=\"wp-block-paragraph\"><a href=\"https:\/\/www.xrite.com\/de\/promotions\">https:\/\/www.xrite.com\/de\/promotions<\/a><\/p>\n\n\n\n<p class=\"wp-block-paragraph\">Men X-Rite \u00e4r inte det enda f\u00f6retaget som f\u00f6r n\u00e4rvarande g\u00f6r sig av med kunder: KonicaMinolta har ocks\u00e5 slutat s\u00e4lja alla sina MYIRO-m\u00e4tinstrument och programvaror, vilket l\u00e4mnar ett stort tomrum efter sig. Vi \u00e4ger till exempel en MYIRO-9, som inte l\u00e4ngre s\u00e4ljs av KonicaMinolta och vars dagar \u00e4r r\u00e4knade n\u00e4r det g\u00e4ller support. <\/p>\n\n\n\n<h2 class=\"wp-block-heading\">Datacolor lanserar nya m\u00e4tinstrument f\u00f6r sf\u00e4riska huvuden<\/h2>\n\n\n<div class=\"wp-block-image\">\n<figure class=\"alignright size-full\"><a href=\"https:\/\/www.datacolor.com\/wp-content\/uploads\/2025\/03\/PSeries-specsheet-DE.pdf\"><img loading=\"lazy\" decoding=\"async\" width=\"337\" height=\"800\" src=\"http:\/\/blog.proofs.de\/wp-content\/uploads\/2025\/08\/Datacolor_Spectro_P300.jpg\" alt=\"Datacolor Spectro P300\" class=\"wp-image-6143\" srcset=\"https:\/\/blog.proofs.de\/wp-content\/uploads\/2025\/08\/Datacolor_Spectro_P300.jpg 337w, https:\/\/blog.proofs.de\/wp-content\/uploads\/2025\/08\/Datacolor_Spectro_P300-126x300.jpg 126w, https:\/\/blog.proofs.de\/wp-content\/uploads\/2025\/08\/Datacolor_Spectro_P300-5x12.jpg 5w\" sizes=\"auto, (max-width: 337px) 100vw, 337px\"><\/a><\/figure>\n<\/div>\n\n\n<p class=\"wp-block-paragraph\">Det har under en l\u00e4ngre tid ryktats i bakgrunden att Datacolor positionerar sig och f\u00f6rbereder nya produkter med nya mjukvarul\u00f6sningar. Efter k\u00f6pet av Matchmycolor fr\u00e5n Basel med programvaruserien Colibri k\u00f6pte f\u00f6retaget Techkon Tyskland och USA och fick d\u00e4rmed en h\u00f6gkvalitativ l\u00f6sning med SpectroDens, varvid det \u00e4ven h\u00e4r rapporterades om problem i serieproduktionen, s\u00e5 att inga enheter kunde levereras p\u00e5 flera veckor. <\/p>\n\n\n\n<p class=\"wp-block-paragraph\">Datacolor har ocks\u00e5 f\u00f6rst\u00e4rkt sin utvecklingsverksamhet under de senaste m\u00e5naderna och riktar in sig p\u00e5 nya mjukvarul\u00f6sningar p\u00e5 marknaden. <\/p>\n\n\n\n<p class=\"wp-block-paragraph\">Och Datacolor erbjuder f\u00f6r n\u00e4rvarande ocks\u00e5 en ny b\u00e4rbar <a href=\"https:\/\/blog.proofs.de\/sv\/lexikon\/spektralphotometer\/\" target=\"_self\" title=\"Spektrofotometrar \u00e4r h\u00f6gkvalitativa instrument f\u00f6r f\u00e4rgm\u00e4tning som kan m\u00e4ta och noggrant beskriva alla f\u00e4rger. M\u00e4tinstrumentet uppn\u00e5r detta genom att belysa m\u00e4tytan med hela det synliga ljusets spektrum. Reflektionsv\u00e4rdena f\u00f6r vissa v\u00e5gl\u00e4ngder resulterar tillsammans i det uppm\u00e4tta v\u00e4rdet, som ofta ges ut i Lab (m\u00e4tl\u00e4ge fritt valbart fr\u00e5n M0 till M2). De spektrala m\u00e4tv\u00e4rdena kan dock ocks\u00e5 lagras direkt. H\u00f6gkvalitativa provtryckare har egna spektrofotometrar f\u00f6r att verifiera trycket direkt.\" class=\"encyclopedia\">Spektrofotometer<\/a> - f\u00f6rmodligen i kulhuvudgeometri, s\u00e5 inget f\u00f6r tryckomr\u00e5det - i Spectro-P-serien:<\/p>\n\n\n\n<p class=\"wp-block-paragraph\"><a href=\"https:\/\/www.datacolor.com\/de\/news-press\/press-release\/datacolor-announces-launch-of-next-generation-of-precision-portable-spectrophotometers-spectro-p-series\">https:\/\/www.datacolor.com\/de\/news-press\/press-release\/datacolor-announces-launch-of-next-generation-of-precision-portable-spectrophotometers-spectro-p-series<\/a><\/p>\n\n\n\n<p class=\"wp-block-paragraph\"><a href=\"https:\/\/www.datacolor.com\/de\/business-solutions\/product\/spectrop300\">https:\/\/www.datacolor.com\/de\/business-solutions\/product\/spectrop300<\/a><\/p>\n\n\n\n<p class=\"wp-block-paragraph\"><a href=\"https:\/\/www.datacolor.com\/de\/business-solutions\/product\/spectrop200\">https:\/\/www.datacolor.com\/de\/business-solutions\/product\/spectrop200<\/a><\/p>\n\n\n\n<p class=\"wp-block-paragraph\">Inget \u00e4r \u00e4nnu k\u00e4nt om priserna, men i tv\u00e5 PDF-filer med erbjudanden f\u00f6r Abu Dhabi, som finns p\u00e5 Internet, n\u00e4mns ett pris p\u00e5 13 500 USD f\u00f6r Datacolor Spectro P300, som erbj\u00f6ds fr\u00e5n Tyskland till Abu Dhabi i juni 2025. Det skulle vara ett liknande prisintervall som CM26d fr\u00e5n KonicaMinolta, vars \"Sensing\"-serie med <a href=\"https:\/\/blog.proofs.de\/sv\/lexikon\/kugelkopfmessgeraet\/\" target=\"_self\" title=\"Spektrofotometrar med sf\u00e4riskt huvud som KonicaMinolta CM-26d \u00e4r en klass av f\u00e4rgm\u00e4tningsinstrument som kan m\u00e4ta med en d:8\u00b0 sf\u00e4risk huvudgeometri i m\u00e4tl\u00e4get SCI - &quot;Specular Component Included&quot; - och SCE - &quot;Specular Component Excluded&quot;.\" class=\"encyclopedia\">M\u00e4tare med sf\u00e4riskt huvud<\/a>\u00e4r uttryckligen bibeh\u00e5llen. <\/p>\n\n\n\n<p class=\"wp-block-paragraph\"><a href=\"https:\/\/de.scribd.com\/document\/885818385\/Quotation-for-Sobha-Furniture-Industries-LLC-Spectro-P300-QC-Software-DC-Tools-Basic-V1\">https:\/\/de.scribd.com\/document\/885818385\/Quotation-for-Sobha-Furniture-Industries-LLC-Spectro-P300-QC-Software-DC-Tools-Basic-V1<\/a><\/p>\n\n\n\n<p class=\"wp-block-paragraph\"><a href=\"https:\/\/de.scribd.com\/document\/885818040\/Datacolor-P300-offer-for-Sobha-furniture\">https:\/\/de.scribd.com\/document\/885818040\/Datacolor-P300-offer-for-Sobha-furniture<\/a><\/p>","protected":false},"excerpt":{"rendered":"<p>Alla som har installerat om eller uppdaterat sin i1 Profiler-app under de senaste veckorna har m\u00f6tts av oroande nyheter: X-Rite meddelade direkt i startf\u00f6nstret att man inte l\u00e4ngre skulle st\u00f6dja sina enormt popul\u00e4ra i1Display- och i1Pro2-enheter. \"Viktigt meddelande Enhetsserien i1Pro 2 l\u00f6pte ut den 1 januari 2025. i1Pro 2 och i1iO 2 kommer inte l\u00e4ngre att st\u00f6djas av i1Profiler fr\u00e5n och med den 1 januari 2026. V\u00e4nligen kontakta X-Rite f\u00f6rs\u00e4ljning f\u00f6r att uppgradera till i1Pro 3. i1Profiler st\u00f6der inte X-Rite-enheterna i1Display Pro och i1Display Pro Plus ... <\/p>\n<p class=\"read-more-container\"><a title=\"X-Rite i1Profiler st\u00f6der inte l\u00e4ngre i1Pro2 och i1iO 2\" class=\"read-more button\" href=\"https:\/\/blog.proofs.de\/sv\/x-rite-i1profiler-unterstuetzt-i1pro2-und-i1display-nicht-mehr\/#more-6127\" aria-label=\"L\u00e4s mer om X-Rite i1Profiler st\u00f6der inte l\u00e4ngre i1Pro2 och i1iO 2\">L\u00e4s mer p\u00e5<\/a><\/p>","protected":false},"author":2,"featured_media":6140,"comment_status":"open","ping_status":"open","sticky":false,"template":"","format":"standard","meta":{"om_disable_all_campaigns":false,"inline_featured_image":false,"_monsterinsights_skip_tracking":false,"footnotes":""},"categories":[1,437],"tags":[1428,1432,1423,1424,1425,1422,1426,806,1427,1229,1336,1335,1433,1334,1431,1430,1429,479],"class_list":["post-6127","post","type-post","status-publish","format-standard","has-post-thumbnail","hentry","category-allgemein","category-proof-software-und-technik","tag-datacolor","tag-datacolor-spectro-p","tag-i1io","tag-i1io-2","tag-i1io2","tag-i1pro-2","tag-i1pro-3","tag-i1pro2","tag-i1pro3","tag-konicaminolta","tag-konicaminolta-sensing","tag-myiro","tag-myiro-tools","tag-myiro-9","tag-spectro-p","tag-spectro-p200","tag-spectro-p300","tag-x-rite","generate-columns","tablet-grid-50","mobile-grid-100","grid-parent","grid-50","no-featured-image-padding","resize-featured-image"],"aioseo_notices":[],"aioseo_head":"\n\t\t<!-- All in One SEO 5.0.1.1 - aioseo.com -->\n\t<meta name=\"description\" content=\"X-Rite schockt seine Kunden: &quot;i1Pro 2 und i1iO 2 werden ab 2026 nicht mehr von i1Profiler unterst\u00fctzt.&quot; Was sollten X-Rite Anwender tun? Wer f\u00fcllt die L\u00fccke?\" \/>\n\t<meta name=\"robots\" content=\"max-image-preview:large\" \/>\n\t<meta name=\"author\" content=\"Matthias Betz\"\/>\n\t<meta name=\"google-site-verification\" content=\"TuXxyRwxcEg2-WfOaQ8vScWQh3-uBAnxXmY7g3GT90A\" \/>\n\t<meta name=\"keywords\" content=\"datacolor,datacolor spectro p,i1io,i1io 2,i1io2,i1pro 2,i1pro 3,i1pro2,i1pro3,konicaminolta,konicaminolta sensing,myiro,myiro tools,myiro-9,spectro p,spectro p200,spectro p300,x-rite\" \/>\n\t<link rel=\"canonical\" href=\"https:\/\/blog.proofs.de\/sv\/x-rite-i1profiler-unterstuetzt-i1pro2-und-i1display-nicht-mehr\/\" \/>\n\t<meta name=\"generator\" content=\"All in One SEO (AIOSEO) 5.0.1.1\" \/>\n\n\t\t<meta name=\"seobility\" content=\"593a8578143db71543f014978c690d47\">\n\t\t<meta property=\"og:locale\" content=\"sv_SE\" \/>\n\t\t<meta property=\"og:site_name\" content=\"Proof.de | Alles zu Proof, Farbmanagement, Grafik, Messtechnik &amp; Co.\" \/>\n\t\t<meta property=\"og:type\" content=\"article\" \/>\n\t\t<meta property=\"og:title\" content=\"X-Rite unterst\u00fctzt 1Pro2 \/ i1iO Ger\u00e4te nicht mehr | proof.de\" \/>\n\t\t<meta property=\"og:description\" content=\"X-Rite schockt seine Kunden: &quot;i1Pro 2 und i1iO 2 werden ab 2026 nicht mehr von i1Profiler unterst\u00fctzt.&quot; Was sollten X-Rite Anwender tun? Wer f\u00fcllt die L\u00fccke?\" \/>\n\t\t<meta property=\"og:url\" content=\"https:\/\/blog.proofs.de\/sv\/x-rite-i1profiler-unterstuetzt-i1pro2-und-i1display-nicht-mehr\/\" \/>\n\t\t<meta property=\"og:image\" content=\"https:\/\/blog.proofs.de\/wp-content\/uploads\/2025\/08\/X-Rite_Meldung_i1_Profiler_wegen_i1Pro2_und_i1iO2.png\" \/>\n\t\t<meta property=\"og:image:secure_url\" content=\"https:\/\/blog.proofs.de\/wp-content\/uploads\/2025\/08\/X-Rite_Meldung_i1_Profiler_wegen_i1Pro2_und_i1iO2.png\" \/>\n\t\t<meta property=\"og:image:width\" content=\"1128\" \/>\n\t\t<meta property=\"og:image:height\" content=\"768\" \/>\n\t\t<meta property=\"article:published_time\" content=\"2025-08-01T10:15:43+00:00\" \/>\n\t\t<meta property=\"article:modified_time\" content=\"2025-08-04T15:36:35+00:00\" \/>\n\t\t<meta property=\"article:publisher\" content=\"https:\/\/www.facebook.com\/Proof.de\/\" \/>\n\t\t<meta name=\"twitter:card\" content=\"summary\" \/>\n\t\t<meta name=\"twitter:title\" content=\"X-Rite unterst\u00fctzt 1Pro2 \/ i1iO Ger\u00e4te nicht mehr | proof.de\" \/>\n\t\t<meta name=\"twitter:description\" content=\"X-Rite schockt seine Kunden: &quot;i1Pro 2 und i1iO 2 werden ab 2026 nicht mehr von i1Profiler unterst\u00fctzt.&quot; Was sollten X-Rite Anwender tun? Wer f\u00fcllt die L\u00fccke?\" \/>\n\t\t<meta name=\"twitter:image\" content=\"https:\/\/blog.proofs.de\/wp-content\/uploads\/2025\/08\/X-Rite_Meldung_i1_Profiler_wegen_i1Pro2_und_i1iO2.png\" \/>\n\t\t<script type=\"application\/ld+json\" class=\"aioseo-schema\">\n\t\t\t{\"@context\":\"https:\\\/\\\/schema.org\",\"@graph\":[{\"@type\":\"Article\",\"@id\":\"https:\\\/\\\/blog.proofs.de\\\/sv\\\/x-rite-i1profiler-unterstuetzt-i1pro2-und-i1display-nicht-mehr\\\/#article\",\"name\":\"X-Rite unterst\\u00fctzt 1Pro2 \\\/ i1iO Ger\\u00e4te nicht mehr | proof.de\",\"headline\":\"X-Rite i1Profiler unterst\\u00fctzt i1Pro2 und und i1iO 2 nicht mehr\",\"author\":{\"@id\":\"https:\\\/\\\/blog.proofs.de\\\/sv\\\/author\\\/mbetz\\\/#author\"},\"publisher\":{\"@id\":\"https:\\\/\\\/blog.proofs.de\\\/sv\\\/#organization\"},\"image\":{\"@type\":\"ImageObject\",\"url\":\"https:\\\/\\\/blog.proofs.de\\\/wp-content\\\/uploads\\\/2025\\\/08\\\/X-Rite_Meldung_i1_Profiler_wegen_i1Pro2_und_i1iO2.png\",\"width\":1128,\"height\":768,\"caption\":\"X-Rite Meldung in i1 Profiler zum Ende von i1Pro 2 und i1iO 2\"},\"datePublished\":\"2025-08-01T12:15:43+02:00\",\"dateModified\":\"2025-08-04T17:36:35+02:00\",\"inLanguage\":\"sv-SE\",\"commentCount\":3,\"mainEntityOfPage\":{\"@id\":\"https:\\\/\\\/blog.proofs.de\\\/sv\\\/x-rite-i1profiler-unterstuetzt-i1pro2-und-i1display-nicht-mehr\\\/#webpage\"},\"isPartOf\":{\"@id\":\"https:\\\/\\\/blog.proofs.de\\\/sv\\\/x-rite-i1profiler-unterstuetzt-i1pro2-und-i1display-nicht-mehr\\\/#webpage\"},\"articleSection\":\"Allgemein, Proof Software &amp; Technik, Datacolor, Datacolor Spectro P, i1iO, i1iO 2, i1iO2, i1Pro 2, i1Pro 3, I1Pro2, i1Pro3, KonicaMinolta, KonicaMinolta Sensing, MYIRO, MYIRO Tools, MYIRO-9, Spectro P, Spectro P200, Spectro P300, X-Rite\"},{\"@type\":\"BreadcrumbList\",\"@id\":\"https:\\\/\\\/blog.proofs.de\\\/sv\\\/x-rite-i1profiler-unterstuetzt-i1pro2-und-i1display-nicht-mehr\\\/#breadcrumblist\",\"itemListElement\":[{\"@type\":\"ListItem\",\"@id\":\"https:\\\/\\\/blog.proofs.de\\\/sv#listItem\",\"position\":1,\"name\":\"Home\",\"item\":\"https:\\\/\\\/blog.proofs.de\\\/sv\",\"nextItem\":{\"@type\":\"ListItem\",\"@id\":\"https:\\\/\\\/blog.proofs.de\\\/sv\\\/thema\\\/proof-wissen\\\/#listItem\",\"name\":\"Proof Wissen\"}},{\"@type\":\"ListItem\",\"@id\":\"https:\\\/\\\/blog.proofs.de\\\/sv\\\/thema\\\/proof-wissen\\\/#listItem\",\"position\":2,\"name\":\"Proof Wissen\",\"item\":\"https:\\\/\\\/blog.proofs.de\\\/sv\\\/thema\\\/proof-wissen\\\/\",\"nextItem\":{\"@type\":\"ListItem\",\"@id\":\"https:\\\/\\\/blog.proofs.de\\\/sv\\\/thema\\\/proof-wissen\\\/proof-software-und-technik\\\/#listItem\",\"name\":\"Proof Software &amp; Technik\"},\"previousItem\":{\"@type\":\"ListItem\",\"@id\":\"https:\\\/\\\/blog.proofs.de\\\/sv#listItem\",\"name\":\"Home\"}},{\"@type\":\"ListItem\",\"@id\":\"https:\\\/\\\/blog.proofs.de\\\/sv\\\/thema\\\/proof-wissen\\\/proof-software-und-technik\\\/#listItem\",\"position\":3,\"name\":\"Proof Software &amp; Technik\",\"item\":\"https:\\\/\\\/blog.proofs.de\\\/sv\\\/thema\\\/proof-wissen\\\/proof-software-und-technik\\\/\",\"nextItem\":{\"@type\":\"ListItem\",\"@id\":\"https:\\\/\\\/blog.proofs.de\\\/sv\\\/x-rite-i1profiler-unterstuetzt-i1pro2-und-i1display-nicht-mehr\\\/#listItem\",\"name\":\"X-Rite i1Profiler unterst\\u00fctzt i1Pro2 und und i1iO 2 nicht mehr\"},\"previousItem\":{\"@type\":\"ListItem\",\"@id\":\"https:\\\/\\\/blog.proofs.de\\\/sv\\\/thema\\\/proof-wissen\\\/#listItem\",\"name\":\"Proof Wissen\"}},{\"@type\":\"ListItem\",\"@id\":\"https:\\\/\\\/blog.proofs.de\\\/sv\\\/x-rite-i1profiler-unterstuetzt-i1pro2-und-i1display-nicht-mehr\\\/#listItem\",\"position\":4,\"name\":\"X-Rite i1Profiler unterst\\u00fctzt i1Pro2 und und i1iO 2 nicht mehr\",\"previousItem\":{\"@type\":\"ListItem\",\"@id\":\"https:\\\/\\\/blog.proofs.de\\\/sv\\\/thema\\\/proof-wissen\\\/proof-software-und-technik\\\/#listItem\",\"name\":\"Proof Software &amp; Technik\"}}]},{\"@type\":\"Organization\",\"@id\":\"https:\\\/\\\/blog.proofs.de\\\/sv\\\/#organization\",\"name\":\"Proof GmbH\",\"description\":\"Farbverbindlicher Proof, Farbproof, Digitalproof und Online-Proof.\",\"url\":\"https:\\\/\\\/blog.proofs.de\\\/sv\\\/\",\"telephone\":\"+4970717952740\",\"logo\":{\"@type\":\"ImageObject\",\"url\":\"https:\\\/\\\/blog1.proofen.de\\\/wp-content\\\/uploads\\\/2019\\\/09\\\/logo_proof_rgb_mit_balken_250px.png\",\"@id\":\"https:\\\/\\\/blog.proofs.de\\\/sv\\\/x-rite-i1profiler-unterstuetzt-i1pro2-und-i1display-nicht-mehr\\\/#organizationLogo\"},\"image\":{\"@id\":\"https:\\\/\\\/blog.proofs.de\\\/sv\\\/x-rite-i1profiler-unterstuetzt-i1pro2-und-i1display-nicht-mehr\\\/#organizationLogo\"},\"sameAs\":[\"https:\\\/\\\/www.facebook.com\\\/Proof.de\\\/\",\"https:\\\/\\\/www.instagram.com\\\/proof.de\\\/\",\"https:\\\/\\\/www.tiktok.com\\\/@proof_de\",\"https:\\\/\\\/www.youtube.com\\\/channel\\\/UCk80fQVQ25wC9wu3SywB-Nw\",\"https:\\\/\\\/www.linkedin.com\\\/company\\\/proof-de\"]},{\"@type\":\"Person\",\"@id\":\"https:\\\/\\\/blog.proofs.de\\\/sv\\\/author\\\/mbetz\\\/#author\",\"url\":\"https:\\\/\\\/blog.proofs.de\\\/sv\\\/author\\\/mbetz\\\/\",\"name\":\"Matthias Betz\",\"image\":{\"@type\":\"ImageObject\",\"@id\":\"https:\\\/\\\/blog.proofs.de\\\/sv\\\/x-rite-i1profiler-unterstuetzt-i1pro2-und-i1display-nicht-mehr\\\/#authorImage\",\"url\":\"https:\\\/\\\/blog.proofs.de\\\/wp-content\\\/uploads\\\/2020\\\/10\\\/matthias-betz-e1603934518350-150x150.png\",\"width\":96,\"height\":96,\"caption\":\"Matthias Betz\"}},{\"@type\":\"WebPage\",\"@id\":\"https:\\\/\\\/blog.proofs.de\\\/sv\\\/x-rite-i1profiler-unterstuetzt-i1pro2-und-i1display-nicht-mehr\\\/#webpage\",\"url\":\"https:\\\/\\\/blog.proofs.de\\\/sv\\\/x-rite-i1profiler-unterstuetzt-i1pro2-und-i1display-nicht-mehr\\\/\",\"name\":\"X-Rite unterst\\u00fctzt 1Pro2 \\\/ i1iO Ger\\u00e4te nicht mehr | proof.de\",\"description\":\"X-Rite schockt seine Kunden: \\\"i1Pro 2 und i1iO 2 werden ab 2026 nicht mehr von i1Profiler unterst\\u00fctzt.\\\" Was sollten X-Rite Anwender tun? Wer f\\u00fcllt die L\\u00fccke?\",\"inLanguage\":\"sv-SE\",\"isPartOf\":{\"@id\":\"https:\\\/\\\/blog.proofs.de\\\/sv\\\/#website\"},\"breadcrumb\":{\"@id\":\"https:\\\/\\\/blog.proofs.de\\\/sv\\\/x-rite-i1profiler-unterstuetzt-i1pro2-und-i1display-nicht-mehr\\\/#breadcrumblist\"},\"author\":{\"@id\":\"https:\\\/\\\/blog.proofs.de\\\/sv\\\/author\\\/mbetz\\\/#author\"},\"creator\":{\"@id\":\"https:\\\/\\\/blog.proofs.de\\\/sv\\\/author\\\/mbetz\\\/#author\"},\"image\":{\"@type\":\"ImageObject\",\"url\":\"https:\\\/\\\/blog.proofs.de\\\/wp-content\\\/uploads\\\/2025\\\/08\\\/X-Rite_Meldung_i1_Profiler_wegen_i1Pro2_und_i1iO2.png\",\"@id\":\"https:\\\/\\\/blog.proofs.de\\\/sv\\\/x-rite-i1profiler-unterstuetzt-i1pro2-und-i1display-nicht-mehr\\\/#mainImage\",\"width\":1128,\"height\":768,\"caption\":\"X-Rite Meldung in i1 Profiler zum Ende von i1Pro 2 und i1iO 2\"},\"primaryImageOfPage\":{\"@id\":\"https:\\\/\\\/blog.proofs.de\\\/sv\\\/x-rite-i1profiler-unterstuetzt-i1pro2-und-i1display-nicht-mehr\\\/#mainImage\"},\"datePublished\":\"2025-08-01T12:15:43+02:00\",\"dateModified\":\"2025-08-04T17:36:35+02:00\"},{\"@type\":\"WebSite\",\"@id\":\"https:\\\/\\\/blog.proofs.de\\\/sv\\\/#website\",\"url\":\"https:\\\/\\\/blog.proofs.de\\\/sv\\\/\",\"name\":\"Proof.de\",\"description\":\"Farbverbindlicher Proof, Farbproof, Digitalproof und Online-Proof.\",\"inLanguage\":\"sv-SE\",\"publisher\":{\"@id\":\"https:\\\/\\\/blog.proofs.de\\\/sv\\\/#organization\"}}]}\n\t\t<\/script>\n\t\t<!-- All in One SEO -->\n\n","aioseo_head_json":{"title":"X-Rite st\u00f6der inte l\u00e4ngre 1Pro2 \/ i1iO-enheter | proof.de","description":"X-Rite chockar sina kunder: \"i1Pro 2 och i1iO 2 kommer inte l\u00e4ngre att st\u00f6djas av i1Profiler fr\u00e5n och med 2026.\" Vad ska X-Rite-anv\u00e4ndare g\u00f6ra? Vem kommer att fylla luckan?","canonical_url":"https:\/\/blog.proofs.de\/sv\/x-rite-i1profiler-unterstuetzt-i1pro2-und-i1display-nicht-mehr\/","robots":"max-image-preview:large","keywords":"datacolor,datacolor spectro p,i1io,i1io 2,i1io2,i1pro 2,i1pro 3,i1pro2,i1pro3,konicaminolta,konicaminolta sensing,myiro,myiro tools,myiro-9,spectro p,spectro p200,spectro p300,x-rite","webmasterTools":{"google-site-verification":"TuXxyRwxcEg2-WfOaQ8vScWQh3-uBAnxXmY7g3GT90A","miscellaneous":"&lt;meta name=\"seobility\" content=\"593a8578143db71543f014978c690d47\"&gt;"},"schema":{"@context":"https:\/\/schema.org","@graph":[{"@type":"Article","@id":"https:\/\/blog.proofs.de\/sv\/x-rite-i1profiler-unterstuetzt-i1pro2-und-i1display-nicht-mehr\/#article","name":"X-Rite unterst\u00fctzt 1Pro2 \/ i1iO Ger\u00e4te nicht mehr | proof.de","headline":"X-Rite i1Profiler unterst\u00fctzt i1Pro2 und und i1iO 2 nicht mehr","author":{"@id":"https:\/\/blog.proofs.de\/sv\/author\/mbetz\/#author"},"publisher":{"@id":"https:\/\/blog.proofs.de\/sv\/#organization"},"image":{"@type":"ImageObject","url":"https:\/\/blog.proofs.de\/wp-content\/uploads\/2025\/08\/X-Rite_Meldung_i1_Profiler_wegen_i1Pro2_und_i1iO2.png","width":1128,"height":768,"caption":"X-Rite Meldung in i1 Profiler zum Ende von i1Pro 2 und i1iO 2"},"datePublished":"2025-08-01T12:15:43+02:00","dateModified":"2025-08-04T17:36:35+02:00","inLanguage":"sv-SE","commentCount":3,"mainEntityOfPage":{"@id":"https:\/\/blog.proofs.de\/sv\/x-rite-i1profiler-unterstuetzt-i1pro2-und-i1display-nicht-mehr\/#webpage"},"isPartOf":{"@id":"https:\/\/blog.proofs.de\/sv\/x-rite-i1profiler-unterstuetzt-i1pro2-und-i1display-nicht-mehr\/#webpage"},"articleSection":"Allgemein, Proof Software &amp; Technik, Datacolor, Datacolor Spectro P, i1iO, i1iO 2, i1iO2, i1Pro 2, i1Pro 3, I1Pro2, i1Pro3, KonicaMinolta, KonicaMinolta Sensing, MYIRO, MYIRO Tools, MYIRO-9, Spectro P, Spectro P200, Spectro P300, X-Rite"},{"@type":"BreadcrumbList","@id":"https:\/\/blog.proofs.de\/sv\/x-rite-i1profiler-unterstuetzt-i1pro2-und-i1display-nicht-mehr\/#breadcrumblist","itemListElement":[{"@type":"ListItem","@id":"https:\/\/blog.proofs.de\/sv#listItem","position":1,"name":"Home","item":"https:\/\/blog.proofs.de\/sv","nextItem":{"@type":"ListItem","@id":"https:\/\/blog.proofs.de\/sv\/thema\/proof-wissen\/#listItem","name":"Proof Wissen"}},{"@type":"ListItem","@id":"https:\/\/blog.proofs.de\/sv\/thema\/proof-wissen\/#listItem","position":2,"name":"Proof Wissen","item":"https:\/\/blog.proofs.de\/sv\/thema\/proof-wissen\/","nextItem":{"@type":"ListItem","@id":"https:\/\/blog.proofs.de\/sv\/thema\/proof-wissen\/proof-software-und-technik\/#listItem","name":"Proof Software &amp; Technik"},"previousItem":{"@type":"ListItem","@id":"https:\/\/blog.proofs.de\/sv#listItem","name":"Home"}},{"@type":"ListItem","@id":"https:\/\/blog.proofs.de\/sv\/thema\/proof-wissen\/proof-software-und-technik\/#listItem","position":3,"name":"Proof Software &amp; Technik","item":"https:\/\/blog.proofs.de\/sv\/thema\/proof-wissen\/proof-software-und-technik\/","nextItem":{"@type":"ListItem","@id":"https:\/\/blog.proofs.de\/sv\/x-rite-i1profiler-unterstuetzt-i1pro2-und-i1display-nicht-mehr\/#listItem","name":"X-Rite i1Profiler unterst\u00fctzt i1Pro2 und und i1iO 2 nicht mehr"},"previousItem":{"@type":"ListItem","@id":"https:\/\/blog.proofs.de\/sv\/thema\/proof-wissen\/#listItem","name":"Proof Wissen"}},{"@type":"ListItem","@id":"https:\/\/blog.proofs.de\/sv\/x-rite-i1profiler-unterstuetzt-i1pro2-und-i1display-nicht-mehr\/#listItem","position":4,"name":"X-Rite i1Profiler unterst\u00fctzt i1Pro2 und und i1iO 2 nicht mehr","previousItem":{"@type":"ListItem","@id":"https:\/\/blog.proofs.de\/sv\/thema\/proof-wissen\/proof-software-und-technik\/#listItem","name":"Proof Software &amp; Technik"}}]},{"@type":"Organization","@id":"https:\/\/blog.proofs.de\/sv\/#organization","name":"Proof GmbH","description":"Farbverbindlicher Proof, Farbproof, Digitalproof und Online-Proof.","url":"https:\/\/blog.proofs.de\/sv\/","telephone":"+4970717952740","logo":{"@type":"ImageObject","url":"https:\/\/blog1.proofen.de\/wp-content\/uploads\/2019\/09\/logo_proof_rgb_mit_balken_250px.png","@id":"https:\/\/blog.proofs.de\/sv\/x-rite-i1profiler-unterstuetzt-i1pro2-und-i1display-nicht-mehr\/#organizationLogo"},"image":{"@id":"https:\/\/blog.proofs.de\/sv\/x-rite-i1profiler-unterstuetzt-i1pro2-und-i1display-nicht-mehr\/#organizationLogo"},"sameAs":["https:\/\/www.facebook.com\/Proof.de\/","https:\/\/www.instagram.com\/proof.de\/","https:\/\/www.tiktok.com\/@proof_de","https:\/\/www.youtube.com\/channel\/UCk80fQVQ25wC9wu3SywB-Nw","https:\/\/www.linkedin.com\/company\/proof-de"]},{"@type":"Person","@id":"https:\/\/blog.proofs.de\/sv\/author\/mbetz\/#author","url":"https:\/\/blog.proofs.de\/sv\/author\/mbetz\/","name":"Matthias Betz","image":{"@type":"ImageObject","@id":"https:\/\/blog.proofs.de\/sv\/x-rite-i1profiler-unterstuetzt-i1pro2-und-i1display-nicht-mehr\/#authorImage","url":"https:\/\/blog.proofs.de\/wp-content\/uploads\/2020\/10\/matthias-betz-e1603934518350-150x150.png","width":96,"height":96,"caption":"Matthias Betz"}},{"@type":"WebPage","@id":"https:\/\/blog.proofs.de\/sv\/x-rite-i1profiler-unterstuetzt-i1pro2-und-i1display-nicht-mehr\/#webpage","url":"https:\/\/blog.proofs.de\/sv\/x-rite-i1profiler-unterstuetzt-i1pro2-und-i1display-nicht-mehr\/","name":"X-Rite unterst\u00fctzt 1Pro2 \/ i1iO Ger\u00e4te nicht mehr | proof.de","description":"X-Rite schockt seine Kunden: \"i1Pro 2 und i1iO 2 werden ab 2026 nicht mehr von i1Profiler unterst\u00fctzt.\" Was sollten X-Rite Anwender tun? Wer f\u00fcllt die L\u00fccke?","inLanguage":"sv-SE","isPartOf":{"@id":"https:\/\/blog.proofs.de\/sv\/#website"},"breadcrumb":{"@id":"https:\/\/blog.proofs.de\/sv\/x-rite-i1profiler-unterstuetzt-i1pro2-und-i1display-nicht-mehr\/#breadcrumblist"},"author":{"@id":"https:\/\/blog.proofs.de\/sv\/author\/mbetz\/#author"},"creator":{"@id":"https:\/\/blog.proofs.de\/sv\/author\/mbetz\/#author"},"image":{"@type":"ImageObject","url":"https:\/\/blog.proofs.de\/wp-content\/uploads\/2025\/08\/X-Rite_Meldung_i1_Profiler_wegen_i1Pro2_und_i1iO2.png","@id":"https:\/\/blog.proofs.de\/sv\/x-rite-i1profiler-unterstuetzt-i1pro2-und-i1display-nicht-mehr\/#mainImage","width":1128,"height":768,"caption":"X-Rite Meldung in i1 Profiler zum Ende von i1Pro 2 und i1iO 2"},"primaryImageOfPage":{"@id":"https:\/\/blog.proofs.de\/sv\/x-rite-i1profiler-unterstuetzt-i1pro2-und-i1display-nicht-mehr\/#mainImage"},"datePublished":"2025-08-01T12:15:43+02:00","dateModified":"2025-08-04T17:36:35+02:00"},{"@type":"WebSite","@id":"https:\/\/blog.proofs.de\/sv\/#website","url":"https:\/\/blog.proofs.de\/sv\/","name":"Proof.de","description":"Farbverbindlicher Proof, Farbproof, Digitalproof und Online-Proof.","inLanguage":"sv-SE","publisher":{"@id":"https:\/\/blog.proofs.de\/sv\/#organization"}}]},"og:locale":"sv_SE","og:site_name":"Proof.de | Alles zu Proof, Farbmanagement, Grafik, Messtechnik &amp; Co.","og:type":"article","og:title":"X-Rite unterst\u00fctzt 1Pro2 \/ i1iO Ger\u00e4te nicht mehr | proof.de","og:description":"X-Rite schockt seine Kunden: &quot;i1Pro 2 und i1iO 2 werden ab 2026 nicht mehr von i1Profiler unterst\u00fctzt.&quot; Was sollten X-Rite Anwender tun? Wer f\u00fcllt die L\u00fccke?","og:url":"https:\/\/blog.proofs.de\/sv\/x-rite-i1profiler-unterstuetzt-i1pro2-und-i1display-nicht-mehr\/","og:image":"https:\/\/blog.proofs.de\/wp-content\/uploads\/2025\/08\/X-Rite_Meldung_i1_Profiler_wegen_i1Pro2_und_i1iO2.png","og:image:secure_url":"https:\/\/blog.proofs.de\/wp-content\/uploads\/2025\/08\/X-Rite_Meldung_i1_Profiler_wegen_i1Pro2_und_i1iO2.png","og:image:width":1128,"og:image:height":768,"article:published_time":"2025-08-01T10:15:43+00:00","article:modified_time":"2025-08-04T15:36:35+00:00","article:publisher":"https:\/\/www.facebook.com\/Proof.de\/","twitter:card":"summary","twitter:title":"X-Rite unterst\u00fctzt 1Pro2 \/ i1iO Ger\u00e4te nicht mehr | proof.de","twitter:description":"X-Rite schockt seine Kunden: &quot;i1Pro 2 und i1iO 2 werden ab 2026 nicht mehr von i1Profiler unterst\u00fctzt.&quot; Was sollten X-Rite Anwender tun? Wer f\u00fcllt die L\u00fccke?","twitter:image":"https:\/\/blog.proofs.de\/wp-content\/uploads\/2025\/08\/X-Rite_Meldung_i1_Profiler_wegen_i1Pro2_und_i1iO2.png"},"aioseo_meta_data":{"post_id":"6127","title":"X-Rite st\u00f6der inte l\u00e4ngre 1Pro2 \/ i1iO-enheter | proof.de","description":"X-Rite chockar sina kunder: \"i1Pro 2 och i1iO 2 kommer inte l\u00e4ngre att st\u00f6djas av i1Profiler fr\u00e5n och med 2026.\" Vad ska X-Rite-anv\u00e4ndare g\u00f6ra? Vem kommer att fylla luckan?","keywords":null,"keyphrases":{"focus":{"keyphrase":"","score":0,"analysis":{"keyphraseInTitle":{"score":0,"maxScore":9,"error":1}}},"additional":[]},"primary_term":null,"canonical_url":null,"og_title":null,"og_description":null,"og_object_type":"default","og_image_type":"default","og_image_url":null,"og_image_width":null,"og_image_height":null,"og_image_custom_url":null,"og_image_custom_fields":null,"og_video":"","og_custom_url":null,"og_article_section":null,"og_article_tags":null,"twitter_use_og":true,"twitter_card":"default","twitter_image_type":"default","twitter_image_url":null,"twitter_image_custom_url":null,"twitter_image_custom_fields":null,"twitter_title":null,"twitter_description":null,"schema":{"blockGraphs":[],"customGraphs":[],"default":{"data":{"Article":[],"Course":[],"Dataset":[],"FAQPage":[],"Movie":[],"Person":[],"Product":[],"ProductReview":[],"Car":[],"Recipe":[],"Service":[],"SoftwareApplication":[],"WebPage":[]},"graphName":"Article","isEnabled":true},"graphs":[]},"schema_type":"default","schema_type_options":null,"pillar_content":false,"robots_default":true,"robots_noindex":false,"robots_noarchive":false,"robots_nosnippet":false,"robots_nofollow":false,"robots_noimageindex":false,"robots_noodp":false,"robots_notranslate":false,"robots_max_snippet":"-1","robots_max_videopreview":"-1","robots_max_imagepreview":"large","priority":null,"frequency":"default","local_seo":null,"breadcrumb_settings":null,"limit_modified_date":false,"ai":{"faqs":[],"keyPoints":[],"titles":[],"descriptions":[],"socialPosts":{"email":[],"linkedin":[],"twitter":[],"facebook":[],"instagram":[]}},"created":"2025-07-30 22:39:15","updated":"2025-08-04 15:45:24","seo_analyzer_scan_date":null,"focus_keyword":null,"additional_keywords":null,"truseo_locale":null},"_links":{"self":[{"href":"https:\/\/blog.proofs.de\/sv\/wp-json\/wp\/v2\/posts\/6127","targetHints":{"allow":["GET"]}}],"collection":[{"href":"https:\/\/blog.proofs.de\/sv\/wp-json\/wp\/v2\/posts"}],"about":[{"href":"https:\/\/blog.proofs.de\/sv\/wp-json\/wp\/v2\/types\/post"}],"author":[{"embeddable":true,"href":"https:\/\/blog.proofs.de\/sv\/wp-json\/wp\/v2\/users\/2"}],"replies":[{"embeddable":true,"href":"https:\/\/blog.proofs.de\/sv\/wp-json\/wp\/v2\/comments?post=6127"}],"version-history":[{"count":9,"href":"https:\/\/blog.proofs.de\/sv\/wp-json\/wp\/v2\/posts\/6127\/revisions"}],"predecessor-version":[{"id":6157,"href":"https:\/\/blog.proofs.de\/sv\/wp-json\/wp\/v2\/posts\/6127\/revisions\/6157"}],"wp:featuredmedia":[{"embeddable":true,"href":"https:\/\/blog.proofs.de\/sv\/wp-json\/wp\/v2\/media\/6140"}],"wp:attachment":[{"href":"https:\/\/blog.proofs.de\/sv\/wp-json\/wp\/v2\/media?parent=6127"}],"wp:term":[{"taxonomy":"category","embeddable":true,"href":"https:\/\/blog.proofs.de\/sv\/wp-json\/wp\/v2\/categories?post=6127"},{"taxonomy":"post_tag","embeddable":true,"href":"https:\/\/blog.proofs.de\/sv\/wp-json\/wp\/v2\/tags?post=6127"}],"curies":[{"name":"wp","href":"https:\/\/api.w.org\/{rel}","templated":true}]}}