{"id":1300,"date":"2015-03-19T16:27:33","date_gmt":"2015-03-19T15:27:33","guid":{"rendered":"http:\/\/www.proof.de\/?p=1300"},"modified":"2020-05-08T13:28:31","modified_gmt":"2020-05-08T11:28:31","slug":"dijital-ve-basili-medya-tasarimcisi-olarak-egitim","status":"publish","type":"post","link":"https:\/\/blog.proofs.de\/tr\/ausbildung-zumr-mediengestalterin-digital-und-print\/","title":{"rendered":"Dijital ve bas\u0131l\u0131 medya tasar\u0131mc\u0131s\u0131 olarak stajyerlik"},"content":{"rendered":"<div class=\"kk-star-ratings kksr-auto kksr-align-right kksr-valign-top\" data-payload='{\"align\":\"right\",\"id\":\"1300\",\"slug\":\"default\",\"valign\":\"top\",\"ignore\":\"\",\"reference\":\"auto\",\"class\":\"\",\"count\":\"0\",\"legendonly\":\"\",\"readonly\":\"\",\"score\":\"0\",\"starsonly\":\"\",\"best\":\"5\",\"gap\":\"5\",\"greet\":\"Jetzt bewerten\",\"legend\":\"0\\\/5 - (0 votes)\",\"size\":\"24\",\"title\":\"Ausbildung zum\\\/r Mediengestalter\\\/in Digital und Print\",\"width\":\"0\",\"_legend\":\"{score}\\\/{best} - ({count} {votes})\",\"font_factor\":\"1.25\"}'>\n            \n<div class=\"kksr-stars\">\n    \n<div class=\"kksr-stars-inactive\">\n            <div class=\"kksr-star\" data-star=\"1\" style=\"padding-right: 5px\">\n            \n\n<div class=\"kksr-icon\" style=\"width: 24px; height: 24px;\"><\/div>\n        <\/div>\n            <div class=\"kksr-star\" data-star=\"2\" style=\"padding-right: 5px\">\n            \n\n<div class=\"kksr-icon\" style=\"width: 24px; height: 24px;\"><\/div>\n        <\/div>\n            <div class=\"kksr-star\" data-star=\"3\" style=\"padding-right: 5px\">\n            \n\n<div class=\"kksr-icon\" style=\"width: 24px; height: 24px;\"><\/div>\n        <\/div>\n            <div class=\"kksr-star\" data-star=\"4\" style=\"padding-right: 5px\">\n            \n\n<div class=\"kksr-icon\" style=\"width: 24px; height: 24px;\"><\/div>\n        <\/div>\n            <div class=\"kksr-star\" data-star=\"5\" style=\"padding-right: 5px\">\n            \n\n<div class=\"kksr-icon\" style=\"width: 24px; height: 24px;\"><\/div>\n        <\/div>\n    <\/div>\n    \n<div class=\"kksr-stars-active\" style=\"width: 0px;\">\n            <div class=\"kksr-star\" style=\"padding-right: 5px\">\n            \n\n<div class=\"kksr-icon\" style=\"width: 24px; height: 24px;\"><\/div>\n        <\/div>\n            <div class=\"kksr-star\" style=\"padding-right: 5px\">\n            \n\n<div class=\"kksr-icon\" style=\"width: 24px; height: 24px;\"><\/div>\n        <\/div>\n            <div class=\"kksr-star\" style=\"padding-right: 5px\">\n            \n\n<div class=\"kksr-icon\" style=\"width: 24px; height: 24px;\"><\/div>\n        <\/div>\n            <div class=\"kksr-star\" style=\"padding-right: 5px\">\n            \n\n<div class=\"kksr-icon\" style=\"width: 24px; height: 24px;\"><\/div>\n        <\/div>\n            <div class=\"kksr-star\" style=\"padding-right: 5px\">\n            \n\n<div class=\"kksr-icon\" style=\"width: 24px; height: 24px;\"><\/div>\n        <\/div>\n    <\/div>\n<\/div>\n                \n\n<div class=\"kksr-legend\" style=\"font-size: 19.2px;\">\n            <span class=\"kksr-muted\">\u015eimdi de\u011ferlendirin<\/span>\n    <\/div>\n    <\/div>\n<p>01.09.2015 tarihinden itibaren, tasar\u0131m ve teknoloji odakl\u0131 bask\u0131 konusunda uzmanla\u015fm\u0131\u015f dijital ve bas\u0131l\u0131 medya tasar\u0131mc\u0131s\u0131 olarak e\u011fitim veriyoruz.<\/p>\n<p><strong>Bizden ne bekleyebilirsiniz?<\/strong><\/p>\n<ul>\n<li>3 y\u0131ll\u0131k ikili e\u011fitim program\u0131<br>\n(Reutlingen'deki Kerschensteiner Okulu'nda okul b\u00f6l\u00fcm\u00fc)<\/li>\n<li>Renk ve yasal ba\u011flay\u0131c\u0131l\u0131\u011f\u0131n olu\u015fturulmas\u0131 <a href=\"https:\/\/blog.proofs.de\/tr\/lexikon\/farbproofs\/\" target=\"_self\" title=\"Dijital provalar (do\u011fru ad\u0131yla kontrat provalar\u0131) grafik sanatlar end\u00fcstrisi i\u00e7in ISO sertifikal\u0131 bir denetim arac\u0131d\u0131r. Dijital provalar, ofset bask\u0131 veya grav\u00fcr bask\u0131n\u0131n rengini ISO 12647-7&#039;nin dar toleranslar\u0131 dahilinde renkli ve yasal olarak ba\u011flay\u0131c\u0131 bir \u015fekilde sim\u00fcle eder. G\u00fcn\u00fcm\u00fczde neredeyse yaln\u0131zca bir RIP kullan\u0131larak hesaplanmakta ve ard\u0131ndan \u00f6zel prova ka\u011f\u0131tlar\u0131 \u00fczerinde inkjet yaz\u0131c\u0131larla \u00fcretilmektedir.\" class=\"encyclopedia\">Renkli provalar<\/a><\/li>\n<li>G\u00f6r\u00fcnt\u00fc r\u00f6tu\u015flar\u0131n\u0131n ve taramalar\u0131n\u0131n \u00fcretimi<\/li>\n<li>Dijital foto\u011fraflar\u0131n olu\u015fturulmas\u0131<\/li>\n<li>Web sitemizin desteklenmesi ve geni\u015fletilmesi<\/li>\n<li>M\u00fc\u015fteri dan\u0131\u015fmanl\u0131\u011f\u0131<\/li>\n<\/ul>\n<p><strong>Sizden bekledi\u011fimiz de budur:<\/strong><\/p>\n<ul>\n<li>Adobe Creative Suite (Photoshop, InDesign, Illustrator, Dreamweaver) temel deneyimi\/bilgisi<\/li>\n<li>WordPress, TYPO3, HTML\/CSS'e ilgi<\/li>\n<li>Ak\u0131c\u0131 Almanca ve iyi derecede yaz\u0131l\u0131 ve s\u00f6zl\u00fc \u0130ngilizce becerileri<\/li>\n<li>En az orta d\u00fczey e\u011fitim, A seviyeleri veya uygulamal\u0131 bilimler \u00fcniversitelerine giri\u015f yeterlili\u011fi bir avantajd\u0131r<\/li>\n<\/ul>\n<p>L\u00fctfen detayl\u0131 ba\u015fvurunuzu (\u00f6n yaz\u0131, \u00f6zge\u00e7mi\u015f, sertifikalar ve referanslar) info(AT) adresine g\u00f6nderin.<a href=\"https:\/\/blog.proofs.de\/tr\/lexikon\/proof\/\" target=\"_self\" title=\"Dijital prova (do\u011frusu: kontrat provas\u0131), grafik sanatlar end\u00fcstrisi i\u00e7in ISO 12647-7 sertifikal\u0131 bir test cihaz\u0131d\u0131r. Dijital prova, ofset bask\u0131 veya grav\u00fcr bask\u0131n\u0131n renklili\u011fini ISO standard\u0131n\u0131n dar toleranslar\u0131 dahilinde renkli ve yasal olarak ba\u011flay\u0131c\u0131 bir \u015fekilde sim\u00fcle eder.\" class=\"encyclopedia\">kan\u0131t<\/a>.de adresine veya posta yoluyla<\/p>\n<p>Proof GmbH<br>\nMatthias Betz'in dikkatine<br>\nG\u00f6lzstrasse 17<br>\n72072 Tuebingen<\/p>","protected":false},"excerpt":{"rendered":"<p>01.09.2015 tarihi itibariyle, tasar\u0131m ve teknoloji odakl\u0131 bask\u0131 konusunda uzmanla\u015fm\u0131\u015f dijital ve bas\u0131l\u0131 medya tasar\u0131mc\u0131s\u0131 olarak e\u011fitim sunuyoruz. Bizden bekleyebilecekleriniz: 3 y\u0131ll\u0131k ikili e\u011fitim (Reutlingen'deki Kerschensteiner Okulunda okul temelli b\u00f6l\u00fcm) Renkli ve yasal olarak ba\u011flay\u0131c\u0131 renkli provalar\u0131n olu\u015fturulmas\u0131 G\u00f6r\u00fcnt\u00fc r\u00f6tu\u015flar\u0131n\u0131n ve taramalar\u0131n\u0131n \u00fcretimi Dijital foto\u011fraflar\u0131n olu\u015fturulmas\u0131 Web sitemizin desteklenmesi ve geni\u015fletilmesi M\u00fc\u015fteri dan\u0131\u015fmanl\u0131\u011f\u0131 Sizden beklediklerimiz: Adobe Creative Suite (Photoshop, InDesign, Illustrator, Dreamweaver) temel deneyimi\/bilgisi WordPress, TYPO3, HTML\/CSS'e ilgi Ak\u0131c\u0131 Almanca ve iyi yaz\u0131l\u0131 ve s\u00f6zl\u00fc \u0130ngilizce becerileri En az orta d\u00fczeyde e\u011fitim, Abitur veya Fachhochschulreife ... <\/p>\n<p class=\"read-more-container\"><a title=\"Dijital ve bas\u0131l\u0131 medya tasar\u0131mc\u0131s\u0131 olarak stajyerlik\" class=\"read-more button\" href=\"https:\/\/blog.proofs.de\/tr\/ausbildung-zumr-mediengestalterin-digital-und-print\/#more-1300\" aria-label=\"Dijital ve bas\u0131l\u0131 medya tasar\u0131mc\u0131s\u0131 olarak \u00e7\u0131rakl\u0131k hakk\u0131nda devam\u0131n\u0131 oku\">Daha fazla bilgi edinin<\/a><\/p>","protected":false},"author":2,"featured_media":2494,"comment_status":"open","ping_status":"open","sticky":false,"template":"","format":"standard","meta":{"om_disable_all_campaigns":false,"inline_featured_image":false,"_monsterinsights_skip_tracking":false,"footnotes":""},"categories":[1,120],"tags":[483,340],"class_list":["post-1300","post","type-post","status-publish","format-standard","has-post-thumbnail","hentry","category-allgemein","category-kategorie-proof-gmbh","tag-ausbildung","tag-mediengestalter","generate-columns","tablet-grid-50","mobile-grid-100","grid-parent","grid-50","no-featured-image-padding","resize-featured-image"],"aioseo_notices":[],"aioseo_head":"\n\t\t<!-- All in One SEO 5.0.1.1 - aioseo.com -->\n\t<meta name=\"description\" content=\"Zum neuen Ausbildungsjahr im September bieten wir eine Ausbildung zum\/r Mediengestalterin Digital und Print, Schwerpunkt Print, Gestaltung und Technik. \" \/>\n\t<meta name=\"robots\" content=\"max-image-preview:large\" \/>\n\t<meta name=\"author\" content=\"Matthias Betz\"\/>\n\t<meta name=\"google-site-verification\" content=\"TuXxyRwxcEg2-WfOaQ8vScWQh3-uBAnxXmY7g3GT90A\" \/>\n\t<meta name=\"keywords\" content=\"ausbildung,mediengestalter,mediengestalterin,digital,print,ihk\" \/>\n\t<link rel=\"canonical\" href=\"https:\/\/blog.proofs.de\/tr\/ausbildung-zumr-mediengestalterin-digital-und-print\/\" \/>\n\t<meta name=\"generator\" content=\"All in One SEO (AIOSEO) 5.0.1.1\" \/>\n\n\t\t<meta name=\"seobility\" content=\"593a8578143db71543f014978c690d47\">\n\t\t<meta property=\"og:locale\" content=\"tr_TR\" \/>\n\t\t<meta property=\"og:site_name\" content=\"Proof.de | Alles zu Proof, Farbmanagement, Grafik, Messtechnik &amp; Co.\" \/>\n\t\t<meta property=\"og:type\" content=\"article\" \/>\n\t\t<meta property=\"og:title\" content=\"Ausbildung Mediengestalter\/in Digital und Print | proof.de\" \/>\n\t\t<meta property=\"og:description\" content=\"Zum neuen Ausbildungsjahr im September bieten wir eine Ausbildung zum\/r Mediengestalterin Digital und Print, Schwerpunkt Print, Gestaltung und Technik. \" \/>\n\t\t<meta property=\"og:url\" content=\"https:\/\/blog.proofs.de\/tr\/ausbildung-zumr-mediengestalterin-digital-und-print\/\" \/>\n\t\t<meta property=\"og:image\" content=\"https:\/\/blog.proofs.de\/wp-content\/uploads\/2019\/09\/logo_proof_rgb_mit_balken_250px.png\" \/>\n\t\t<meta property=\"og:image:secure_url\" content=\"https:\/\/blog.proofs.de\/wp-content\/uploads\/2019\/09\/logo_proof_rgb_mit_balken_250px.png\" \/>\n\t\t<meta property=\"og:image:width\" content=\"250\" \/>\n\t\t<meta property=\"og:image:height\" content=\"65\" \/>\n\t\t<meta property=\"article:published_time\" content=\"2015-03-19T15:27:33+00:00\" \/>\n\t\t<meta property=\"article:modified_time\" content=\"2020-05-08T11:28:31+00:00\" \/>\n\t\t<meta property=\"article:publisher\" content=\"https:\/\/www.facebook.com\/Proof.de\/\" \/>\n\t\t<meta name=\"twitter:card\" content=\"summary\" \/>\n\t\t<meta name=\"twitter:title\" content=\"Ausbildung Mediengestalter\/in Digital und Print | proof.de\" \/>\n\t\t<meta name=\"twitter:description\" content=\"Zum neuen Ausbildungsjahr im September bieten wir eine Ausbildung zum\/r Mediengestalterin Digital und Print, Schwerpunkt Print, Gestaltung und Technik. \" \/>\n\t\t<meta name=\"twitter:image\" content=\"https:\/\/blog1.proofen.de\/wp-content\/uploads\/2020\/04\/proof_background.jpg\" \/>\n\t\t<script type=\"application\/ld+json\" class=\"aioseo-schema\">\n\t\t\t{\"@context\":\"https:\\\/\\\/schema.org\",\"@graph\":[{\"@type\":\"Article\",\"@id\":\"https:\\\/\\\/blog.proofs.de\\\/tr\\\/ausbildung-zumr-mediengestalterin-digital-und-print\\\/#article\",\"name\":\"Ausbildung Mediengestalter\\\/in Digital und Print | proof.de\",\"headline\":\"Ausbildung zum\\\/r Mediengestalter\\\/in Digital und Print\",\"author\":{\"@id\":\"https:\\\/\\\/blog.proofs.de\\\/tr\\\/author\\\/mbetz\\\/#author\"},\"publisher\":{\"@id\":\"https:\\\/\\\/blog.proofs.de\\\/tr\\\/#organization\"},\"image\":{\"@type\":\"ImageObject\",\"url\":\"https:\\\/\\\/blog.proofs.de\\\/wp-content\\\/uploads\\\/2019\\\/09\\\/logo_proof_rgb_mit_balken_250px.png\",\"width\":250,\"height\":65,\"caption\":\"Logo Proof GmbH T\\u00fcbingen\"},\"datePublished\":\"2015-03-19T16:27:33+01:00\",\"dateModified\":\"2020-05-08T13:28:31+02:00\",\"inLanguage\":\"tr-TR\",\"mainEntityOfPage\":{\"@id\":\"https:\\\/\\\/blog.proofs.de\\\/tr\\\/ausbildung-zumr-mediengestalterin-digital-und-print\\\/#webpage\"},\"isPartOf\":{\"@id\":\"https:\\\/\\\/blog.proofs.de\\\/tr\\\/ausbildung-zumr-mediengestalterin-digital-und-print\\\/#webpage\"},\"articleSection\":\"Allgemein, Proof GmbH, Ausbildung, Mediengestalter\"},{\"@type\":\"BreadcrumbList\",\"@id\":\"https:\\\/\\\/blog.proofs.de\\\/tr\\\/ausbildung-zumr-mediengestalterin-digital-und-print\\\/#breadcrumblist\",\"itemListElement\":[{\"@type\":\"ListItem\",\"@id\":\"https:\\\/\\\/blog.proofs.de\\\/tr#listItem\",\"position\":1,\"name\":\"Home\",\"item\":\"https:\\\/\\\/blog.proofs.de\\\/tr\",\"nextItem\":{\"@type\":\"ListItem\",\"@id\":\"https:\\\/\\\/blog.proofs.de\\\/tr\\\/thema\\\/proof-wissen\\\/#listItem\",\"name\":\"Proof Wissen\"}},{\"@type\":\"ListItem\",\"@id\":\"https:\\\/\\\/blog.proofs.de\\\/tr\\\/thema\\\/proof-wissen\\\/#listItem\",\"position\":2,\"name\":\"Proof Wissen\",\"item\":\"https:\\\/\\\/blog.proofs.de\\\/tr\\\/thema\\\/proof-wissen\\\/\",\"nextItem\":{\"@type\":\"ListItem\",\"@id\":\"https:\\\/\\\/blog.proofs.de\\\/tr\\\/thema\\\/proof-wissen\\\/kategorie-proof-gmbh\\\/#listItem\",\"name\":\"Proof GmbH\"},\"previousItem\":{\"@type\":\"ListItem\",\"@id\":\"https:\\\/\\\/blog.proofs.de\\\/tr#listItem\",\"name\":\"Home\"}},{\"@type\":\"ListItem\",\"@id\":\"https:\\\/\\\/blog.proofs.de\\\/tr\\\/thema\\\/proof-wissen\\\/kategorie-proof-gmbh\\\/#listItem\",\"position\":3,\"name\":\"Proof GmbH\",\"item\":\"https:\\\/\\\/blog.proofs.de\\\/tr\\\/thema\\\/proof-wissen\\\/kategorie-proof-gmbh\\\/\",\"nextItem\":{\"@type\":\"ListItem\",\"@id\":\"https:\\\/\\\/blog.proofs.de\\\/tr\\\/ausbildung-zumr-mediengestalterin-digital-und-print\\\/#listItem\",\"name\":\"Ausbildung zum\\\/r Mediengestalter\\\/in Digital und Print\"},\"previousItem\":{\"@type\":\"ListItem\",\"@id\":\"https:\\\/\\\/blog.proofs.de\\\/tr\\\/thema\\\/proof-wissen\\\/#listItem\",\"name\":\"Proof Wissen\"}},{\"@type\":\"ListItem\",\"@id\":\"https:\\\/\\\/blog.proofs.de\\\/tr\\\/ausbildung-zumr-mediengestalterin-digital-und-print\\\/#listItem\",\"position\":4,\"name\":\"Ausbildung zum\\\/r Mediengestalter\\\/in Digital und Print\",\"previousItem\":{\"@type\":\"ListItem\",\"@id\":\"https:\\\/\\\/blog.proofs.de\\\/tr\\\/thema\\\/proof-wissen\\\/kategorie-proof-gmbh\\\/#listItem\",\"name\":\"Proof GmbH\"}}]},{\"@type\":\"Organization\",\"@id\":\"https:\\\/\\\/blog.proofs.de\\\/tr\\\/#organization\",\"name\":\"Proof GmbH\",\"description\":\"Farbverbindlicher Proof, Farbproof, Digitalproof und Online-Proof.\",\"url\":\"https:\\\/\\\/blog.proofs.de\\\/tr\\\/\",\"telephone\":\"+4970717952740\",\"logo\":{\"@type\":\"ImageObject\",\"url\":\"https:\\\/\\\/blog1.proofen.de\\\/wp-content\\\/uploads\\\/2019\\\/09\\\/logo_proof_rgb_mit_balken_250px.png\",\"@id\":\"https:\\\/\\\/blog.proofs.de\\\/tr\\\/ausbildung-zumr-mediengestalterin-digital-und-print\\\/#organizationLogo\"},\"image\":{\"@id\":\"https:\\\/\\\/blog.proofs.de\\\/tr\\\/ausbildung-zumr-mediengestalterin-digital-und-print\\\/#organizationLogo\"},\"sameAs\":[\"https:\\\/\\\/www.facebook.com\\\/Proof.de\\\/\",\"https:\\\/\\\/www.instagram.com\\\/proof.de\\\/\",\"https:\\\/\\\/www.tiktok.com\\\/@proof_de\",\"https:\\\/\\\/www.youtube.com\\\/channel\\\/UCk80fQVQ25wC9wu3SywB-Nw\",\"https:\\\/\\\/www.linkedin.com\\\/company\\\/proof-de\"]},{\"@type\":\"Person\",\"@id\":\"https:\\\/\\\/blog.proofs.de\\\/tr\\\/author\\\/mbetz\\\/#author\",\"url\":\"https:\\\/\\\/blog.proofs.de\\\/tr\\\/author\\\/mbetz\\\/\",\"name\":\"Matthias Betz\",\"image\":{\"@type\":\"ImageObject\",\"@id\":\"https:\\\/\\\/blog.proofs.de\\\/tr\\\/ausbildung-zumr-mediengestalterin-digital-und-print\\\/#authorImage\",\"url\":\"https:\\\/\\\/blog.proofs.de\\\/wp-content\\\/uploads\\\/2020\\\/10\\\/matthias-betz-e1603934518350-150x150.png\",\"width\":96,\"height\":96,\"caption\":\"Matthias Betz\"}},{\"@type\":\"WebPage\",\"@id\":\"https:\\\/\\\/blog.proofs.de\\\/tr\\\/ausbildung-zumr-mediengestalterin-digital-und-print\\\/#webpage\",\"url\":\"https:\\\/\\\/blog.proofs.de\\\/tr\\\/ausbildung-zumr-mediengestalterin-digital-und-print\\\/\",\"name\":\"Ausbildung Mediengestalter\\\/in Digital und Print | proof.de\",\"description\":\"Zum neuen Ausbildungsjahr im September bieten wir eine Ausbildung zum\\\/r Mediengestalterin Digital und Print, Schwerpunkt Print, Gestaltung und Technik.\",\"inLanguage\":\"tr-TR\",\"isPartOf\":{\"@id\":\"https:\\\/\\\/blog.proofs.de\\\/tr\\\/#website\"},\"breadcrumb\":{\"@id\":\"https:\\\/\\\/blog.proofs.de\\\/tr\\\/ausbildung-zumr-mediengestalterin-digital-und-print\\\/#breadcrumblist\"},\"author\":{\"@id\":\"https:\\\/\\\/blog.proofs.de\\\/tr\\\/author\\\/mbetz\\\/#author\"},\"creator\":{\"@id\":\"https:\\\/\\\/blog.proofs.de\\\/tr\\\/author\\\/mbetz\\\/#author\"},\"image\":{\"@type\":\"ImageObject\",\"url\":\"https:\\\/\\\/blog.proofs.de\\\/wp-content\\\/uploads\\\/2019\\\/09\\\/logo_proof_rgb_mit_balken_250px.png\",\"@id\":\"https:\\\/\\\/blog.proofs.de\\\/tr\\\/ausbildung-zumr-mediengestalterin-digital-und-print\\\/#mainImage\",\"width\":250,\"height\":65,\"caption\":\"Logo Proof GmbH T\\u00fcbingen\"},\"primaryImageOfPage\":{\"@id\":\"https:\\\/\\\/blog.proofs.de\\\/tr\\\/ausbildung-zumr-mediengestalterin-digital-und-print\\\/#mainImage\"},\"datePublished\":\"2015-03-19T16:27:33+01:00\",\"dateModified\":\"2020-05-08T13:28:31+02:00\"},{\"@type\":\"WebSite\",\"@id\":\"https:\\\/\\\/blog.proofs.de\\\/tr\\\/#website\",\"url\":\"https:\\\/\\\/blog.proofs.de\\\/tr\\\/\",\"name\":\"Proof.de\",\"description\":\"Farbverbindlicher Proof, Farbproof, Digitalproof und Online-Proof.\",\"inLanguage\":\"tr-TR\",\"publisher\":{\"@id\":\"https:\\\/\\\/blog.proofs.de\\\/tr\\\/#organization\"}}]}\n\t\t<\/script>\n\t\t<!-- All in One SEO -->\n\n","aioseo_head_json":{"title":"Dijital ve bas\u0131l\u0131 medya tasar\u0131mc\u0131s\u0131 olarak \u00e7\u0131rakl\u0131k e\u011fitimi | proof.de","description":"Eyl\u00fcl ay\u0131ndaki yeni e\u011fitim y\u0131l\u0131 i\u00e7in bask\u0131, tasar\u0131m ve teknoloji konular\u0131nda uzmanla\u015fm\u0131\u015f dijital ve bas\u0131l\u0131 medya tasar\u0131mc\u0131s\u0131 olarak e\u011fitim sunuyoruz.","canonical_url":"https:\/\/blog.proofs.de\/tr\/ausbildung-zumr-mediengestalterin-digital-und-print\/","robots":"max-image-preview:large","keywords":"ausbildung,mediengestalter,mediengestalterin,digital,print,ihk","webmasterTools":{"google-site-verification":"TuXxyRwxcEg2-WfOaQ8vScWQh3-uBAnxXmY7g3GT90A","miscellaneous":"&lt;meta name=\"seobility\" content=\"593a8578143db71543f014978c690d47\"&gt;"},"schema":{"@context":"https:\/\/schema.org","@graph":[{"@type":"Article","@id":"https:\/\/blog.proofs.de\/tr\/ausbildung-zumr-mediengestalterin-digital-und-print\/#article","name":"Ausbildung Mediengestalter\/in Digital und Print | proof.de","headline":"Ausbildung zum\/r Mediengestalter\/in Digital und Print","author":{"@id":"https:\/\/blog.proofs.de\/tr\/author\/mbetz\/#author"},"publisher":{"@id":"https:\/\/blog.proofs.de\/tr\/#organization"},"image":{"@type":"ImageObject","url":"https:\/\/blog.proofs.de\/wp-content\/uploads\/2019\/09\/logo_proof_rgb_mit_balken_250px.png","width":250,"height":65,"caption":"Logo Proof GmbH T\u00fcbingen"},"datePublished":"2015-03-19T16:27:33+01:00","dateModified":"2020-05-08T13:28:31+02:00","inLanguage":"tr-TR","mainEntityOfPage":{"@id":"https:\/\/blog.proofs.de\/tr\/ausbildung-zumr-mediengestalterin-digital-und-print\/#webpage"},"isPartOf":{"@id":"https:\/\/blog.proofs.de\/tr\/ausbildung-zumr-mediengestalterin-digital-und-print\/#webpage"},"articleSection":"Allgemein, Proof GmbH, Ausbildung, Mediengestalter"},{"@type":"BreadcrumbList","@id":"https:\/\/blog.proofs.de\/tr\/ausbildung-zumr-mediengestalterin-digital-und-print\/#breadcrumblist","itemListElement":[{"@type":"ListItem","@id":"https:\/\/blog.proofs.de\/tr#listItem","position":1,"name":"Home","item":"https:\/\/blog.proofs.de\/tr","nextItem":{"@type":"ListItem","@id":"https:\/\/blog.proofs.de\/tr\/thema\/proof-wissen\/#listItem","name":"Proof Wissen"}},{"@type":"ListItem","@id":"https:\/\/blog.proofs.de\/tr\/thema\/proof-wissen\/#listItem","position":2,"name":"Proof Wissen","item":"https:\/\/blog.proofs.de\/tr\/thema\/proof-wissen\/","nextItem":{"@type":"ListItem","@id":"https:\/\/blog.proofs.de\/tr\/thema\/proof-wissen\/kategorie-proof-gmbh\/#listItem","name":"Proof GmbH"},"previousItem":{"@type":"ListItem","@id":"https:\/\/blog.proofs.de\/tr#listItem","name":"Home"}},{"@type":"ListItem","@id":"https:\/\/blog.proofs.de\/tr\/thema\/proof-wissen\/kategorie-proof-gmbh\/#listItem","position":3,"name":"Proof GmbH","item":"https:\/\/blog.proofs.de\/tr\/thema\/proof-wissen\/kategorie-proof-gmbh\/","nextItem":{"@type":"ListItem","@id":"https:\/\/blog.proofs.de\/tr\/ausbildung-zumr-mediengestalterin-digital-und-print\/#listItem","name":"Ausbildung zum\/r Mediengestalter\/in Digital und Print"},"previousItem":{"@type":"ListItem","@id":"https:\/\/blog.proofs.de\/tr\/thema\/proof-wissen\/#listItem","name":"Proof Wissen"}},{"@type":"ListItem","@id":"https:\/\/blog.proofs.de\/tr\/ausbildung-zumr-mediengestalterin-digital-und-print\/#listItem","position":4,"name":"Ausbildung zum\/r Mediengestalter\/in Digital und Print","previousItem":{"@type":"ListItem","@id":"https:\/\/blog.proofs.de\/tr\/thema\/proof-wissen\/kategorie-proof-gmbh\/#listItem","name":"Proof GmbH"}}]},{"@type":"Organization","@id":"https:\/\/blog.proofs.de\/tr\/#organization","name":"Proof GmbH","description":"Farbverbindlicher Proof, Farbproof, Digitalproof und Online-Proof.","url":"https:\/\/blog.proofs.de\/tr\/","telephone":"+4970717952740","logo":{"@type":"ImageObject","url":"https:\/\/blog1.proofen.de\/wp-content\/uploads\/2019\/09\/logo_proof_rgb_mit_balken_250px.png","@id":"https:\/\/blog.proofs.de\/tr\/ausbildung-zumr-mediengestalterin-digital-und-print\/#organizationLogo"},"image":{"@id":"https:\/\/blog.proofs.de\/tr\/ausbildung-zumr-mediengestalterin-digital-und-print\/#organizationLogo"},"sameAs":["https:\/\/www.facebook.com\/Proof.de\/","https:\/\/www.instagram.com\/proof.de\/","https:\/\/www.tiktok.com\/@proof_de","https:\/\/www.youtube.com\/channel\/UCk80fQVQ25wC9wu3SywB-Nw","https:\/\/www.linkedin.com\/company\/proof-de"]},{"@type":"Person","@id":"https:\/\/blog.proofs.de\/tr\/author\/mbetz\/#author","url":"https:\/\/blog.proofs.de\/tr\/author\/mbetz\/","name":"Matthias Betz","image":{"@type":"ImageObject","@id":"https:\/\/blog.proofs.de\/tr\/ausbildung-zumr-mediengestalterin-digital-und-print\/#authorImage","url":"https:\/\/blog.proofs.de\/wp-content\/uploads\/2020\/10\/matthias-betz-e1603934518350-150x150.png","width":96,"height":96,"caption":"Matthias Betz"}},{"@type":"WebPage","@id":"https:\/\/blog.proofs.de\/tr\/ausbildung-zumr-mediengestalterin-digital-und-print\/#webpage","url":"https:\/\/blog.proofs.de\/tr\/ausbildung-zumr-mediengestalterin-digital-und-print\/","name":"Ausbildung Mediengestalter\/in Digital und Print | proof.de","description":"Zum neuen Ausbildungsjahr im September bieten wir eine Ausbildung zum\/r Mediengestalterin Digital und Print, Schwerpunkt Print, Gestaltung und Technik.","inLanguage":"tr-TR","isPartOf":{"@id":"https:\/\/blog.proofs.de\/tr\/#website"},"breadcrumb":{"@id":"https:\/\/blog.proofs.de\/tr\/ausbildung-zumr-mediengestalterin-digital-und-print\/#breadcrumblist"},"author":{"@id":"https:\/\/blog.proofs.de\/tr\/author\/mbetz\/#author"},"creator":{"@id":"https:\/\/blog.proofs.de\/tr\/author\/mbetz\/#author"},"image":{"@type":"ImageObject","url":"https:\/\/blog.proofs.de\/wp-content\/uploads\/2019\/09\/logo_proof_rgb_mit_balken_250px.png","@id":"https:\/\/blog.proofs.de\/tr\/ausbildung-zumr-mediengestalterin-digital-und-print\/#mainImage","width":250,"height":65,"caption":"Logo Proof GmbH T\u00fcbingen"},"primaryImageOfPage":{"@id":"https:\/\/blog.proofs.de\/tr\/ausbildung-zumr-mediengestalterin-digital-und-print\/#mainImage"},"datePublished":"2015-03-19T16:27:33+01:00","dateModified":"2020-05-08T13:28:31+02:00"},{"@type":"WebSite","@id":"https:\/\/blog.proofs.de\/tr\/#website","url":"https:\/\/blog.proofs.de\/tr\/","name":"Proof.de","description":"Farbverbindlicher Proof, Farbproof, Digitalproof und Online-Proof.","inLanguage":"tr-TR","publisher":{"@id":"https:\/\/blog.proofs.de\/tr\/#organization"}}]},"og:locale":"tr_TR","og:site_name":"Proof.de | Alles zu Proof, Farbmanagement, Grafik, Messtechnik &amp; Co.","og:type":"article","og:title":"Ausbildung Mediengestalter\/in Digital und Print | proof.de","og:description":"Zum neuen Ausbildungsjahr im September bieten wir eine Ausbildung zum\/r Mediengestalterin Digital und Print, Schwerpunkt Print, Gestaltung und Technik. ","og:url":"https:\/\/blog.proofs.de\/tr\/ausbildung-zumr-mediengestalterin-digital-und-print\/","og:image":"https:\/\/blog.proofs.de\/wp-content\/uploads\/2019\/09\/logo_proof_rgb_mit_balken_250px.png","og:image:secure_url":"https:\/\/blog.proofs.de\/wp-content\/uploads\/2019\/09\/logo_proof_rgb_mit_balken_250px.png","og:image:width":250,"og:image:height":65,"article:published_time":"2015-03-19T15:27:33+00:00","article:modified_time":"2020-05-08T11:28:31+00:00","article:publisher":"https:\/\/www.facebook.com\/Proof.de\/","twitter:card":"summary","twitter:title":"Ausbildung Mediengestalter\/in Digital und Print | proof.de","twitter:description":"Zum neuen Ausbildungsjahr im September bieten wir eine Ausbildung zum\/r Mediengestalterin Digital und Print, Schwerpunkt Print, Gestaltung und Technik. ","twitter:image":"https:\/\/blog1.proofen.de\/wp-content\/uploads\/2020\/04\/proof_background.jpg"},"aioseo_meta_data":{"post_id":"1300","title":"Ausbildung Mediengestalter\/in Digital und Print |\u00a0proof.de","description":"Eyl\u00fcl ay\u0131ndaki yeni e\u011fitim y\u0131l\u0131 i\u00e7in bask\u0131, tasar\u0131m ve teknoloji konular\u0131nda uzmanla\u015fm\u0131\u015f dijital ve bas\u0131l\u0131 medya tasar\u0131mc\u0131s\u0131 olarak e\u011fitim sunuyoruz.","keywords":[{"label":"Ausbildung","value":"Ausbildung"},{"label":"Mediengestalter","value":"Mediengestalter"},{"label":"Mediengestalterin","value":"Mediengestalterin"},{"label":"Digital","value":"Digital"},{"label":"Print","value":"Print"},{"label":"IHK","value":"IHK"}],"keyphrases":null,"primary_term":null,"canonical_url":null,"og_title":null,"og_description":null,"og_object_type":"default","og_image_type":"default","og_image_url":null,"og_image_width":null,"og_image_height":null,"og_image_custom_url":null,"og_image_custom_fields":null,"og_video":null,"og_custom_url":null,"og_article_section":null,"og_article_tags":null,"twitter_use_og":false,"twitter_card":"default","twitter_image_type":"default","twitter_image_url":null,"twitter_image_custom_url":null,"twitter_image_custom_fields":null,"twitter_title":null,"twitter_description":null,"schema":{"blockGraphs":[],"customGraphs":[],"default":{"data":{"Article":[],"Course":[],"Dataset":[],"FAQPage":[],"Movie":[],"Person":[],"Product":[],"ProductReview":[],"Car":[],"Recipe":[],"Service":[],"SoftwareApplication":[],"WebPage":[]},"graphName":"","isEnabled":true},"graphs":[],"defaultGraph":"","defaultPostTypeGraph":""},"schema_type":null,"schema_type_options":null,"pillar_content":false,"robots_default":true,"robots_noindex":false,"robots_noarchive":false,"robots_nosnippet":false,"robots_nofollow":false,"robots_noimageindex":false,"robots_noodp":false,"robots_notranslate":false,"robots_max_snippet":null,"robots_max_videopreview":null,"robots_max_imagepreview":"large","priority":null,"frequency":null,"local_seo":null,"breadcrumb_settings":null,"limit_modified_date":false,"ai":null,"created":"2020-12-21 00:36:00","updated":"2025-06-04 14:18:03","seo_analyzer_scan_date":null,"focus_keyword":null,"additional_keywords":null,"truseo_locale":null},"_links":{"self":[{"href":"https:\/\/blog.proofs.de\/tr\/wp-json\/wp\/v2\/posts\/1300","targetHints":{"allow":["GET"]}}],"collection":[{"href":"https:\/\/blog.proofs.de\/tr\/wp-json\/wp\/v2\/posts"}],"about":[{"href":"https:\/\/blog.proofs.de\/tr\/wp-json\/wp\/v2\/types\/post"}],"author":[{"embeddable":true,"href":"https:\/\/blog.proofs.de\/tr\/wp-json\/wp\/v2\/users\/2"}],"replies":[{"embeddable":true,"href":"https:\/\/blog.proofs.de\/tr\/wp-json\/wp\/v2\/comments?post=1300"}],"version-history":[{"count":9,"href":"https:\/\/blog.proofs.de\/tr\/wp-json\/wp\/v2\/posts\/1300\/revisions"}],"predecessor-version":[{"id":3360,"href":"https:\/\/blog.proofs.de\/tr\/wp-json\/wp\/v2\/posts\/1300\/revisions\/3360"}],"wp:featuredmedia":[{"embeddable":true,"href":"https:\/\/blog.proofs.de\/tr\/wp-json\/wp\/v2\/media\/2494"}],"wp:attachment":[{"href":"https:\/\/blog.proofs.de\/tr\/wp-json\/wp\/v2\/media?parent=1300"}],"wp:term":[{"taxonomy":"category","embeddable":true,"href":"https:\/\/blog.proofs.de\/tr\/wp-json\/wp\/v2\/categories?post=1300"},{"taxonomy":"post_tag","embeddable":true,"href":"https:\/\/blog.proofs.de\/tr\/wp-json\/wp\/v2\/tags?post=1300"}],"curies":[{"name":"wp","href":"https:\/\/api.w.org\/{rel}","templated":true}]}}