{"id":157,"date":"2012-02-15T01:15:25","date_gmt":"2012-02-15T00:15:25","guid":{"rendered":"http:\/\/www.proof.de\/?p=157"},"modified":"2020-04-16T01:40:50","modified_gmt":"2020-04-15T23:40:50","slug":"kanit-icin-profilleri-goemuen-evet-veya-hayir","status":"publish","type":"post","link":"https:\/\/blog.proofs.de\/tr\/profile-fur-den-proof-einbetten-ja-oder-nein\/","title":{"rendered":"Kan\u0131t i\u00e7in profilleri yerle\u015ftirin? Evet mi hay\u0131r m\u0131?"},"content":{"rendered":"<div class=\"kk-star-ratings kksr-auto kksr-align-right kksr-valign-top\" data-payload='{\"align\":\"right\",\"id\":\"157\",\"slug\":\"default\",\"valign\":\"top\",\"ignore\":\"\",\"reference\":\"auto\",\"class\":\"\",\"count\":\"0\",\"legendonly\":\"\",\"readonly\":\"\",\"score\":\"0\",\"starsonly\":\"\",\"best\":\"5\",\"gap\":\"5\",\"greet\":\"Jetzt bewerten\",\"legend\":\"0\\\/5 - (0 votes)\",\"size\":\"24\",\"title\":\"Profile f&uuml;r den Proof einbetten? Ja oder Nein?\",\"width\":\"0\",\"_legend\":\"{score}\\\/{best} - ({count} {votes})\",\"font_factor\":\"1.25\"}'>\n            \n<div class=\"kksr-stars\">\n    \n<div class=\"kksr-stars-inactive\">\n            <div class=\"kksr-star\" data-star=\"1\" style=\"padding-right: 5px\">\n            \n\n<div class=\"kksr-icon\" style=\"width: 24px; height: 24px;\"><\/div>\n        <\/div>\n            <div class=\"kksr-star\" data-star=\"2\" style=\"padding-right: 5px\">\n            \n\n<div class=\"kksr-icon\" style=\"width: 24px; height: 24px;\"><\/div>\n        <\/div>\n            <div class=\"kksr-star\" data-star=\"3\" style=\"padding-right: 5px\">\n            \n\n<div class=\"kksr-icon\" style=\"width: 24px; height: 24px;\"><\/div>\n        <\/div>\n            <div class=\"kksr-star\" data-star=\"4\" style=\"padding-right: 5px\">\n            \n\n<div class=\"kksr-icon\" style=\"width: 24px; height: 24px;\"><\/div>\n        <\/div>\n            <div class=\"kksr-star\" data-star=\"5\" style=\"padding-right: 5px\">\n            \n\n<div class=\"kksr-icon\" style=\"width: 24px; height: 24px;\"><\/div>\n        <\/div>\n    <\/div>\n    \n<div class=\"kksr-stars-active\" style=\"width: 0px;\">\n            <div class=\"kksr-star\" style=\"padding-right: 5px\">\n            \n\n<div class=\"kksr-icon\" style=\"width: 24px; height: 24px;\"><\/div>\n        <\/div>\n            <div class=\"kksr-star\" style=\"padding-right: 5px\">\n            \n\n<div class=\"kksr-icon\" style=\"width: 24px; height: 24px;\"><\/div>\n        <\/div>\n            <div class=\"kksr-star\" style=\"padding-right: 5px\">\n            \n\n<div class=\"kksr-icon\" style=\"width: 24px; height: 24px;\"><\/div>\n        <\/div>\n            <div class=\"kksr-star\" style=\"padding-right: 5px\">\n            \n\n<div class=\"kksr-icon\" style=\"width: 24px; height: 24px;\"><\/div>\n        <\/div>\n            <div class=\"kksr-star\" style=\"padding-right: 5px\">\n            \n\n<div class=\"kksr-icon\" style=\"width: 24px; height: 24px;\"><\/div>\n        <\/div>\n    <\/div>\n<\/div>\n                \n\n<div class=\"kksr-legend\" style=\"font-size: 19.2px;\">\n            <span class=\"kksr-muted\">\u015eimdi de\u011ferlendirin<\/span>\n    <\/div>\n    <\/div>\n<p>S\u0131kl\u0131kla \u015fu soru ortaya \u00e7\u0131kmaktad\u0131r <a href=\"https:\/\/blog.proofs.de\/tr\/lexikon\/farbprofil\/\" target=\"_self\" title=\"Bir renk i\u015fleme cihaz\u0131n\u0131n \u00f6zellikleri bir renk profilinde saklan\u0131r.  Bu t\u00fcr cihazlar taray\u0131c\u0131lar, yaz\u0131c\u0131lar ve monit\u00f6rler olabilir.  Renk profillerinin yard\u0131m\u0131yla bir cihaz\u0131n hangi renk aral\u0131\u011f\u0131n\u0131 g\u00f6sterebilece\u011fini g\u00f6rmek m\u00fcmk\u00fcnd\u00fcr.&nbsp;\" class=\"encyclopedia\">Renk profili<\/a>i\u00e7in PDF dosyalar\u0131nda <a href=\"https:\/\/blog.proofs.de\/tr\/lexikon\/proof\/\" target=\"_self\" title=\"Dijital prova (do\u011frusu: kontrat provas\u0131), grafik sanatlar end\u00fcstrisi i\u00e7in ISO 12647-7 sertifikal\u0131 bir test cihaz\u0131d\u0131r. Dijital prova, ofset bask\u0131 veya grav\u00fcr bask\u0131n\u0131n renklili\u011fini ISO standard\u0131n\u0131n dar toleranslar\u0131 dahilinde renkli ve yasal olarak ba\u011flay\u0131c\u0131 bir \u015fekilde sim\u00fcle eder.\" class=\"encyclopedia\">Kan\u0131t<\/a> g\u00f6m\u00fclecektir.<\/p>\n<p>Soruyu cevaplamak i\u00e7in b<a href=\"https:\/\/blog.proofs.de\/tr\/lexikon\/ean\/\" target=\"_self\" title=\"EAN = Avrupa \u00dcr\u00fcn Numaras\u0131. EAN, 2009 y\u0131l\u0131nda GTIN = K\u00fcresel Ticaret Kimlik Numaras\u0131 ile de\u011fi\u015ftirilmi\u015ftir.\" class=\"encyclopedia\">ean<\/a>Bu soruyu yan\u0131tlamak i\u00e7in biraz a\u00e7mam\u0131z gerekiyor: Kan\u0131t\u0131n amac\u0131 <a href=\"https:\/\/blog.proofs.de\/tr\/lexikon\/offsetdruck\/\" target=\"_self\" title=\"Ofset bask\u0131 dolayl\u0131 bir bask\u0131 i\u015flemidir. Dolayl\u0131, bask\u0131 formunun ve alt tabakan\u0131n birbiriyle do\u011frudan temas etmedi\u011fi, ancak transfer arac\u0131 olarak arada bir ortam\u0131n kullan\u0131ld\u0131\u011f\u0131 anlam\u0131na gelir. En yayg\u0131n kullan\u0131lan bask\u0131 i\u015flemidir. \u015eunlar vard\u0131r: - tabaka beslemeli ofset bask\u0131 makineleri ve - web ofset bask\u0131 makineleri.\" class=\"encyclopedia\">Ofset bask\u0131<\/a> sim\u00fcle edin. Ofset bask\u0131 i\u00e7in, birka\u00e7 istisna d\u0131\u015f\u0131nda, g\u00f6r\u00fcnt\u00fc ayarlay\u0131c\u0131lar \u015fimdiye kadar dosyadaki 70% siyah\u0131 bask\u0131 makinesinde 70% siyah\u0131 olarak g\u00f6r\u00fcnecek \u015fekilde yap\u0131land\u0131r\u0131lm\u0131\u015ft\u0131r. <a href=\"https:\/\/blog.proofs.de\/tr\/lexikon\/druckplatte\/\" target=\"_self\" title=\"Bask\u0131 kal\u0131b\u0131, bask\u0131 teknolojisinde \u00f6nemli bir unsurdur ve esas olarak ofset bask\u0131 gibi d\u00fcz bask\u0131da kullan\u0131l\u0131r. Bask\u0131 ve bask\u0131 d\u0131\u015f\u0131 alanlar\u0131 i\u00e7erir ve bask\u0131 bilgilerini alt tabakaya aktar\u0131r. Kural olarak, bu dolayl\u0131 olarak, yani genellikle bir blanket silindiri arac\u0131l\u0131\u011f\u0131yla yap\u0131l\u0131r. Bask\u0131 motifi bask\u0131 plakas\u0131 \u00fczerinde, blanket \u00fczerinde hizalan\u0131r...\" class=\"encyclopedia\">Bas\u0131n\u00e7 plakas\u0131<\/a> dosyada belirtilen profilden ba\u011f\u0131ms\u0131z olarak \u00e7o\u011falt\u0131l\u0131r. Ayr\u0131ca g\u00f6r\u00fcnt\u00fc yazd\u0131rma veya <a href=\"https:\/\/blog.proofs.de\/tr\/lexikon\/naturpapier\/\" target=\"_self\" title=\"Bir kaplama ile bitirilmemi\u015f t\u00fcm ka\u011f\u0131tlar\u0131 ifade eder. Kaplamas\u0131z ka\u011f\u0131t, kaplanmam\u0131\u015f ka\u011f\u0131t olarak da adland\u0131r\u0131l\u0131r.\" class=\"encyclopedia\">Do\u011fal ka\u011f\u0131t<\/a> \u00f6nemli de\u011fildi: dosyadaki 70%, plakadaki 70%'ye kar\u015f\u0131l\u0131k geliyordu, ka\u011f\u0131t se\u00e7imi renk g\u00f6sterimiyle sonu\u00e7lan\u0131yordu.<\/p>\n<p>\u0130spat da buna uyum sa\u011flam\u0131\u015ft\u0131r: \u00c7o\u011fu kan\u0131tlama hizmeti sa\u011flay\u0131c\u0131s\u0131 g\u00f6m\u00fcl\u00fc <a href=\"https:\/\/blog.proofs.de\/tr\/lexikon\/cmyk\/\" target=\"_self\" title='CMYK, d\u00f6rt bask\u0131 rengi olan camg\u00f6be\u011fi, macenta, sar\u0131 ve &quot;anahtar&quot; (siyah veya siyah bile\u015fen) anlam\u0131na gelir.' class=\"encyclopedia\">CMYK<\/a> profillerini kullan\u0131r ve b\u00f6ylece bask\u0131 meslekta\u015flar\u0131yla ayn\u0131 \u015feyi yapar. Gri tonlamada bile profiller genellikle g\u00f6z ard\u0131 edilir ve gri tonlama basit\u00e7e CMYK siyah\u0131na atan\u0131r. Bu, t\u00fcm CMYK ve gri tonlama verilerinin basit\u00e7e \u00e7\u0131kt\u0131 rengindeymi\u015f gibi yorumland\u0131\u011f\u0131 anlam\u0131na gelir.<a href=\"https:\/\/blog.proofs.de\/tr\/lexikon\/farbraum\/\" target=\"_self\" title=\"Renk uzay\u0131 bir renk modeline dayan\u0131r ve onun bir renk \u00fcretim y\u00f6ntemine (yaz\u0131c\u0131, ekran, vb.) somut uygulamas\u0131d\u0131r. Bu nedenle, bu y\u00f6ntem ve ilgili malzemeler kullan\u0131larak ger\u00e7ekten g\u00f6r\u00fcnt\u00fclenebilen t\u00fcm renkleri i\u00e7erir.\" class=\"encyclopedia\">renk alan\u0131<\/a> olu\u015fturulmu\u015ftur. Prova i\u015flemi \u201eISOCoated V2 \u201cden sonra yap\u0131l\u0131rsa, t\u00fcm g\u00f6r\u00fcnt\u00fcler bu \u015fekilde de\u011ferlendirilir ve prova i\u015flemi \u201e<a href=\"https:\/\/blog.proofs.de\/tr\/lexikon\/pso\/\" target=\"_self\" title='PSO, Fogra ve Alman Bask\u0131 ve Medya End\u00fcstrileri Federasyonu taraf\u0131ndan ortakla\u015fa geli\u015ftirilen bir standart olan &quot;ProzessStandard Offsetdruck&quot; anlam\u0131na gelmektedir. ProzessStandard Offset, ofset bask\u0131 i\u00e7in normlar ve standardizasyonlardan olu\u015fan bir koleksiyondur.' class=\"encyclopedia\">PSO<\/a>Uncoated\u201c, ard\u0131ndan CMYK g\u00f6r\u00fcnt\u00fcleri bu renk uzay\u0131nda olu\u015fturulur.<\/p>\n<p>Bu durum, T\u00fcrkiye'nin \u00e7o\u011funlu\u011fu i\u00e7in ge\u00e7erlidir. <a href=\"https:\/\/blog.proofs.de\/tr\/lexikon\/proofen\/\" target=\"_self\" title='&quot;Prova&quot;, bir prova \u00fcretmek veya \u00fcrettirmek anlam\u0131na gelir. &quot;Bro\u015f\u00fcr\u00fcn provas\u0131n\u0131 yapt\u0131rmam gerekiyor&quot; ifadesi, &quot;prova&quot; kelimesinin tipik form\u00fclasyonudur. Bu nedenle prova, mevcut ISO 12647-7 standard\u0131na uygun olarak renkli ve yasal olarak ba\u011flay\u0131c\u0131 bir prova \u00fcretilmesi anlam\u0131na gelir.' class=\"encyclopedia\">kan\u0131t<\/a>dosyalar m\u00fckemmel hizmet veriyor. Tek sorunlar \u015funlard\u0131r <a href=\"https:\/\/blog.proofs.de\/tr\/lexikon\/rgb\/\" target=\"_self\" title=\"RGB k\u0131rm\u0131z\u0131, ye\u015fil ve mavi renkleri ifade eder. \u0130nsanlar\u0131n renk g\u00f6r\u00fc\u015f\u00fc bu renklere dayan\u0131r.\" class=\"encyclopedia\">RGB<\/a> Verilerde bulunan renkler.<br>\nRGB renk uzay\u0131 \u00e7o\u011fu CMYK renk uzay\u0131ndan olduk\u00e7a b\u00fcy\u00fck oldu\u011fundan, CMYK'ya d\u00f6n\u00fc\u015ft\u00fcrmenin hangi renk uzay\u0131ndan ve hangi kriterlere g\u00f6re yap\u0131laca\u011f\u0131 a\u00e7\u0131k olmal\u0131d\u0131r. \u00c7o\u011fu prova hizmeti sa\u011flay\u0131c\u0131s\u0131, RGB renk alan\u0131 mevcut de\u011filse standart olarak d\u00f6n\u00fc\u015ft\u00fcrd\u00fckleri bir renk alan\u0131 belirtir.<a href=\"https:\/\/blog.proofs.de\/tr\/lexikon\/efi\/\" target=\"_self\" title=\"Electronics For Imaging Inc veya k\u0131saca EFI, bir Amerikan \u015firketi ve d\u00fcnyan\u0131n \u00f6nde gelen prova sistemlerinden birinin \u00fcreticisidir: EFI Colorproof XF, 2013&#039;ten beri: Fiery XF. EFI, b\u00fcy\u00fck bask\u0131 sistemleri, RIP&#039;ler ve prova gibi renk y\u00f6netimi \u00e7\u00f6z\u00fcmleri i\u00e7in bir \u00e7\u00f6z\u00fcm sa\u011flay\u0131c\u0131s\u0131d\u0131r.\" class=\"encyclopedia\">efi<\/a>organize edilmelidir. Bu durum zorluklara yol a\u00e7abilir: \u00d6rne\u011fin bir\u00e7ok kan\u0131t st\u00fcdyosu. <a href=\"https:\/\/blog.proofs.de\/tr\/lexikon\/eci\/\" target=\"_self\" title=\"ECI - Avrupa Renk \u0130nisiyatifi - yay\u0131n sistemlerinde renk verilerinin i\u015flenmesiyle ilgilenen bir uzmanlar grubudur.\" class=\"encyclopedia\">ECI<\/a>Renk uzay\u0131 olarak -RGB, b\u00fcy\u00fckt\u00fcr ve ofset bask\u0131 i\u00e7in optimize edilmi\u015ftir; ancak dijital kameralardan gelen g\u00f6r\u00fcnt\u00fclerin \u00e7o\u011fu <a href=\"https:\/\/blog.proofs.de\/tr\/lexikon\/srgb\/\" target=\"_self\" title=\"sRGB en yayg\u0131n kullan\u0131lan RGB renk alan\u0131d\u0131r. sRGB t\u00fcm ucuz dijital kameralar\u0131n ve taray\u0131c\u0131lar\u0131n standart renk alan\u0131d\u0131r. Profil etiketi olmayan neredeyse her 8 bit RGB dosyas\u0131 sRGB&#039;ye kar\u015f\u0131l\u0131k gelir.\" class=\"encyclopedia\">sRGB<\/a> ve bu renk uzaylar\u0131 \u00f6nemli \u00f6l\u00e7\u00fcde farkl\u0131l\u0131k g\u00f6sterir. Bu nedenle, bir kan\u0131t i\u00e7in RGB renk uzay\u0131n\u0131n g\u00f6m\u00fcl\u00fc olmas\u0131 \u00f6nemlidir, aksi takdirde <a href=\"https:\/\/blog.proofs.de\/tr\/lexikon\/proofs\/\" target=\"_self\" title=\"Bask\u0131 sekt\u00f6r\u00fcnde provalar (veya test bask\u0131lar\u0131), kontrol amac\u0131yla bir bask\u0131 sonucunun renk a\u00e7\u0131s\u0131ndan do\u011fru ve yasal olarak ba\u011flay\u0131c\u0131 sim\u00fclasyonunu ifade eder. Provalardan sorumlu standart ISO 12647-7:2016&#039;d\u0131r, yani 2016&#039;daki g\u00fcncel revizyondur.\" class=\"encyclopedia\">Kan\u0131tlar<\/a>Yaz\u0131l\u0131m, prova edilecek CMYK renk uzay\u0131na d\u00f6n\u00fc\u015ft\u00fcrmek i\u00e7in bir renk uzay\u0131 se\u00e7er ve bu renk uzay\u0131 genellikle verilerin olu\u015fturulaca\u011f\u0131 renk uzay\u0131 de\u011fildir.<\/p>","protected":false},"excerpt":{"rendered":"<p>Renk profillerinin prova i\u00e7in PDF dosyalar\u0131na g\u00f6m\u00fcl\u00fcp g\u00f6m\u00fclmeyece\u011fi sorusu s\u0131kl\u0131kla sorulmaktad\u0131r. Bu soruyu yan\u0131tlamak i\u00e7in biraz a\u00e7mak gerekir: Prova, sonraki ofset bask\u0131y\u0131 sim\u00fcle etmelidir. Birka\u00e7 istisna d\u0131\u015f\u0131nda, ofset bask\u0131 i\u00e7in g\u00f6r\u00fcnt\u00fc ayarlay\u0131c\u0131lar \u015fimdiye kadar, dosyada belirtilen profilden ba\u011f\u0131ms\u0131z olarak, dosyadaki 70% siyah\u0131n bask\u0131 kal\u0131b\u0131nda 70% siyah olarak yeniden \u00fcretilece\u011fi \u015fekilde yap\u0131land\u0131r\u0131lm\u0131\u015ft\u0131r. Ayr\u0131ca g\u00f6r\u00fcnt\u00fc bask\u0131s\u0131 veya kaplanmam\u0131\u015f ka\u011f\u0131t kullan\u0131lmas\u0131 da fark etmiyordu: dosyadaki 70% kli\u015fedeki 70%'ye kar\u015f\u0131l\u0131k geliyordu, ka\u011f\u0131t se\u00e7imi ... <\/p>\n<p class=\"read-more-container\"><a title=\"Kan\u0131t i\u00e7in profilleri yerle\u015ftirin? Evet mi hay\u0131r m\u0131?\" class=\"read-more button\" href=\"https:\/\/blog.proofs.de\/tr\/profile-fur-den-proof-einbetten-ja-oder-nein\/#more-157\" aria-label=\"Kan\u0131t i\u00e7in profili g\u00f6mmek hakk\u0131nda daha fazla bilgi edinin. Evet mi, hay\u0131r m\u0131?\">Daha fazla bilgi edinin<\/a><\/p>","protected":false},"author":2,"featured_media":0,"comment_status":"open","ping_status":"open","sticky":false,"template":"","format":"standard","meta":{"om_disable_all_campaigns":false,"inline_featured_image":false,"_monsterinsights_skip_tracking":false,"footnotes":""},"categories":[1,443,441,442],"tags":[529,33,34,32,519],"class_list":["post-157","post","type-post","status-publish","format-standard","hentry","category-allgemein","category-haeufige-fragen-zu-proofs","category-layout-tipps-und-tricks","category-prozessstandard-offsetdruck-proof-wissen","tag-cmyk","tag-einbetten","tag-eingebettet","tag-farbraum","tag-proof","generate-columns","tablet-grid-50","mobile-grid-100","grid-parent","grid-50","no-featured-image-padding"],"aioseo_notices":[],"aioseo_head":"\n\t\t<!-- All in One SEO 5.0.1.1 - aioseo.com -->\n\t<meta name=\"description\" content=\"Sollen in den Druckdaten, die an die Druckerei bzw. an das Proofstudio geschickt werden, Farbprofile eingebettet werden?\" \/>\n\t<meta name=\"robots\" content=\"max-image-preview:large\" \/>\n\t<meta name=\"author\" content=\"Matthias Betz\"\/>\n\t<meta name=\"google-site-verification\" content=\"TuXxyRwxcEg2-WfOaQ8vScWQh3-uBAnxXmY7g3GT90A\" \/>\n\t<meta name=\"keywords\" content=\"proof,farbraum,einbetten,pdf,cmyk,eingebettet\" \/>\n\t<link rel=\"canonical\" href=\"https:\/\/blog.proofs.de\/tr\/profile-fur-den-proof-einbetten-ja-oder-nein\/\" \/>\n\t<meta name=\"generator\" content=\"All in One SEO (AIOSEO) 5.0.1.1\" \/>\n\n\t\t<meta name=\"seobility\" content=\"593a8578143db71543f014978c690d47\">\n\t\t<meta property=\"og:locale\" content=\"tr_TR\" \/>\n\t\t<meta property=\"og:site_name\" content=\"Proof.de | Alles zu Proof, Farbmanagement, Grafik, Messtechnik &amp; Co.\" \/>\n\t\t<meta property=\"og:type\" content=\"article\" \/>\n\t\t<meta property=\"og:title\" content=\"Farbprofile f\u00fcr den Proof einbetten? | proof.de\" \/>\n\t\t<meta property=\"og:description\" content=\"Sollen in den Druckdaten, die an die Druckerei bzw. an das Proofstudio geschickt werden, Farbprofile eingebettet werden?\" \/>\n\t\t<meta property=\"og:url\" content=\"https:\/\/blog.proofs.de\/tr\/profile-fur-den-proof-einbetten-ja-oder-nein\/\" \/>\n\t\t<meta property=\"og:image\" content=\"https:\/\/blog1.proofen.de\/wp-content\/uploads\/2020\/04\/proof_background.jpg\" \/>\n\t\t<meta property=\"og:image:secure_url\" content=\"https:\/\/blog1.proofen.de\/wp-content\/uploads\/2020\/04\/proof_background.jpg\" \/>\n\t\t<meta property=\"article:published_time\" content=\"2012-02-15T00:15:25+00:00\" \/>\n\t\t<meta property=\"article:modified_time\" content=\"2020-04-15T23:40:50+00:00\" \/>\n\t\t<meta property=\"article:publisher\" content=\"https:\/\/www.facebook.com\/Proof.de\/\" \/>\n\t\t<meta name=\"twitter:card\" content=\"summary\" \/>\n\t\t<meta name=\"twitter:title\" content=\"Farbprofile f\u00fcr den Proof einbetten? | proof.de\" \/>\n\t\t<meta name=\"twitter:description\" content=\"Sollen in den Druckdaten, die an die Druckerei bzw. an das Proofstudio geschickt werden, Farbprofile eingebettet werden?\" \/>\n\t\t<meta name=\"twitter:image\" content=\"https:\/\/blog1.proofen.de\/wp-content\/uploads\/2020\/04\/proof_background.jpg\" \/>\n\t\t<script type=\"application\/ld+json\" class=\"aioseo-schema\">\n\t\t\t{\"@context\":\"https:\\\/\\\/schema.org\",\"@graph\":[{\"@type\":\"Article\",\"@id\":\"https:\\\/\\\/blog.proofs.de\\\/tr\\\/profile-fur-den-proof-einbetten-ja-oder-nein\\\/#article\",\"name\":\"Farbprofile f\\u00fcr den Proof einbetten? | proof.de\",\"headline\":\"Profile f\\u00fcr den Proof einbetten? Ja oder Nein?\",\"author\":{\"@id\":\"https:\\\/\\\/blog.proofs.de\\\/tr\\\/author\\\/mbetz\\\/#author\"},\"publisher\":{\"@id\":\"https:\\\/\\\/blog.proofs.de\\\/tr\\\/#organization\"},\"image\":{\"@type\":\"ImageObject\",\"url\":\"https:\\\/\\\/blog1.proofen.de\\\/wp-content\\\/uploads\\\/2019\\\/09\\\/logo_proof_rgb_mit_balken_250px.png\",\"@id\":\"https:\\\/\\\/blog.proofs.de\\\/tr\\\/#articleImage\"},\"datePublished\":\"2012-02-15T01:15:25+01:00\",\"dateModified\":\"2020-04-16T01:40:50+02:00\",\"inLanguage\":\"tr-TR\",\"mainEntityOfPage\":{\"@id\":\"https:\\\/\\\/blog.proofs.de\\\/tr\\\/profile-fur-den-proof-einbetten-ja-oder-nein\\\/#webpage\"},\"isPartOf\":{\"@id\":\"https:\\\/\\\/blog.proofs.de\\\/tr\\\/profile-fur-den-proof-einbetten-ja-oder-nein\\\/#webpage\"},\"articleSection\":\"Allgemein, H\\u00e4ufige Fragen zu Proofs, Layout Tipps, Prozessstandard Offsetdruck, CMYK, einbetten, eingebettet, Farbraum, Proof\"},{\"@type\":\"BreadcrumbList\",\"@id\":\"https:\\\/\\\/blog.proofs.de\\\/tr\\\/profile-fur-den-proof-einbetten-ja-oder-nein\\\/#breadcrumblist\",\"itemListElement\":[{\"@type\":\"ListItem\",\"@id\":\"https:\\\/\\\/blog.proofs.de\\\/tr#listItem\",\"position\":1,\"name\":\"Home\",\"item\":\"https:\\\/\\\/blog.proofs.de\\\/tr\",\"nextItem\":{\"@type\":\"ListItem\",\"@id\":\"https:\\\/\\\/blog.proofs.de\\\/tr\\\/thema\\\/proof-wissen\\\/#listItem\",\"name\":\"Proof Wissen\"}},{\"@type\":\"ListItem\",\"@id\":\"https:\\\/\\\/blog.proofs.de\\\/tr\\\/thema\\\/proof-wissen\\\/#listItem\",\"position\":2,\"name\":\"Proof Wissen\",\"item\":\"https:\\\/\\\/blog.proofs.de\\\/tr\\\/thema\\\/proof-wissen\\\/\",\"nextItem\":{\"@type\":\"ListItem\",\"@id\":\"https:\\\/\\\/blog.proofs.de\\\/tr\\\/thema\\\/proof-wissen\\\/layout-tipps-und-tricks\\\/#listItem\",\"name\":\"Layout Tipps\"},\"previousItem\":{\"@type\":\"ListItem\",\"@id\":\"https:\\\/\\\/blog.proofs.de\\\/tr#listItem\",\"name\":\"Home\"}},{\"@type\":\"ListItem\",\"@id\":\"https:\\\/\\\/blog.proofs.de\\\/tr\\\/thema\\\/proof-wissen\\\/layout-tipps-und-tricks\\\/#listItem\",\"position\":3,\"name\":\"Layout Tipps\",\"item\":\"https:\\\/\\\/blog.proofs.de\\\/tr\\\/thema\\\/proof-wissen\\\/layout-tipps-und-tricks\\\/\",\"nextItem\":{\"@type\":\"ListItem\",\"@id\":\"https:\\\/\\\/blog.proofs.de\\\/tr\\\/profile-fur-den-proof-einbetten-ja-oder-nein\\\/#listItem\",\"name\":\"Profile f\\u00fcr den Proof einbetten? Ja oder Nein?\"},\"previousItem\":{\"@type\":\"ListItem\",\"@id\":\"https:\\\/\\\/blog.proofs.de\\\/tr\\\/thema\\\/proof-wissen\\\/#listItem\",\"name\":\"Proof Wissen\"}},{\"@type\":\"ListItem\",\"@id\":\"https:\\\/\\\/blog.proofs.de\\\/tr\\\/profile-fur-den-proof-einbetten-ja-oder-nein\\\/#listItem\",\"position\":4,\"name\":\"Profile f\\u00fcr den Proof einbetten? Ja oder Nein?\",\"previousItem\":{\"@type\":\"ListItem\",\"@id\":\"https:\\\/\\\/blog.proofs.de\\\/tr\\\/thema\\\/proof-wissen\\\/layout-tipps-und-tricks\\\/#listItem\",\"name\":\"Layout Tipps\"}}]},{\"@type\":\"Organization\",\"@id\":\"https:\\\/\\\/blog.proofs.de\\\/tr\\\/#organization\",\"name\":\"Proof GmbH\",\"description\":\"Farbverbindlicher Proof, Farbproof, Digitalproof und Online-Proof.\",\"url\":\"https:\\\/\\\/blog.proofs.de\\\/tr\\\/\",\"telephone\":\"+4970717952740\",\"logo\":{\"@type\":\"ImageObject\",\"url\":\"https:\\\/\\\/blog1.proofen.de\\\/wp-content\\\/uploads\\\/2019\\\/09\\\/logo_proof_rgb_mit_balken_250px.png\",\"@id\":\"https:\\\/\\\/blog.proofs.de\\\/tr\\\/profile-fur-den-proof-einbetten-ja-oder-nein\\\/#organizationLogo\"},\"image\":{\"@id\":\"https:\\\/\\\/blog.proofs.de\\\/tr\\\/profile-fur-den-proof-einbetten-ja-oder-nein\\\/#organizationLogo\"},\"sameAs\":[\"https:\\\/\\\/www.facebook.com\\\/Proof.de\\\/\",\"https:\\\/\\\/www.instagram.com\\\/proof.de\\\/\",\"https:\\\/\\\/www.tiktok.com\\\/@proof_de\",\"https:\\\/\\\/www.youtube.com\\\/channel\\\/UCk80fQVQ25wC9wu3SywB-Nw\",\"https:\\\/\\\/www.linkedin.com\\\/company\\\/proof-de\"]},{\"@type\":\"Person\",\"@id\":\"https:\\\/\\\/blog.proofs.de\\\/tr\\\/author\\\/mbetz\\\/#author\",\"url\":\"https:\\\/\\\/blog.proofs.de\\\/tr\\\/author\\\/mbetz\\\/\",\"name\":\"Matthias Betz\",\"image\":{\"@type\":\"ImageObject\",\"@id\":\"https:\\\/\\\/blog.proofs.de\\\/tr\\\/profile-fur-den-proof-einbetten-ja-oder-nein\\\/#authorImage\",\"url\":\"https:\\\/\\\/blog.proofs.de\\\/wp-content\\\/uploads\\\/2020\\\/10\\\/matthias-betz-e1603934518350-150x150.png\",\"width\":96,\"height\":96,\"caption\":\"Matthias Betz\"}},{\"@type\":\"WebPage\",\"@id\":\"https:\\\/\\\/blog.proofs.de\\\/tr\\\/profile-fur-den-proof-einbetten-ja-oder-nein\\\/#webpage\",\"url\":\"https:\\\/\\\/blog.proofs.de\\\/tr\\\/profile-fur-den-proof-einbetten-ja-oder-nein\\\/\",\"name\":\"Farbprofile f\\u00fcr den Proof einbetten? | proof.de\",\"description\":\"Sollen in den Druckdaten, die an die Druckerei bzw. an das Proofstudio geschickt werden, Farbprofile eingebettet werden?\",\"inLanguage\":\"tr-TR\",\"isPartOf\":{\"@id\":\"https:\\\/\\\/blog.proofs.de\\\/tr\\\/#website\"},\"breadcrumb\":{\"@id\":\"https:\\\/\\\/blog.proofs.de\\\/tr\\\/profile-fur-den-proof-einbetten-ja-oder-nein\\\/#breadcrumblist\"},\"author\":{\"@id\":\"https:\\\/\\\/blog.proofs.de\\\/tr\\\/author\\\/mbetz\\\/#author\"},\"creator\":{\"@id\":\"https:\\\/\\\/blog.proofs.de\\\/tr\\\/author\\\/mbetz\\\/#author\"},\"datePublished\":\"2012-02-15T01:15:25+01:00\",\"dateModified\":\"2020-04-16T01:40:50+02:00\"},{\"@type\":\"WebSite\",\"@id\":\"https:\\\/\\\/blog.proofs.de\\\/tr\\\/#website\",\"url\":\"https:\\\/\\\/blog.proofs.de\\\/tr\\\/\",\"name\":\"Proof.de\",\"description\":\"Farbverbindlicher Proof, Farbproof, Digitalproof und Online-Proof.\",\"inLanguage\":\"tr-TR\",\"publisher\":{\"@id\":\"https:\\\/\\\/blog.proofs.de\\\/tr\\\/#organization\"}}]}\n\t\t<\/script>\n\t\t<!-- All in One SEO -->\n\n","aioseo_head_json":{"title":"Prova i\u00e7in renk profillerini g\u00f6m\u00fcn? | proof.de","description":"Renk profilleri matbaaya veya prova st\u00fcdyosuna g\u00f6nderilen bask\u0131 verilerine g\u00f6m\u00fclmeli mi?","canonical_url":"https:\/\/blog.proofs.de\/tr\/profile-fur-den-proof-einbetten-ja-oder-nein\/","robots":"max-image-preview:large","keywords":"proof,farbraum,einbetten,pdf,cmyk,eingebettet","webmasterTools":{"google-site-verification":"TuXxyRwxcEg2-WfOaQ8vScWQh3-uBAnxXmY7g3GT90A","miscellaneous":"&lt;meta name=\"seobility\" content=\"593a8578143db71543f014978c690d47\"&gt;"},"schema":{"@context":"https:\/\/schema.org","@graph":[{"@type":"Article","@id":"https:\/\/blog.proofs.de\/tr\/profile-fur-den-proof-einbetten-ja-oder-nein\/#article","name":"Farbprofile f\u00fcr den Proof einbetten? | proof.de","headline":"Profile f\u00fcr den Proof einbetten? Ja oder Nein?","author":{"@id":"https:\/\/blog.proofs.de\/tr\/author\/mbetz\/#author"},"publisher":{"@id":"https:\/\/blog.proofs.de\/tr\/#organization"},"image":{"@type":"ImageObject","url":"https:\/\/blog1.proofen.de\/wp-content\/uploads\/2019\/09\/logo_proof_rgb_mit_balken_250px.png","@id":"https:\/\/blog.proofs.de\/tr\/#articleImage"},"datePublished":"2012-02-15T01:15:25+01:00","dateModified":"2020-04-16T01:40:50+02:00","inLanguage":"tr-TR","mainEntityOfPage":{"@id":"https:\/\/blog.proofs.de\/tr\/profile-fur-den-proof-einbetten-ja-oder-nein\/#webpage"},"isPartOf":{"@id":"https:\/\/blog.proofs.de\/tr\/profile-fur-den-proof-einbetten-ja-oder-nein\/#webpage"},"articleSection":"Allgemein, H\u00e4ufige Fragen zu Proofs, Layout Tipps, Prozessstandard Offsetdruck, CMYK, einbetten, eingebettet, Farbraum, Proof"},{"@type":"BreadcrumbList","@id":"https:\/\/blog.proofs.de\/tr\/profile-fur-den-proof-einbetten-ja-oder-nein\/#breadcrumblist","itemListElement":[{"@type":"ListItem","@id":"https:\/\/blog.proofs.de\/tr#listItem","position":1,"name":"Home","item":"https:\/\/blog.proofs.de\/tr","nextItem":{"@type":"ListItem","@id":"https:\/\/blog.proofs.de\/tr\/thema\/proof-wissen\/#listItem","name":"Proof Wissen"}},{"@type":"ListItem","@id":"https:\/\/blog.proofs.de\/tr\/thema\/proof-wissen\/#listItem","position":2,"name":"Proof Wissen","item":"https:\/\/blog.proofs.de\/tr\/thema\/proof-wissen\/","nextItem":{"@type":"ListItem","@id":"https:\/\/blog.proofs.de\/tr\/thema\/proof-wissen\/layout-tipps-und-tricks\/#listItem","name":"Layout Tipps"},"previousItem":{"@type":"ListItem","@id":"https:\/\/blog.proofs.de\/tr#listItem","name":"Home"}},{"@type":"ListItem","@id":"https:\/\/blog.proofs.de\/tr\/thema\/proof-wissen\/layout-tipps-und-tricks\/#listItem","position":3,"name":"Layout Tipps","item":"https:\/\/blog.proofs.de\/tr\/thema\/proof-wissen\/layout-tipps-und-tricks\/","nextItem":{"@type":"ListItem","@id":"https:\/\/blog.proofs.de\/tr\/profile-fur-den-proof-einbetten-ja-oder-nein\/#listItem","name":"Profile f\u00fcr den Proof einbetten? Ja oder Nein?"},"previousItem":{"@type":"ListItem","@id":"https:\/\/blog.proofs.de\/tr\/thema\/proof-wissen\/#listItem","name":"Proof Wissen"}},{"@type":"ListItem","@id":"https:\/\/blog.proofs.de\/tr\/profile-fur-den-proof-einbetten-ja-oder-nein\/#listItem","position":4,"name":"Profile f\u00fcr den Proof einbetten? Ja oder Nein?","previousItem":{"@type":"ListItem","@id":"https:\/\/blog.proofs.de\/tr\/thema\/proof-wissen\/layout-tipps-und-tricks\/#listItem","name":"Layout Tipps"}}]},{"@type":"Organization","@id":"https:\/\/blog.proofs.de\/tr\/#organization","name":"Proof GmbH","description":"Farbverbindlicher Proof, Farbproof, Digitalproof und Online-Proof.","url":"https:\/\/blog.proofs.de\/tr\/","telephone":"+4970717952740","logo":{"@type":"ImageObject","url":"https:\/\/blog1.proofen.de\/wp-content\/uploads\/2019\/09\/logo_proof_rgb_mit_balken_250px.png","@id":"https:\/\/blog.proofs.de\/tr\/profile-fur-den-proof-einbetten-ja-oder-nein\/#organizationLogo"},"image":{"@id":"https:\/\/blog.proofs.de\/tr\/profile-fur-den-proof-einbetten-ja-oder-nein\/#organizationLogo"},"sameAs":["https:\/\/www.facebook.com\/Proof.de\/","https:\/\/www.instagram.com\/proof.de\/","https:\/\/www.tiktok.com\/@proof_de","https:\/\/www.youtube.com\/channel\/UCk80fQVQ25wC9wu3SywB-Nw","https:\/\/www.linkedin.com\/company\/proof-de"]},{"@type":"Person","@id":"https:\/\/blog.proofs.de\/tr\/author\/mbetz\/#author","url":"https:\/\/blog.proofs.de\/tr\/author\/mbetz\/","name":"Matthias Betz","image":{"@type":"ImageObject","@id":"https:\/\/blog.proofs.de\/tr\/profile-fur-den-proof-einbetten-ja-oder-nein\/#authorImage","url":"https:\/\/blog.proofs.de\/wp-content\/uploads\/2020\/10\/matthias-betz-e1603934518350-150x150.png","width":96,"height":96,"caption":"Matthias Betz"}},{"@type":"WebPage","@id":"https:\/\/blog.proofs.de\/tr\/profile-fur-den-proof-einbetten-ja-oder-nein\/#webpage","url":"https:\/\/blog.proofs.de\/tr\/profile-fur-den-proof-einbetten-ja-oder-nein\/","name":"Farbprofile f\u00fcr den Proof einbetten? | proof.de","description":"Sollen in den Druckdaten, die an die Druckerei bzw. an das Proofstudio geschickt werden, Farbprofile eingebettet werden?","inLanguage":"tr-TR","isPartOf":{"@id":"https:\/\/blog.proofs.de\/tr\/#website"},"breadcrumb":{"@id":"https:\/\/blog.proofs.de\/tr\/profile-fur-den-proof-einbetten-ja-oder-nein\/#breadcrumblist"},"author":{"@id":"https:\/\/blog.proofs.de\/tr\/author\/mbetz\/#author"},"creator":{"@id":"https:\/\/blog.proofs.de\/tr\/author\/mbetz\/#author"},"datePublished":"2012-02-15T01:15:25+01:00","dateModified":"2020-04-16T01:40:50+02:00"},{"@type":"WebSite","@id":"https:\/\/blog.proofs.de\/tr\/#website","url":"https:\/\/blog.proofs.de\/tr\/","name":"Proof.de","description":"Farbverbindlicher Proof, Farbproof, Digitalproof und Online-Proof.","inLanguage":"tr-TR","publisher":{"@id":"https:\/\/blog.proofs.de\/tr\/#organization"}}]},"og:locale":"tr_TR","og:site_name":"Proof.de | Alles zu Proof, Farbmanagement, Grafik, Messtechnik &amp; Co.","og:type":"article","og:title":"Farbprofile f\u00fcr den Proof einbetten? | proof.de","og:description":"Sollen in den Druckdaten, die an die Druckerei bzw. an das Proofstudio geschickt werden, Farbprofile eingebettet werden?","og:url":"https:\/\/blog.proofs.de\/tr\/profile-fur-den-proof-einbetten-ja-oder-nein\/","og:image":"https:\/\/blog1.proofen.de\/wp-content\/uploads\/2020\/04\/proof_background.jpg","og:image:secure_url":"https:\/\/blog1.proofen.de\/wp-content\/uploads\/2020\/04\/proof_background.jpg","article:published_time":"2012-02-15T00:15:25+00:00","article:modified_time":"2020-04-15T23:40:50+00:00","article:publisher":"https:\/\/www.facebook.com\/Proof.de\/","twitter:card":"summary","twitter:title":"Farbprofile f\u00fcr den Proof einbetten? | proof.de","twitter:description":"Sollen in den Druckdaten, die an die Druckerei bzw. an das Proofstudio geschickt werden, Farbprofile eingebettet werden?","twitter:image":"https:\/\/blog1.proofen.de\/wp-content\/uploads\/2020\/04\/proof_background.jpg"},"aioseo_meta_data":{"post_id":"157","title":"Farbprofile f\u00fcr den Proof einbetten? |\u00a0proof.de","description":"Renk profilleri matbaaya veya prova st\u00fcdyosuna g\u00f6nderilen bask\u0131 verilerine g\u00f6m\u00fclmeli mi?","keywords":[{"label":"proof","value":"proof"},{"label":"farbraum","value":"farbraum"},{"label":"einbetten","value":"einbetten"},{"label":"PDF","value":"PDF"},{"label":"CMYK","value":"CMYK"}],"keyphrases":null,"primary_term":null,"canonical_url":null,"og_title":null,"og_description":null,"og_object_type":"default","og_image_type":"default","og_image_url":null,"og_image_width":null,"og_image_height":null,"og_image_custom_url":null,"og_image_custom_fields":null,"og_video":null,"og_custom_url":null,"og_article_section":null,"og_article_tags":null,"twitter_use_og":false,"twitter_card":"default","twitter_image_type":"default","twitter_image_url":null,"twitter_image_custom_url":null,"twitter_image_custom_fields":null,"twitter_title":null,"twitter_description":null,"schema":{"blockGraphs":[],"customGraphs":[],"default":{"data":{"Article":[],"Course":[],"Dataset":[],"FAQPage":[],"Movie":[],"Person":[],"Product":[],"ProductReview":[],"Car":[],"Recipe":[],"Service":[],"SoftwareApplication":[],"WebPage":[]},"graphName":"","isEnabled":true},"graphs":[],"defaultGraph":"","defaultPostTypeGraph":""},"schema_type":null,"schema_type_options":null,"pillar_content":false,"robots_default":true,"robots_noindex":false,"robots_noarchive":false,"robots_nosnippet":false,"robots_nofollow":false,"robots_noimageindex":false,"robots_noodp":false,"robots_notranslate":false,"robots_max_snippet":null,"robots_max_videopreview":null,"robots_max_imagepreview":"large","priority":null,"frequency":null,"local_seo":null,"breadcrumb_settings":null,"limit_modified_date":false,"ai":null,"created":"2020-12-21 00:36:00","updated":"2025-06-04 14:11:56","seo_analyzer_scan_date":null,"focus_keyword":null,"additional_keywords":null,"truseo_locale":null},"_links":{"self":[{"href":"https:\/\/blog.proofs.de\/tr\/wp-json\/wp\/v2\/posts\/157","targetHints":{"allow":["GET"]}}],"collection":[{"href":"https:\/\/blog.proofs.de\/tr\/wp-json\/wp\/v2\/posts"}],"about":[{"href":"https:\/\/blog.proofs.de\/tr\/wp-json\/wp\/v2\/types\/post"}],"author":[{"embeddable":true,"href":"https:\/\/blog.proofs.de\/tr\/wp-json\/wp\/v2\/users\/2"}],"replies":[{"embeddable":true,"href":"https:\/\/blog.proofs.de\/tr\/wp-json\/wp\/v2\/comments?post=157"}],"version-history":[{"count":8,"href":"https:\/\/blog.proofs.de\/tr\/wp-json\/wp\/v2\/posts\/157\/revisions"}],"predecessor-version":[{"id":3431,"href":"https:\/\/blog.proofs.de\/tr\/wp-json\/wp\/v2\/posts\/157\/revisions\/3431"}],"wp:attachment":[{"href":"https:\/\/blog.proofs.de\/tr\/wp-json\/wp\/v2\/media?parent=157"}],"wp:term":[{"taxonomy":"category","embeddable":true,"href":"https:\/\/blog.proofs.de\/tr\/wp-json\/wp\/v2\/categories?post=157"},{"taxonomy":"post_tag","embeddable":true,"href":"https:\/\/blog.proofs.de\/tr\/wp-json\/wp\/v2\/tags?post=157"}],"curies":[{"name":"wp","href":"https:\/\/api.w.org\/{rel}","templated":true}]}}