{"id":2095,"date":"2018-07-04T02:11:15","date_gmt":"2018-07-04T00:11:15","guid":{"rendered":"http:\/\/www.proof.de\/?p=2095"},"modified":"2020-05-08T02:12:06","modified_gmt":"2020-05-08T00:12:06","slug":"din-spec-16699-kabuluenden-kisa-bir-suere-oence-acik-renk-iletisimi","status":"publish","type":"post","link":"https:\/\/blog.proofs.de\/tr\/din-spec-16699-offene-farbkommunikation-kurz-vor-der-verabschiedung\/","title":{"rendered":"DIN SPEC 16699 \"A\u00e7\u0131k renkli ileti\u015fim\" kabul edilmeden k\u0131sa bir s\u00fcre \u00f6nce"},"content":{"rendered":"<div class=\"kk-star-ratings kksr-auto kksr-align-right kksr-valign-top\" data-payload='{\"align\":\"right\",\"id\":\"2095\",\"slug\":\"default\",\"valign\":\"top\",\"ignore\":\"\",\"reference\":\"auto\",\"class\":\"\",\"count\":\"0\",\"legendonly\":\"\",\"readonly\":\"\",\"score\":\"0\",\"starsonly\":\"\",\"best\":\"5\",\"gap\":\"5\",\"greet\":\"Jetzt bewerten\",\"legend\":\"0\\\/5 - (0 votes)\",\"size\":\"24\",\"title\":\"DIN SPEC 16699 \\u0026quot;Offene Farbkommunikation\\u0026quot; kurz vor der Verabschiedung\",\"width\":\"0\",\"_legend\":\"{score}\\\/{best} - ({count} {votes})\",\"font_factor\":\"1.25\"}'>\n            \n<div class=\"kksr-stars\">\n    \n<div class=\"kksr-stars-inactive\">\n            <div class=\"kksr-star\" data-star=\"1\" style=\"padding-right: 5px\">\n            \n\n<div class=\"kksr-icon\" style=\"width: 24px; height: 24px;\"><\/div>\n        <\/div>\n            <div class=\"kksr-star\" data-star=\"2\" style=\"padding-right: 5px\">\n            \n\n<div class=\"kksr-icon\" style=\"width: 24px; height: 24px;\"><\/div>\n        <\/div>\n            <div class=\"kksr-star\" data-star=\"3\" style=\"padding-right: 5px\">\n            \n\n<div class=\"kksr-icon\" style=\"width: 24px; height: 24px;\"><\/div>\n        <\/div>\n            <div class=\"kksr-star\" data-star=\"4\" style=\"padding-right: 5px\">\n            \n\n<div class=\"kksr-icon\" style=\"width: 24px; height: 24px;\"><\/div>\n        <\/div>\n            <div class=\"kksr-star\" data-star=\"5\" style=\"padding-right: 5px\">\n            \n\n<div class=\"kksr-icon\" style=\"width: 24px; height: 24px;\"><\/div>\n        <\/div>\n    <\/div>\n    \n<div class=\"kksr-stars-active\" style=\"width: 0px;\">\n            <div class=\"kksr-star\" style=\"padding-right: 5px\">\n            \n\n<div class=\"kksr-icon\" style=\"width: 24px; height: 24px;\"><\/div>\n        <\/div>\n            <div class=\"kksr-star\" style=\"padding-right: 5px\">\n            \n\n<div class=\"kksr-icon\" style=\"width: 24px; height: 24px;\"><\/div>\n        <\/div>\n            <div class=\"kksr-star\" style=\"padding-right: 5px\">\n            \n\n<div class=\"kksr-icon\" style=\"width: 24px; height: 24px;\"><\/div>\n        <\/div>\n            <div class=\"kksr-star\" style=\"padding-right: 5px\">\n            \n\n<div class=\"kksr-icon\" style=\"width: 24px; height: 24px;\"><\/div>\n        <\/div>\n            <div class=\"kksr-star\" style=\"padding-right: 5px\">\n            \n\n<div class=\"kksr-icon\" style=\"width: 24px; height: 24px;\"><\/div>\n        <\/div>\n    <\/div>\n<\/div>\n                \n\n<div class=\"kksr-legend\" style=\"font-size: 19.2px;\">\n            <span class=\"kksr-muted\">\u015eimdi de\u011ferlendirin<\/span>\n    <\/div>\n    <\/div>\n<p><a href=\"https:\/\/blog1.proofen.de\/wp-content\/uploads\/2018\/06\/DIN_SPEC_16699_Offene_Farbkommunikation_Abschlussmeeting_Berlin.jpg\"><img loading=\"lazy\" decoding=\"async\" class=\"aligncenter size-full wp-image-2099\" src=\"https:\/\/blog1.proofen.de\/wp-content\/uploads\/2018\/06\/DIN_SPEC_16699_Offene_Farbkommunikation_Abschlussmeeting_Berlin.jpg\" alt=\"DIN SPEC 16699 A\u00e7\u0131k renkli ileti\u015fim Son toplant\u0131 Berlin Matthias Betz, Eric A. Soder, Jan-Peter Homann, Holger Everding\" width=\"1140\" height=\"550\" srcset=\"https:\/\/blog.proofs.de\/wp-content\/uploads\/2018\/06\/DIN_SPEC_16699_Offene_Farbkommunikation_Abschlussmeeting_Berlin.jpg 1140w, https:\/\/blog.proofs.de\/wp-content\/uploads\/2018\/06\/DIN_SPEC_16699_Offene_Farbkommunikation_Abschlussmeeting_Berlin-300x145.jpg 300w, https:\/\/blog.proofs.de\/wp-content\/uploads\/2018\/06\/DIN_SPEC_16699_Offene_Farbkommunikation_Abschlussmeeting_Berlin-768x371.jpg 768w, https:\/\/blog.proofs.de\/wp-content\/uploads\/2018\/06\/DIN_SPEC_16699_Offene_Farbkommunikation_Abschlussmeeting_Berlin-1024x494.jpg 1024w, https:\/\/blog.proofs.de\/wp-content\/uploads\/2018\/06\/DIN_SPEC_16699_Offene_Farbkommunikation_Abschlussmeeting_Berlin-500x241.jpg 500w\" sizes=\"auto, (max-width: 1140px) 100vw, 1140px\"><\/a>Ge\u00e7ti\u011fimiz Pazartesi g\u00fcn\u00fc, yazarlar Jan-Peter Homann, Holger Everding, Eric A. Soder ve Matthias Betz, Berlin'deki Alman Standardizasyon Enstit\u00fcs\u00fc - DIN'de yap\u0131lan son toplant\u0131da a\u00e7\u0131k renk ileti\u015fimine do\u011fru bir kilometre ta\u015f\u0131 daha att\u0131lar: DIN SPEC 16699'un son a\u00e7\u0131k noktalar\u0131 \"A\u00e7\u0131k Renk \u0130leti\u015fimi - Open Colour Communi<a href=\"https:\/\/blog.proofs.de\/tr\/lexikon\/cat\/\" target=\"_self\" title=\"CAT, kromatik adaptasyon olan Cromatic Adaption Transform&#039;un k\u0131saltmas\u0131d\u0131r. Kromatik adaptasyon, insan g\u00f6z\u00fcn\u00fcn otomatik bir beyaz dengesi ger\u00e7ekle\u015ftirdi\u011fi anlam\u0131na gelir. B\u00f6ylece renk, renk s\u0131cakl\u0131\u011f\u0131ndan tamamen ba\u011f\u0131ms\u0131z olarak alg\u0131lan\u0131r.\" class=\"encyclopedia\">kedi<\/a>ion\" tart\u0131\u015f\u0131ld\u0131 ve onayland\u0131. \u015eu anda eksik olan tek \u015fey Matthias Betz ve Eric A. Soder'in \u0130ngilizce versiyonu ve DIN taraf\u0131ndan nihai uygulama ve onay. DIN SPEC'in A\u011fustos ay\u0131nda indirilmeye haz\u0131r olmas\u0131 beklenmektedir. \u00dccretsiz olarak PAS - Publicly Avai<a href=\"https:\/\/blog.proofs.de\/tr\/lexikon\/lab\/\" target=\"_self\" title=\"CIELAB veya LAB, kesin renk hesaplamas\u0131n\u0131n gerekli oldu\u011fu her yerde kendini kabul ettirmi\u015f matematiksel bir renk modelidir. Bilgisayar renk y\u00f6netimi genellikle CIELAB \u00fczerinden \u00e7al\u0131\u015f\u0131r.\" class=\"encyclopedia\">laboratuvar<\/a>le Sp<a href=\"https:\/\/blog.proofs.de\/tr\/lexikon\/eci\/\" target=\"_self\" title=\"ECI - Avrupa Renk \u0130nisiyatifi - yay\u0131n sistemlerinde renk verilerinin i\u015flenmesiyle ilgilenen bir uzmanlar grubudur.\" class=\"encyclopedia\">eci<\/a>DIN taraf\u0131ndan Almanca ve \u0130ngilizce olarak yay\u0131nlanm\u0131\u015ft\u0131r.<\/p>\n<p>DIN-SPEC'te, a\u015fa\u011f\u0131daki gibi a\u00e7\u0131k ve serbest\u00e7e kullan\u0131labilen standartlar temelinde hassas renk ileti\u015fimi ve renk numunesi olu\u015fturma i\u00e7in mant\u0131kl\u0131 bir prosed\u00fcr tan\u0131ml\u0131yoruz <a href=\"https:\/\/blog.proofs.de\/tr\/lexikon\/cielab\/\" target=\"_self\" title=\"CIELAB renk modeli 1976 y\u0131l\u0131nda Commission Internationale de l&#039;Eclairage taraf\u0131ndan tan\u0131mlanm\u0131\u015ft\u0131r ve alg\u0131lanabilir t\u00fcm renkleri tan\u0131mlamaktad\u0131r. Bu model, 1966 tarihli Hunter-LAB renk skalas\u0131n\u0131n daha da geli\u015ftirilmi\u015f halidir ve bir nesnenin spektral \u00f6zellikleri ile g\u00f6rsel sistemimizin alg\u0131sal \u00f6zelliklerinin birbirlerine kar\u015f\u0131 dengelendi\u011fi matematiksel bir renk modelidir. CIELAB ya da k\u0131saca LAB, g\u00fcn\u00fcm\u00fczde hala yayg\u0131n olarak kullan\u0131lmaktad\u0131r...\" class=\"encyclopedia\">CIELAB<\/a>, <a href=\"https:\/\/blog.proofs.de\/tr\/lexikon\/hlc\/\" target=\"_self\" title=\"HLC, CIELAB renk uzay\u0131n\u0131n anla\u015f\u0131lmas\u0131 kolay bir g\u00f6sterimidir. Dikey L ekseni burada ayn\u0131d\u0131r. Bir renk konumunun yatay konumu burada pozitif a eksenine olan H a\u00e7\u0131s\u0131 (saat y\u00f6n\u00fcn\u00fcn tersine ve derece cinsinden) ve L eksenine olan mesafe olan C yar\u0131\u00e7ap\u0131 ile belirlenir.\" class=\"encyclopedia\">HLC<\/a>, <a href=\"https:\/\/blog.proofs.de\/tr\/lexikon\/icc\/\" target=\"_self\" title=\"Uluslararas\u0131 Renk Konsorsiyumu, k\u0131saca ICC, renk profillerinin standardizasyonundan sorumlu uluslararas\u0131 bir komitedir.&nbsp;\" class=\"encyclopedia\">ICC<\/a>- ve <a href=\"https:\/\/blog.proofs.de\/tr\/lexikon\/cxf\/\" target=\"_self\" title='CxF, renk bilgisi al\u0131\u015fveri\u015fi i\u00e7in a\u00e7\u0131k bir XML format\u0131 olan &quot;Renk De\u011fi\u015fim Format\u0131&quot; anlam\u0131na gelir' class=\"encyclopedia\">CXF<\/a>-dosya formatlar\u0131. Matematiksel y\u00f6ntemlerle \u00e7al\u0131\u015f\u0131yoruz <a href=\"https:\/\/blog.proofs.de\/tr\/lexikon\/farbmodell\/\" target=\"_self\" title=\"Renk sistemi (veya renk modeli), renkleri ve birbirleriyle olan ili\u015fkilerini belirlemeye ve tan\u0131mlamaya y\u00f6nelik soyut matematiksel bir y\u00f6ntemdir. Genellikle renk uzay\u0131 ile e\u015f tutulur, ancak bu, bir renk sisteminin renk \u00fcreten bir y\u00f6nteme (yaz\u0131c\u0131, ekran vb.) somut olarak uygulanmas\u0131d\u0131r.\" class=\"encyclopedia\">Renk modeli<\/a>Ama\u00e7, boya \u00fcreticilerine ve hizmet sa\u011flay\u0131c\u0131lara, izlenebilir bir \u015fekilde \u00fcretilebilen ve renk form\u00fclasyonu i\u00e7in temel olarak pratikte kullan\u0131labilen y\u00fcksek hassasiyetli renk \u00f6rnekleri ve kesin spektral veriler sa\u011flamakt\u0131r. Kar\u015f\u0131l\u0131kl\u0131 olarak uyumsuz ticari standartlar yerine, y\u00fcksek hassasiyetli renk ileti\u015fimine a\u00e7\u0131k, \u015feffaf ve a\u00e7\u0131k kaynakl\u0131 bir yakla\u015f\u0131m sergiliyoruz.<\/p>\n<p>DIN SPEC'e ek olarak, yeni projeler ve fikirler \u00fczerinde ve freieFarbe CIELAB HLC renk atlas\u0131m\u0131z\u0131n \u00e7e\u015fitli yeni versiyonlar\u0131 \u00fczerinde durmaks\u0131z\u0131n \u00e7al\u0131\u015f\u0131yoruz.<\/p>","protected":false},"excerpt":{"rendered":"<p>Ge\u00e7ti\u011fimiz Pazartesi g\u00fcn\u00fc, Jan-Peter Homann, Holger Everding, Eric A. Soder ve Matthias Betz'den olu\u015fan yazarlar, Berlin'deki Alman Standardizasyon Enstit\u00fcs\u00fc - DIN'de d\u00fczenlenen son toplant\u0131da a\u00e7\u0131k renk ileti\u015fimine do\u011fru bir kilometre ta\u015f\u0131 daha att\u0131lar: DIN SPEC 16699 \"A\u00e7\u0131k Renk \u0130leti\u015fimi \"nin son a\u00e7\u0131k noktalar\u0131 tart\u0131\u015f\u0131ld\u0131 ve onayland\u0131. \u015eimdi tek eksik Matthias Betz ve Eric A. Soder'in \u0130ngilizce versiyonu ve DIN taraf\u0131ndan nihai uygulama ve onay. DIN SPEC'in A\u011fustos ay\u0131nda indirilebilir olmas\u0131 bekleniyor. Siz ... <\/p>\n<p class=\"read-more-container\"><a title=\"DIN SPEC 16699 &quot;A\u00e7\u0131k renkli ileti\u015fim&quot; kabul edilmeden k\u0131sa bir s\u00fcre \u00f6nce\" class=\"read-more button\" href=\"https:\/\/blog.proofs.de\/tr\/din-spec-16699-offene-farbkommunikation-kurz-vor-der-verabschiedung\/#more-2095\" aria-label=\"DIN SPEC 16699 \u201eA\u00e7\u0131k renk ileti\u015fimi\u201c kabul edilmek \u00fczere hakk\u0131nda daha fazla bilgi edinin\">Daha fazla bilgi edinin<\/a><\/p>","protected":false},"author":2,"featured_media":2194,"comment_status":"open","ping_status":"open","sticky":false,"template":"","format":"standard","meta":{"om_disable_all_campaigns":false,"inline_featured_image":false,"_monsterinsights_skip_tracking":false,"footnotes":""},"categories":[1,120],"tags":[714,751,715,712,746,679,680,747,748,749,750],"class_list":["post-2095","post","type-post","status-publish","format-standard","has-post-thumbnail","hentry","category-allgemein","category-kategorie-proof-gmbh","tag-714","tag-deutsches-institut-fuer-normung","tag-din","tag-din-spec","tag-din-spec-166909","tag-freiefarbe","tag-freiefarbe-e-v","tag-offene-farbkommunikation","tag-open-colour-communication","tag-pas","tag-publicly-available-specification","generate-columns","tablet-grid-50","mobile-grid-100","grid-parent","grid-50","no-featured-image-padding","resize-featured-image"],"aioseo_notices":[],"aioseo_head":"\n\t\t<!-- All in One SEO 5.0.1.1 - aioseo.com -->\n\t<meta name=\"description\" content=\"Am Montag habenJan-Peter Homann, Holger Everding, Eric A. Soder und Matthias Betz beim DIN in Berlin einen Meilenstein f\u00fcr freie Farbkommunikation genommen\" \/>\n\t<meta name=\"robots\" content=\"max-image-preview:large\" \/>\n\t<meta name=\"author\" content=\"Matthias Betz\"\/>\n\t<meta name=\"google-site-verification\" content=\"TuXxyRwxcEg2-WfOaQ8vScWQh3-uBAnxXmY7g3GT90A\" \/>\n\t<meta name=\"keywords\" content=\"16699,deutsches institut f\u00fcr normung,din,din spec,din spec 166909,freiefarbe,freiefarbe e.v.,offene farbkommunikation,open colour communication,pas,publicly available specification\" \/>\n\t<link rel=\"canonical\" href=\"https:\/\/blog.proofs.de\/tr\/din-spec-16699-offene-farbkommunikation-kurz-vor-der-verabschiedung\/\" \/>\n\t<meta name=\"generator\" content=\"All in One SEO (AIOSEO) 5.0.1.1\" \/>\n\n\t\t<meta name=\"seobility\" content=\"593a8578143db71543f014978c690d47\">\n\t\t<meta property=\"og:locale\" content=\"tr_TR\" \/>\n\t\t<meta property=\"og:site_name\" content=\"Proof.de | Alles zu Proof, Farbmanagement, Grafik, Messtechnik &amp; Co.\" \/>\n\t\t<meta property=\"og:type\" content=\"article\" \/>\n\t\t<meta property=\"og:title\" content=\"DIN SPEC &quot;Offene Farbkommunikation&quot; vor Verabschiedung | proof.de\" \/>\n\t\t<meta property=\"og:description\" content=\"Am Montag habenJan-Peter Homann, Holger Everding, Eric A. Soder und Matthias Betz beim DIN in Berlin einen Meilenstein f\u00fcr freie Farbkommunikation genommen\" \/>\n\t\t<meta property=\"og:url\" content=\"https:\/\/blog.proofs.de\/tr\/din-spec-16699-offene-farbkommunikation-kurz-vor-der-verabschiedung\/\" \/>\n\t\t<meta property=\"og:image\" content=\"https:\/\/blog.proofs.de\/wp-content\/uploads\/2018\/11\/DIN_SPEC_16699_Offene_Farbkommunikation.png\" \/>\n\t\t<meta property=\"og:image:secure_url\" content=\"https:\/\/blog.proofs.de\/wp-content\/uploads\/2018\/11\/DIN_SPEC_16699_Offene_Farbkommunikation.png\" \/>\n\t\t<meta property=\"og:image:width\" content=\"2326\" \/>\n\t\t<meta property=\"og:image:height\" content=\"1540\" \/>\n\t\t<meta property=\"article:published_time\" content=\"2018-07-04T00:11:15+00:00\" \/>\n\t\t<meta property=\"article:modified_time\" content=\"2020-05-08T00:12:06+00:00\" \/>\n\t\t<meta property=\"article:publisher\" content=\"https:\/\/www.facebook.com\/Proof.de\/\" \/>\n\t\t<meta name=\"twitter:card\" content=\"summary\" \/>\n\t\t<meta name=\"twitter:title\" content=\"DIN SPEC &quot;Offene Farbkommunikation&quot; vor Verabschiedung | proof.de\" \/>\n\t\t<meta name=\"twitter:description\" content=\"Am Montag habenJan-Peter Homann, Holger Everding, Eric A. Soder und Matthias Betz beim DIN in Berlin einen Meilenstein f\u00fcr freie Farbkommunikation genommen\" \/>\n\t\t<meta name=\"twitter:image\" content=\"https:\/\/blog1.proofen.de\/wp-content\/uploads\/2020\/04\/proof_background.jpg\" \/>\n\t\t<script type=\"application\/ld+json\" class=\"aioseo-schema\">\n\t\t\t{\"@context\":\"https:\\\/\\\/schema.org\",\"@graph\":[{\"@type\":\"Article\",\"@id\":\"https:\\\/\\\/blog.proofs.de\\\/tr\\\/din-spec-16699-offene-farbkommunikation-kurz-vor-der-verabschiedung\\\/#article\",\"name\":\"DIN SPEC \\\"Offene Farbkommunikation\\\" vor Verabschiedung | proof.de\",\"headline\":\"DIN SPEC 16699 &#8222;Offene Farbkommunikation&#8220; kurz vor der Verabschiedung\",\"author\":{\"@id\":\"https:\\\/\\\/blog.proofs.de\\\/tr\\\/author\\\/mbetz\\\/#author\"},\"publisher\":{\"@id\":\"https:\\\/\\\/blog.proofs.de\\\/tr\\\/#organization\"},\"image\":{\"@type\":\"ImageObject\",\"url\":\"https:\\\/\\\/blog.proofs.de\\\/wp-content\\\/uploads\\\/2018\\\/11\\\/DIN_SPEC_16699_Offene_Farbkommunikation.png\",\"width\":2326,\"height\":1540,\"caption\":\"Vorschau Titel DIN SPEC 16699 Offene Farbkommunikation \\\/ Open Colour Communication\"},\"datePublished\":\"2018-07-04T02:11:15+02:00\",\"dateModified\":\"2020-05-08T02:12:06+02:00\",\"inLanguage\":\"tr-TR\",\"mainEntityOfPage\":{\"@id\":\"https:\\\/\\\/blog.proofs.de\\\/tr\\\/din-spec-16699-offene-farbkommunikation-kurz-vor-der-verabschiedung\\\/#webpage\"},\"isPartOf\":{\"@id\":\"https:\\\/\\\/blog.proofs.de\\\/tr\\\/din-spec-16699-offene-farbkommunikation-kurz-vor-der-verabschiedung\\\/#webpage\"},\"articleSection\":\"Allgemein, Proof GmbH, 16699, Deutsches Institut f\\u00fcr Normung, DIN, DIN SPEC, DIN SPEC 166909, freieFarbe, freieFarbe e.V., Offene Farbkommunikation, Open Colour Communication, PAS, Publicly Available Specification\"},{\"@type\":\"BreadcrumbList\",\"@id\":\"https:\\\/\\\/blog.proofs.de\\\/tr\\\/din-spec-16699-offene-farbkommunikation-kurz-vor-der-verabschiedung\\\/#breadcrumblist\",\"itemListElement\":[{\"@type\":\"ListItem\",\"@id\":\"https:\\\/\\\/blog.proofs.de\\\/tr#listItem\",\"position\":1,\"name\":\"Home\",\"item\":\"https:\\\/\\\/blog.proofs.de\\\/tr\",\"nextItem\":{\"@type\":\"ListItem\",\"@id\":\"https:\\\/\\\/blog.proofs.de\\\/tr\\\/thema\\\/proof-wissen\\\/#listItem\",\"name\":\"Proof Wissen\"}},{\"@type\":\"ListItem\",\"@id\":\"https:\\\/\\\/blog.proofs.de\\\/tr\\\/thema\\\/proof-wissen\\\/#listItem\",\"position\":2,\"name\":\"Proof Wissen\",\"item\":\"https:\\\/\\\/blog.proofs.de\\\/tr\\\/thema\\\/proof-wissen\\\/\",\"nextItem\":{\"@type\":\"ListItem\",\"@id\":\"https:\\\/\\\/blog.proofs.de\\\/tr\\\/thema\\\/proof-wissen\\\/kategorie-proof-gmbh\\\/#listItem\",\"name\":\"Proof GmbH\"},\"previousItem\":{\"@type\":\"ListItem\",\"@id\":\"https:\\\/\\\/blog.proofs.de\\\/tr#listItem\",\"name\":\"Home\"}},{\"@type\":\"ListItem\",\"@id\":\"https:\\\/\\\/blog.proofs.de\\\/tr\\\/thema\\\/proof-wissen\\\/kategorie-proof-gmbh\\\/#listItem\",\"position\":3,\"name\":\"Proof GmbH\",\"item\":\"https:\\\/\\\/blog.proofs.de\\\/tr\\\/thema\\\/proof-wissen\\\/kategorie-proof-gmbh\\\/\",\"nextItem\":{\"@type\":\"ListItem\",\"@id\":\"https:\\\/\\\/blog.proofs.de\\\/tr\\\/din-spec-16699-offene-farbkommunikation-kurz-vor-der-verabschiedung\\\/#listItem\",\"name\":\"DIN SPEC 16699 &#8222;Offene Farbkommunikation&#8220; kurz vor der Verabschiedung\"},\"previousItem\":{\"@type\":\"ListItem\",\"@id\":\"https:\\\/\\\/blog.proofs.de\\\/tr\\\/thema\\\/proof-wissen\\\/#listItem\",\"name\":\"Proof Wissen\"}},{\"@type\":\"ListItem\",\"@id\":\"https:\\\/\\\/blog.proofs.de\\\/tr\\\/din-spec-16699-offene-farbkommunikation-kurz-vor-der-verabschiedung\\\/#listItem\",\"position\":4,\"name\":\"DIN SPEC 16699 &#8222;Offene Farbkommunikation&#8220; kurz vor der Verabschiedung\",\"previousItem\":{\"@type\":\"ListItem\",\"@id\":\"https:\\\/\\\/blog.proofs.de\\\/tr\\\/thema\\\/proof-wissen\\\/kategorie-proof-gmbh\\\/#listItem\",\"name\":\"Proof GmbH\"}}]},{\"@type\":\"Organization\",\"@id\":\"https:\\\/\\\/blog.proofs.de\\\/tr\\\/#organization\",\"name\":\"Proof GmbH\",\"description\":\"Farbverbindlicher Proof, Farbproof, Digitalproof und Online-Proof.\",\"url\":\"https:\\\/\\\/blog.proofs.de\\\/tr\\\/\",\"telephone\":\"+4970717952740\",\"logo\":{\"@type\":\"ImageObject\",\"url\":\"https:\\\/\\\/blog1.proofen.de\\\/wp-content\\\/uploads\\\/2019\\\/09\\\/logo_proof_rgb_mit_balken_250px.png\",\"@id\":\"https:\\\/\\\/blog.proofs.de\\\/tr\\\/din-spec-16699-offene-farbkommunikation-kurz-vor-der-verabschiedung\\\/#organizationLogo\"},\"image\":{\"@id\":\"https:\\\/\\\/blog.proofs.de\\\/tr\\\/din-spec-16699-offene-farbkommunikation-kurz-vor-der-verabschiedung\\\/#organizationLogo\"},\"sameAs\":[\"https:\\\/\\\/www.facebook.com\\\/Proof.de\\\/\",\"https:\\\/\\\/www.instagram.com\\\/proof.de\\\/\",\"https:\\\/\\\/www.tiktok.com\\\/@proof_de\",\"https:\\\/\\\/www.youtube.com\\\/channel\\\/UCk80fQVQ25wC9wu3SywB-Nw\",\"https:\\\/\\\/www.linkedin.com\\\/company\\\/proof-de\"]},{\"@type\":\"Person\",\"@id\":\"https:\\\/\\\/blog.proofs.de\\\/tr\\\/author\\\/mbetz\\\/#author\",\"url\":\"https:\\\/\\\/blog.proofs.de\\\/tr\\\/author\\\/mbetz\\\/\",\"name\":\"Matthias Betz\",\"image\":{\"@type\":\"ImageObject\",\"@id\":\"https:\\\/\\\/blog.proofs.de\\\/tr\\\/din-spec-16699-offene-farbkommunikation-kurz-vor-der-verabschiedung\\\/#authorImage\",\"url\":\"https:\\\/\\\/blog.proofs.de\\\/wp-content\\\/uploads\\\/2020\\\/10\\\/matthias-betz-e1603934518350-150x150.png\",\"width\":96,\"height\":96,\"caption\":\"Matthias Betz\"}},{\"@type\":\"WebPage\",\"@id\":\"https:\\\/\\\/blog.proofs.de\\\/tr\\\/din-spec-16699-offene-farbkommunikation-kurz-vor-der-verabschiedung\\\/#webpage\",\"url\":\"https:\\\/\\\/blog.proofs.de\\\/tr\\\/din-spec-16699-offene-farbkommunikation-kurz-vor-der-verabschiedung\\\/\",\"name\":\"DIN SPEC \\\"Offene Farbkommunikation\\\" vor Verabschiedung | proof.de\",\"description\":\"Am Montag habenJan-Peter Homann, Holger Everding, Eric A. Soder und Matthias Betz beim DIN in Berlin einen Meilenstein f\\u00fcr freie Farbkommunikation genommen\",\"inLanguage\":\"tr-TR\",\"isPartOf\":{\"@id\":\"https:\\\/\\\/blog.proofs.de\\\/tr\\\/#website\"},\"breadcrumb\":{\"@id\":\"https:\\\/\\\/blog.proofs.de\\\/tr\\\/din-spec-16699-offene-farbkommunikation-kurz-vor-der-verabschiedung\\\/#breadcrumblist\"},\"author\":{\"@id\":\"https:\\\/\\\/blog.proofs.de\\\/tr\\\/author\\\/mbetz\\\/#author\"},\"creator\":{\"@id\":\"https:\\\/\\\/blog.proofs.de\\\/tr\\\/author\\\/mbetz\\\/#author\"},\"image\":{\"@type\":\"ImageObject\",\"url\":\"https:\\\/\\\/blog.proofs.de\\\/wp-content\\\/uploads\\\/2018\\\/11\\\/DIN_SPEC_16699_Offene_Farbkommunikation.png\",\"@id\":\"https:\\\/\\\/blog.proofs.de\\\/tr\\\/din-spec-16699-offene-farbkommunikation-kurz-vor-der-verabschiedung\\\/#mainImage\",\"width\":2326,\"height\":1540,\"caption\":\"Vorschau Titel DIN SPEC 16699 Offene Farbkommunikation \\\/ Open Colour Communication\"},\"primaryImageOfPage\":{\"@id\":\"https:\\\/\\\/blog.proofs.de\\\/tr\\\/din-spec-16699-offene-farbkommunikation-kurz-vor-der-verabschiedung\\\/#mainImage\"},\"datePublished\":\"2018-07-04T02:11:15+02:00\",\"dateModified\":\"2020-05-08T02:12:06+02:00\"},{\"@type\":\"WebSite\",\"@id\":\"https:\\\/\\\/blog.proofs.de\\\/tr\\\/#website\",\"url\":\"https:\\\/\\\/blog.proofs.de\\\/tr\\\/\",\"name\":\"Proof.de\",\"description\":\"Farbverbindlicher Proof, Farbproof, Digitalproof und Online-Proof.\",\"inLanguage\":\"tr-TR\",\"publisher\":{\"@id\":\"https:\\\/\\\/blog.proofs.de\\\/tr\\\/#organization\"}}]}\n\t\t<\/script>\n\t\t<!-- All in One SEO -->\n\n","aioseo_head_json":{"title":"DIN SPEC \"A\u00e7\u0131k renkli ileti\u015fim\" kabul edilmeden \u00f6nce | proof.de","description":"Pazartesi g\u00fcn\u00fc Jan-Peter Homann, Holger Everding, Eric A. Soder ve Matthias Betz Berlin'deki DIN'de serbest renkli ileti\u015fim i\u00e7in bir d\u00f6n\u00fcm noktas\u0131 olu\u015fturdu","canonical_url":"https:\/\/blog.proofs.de\/tr\/din-spec-16699-offene-farbkommunikation-kurz-vor-der-verabschiedung\/","robots":"max-image-preview:large","keywords":"16699,deutsches institut f\u00fcr normung,din,din spec,din spec 166909,freiefarbe,freiefarbe e.v.,offene farbkommunikation,open colour communication,pas,publicly available specification","webmasterTools":{"google-site-verification":"TuXxyRwxcEg2-WfOaQ8vScWQh3-uBAnxXmY7g3GT90A","miscellaneous":"&lt;meta name=\"seobility\" content=\"593a8578143db71543f014978c690d47\"&gt;"},"schema":{"@context":"https:\/\/schema.org","@graph":[{"@type":"Article","@id":"https:\/\/blog.proofs.de\/tr\/din-spec-16699-offene-farbkommunikation-kurz-vor-der-verabschiedung\/#article","name":"DIN SPEC \"Offene Farbkommunikation\" vor Verabschiedung | proof.de","headline":"DIN SPEC 16699 &#8222;Offene Farbkommunikation&#8220; kurz vor der Verabschiedung","author":{"@id":"https:\/\/blog.proofs.de\/tr\/author\/mbetz\/#author"},"publisher":{"@id":"https:\/\/blog.proofs.de\/tr\/#organization"},"image":{"@type":"ImageObject","url":"https:\/\/blog.proofs.de\/wp-content\/uploads\/2018\/11\/DIN_SPEC_16699_Offene_Farbkommunikation.png","width":2326,"height":1540,"caption":"Vorschau Titel DIN SPEC 16699 Offene Farbkommunikation \/ Open Colour Communication"},"datePublished":"2018-07-04T02:11:15+02:00","dateModified":"2020-05-08T02:12:06+02:00","inLanguage":"tr-TR","mainEntityOfPage":{"@id":"https:\/\/blog.proofs.de\/tr\/din-spec-16699-offene-farbkommunikation-kurz-vor-der-verabschiedung\/#webpage"},"isPartOf":{"@id":"https:\/\/blog.proofs.de\/tr\/din-spec-16699-offene-farbkommunikation-kurz-vor-der-verabschiedung\/#webpage"},"articleSection":"Allgemein, Proof GmbH, 16699, Deutsches Institut f\u00fcr Normung, DIN, DIN SPEC, DIN SPEC 166909, freieFarbe, freieFarbe e.V., Offene Farbkommunikation, Open Colour Communication, PAS, Publicly Available Specification"},{"@type":"BreadcrumbList","@id":"https:\/\/blog.proofs.de\/tr\/din-spec-16699-offene-farbkommunikation-kurz-vor-der-verabschiedung\/#breadcrumblist","itemListElement":[{"@type":"ListItem","@id":"https:\/\/blog.proofs.de\/tr#listItem","position":1,"name":"Home","item":"https:\/\/blog.proofs.de\/tr","nextItem":{"@type":"ListItem","@id":"https:\/\/blog.proofs.de\/tr\/thema\/proof-wissen\/#listItem","name":"Proof Wissen"}},{"@type":"ListItem","@id":"https:\/\/blog.proofs.de\/tr\/thema\/proof-wissen\/#listItem","position":2,"name":"Proof Wissen","item":"https:\/\/blog.proofs.de\/tr\/thema\/proof-wissen\/","nextItem":{"@type":"ListItem","@id":"https:\/\/blog.proofs.de\/tr\/thema\/proof-wissen\/kategorie-proof-gmbh\/#listItem","name":"Proof GmbH"},"previousItem":{"@type":"ListItem","@id":"https:\/\/blog.proofs.de\/tr#listItem","name":"Home"}},{"@type":"ListItem","@id":"https:\/\/blog.proofs.de\/tr\/thema\/proof-wissen\/kategorie-proof-gmbh\/#listItem","position":3,"name":"Proof GmbH","item":"https:\/\/blog.proofs.de\/tr\/thema\/proof-wissen\/kategorie-proof-gmbh\/","nextItem":{"@type":"ListItem","@id":"https:\/\/blog.proofs.de\/tr\/din-spec-16699-offene-farbkommunikation-kurz-vor-der-verabschiedung\/#listItem","name":"DIN SPEC 16699 &#8222;Offene Farbkommunikation&#8220; kurz vor der Verabschiedung"},"previousItem":{"@type":"ListItem","@id":"https:\/\/blog.proofs.de\/tr\/thema\/proof-wissen\/#listItem","name":"Proof Wissen"}},{"@type":"ListItem","@id":"https:\/\/blog.proofs.de\/tr\/din-spec-16699-offene-farbkommunikation-kurz-vor-der-verabschiedung\/#listItem","position":4,"name":"DIN SPEC 16699 &#8222;Offene Farbkommunikation&#8220; kurz vor der Verabschiedung","previousItem":{"@type":"ListItem","@id":"https:\/\/blog.proofs.de\/tr\/thema\/proof-wissen\/kategorie-proof-gmbh\/#listItem","name":"Proof GmbH"}}]},{"@type":"Organization","@id":"https:\/\/blog.proofs.de\/tr\/#organization","name":"Proof GmbH","description":"Farbverbindlicher Proof, Farbproof, Digitalproof und Online-Proof.","url":"https:\/\/blog.proofs.de\/tr\/","telephone":"+4970717952740","logo":{"@type":"ImageObject","url":"https:\/\/blog1.proofen.de\/wp-content\/uploads\/2019\/09\/logo_proof_rgb_mit_balken_250px.png","@id":"https:\/\/blog.proofs.de\/tr\/din-spec-16699-offene-farbkommunikation-kurz-vor-der-verabschiedung\/#organizationLogo"},"image":{"@id":"https:\/\/blog.proofs.de\/tr\/din-spec-16699-offene-farbkommunikation-kurz-vor-der-verabschiedung\/#organizationLogo"},"sameAs":["https:\/\/www.facebook.com\/Proof.de\/","https:\/\/www.instagram.com\/proof.de\/","https:\/\/www.tiktok.com\/@proof_de","https:\/\/www.youtube.com\/channel\/UCk80fQVQ25wC9wu3SywB-Nw","https:\/\/www.linkedin.com\/company\/proof-de"]},{"@type":"Person","@id":"https:\/\/blog.proofs.de\/tr\/author\/mbetz\/#author","url":"https:\/\/blog.proofs.de\/tr\/author\/mbetz\/","name":"Matthias Betz","image":{"@type":"ImageObject","@id":"https:\/\/blog.proofs.de\/tr\/din-spec-16699-offene-farbkommunikation-kurz-vor-der-verabschiedung\/#authorImage","url":"https:\/\/blog.proofs.de\/wp-content\/uploads\/2020\/10\/matthias-betz-e1603934518350-150x150.png","width":96,"height":96,"caption":"Matthias Betz"}},{"@type":"WebPage","@id":"https:\/\/blog.proofs.de\/tr\/din-spec-16699-offene-farbkommunikation-kurz-vor-der-verabschiedung\/#webpage","url":"https:\/\/blog.proofs.de\/tr\/din-spec-16699-offene-farbkommunikation-kurz-vor-der-verabschiedung\/","name":"DIN SPEC \"Offene Farbkommunikation\" vor Verabschiedung | proof.de","description":"Am Montag habenJan-Peter Homann, Holger Everding, Eric A. Soder und Matthias Betz beim DIN in Berlin einen Meilenstein f\u00fcr freie Farbkommunikation genommen","inLanguage":"tr-TR","isPartOf":{"@id":"https:\/\/blog.proofs.de\/tr\/#website"},"breadcrumb":{"@id":"https:\/\/blog.proofs.de\/tr\/din-spec-16699-offene-farbkommunikation-kurz-vor-der-verabschiedung\/#breadcrumblist"},"author":{"@id":"https:\/\/blog.proofs.de\/tr\/author\/mbetz\/#author"},"creator":{"@id":"https:\/\/blog.proofs.de\/tr\/author\/mbetz\/#author"},"image":{"@type":"ImageObject","url":"https:\/\/blog.proofs.de\/wp-content\/uploads\/2018\/11\/DIN_SPEC_16699_Offene_Farbkommunikation.png","@id":"https:\/\/blog.proofs.de\/tr\/din-spec-16699-offene-farbkommunikation-kurz-vor-der-verabschiedung\/#mainImage","width":2326,"height":1540,"caption":"Vorschau Titel DIN SPEC 16699 Offene Farbkommunikation \/ Open Colour Communication"},"primaryImageOfPage":{"@id":"https:\/\/blog.proofs.de\/tr\/din-spec-16699-offene-farbkommunikation-kurz-vor-der-verabschiedung\/#mainImage"},"datePublished":"2018-07-04T02:11:15+02:00","dateModified":"2020-05-08T02:12:06+02:00"},{"@type":"WebSite","@id":"https:\/\/blog.proofs.de\/tr\/#website","url":"https:\/\/blog.proofs.de\/tr\/","name":"Proof.de","description":"Farbverbindlicher Proof, Farbproof, Digitalproof und Online-Proof.","inLanguage":"tr-TR","publisher":{"@id":"https:\/\/blog.proofs.de\/tr\/#organization"}}]},"og:locale":"tr_TR","og:site_name":"Proof.de | Alles zu Proof, Farbmanagement, Grafik, Messtechnik &amp; Co.","og:type":"article","og:title":"DIN SPEC &quot;Offene Farbkommunikation&quot; vor Verabschiedung | proof.de","og:description":"Am Montag habenJan-Peter Homann, Holger Everding, Eric A. Soder und Matthias Betz beim DIN in Berlin einen Meilenstein f\u00fcr freie Farbkommunikation genommen","og:url":"https:\/\/blog.proofs.de\/tr\/din-spec-16699-offene-farbkommunikation-kurz-vor-der-verabschiedung\/","og:image":"https:\/\/blog.proofs.de\/wp-content\/uploads\/2018\/11\/DIN_SPEC_16699_Offene_Farbkommunikation.png","og:image:secure_url":"https:\/\/blog.proofs.de\/wp-content\/uploads\/2018\/11\/DIN_SPEC_16699_Offene_Farbkommunikation.png","og:image:width":2326,"og:image:height":1540,"article:published_time":"2018-07-04T00:11:15+00:00","article:modified_time":"2020-05-08T00:12:06+00:00","article:publisher":"https:\/\/www.facebook.com\/Proof.de\/","twitter:card":"summary","twitter:title":"DIN SPEC &quot;Offene Farbkommunikation&quot; vor Verabschiedung | proof.de","twitter:description":"Am Montag habenJan-Peter Homann, Holger Everding, Eric A. Soder und Matthias Betz beim DIN in Berlin einen Meilenstein f\u00fcr freie Farbkommunikation genommen","twitter:image":"https:\/\/blog1.proofen.de\/wp-content\/uploads\/2020\/04\/proof_background.jpg"},"aioseo_meta_data":{"post_id":"2095","title":"DIN SPEC &quot;Offene Farbkommunikation&quot; vor Verabschiedung |\u00a0proof.de","description":"Pazartesi g\u00fcn\u00fc Jan-Peter Homann, Holger Everding, Eric A. Soder ve Matthias Betz Berlin'deki DIN'de serbest renkli ileti\u015fim i\u00e7in bir d\u00f6n\u00fcm noktas\u0131 olu\u015fturdu","keywords":null,"keyphrases":null,"primary_term":null,"canonical_url":null,"og_title":null,"og_description":null,"og_object_type":"default","og_image_type":"default","og_image_url":null,"og_image_width":null,"og_image_height":null,"og_image_custom_url":null,"og_image_custom_fields":null,"og_video":null,"og_custom_url":null,"og_article_section":null,"og_article_tags":null,"twitter_use_og":false,"twitter_card":"default","twitter_image_type":"default","twitter_image_url":null,"twitter_image_custom_url":null,"twitter_image_custom_fields":null,"twitter_title":null,"twitter_description":null,"schema":{"blockGraphs":[],"customGraphs":[],"default":{"data":{"Article":[],"Course":[],"Dataset":[],"FAQPage":[],"Movie":[],"Person":[],"Product":[],"ProductReview":[],"Car":[],"Recipe":[],"Service":[],"SoftwareApplication":[],"WebPage":[]},"graphName":"","isEnabled":true},"graphs":[],"defaultGraph":"","defaultPostTypeGraph":""},"schema_type":null,"schema_type_options":null,"pillar_content":false,"robots_default":true,"robots_noindex":false,"robots_noarchive":false,"robots_nosnippet":false,"robots_nofollow":false,"robots_noimageindex":false,"robots_noodp":false,"robots_notranslate":false,"robots_max_snippet":null,"robots_max_videopreview":null,"robots_max_imagepreview":"large","priority":null,"frequency":null,"local_seo":null,"breadcrumb_settings":null,"limit_modified_date":false,"ai":null,"created":"2020-12-21 00:35:00","updated":"2025-06-04 14:22:05","seo_analyzer_scan_date":null,"focus_keyword":null,"additional_keywords":null,"truseo_locale":null},"_links":{"self":[{"href":"https:\/\/blog.proofs.de\/tr\/wp-json\/wp\/v2\/posts\/2095","targetHints":{"allow":["GET"]}}],"collection":[{"href":"https:\/\/blog.proofs.de\/tr\/wp-json\/wp\/v2\/posts"}],"about":[{"href":"https:\/\/blog.proofs.de\/tr\/wp-json\/wp\/v2\/types\/post"}],"author":[{"embeddable":true,"href":"https:\/\/blog.proofs.de\/tr\/wp-json\/wp\/v2\/users\/2"}],"replies":[{"embeddable":true,"href":"https:\/\/blog.proofs.de\/tr\/wp-json\/wp\/v2\/comments?post=2095"}],"version-history":[{"count":5,"href":"https:\/\/blog.proofs.de\/tr\/wp-json\/wp\/v2\/posts\/2095\/revisions"}],"predecessor-version":[{"id":3316,"href":"https:\/\/blog.proofs.de\/tr\/wp-json\/wp\/v2\/posts\/2095\/revisions\/3316"}],"wp:featuredmedia":[{"embeddable":true,"href":"https:\/\/blog.proofs.de\/tr\/wp-json\/wp\/v2\/media\/2194"}],"wp:attachment":[{"href":"https:\/\/blog.proofs.de\/tr\/wp-json\/wp\/v2\/media?parent=2095"}],"wp:term":[{"taxonomy":"category","embeddable":true,"href":"https:\/\/blog.proofs.de\/tr\/wp-json\/wp\/v2\/categories?post=2095"},{"taxonomy":"post_tag","embeddable":true,"href":"https:\/\/blog.proofs.de\/tr\/wp-json\/wp\/v2\/tags?post=2095"}],"curies":[{"name":"wp","href":"https:\/\/api.w.org\/{rel}","templated":true}]}}