{"id":2220,"date":"2018-11-12T01:15:25","date_gmt":"2018-11-12T00:15:25","guid":{"rendered":"http:\/\/www.proof.de\/?p=2220"},"modified":"2023-07-20T09:24:31","modified_gmt":"2023-07-20T07:24:31","slug":"adobe-renk-hesaplayici-2019-indesign-ve-illustratorda-muemkuen-olan-ondalik-basamaklar","status":"publish","type":"post","link":"https:\/\/blog.proofs.de\/tr\/adobe-farbwaehler-2019-nachkommastellen-in-indesign-und-illustrator-moeglich\/","title":{"rendered":"Adobe Colour Picker 2019: InDesign ve Illustrator'da ondal\u0131k basamaklar m\u00fcmk\u00fcn"},"content":{"rendered":"<div class=\"kk-star-ratings kksr-auto kksr-align-right kksr-valign-top\" data-payload='{\"align\":\"right\",\"id\":\"2220\",\"slug\":\"default\",\"valign\":\"top\",\"ignore\":\"\",\"reference\":\"auto\",\"class\":\"\",\"count\":\"1\",\"legendonly\":\"\",\"readonly\":\"\",\"score\":\"3\",\"starsonly\":\"\",\"best\":\"5\",\"gap\":\"5\",\"greet\":\"Jetzt bewerten\",\"legend\":\"3\\\/5 - (1 vote)\",\"size\":\"24\",\"title\":\"Adobe Farbw&auml;hler 2019: Nachkommastellen in InDesign und Illustrator m&ouml;glich\",\"width\":\"84.5\",\"_legend\":\"{score}\\\/{best} - ({count} {votes})\",\"font_factor\":\"1.25\"}'>\n            \n<div class=\"kksr-stars\">\n    \n<div class=\"kksr-stars-inactive\">\n            <div class=\"kksr-star\" data-star=\"1\" style=\"padding-right: 5px\">\n            \n\n<div class=\"kksr-icon\" style=\"width: 24px; height: 24px;\"><\/div>\n        <\/div>\n            <div class=\"kksr-star\" data-star=\"2\" style=\"padding-right: 5px\">\n            \n\n<div class=\"kksr-icon\" style=\"width: 24px; height: 24px;\"><\/div>\n        <\/div>\n            <div class=\"kksr-star\" data-star=\"3\" style=\"padding-right: 5px\">\n            \n\n<div class=\"kksr-icon\" style=\"width: 24px; height: 24px;\"><\/div>\n        <\/div>\n            <div class=\"kksr-star\" data-star=\"4\" style=\"padding-right: 5px\">\n            \n\n<div class=\"kksr-icon\" style=\"width: 24px; height: 24px;\"><\/div>\n        <\/div>\n            <div class=\"kksr-star\" data-star=\"5\" style=\"padding-right: 5px\">\n            \n\n<div class=\"kksr-icon\" style=\"width: 24px; height: 24px;\"><\/div>\n        <\/div>\n    <\/div>\n    \n<div class=\"kksr-stars-active\" style=\"width: 84.5px;\">\n            <div class=\"kksr-star\" style=\"padding-right: 5px\">\n            \n\n<div class=\"kksr-icon\" style=\"width: 24px; height: 24px;\"><\/div>\n        <\/div>\n            <div class=\"kksr-star\" style=\"padding-right: 5px\">\n            \n\n<div class=\"kksr-icon\" style=\"width: 24px; height: 24px;\"><\/div>\n        <\/div>\n            <div class=\"kksr-star\" style=\"padding-right: 5px\">\n            \n\n<div class=\"kksr-icon\" style=\"width: 24px; height: 24px;\"><\/div>\n        <\/div>\n            <div class=\"kksr-star\" style=\"padding-right: 5px\">\n            \n\n<div class=\"kksr-icon\" style=\"width: 24px; height: 24px;\"><\/div>\n        <\/div>\n            <div class=\"kksr-star\" style=\"padding-right: 5px\">\n            \n\n<div class=\"kksr-icon\" style=\"width: 24px; height: 24px;\"><\/div>\n        <\/div>\n    <\/div>\n<\/div>\n                \n\n<div class=\"kksr-legend\" style=\"font-size: 19.2px;\">\n            3\/5 - (1 oy)    <\/div>\n    <\/div>\n\n<p class=\"wp-block-paragraph\">Adobe, 2019 s\u00fcr\u00fcm\u00fcnde renk se\u00e7icisini g\u00fcncelledi. \u00d6zellikle, Adobe InDesign 2019'da renkler art\u0131k LAB ve <a href=\"https:\/\/blog.proofs.de\/tr\/lexikon\/lab\/\" target=\"_self\" title=\"CIELAB veya LAB, kesin renk hesaplamas\u0131n\u0131n gerekli oldu\u011fu her yerde kendini kabul ettirmi\u015f matematiksel bir renk modelidir. Bilgisayar renk y\u00f6netimi genellikle CIELAB \u00fczerinden \u00e7al\u0131\u015f\u0131r.\" class=\"encyclopedia\">LAB<\/a> ve <a href=\"https:\/\/blog.proofs.de\/tr\/lexikon\/cmyk\/\" target=\"_self\" title='CMYK, d\u00f6rt bask\u0131 rengi olan camg\u00f6be\u011fi, macenta, sar\u0131 ve &quot;anahtar&quot; (siyah veya siyah bile\u015fen) anlam\u0131na gelir.' class=\"encyclopedia\">CMYK<\/a> \u00d6zellikle y\u00fcksek kaliteli renk sekt\u00f6r\u00fcnde uzun zamand\u0131r istenen bir \u00f6zellik olan renkleri girerken ondal\u0131k basamaklar art\u0131k m\u00fcmk\u00fcn. \u015eimdiye kadar Adobe InDesign'da CMYK gibi renk de\u011ferlerini ondal\u0131k basamaklarla girmek ve PDF d\u0131\u015fa aktarma s\u0131ras\u0131nda bunlar\u0131 PDF'ye yazmak zaten m\u00fcmk\u00fcnd\u00fc, ancak yaln\u0131zca tam say\u0131 de\u011ferleri g\u00f6r\u00fcnt\u00fcleniyordu.<\/p>\n\n\n\n<p class=\"wp-block-paragraph\">Adobe InDesign 2019'da art\u0131k LAB ve CMYK i\u00e7in \u00fc\u00e7 ondal\u0131k basamak girilebilir ve ayr\u0131ca tekrar okunabilir. Ancak, bu de\u011ferler renk alanlar\u0131n\u0131n otomatik etiketlenmesinde benimsenmez, ancak bu her zaman manuel olarak ayarlanabilir.<\/p>\n\n\n<div class=\"wp-block-image\">\n<figure class=\"alignleft is-resized\"><a href=\"https:\/\/blog1.proofen.de\/wp-content\/uploads\/2018\/11\/Adobe_InDesign_2019_Farbw%C3%A4hler_CMYK_LAB_Eingabe_mit_Nachkommastellen.png\"><img loading=\"lazy\" decoding=\"async\" src=\"https:\/\/blog1.proofen.de\/wp-content\/uploads\/2018\/11\/Adobe_InDesign_2019_Farbw%C3%A4hler_CMYK_LAB_Eingabe_mit_Nachkommastellen-1024x557.png\" alt=\"Adobe InDesign 2019&#039;da CMYK ve LAB de\u011ferleri art\u0131k 3 ondal\u0131k basama\u011fa kadar girilebilir.\" class=\"wp-image-2221\" width=\"512\" height=\"279\" srcset=\"https:\/\/blog.proofs.de\/wp-content\/uploads\/2018\/11\/Adobe_InDesign_2019_Farbw&auml;hler_CMYK_LAB_Eingabe_mit_Nachkommastellen-1024x557.png 1024w, https:\/\/blog.proofs.de\/wp-content\/uploads\/2018\/11\/Adobe_InDesign_2019_Farbw&auml;hler_CMYK_LAB_Eingabe_mit_Nachkommastellen-300x163.png 300w, https:\/\/blog.proofs.de\/wp-content\/uploads\/2018\/11\/Adobe_InDesign_2019_Farbw&auml;hler_CMYK_LAB_Eingabe_mit_Nachkommastellen-768x417.png 768w, https:\/\/blog.proofs.de\/wp-content\/uploads\/2018\/11\/Adobe_InDesign_2019_Farbw&auml;hler_CMYK_LAB_Eingabe_mit_Nachkommastellen-500x272.png 500w, https:\/\/blog.proofs.de\/wp-content\/uploads\/2018\/11\/Adobe_InDesign_2019_Farbw&auml;hler_CMYK_LAB_Eingabe_mit_Nachkommastellen.png 1560w\" sizes=\"auto, (max-width: 512px) 100vw, 512px\"><\/a><figcaption class=\"wp-element-caption\">Adobe InDesign 2019'da CMYK ve LAB de\u011ferleri art\u0131k 3 ondal\u0131k basama\u011fa kadar girilebilir.<\/figcaption><\/figure>\n<\/div>\n\n\n<p class=\"wp-block-paragraph\">Ondal\u0131k basamakl\u0131 CMYK giri\u015fleri art\u0131k Adobe Illustrator 2019'da da m\u00fcmk\u00fcnd\u00fcr, ancak burada yaln\u0131zca iki ondal\u0131k basamak m\u00fcmk\u00fcnd\u00fcr. LAB ile hala yaln\u0131zca bir tamsay\u0131 giri\u015fi m\u00fcmk\u00fcnd\u00fcr.<\/p>\n\n\n<div class=\"wp-block-image\">\n<figure class=\"alignleft is-resized\"><a href=\"https:\/\/blog1.proofen.de\/wp-content\/uploads\/2018\/11\/Adobe_Illustrator_2019_Farbw%C3%A4hler_CMYK_Eingabe_mit_Nachkommastellen.png\"><img loading=\"lazy\" decoding=\"async\" src=\"https:\/\/blog1.proofen.de\/wp-content\/uploads\/2018\/11\/Adobe_Illustrator_2019_Farbw%C3%A4hler_CMYK_Eingabe_mit_Nachkommastellen-1024x614.png\" alt=\"Adobe Illustrator 2019 renk se\u00e7ici \u0130ki ondal\u0131k basamakl\u0131 CMYK giri\u015fi\" class=\"wp-image-2223\" width=\"512\" height=\"307\" srcset=\"https:\/\/blog.proofs.de\/wp-content\/uploads\/2018\/11\/Adobe_Illustrator_2019_Farbw&auml;hler_CMYK_Eingabe_mit_Nachkommastellen-1024x614.png 1024w, https:\/\/blog.proofs.de\/wp-content\/uploads\/2018\/11\/Adobe_Illustrator_2019_Farbw&auml;hler_CMYK_Eingabe_mit_Nachkommastellen-300x180.png 300w, https:\/\/blog.proofs.de\/wp-content\/uploads\/2018\/11\/Adobe_Illustrator_2019_Farbw&auml;hler_CMYK_Eingabe_mit_Nachkommastellen-768x460.png 768w, https:\/\/blog.proofs.de\/wp-content\/uploads\/2018\/11\/Adobe_Illustrator_2019_Farbw&auml;hler_CMYK_Eingabe_mit_Nachkommastellen-500x300.png 500w, https:\/\/blog.proofs.de\/wp-content\/uploads\/2018\/11\/Adobe_Illustrator_2019_Farbw&auml;hler_CMYK_Eingabe_mit_Nachkommastellen.png 1468w\" sizes=\"auto, (max-width: 512px) 100vw, 512px\"><\/a><figcaption class=\"wp-element-caption\">Adobe Illustrator 2019 renk se\u00e7ici \u0130ki ondal\u0131k basamakl\u0131 CMYK giri\u015fi<\/figcaption><\/figure>\n<\/div>\n\n<div class=\"wp-block-image\">\n<figure class=\"alignleft is-resized\"><a href=\"https:\/\/blog1.proofen.de\/wp-content\/uploads\/2018\/11\/Adobe_Illustrator_2019_Farbw%C3%A4hler_LAB_Eingabe_ohne_Nachkommastellen.png\"><img loading=\"lazy\" decoding=\"async\" src=\"https:\/\/blog1.proofen.de\/wp-content\/uploads\/2018\/11\/Adobe_Illustrator_2019_Farbw%C3%A4hler_LAB_Eingabe_ohne_Nachkommastellen-1024x612.png\" alt=\"Adobe Illustrator 2019 renk se\u00e7ici LAB Giri\u015fi yaln\u0131zca ondal\u0131k basamaklar olmadan m\u00fcmk\u00fcnd\u00fcr\" class=\"wp-image-2222\" width=\"512\" height=\"306\" srcset=\"https:\/\/blog.proofs.de\/wp-content\/uploads\/2018\/11\/Adobe_Illustrator_2019_Farbw&auml;hler_LAB_Eingabe_ohne_Nachkommastellen-1024x612.png 1024w, https:\/\/blog.proofs.de\/wp-content\/uploads\/2018\/11\/Adobe_Illustrator_2019_Farbw&auml;hler_LAB_Eingabe_ohne_Nachkommastellen-300x179.png 300w, https:\/\/blog.proofs.de\/wp-content\/uploads\/2018\/11\/Adobe_Illustrator_2019_Farbw&auml;hler_LAB_Eingabe_ohne_Nachkommastellen-768x459.png 768w, https:\/\/blog.proofs.de\/wp-content\/uploads\/2018\/11\/Adobe_Illustrator_2019_Farbw&auml;hler_LAB_Eingabe_ohne_Nachkommastellen-500x300.png 500w, https:\/\/blog.proofs.de\/wp-content\/uploads\/2018\/11\/Adobe_Illustrator_2019_Farbw&auml;hler_LAB_Eingabe_ohne_Nachkommastellen.png 1460w\" sizes=\"auto, (max-width: 512px) 100vw, 512px\"><\/a><figcaption class=\"wp-element-caption\">Adobe Illustrator 2019 renk se\u00e7ici LAB Giri\u015fi yaln\u0131zca ondal\u0131k basamaklar olmadan m\u00fcmk\u00fcnd\u00fcr<\/figcaption><\/figure>\n<\/div>\n\n\n<p class=\"wp-block-paragraph\"><a href=\"https:\/\/blog.proofs.de\/tr\/lexikon\/led\/\" target=\"_self\" title='LED, &quot;\u0131\u015f\u0131k yayan diyot&quot; anlam\u0131na gelir ve grafik end\u00fcstrisinde neon t\u00fcpler ve tungsten lambalar gibi eski \u0131\u015f\u0131k kaynaklar\u0131n\u0131n yerini alan yeni &quot;LED&quot; \u0131\u015f\u0131k anlam\u0131na gelir. Neon t\u00fcpler \u00e7o\u011funlukla D50 veya D65 standart \u0131\u015f\u0131k aral\u0131\u011f\u0131ndan bilinirken, tungsten \u0131\u015f\u0131k kaynaklar\u0131 \u00e7o\u011funlukla spektrofotometreler ve kolorimetreler gibi renk \u00f6l\u00e7\u00fcm cihazlar\u0131nda kullan\u0131l\u0131yordu....' class=\"encyclopedia\">Led<\/a>Yaln\u0131zca Adobe Photoshop, dosyan\u0131n 8 bit veya 16 bit olarak olu\u015fturulmas\u0131na bak\u0131lmaks\u0131z\u0131n, herhangi bir ondal\u0131k basama\u011fa, yaln\u0131zca tamsay\u0131 giri\u015flerine izin vermez. Bu LAB i\u00e7in ge\u00e7erlidir, <a href=\"https:\/\/blog.proofs.de\/tr\/lexikon\/rgb\/\" target=\"_self\" title=\"RGB k\u0131rm\u0131z\u0131, ye\u015fil ve mavi renkleri ifade eder. \u0130nsanlar\u0131n renk g\u00f6r\u00fc\u015f\u00fc bu renklere dayan\u0131r.\" class=\"encyclopedia\">RGB<\/a>, CMYK ve gri tonlama e\u015fit olarak: Hi\u00e7bir \u015fekilde <a href=\"https:\/\/blog.proofs.de\/tr\/lexikon\/farbsystem\/\" target=\"_self\" title=\"Renk sistemi (veya renk modeli), renkleri ve birbirleriyle olan ili\u015fkilerini belirlemeye ve tan\u0131mlamaya y\u00f6nelik soyut matematiksel bir y\u00f6ntemdir. Genellikle renk uzay\u0131 ile e\u015f tutulur, ancak bu, bir renk sisteminin renk \u00fcreten bir y\u00f6nteme (yaz\u0131c\u0131, ekran vb.) somut olarak uygulanmas\u0131d\u0131r.\" class=\"encyclopedia\">Renk sistemi<\/a> ondal\u0131k basamakl\u0131 bir giri\u015fe izin verilir.<\/p>\n\n\n\n<p class=\"wp-block-paragraph\">Adobe neden baz\u0131 yaz\u0131l\u0131m \u00e7\u00f6z\u00fcmlerinde renk verileri i\u00e7in yaln\u0131zca ondal\u0131k basamak kullan\u0131yor?<a href=\"https:\/\/blog.proofs.de\/tr\/lexikon\/efi\/\" target=\"_self\" title=\"Electronics For Imaging Inc veya k\u0131saca EFI, bir Amerikan \u015firketi ve d\u00fcnyan\u0131n \u00f6nde gelen prova sistemlerinden birinin \u00fcreticisidir: EFI Colorproof XF, 2013&#039;ten beri: Fiery XF. EFI, b\u00fcy\u00fck bask\u0131 sistemleri, RIP&#039;ler ve prova gibi renk y\u00f6netimi \u00e7\u00f6z\u00fcmleri i\u00e7in bir \u00e7\u00f6z\u00fcm sa\u011flay\u0131c\u0131s\u0131d\u0131r.\" class=\"encyclopedia\">efi<\/a>Hangi tan\u0131mlara izin verildi\u011fi ger\u00e7ekten a\u00e7\u0131k de\u011fildir. Ancak InDesign burada Photoshop ve Illustrator'a g\u00f6re a\u00e7\u0131k\u00e7a daha g\u00fc\u00e7l\u00fc bir konumda yer al\u0131yor; muhtemelen \u00fcretim zincirinde \u00e7ok \u00e7e\u015fitli kaynaklardan gelen verileri birle\u015ftirmesi gereken son yaz\u0131l\u0131m oldu\u011fu i\u00e7in en y\u00fcksek gereksinimler burada da ge\u00e7erli.<\/p>\n\n\n\n<p class=\"wp-block-paragraph\">ASE renk alan\u0131 verilerinin i\u00e7e aktar\u0131lmas\u0131 freieFarbe e.V.'nin 2040 renk alan\u0131 taraf\u0131ndan h\u0131zland\u0131r\u0131lmam\u0131\u015ft\u0131r. <a href=\"https:\/\/blog.proofs.de\/tr\/lexikon\/cielab\/\" target=\"_self\" title=\"CIELAB renk modeli 1976 y\u0131l\u0131nda Commission Internationale de l&#039;Eclairage taraf\u0131ndan tan\u0131mlanm\u0131\u015ft\u0131r ve alg\u0131lanabilir t\u00fcm renkleri tan\u0131mlamaktad\u0131r. Bu model, 1966 tarihli Hunter-LAB renk skalas\u0131n\u0131n daha da geli\u015ftirilmi\u015f halidir ve bir nesnenin spektral \u00f6zellikleri ile g\u00f6rsel sistemimizin alg\u0131sal \u00f6zelliklerinin birbirlerine kar\u015f\u0131 dengelendi\u011fi matematiksel bir renk modelidir. CIELAB ya da k\u0131saca LAB, g\u00fcn\u00fcm\u00fczde hala yayg\u0131n olarak kullan\u0131lmaktad\u0131r...\" class=\"encyclopedia\">CIELAB<\/a> <a href=\"https:\/\/blog.proofs.de\/tr\/lexikon\/hlc\/\" target=\"_self\" title=\"HLC, CIELAB renk uzay\u0131n\u0131n anla\u015f\u0131lmas\u0131 kolay bir g\u00f6sterimidir. Dikey L ekseni burada ayn\u0131d\u0131r. Bir renk konumunun yatay konumu burada pozitif a eksenine olan H a\u00e7\u0131s\u0131 (saat y\u00f6n\u00fcn\u00fcn tersine ve derece cinsinden) ve L eksenine olan mesafe olan C yar\u0131\u00e7ap\u0131 ile belirlenir.\" class=\"encyclopedia\">HLC<\/a> Renk atlas\u0131 da g\u00fcncel bir Macbook Pro'da neredeyse 2 dakika s\u00fcr\u00fcyor. Bununla birlikte, renk yamalar\u0131 art\u0131k tam ondal\u0131k de\u011ferlerle g\u00f6r\u00fcnt\u00fcleniyor; bu da son derece hassas renk verilerine g\u00fcvenen kullan\u0131c\u0131lar i\u00e7in ger\u00e7ek bir geli\u015fme.<\/p>\n\n\n<div class=\"wp-block-image\">\n<figure class=\"alignleft\"><a href=\"https:\/\/blog1.proofen.de\/wp-content\/uploads\/2018\/11\/Adobe_Photoshop_2019_Farbw%C3%A4hler_CMYK_LAB_Eingabe_ohne_Nachkommastellen.png\"><img loading=\"lazy\" decoding=\"async\" width=\"1024\" height=\"788\" src=\"https:\/\/blog1.proofen.de\/wp-content\/uploads\/2018\/11\/Adobe_Photoshop_2019_Farbw%C3%A4hler_CMYK_LAB_Eingabe_ohne_Nachkommastellen-1024x788.png\" alt=\"Adobe Photoshop 2019 renk se\u00e7ici ondal\u0131k basamaks\u0131z CMYK LAB giri\u015fi\" class=\"wp-image-2224\" srcset=\"https:\/\/blog.proofs.de\/wp-content\/uploads\/2018\/11\/Adobe_Photoshop_2019_Farbw&auml;hler_CMYK_LAB_Eingabe_ohne_Nachkommastellen-1024x788.png 1024w, https:\/\/blog.proofs.de\/wp-content\/uploads\/2018\/11\/Adobe_Photoshop_2019_Farbw&auml;hler_CMYK_LAB_Eingabe_ohne_Nachkommastellen-300x231.png 300w, https:\/\/blog.proofs.de\/wp-content\/uploads\/2018\/11\/Adobe_Photoshop_2019_Farbw&auml;hler_CMYK_LAB_Eingabe_ohne_Nachkommastellen-768x591.png 768w, https:\/\/blog.proofs.de\/wp-content\/uploads\/2018\/11\/Adobe_Photoshop_2019_Farbw&auml;hler_CMYK_LAB_Eingabe_ohne_Nachkommastellen-390x300.png 390w, https:\/\/blog.proofs.de\/wp-content\/uploads\/2018\/11\/Adobe_Photoshop_2019_Farbw&auml;hler_CMYK_LAB_Eingabe_ohne_Nachkommastellen.png 1258w\" sizes=\"auto, (max-width: 1024px) 100vw, 1024px\"><\/a><figcaption class=\"wp-element-caption\">Adobe Photoshop 2019 renk se\u00e7ici ondal\u0131k basamaks\u0131z CMYK LAB giri\u015fi<\/figcaption><\/figure>\n<\/div>\n\n<div class=\"wp-block-image\">\n<figure class=\"alignleft\"><a href=\"https:\/\/blog1.proofen.de\/wp-content\/uploads\/2018\/11\/Adobe_InDesign_2019_Import_von_freieFarbe_CIELAB_HLC_Farbatlas_ASE_Farbwerten_in_LAB.png\"><img loading=\"lazy\" decoding=\"async\" width=\"1024\" height=\"589\" src=\"https:\/\/blog1.proofen.de\/wp-content\/uploads\/2018\/11\/Adobe_InDesign_2019_Import_von_freieFarbe_CIELAB_HLC_Farbatlas_ASE_Farbwerten_in_LAB-1024x589.png\" alt=\"Adobe InDesign 2019 freeColour CIELAB HLC renk atlas\u0131 ASE renk de\u011ferlerinin LAB&#039;ye aktar\u0131lmas\u0131\" class=\"wp-image-2226\" srcset=\"https:\/\/blog.proofs.de\/wp-content\/uploads\/2018\/11\/Adobe_InDesign_2019_Import_von_freieFarbe_CIELAB_HLC_Farbatlas_ASE_Farbwerten_in_LAB-1024x589.png 1024w, https:\/\/blog.proofs.de\/wp-content\/uploads\/2018\/11\/Adobe_InDesign_2019_Import_von_freieFarbe_CIELAB_HLC_Farbatlas_ASE_Farbwerten_in_LAB-300x173.png 300w, https:\/\/blog.proofs.de\/wp-content\/uploads\/2018\/11\/Adobe_InDesign_2019_Import_von_freieFarbe_CIELAB_HLC_Farbatlas_ASE_Farbwerten_in_LAB-768x442.png 768w, https:\/\/blog.proofs.de\/wp-content\/uploads\/2018\/11\/Adobe_InDesign_2019_Import_von_freieFarbe_CIELAB_HLC_Farbatlas_ASE_Farbwerten_in_LAB-500x288.png 500w, https:\/\/blog.proofs.de\/wp-content\/uploads\/2018\/11\/Adobe_InDesign_2019_Import_von_freieFarbe_CIELAB_HLC_Farbatlas_ASE_Farbwerten_in_LAB.png 1546w\" sizes=\"auto, (max-width: 1024px) 100vw, 1024px\"><\/a><figcaption class=\"wp-element-caption\">Adobe InDesign 2019 freeColour CIELAB HLC renk atlas\u0131 ASE renk de\u011ferlerinin LAB'ye aktar\u0131lmas\u0131<\/figcaption><\/figure>\n<\/div>","protected":false},"excerpt":{"rendered":"<p>Adobe, 2019 s\u00fcr\u00fcm\u00fcnde renk se\u00e7icisini g\u00fcncelledi. \u00d6zellikle Adobe InDesign 2019'da, \u00f6zellikle \u00fcst d\u00fczey renk sekt\u00f6r\u00fcnde uzun zamand\u0131r istenen bir \u00f6zellik olan, renkleri girerken LAB ve CMYK i\u00e7in ondal\u0131k basamaklar art\u0131k m\u00fcmk\u00fcn. Daha \u00f6nce Adobe InDesign'da CMYK gibi renk de\u011ferlerini ondal\u0131k basamaklarla girmek ve PDF d\u0131\u015fa aktarma s\u0131ras\u0131nda bunlar\u0131 PDF'ye yazmak zaten m\u00fcmk\u00fcnd\u00fc, ancak yaln\u0131zca tam say\u0131 de\u011ferleri g\u00f6r\u00fcnt\u00fcleniyordu. Adobe InDesign 2019'da art\u0131k LAB ve CMYK i\u00e7in \u00fc\u00e7 ondal\u0131k basamak girilebilir ve ayr\u0131ca tekrar okunabilir. Otomatik olarak ... <\/p>\n<p class=\"read-more-container\"><a title=\"Adobe Colour Picker 2019: InDesign ve Illustrator&#039;da ondal\u0131k basamaklar m\u00fcmk\u00fcn\" class=\"read-more button\" href=\"https:\/\/blog.proofs.de\/tr\/adobe-farbwaehler-2019-nachkommastellen-in-indesign-und-illustrator-moeglich\/#more-2220\" aria-label=\"Adobe Colour Picker 2019: InDesign ve Illustrator&#039;da ondal\u0131k basamaklar m\u00fcmk\u00fcn hakk\u0131nda devam\u0131n\u0131 oku\">Daha fazla bilgi edinin<\/a><\/p>","protected":false},"author":2,"featured_media":2223,"comment_status":"open","ping_status":"open","sticky":false,"template":"","format":"standard","meta":{"om_disable_all_campaigns":false,"inline_featured_image":false,"_monsterinsights_skip_tracking":false,"footnotes":""},"categories":[1,441],"tags":[553,706,529,825,824,709,708,820,823,819,822,230,826,821],"class_list":["post-2220","post","type-post","status-publish","format-standard","has-post-thumbnail","hentry","category-allgemein","category-layout-tipps-und-tricks","tag-adobe","tag-cielab","tag-cmyk","tag-dezimalstellen","tag-farbwaehler","tag-hlc-colour-atlas","tag-hlc-farbatlas","tag-illustator","tag-illustrator-2019","tag-indesign","tag-indesign-2019","tag-lab","tag-nachkommastellen","tag-photoshop","generate-columns","tablet-grid-50","mobile-grid-100","grid-parent","grid-50","no-featured-image-padding","resize-featured-image"],"aioseo_notices":[],"aioseo_head":"\n\t\t<!-- All in One SEO 5.0.1.1 - aioseo.com -->\n\t<meta name=\"description\" content=\"Adobe aktualisiert in der 2019er Version den Farbw\u00e4hler. In InDesign sind jetzt f\u00fcr LAB und CMYK Nachkommastellen m\u00f6glich, wichtig f\u00fcr den HighEnd Farbbereich.\" \/>\n\t<meta name=\"robots\" content=\"max-image-preview:large\" \/>\n\t<meta name=\"author\" content=\"Matthias Betz\"\/>\n\t<meta name=\"google-site-verification\" content=\"TuXxyRwxcEg2-WfOaQ8vScWQh3-uBAnxXmY7g3GT90A\" \/>\n\t<meta name=\"keywords\" content=\"adobe,indesign,illustator,photoshop,indesign 2019,illustrator 2019,indesign 2019,farbw\u00e4hler,lab,cmyk,dezimalstellen,nachkommastellen,cielab,hlc farbatlas,hlc colour atlas,adobe,cielab,cmyk,dezimalstellen,farbw\u00e4hler,hlc colour atlas,hlc farbatlas,illustator,illustrator 2019,indesign,indesign 2019,lab,nachkommastellen,photoshop\" \/>\n\t<link rel=\"canonical\" href=\"https:\/\/blog.proofs.de\/tr\/adobe-farbwaehler-2019-nachkommastellen-in-indesign-und-illustrator-moeglich\/\" \/>\n\t<meta name=\"generator\" content=\"All in One SEO (AIOSEO) 5.0.1.1\" \/>\n\n\t\t<meta name=\"seobility\" content=\"593a8578143db71543f014978c690d47\">\n\t\t<meta property=\"og:locale\" content=\"tr_TR\" \/>\n\t\t<meta property=\"og:site_name\" content=\"Proof.de | Alles zu Proof, Farbmanagement, Grafik, Messtechnik &amp; Co.\" \/>\n\t\t<meta property=\"og:type\" content=\"article\" \/>\n\t\t<meta property=\"og:title\" content=\"Adobe Farbw\u00e4hler: Komma in InDesign\/Illustrator | proof.de\" \/>\n\t\t<meta property=\"og:description\" content=\"Adobe aktualisiert in der 2019er Version den Farbw\u00e4hler. In InDesign sind jetzt f\u00fcr LAB und CMYK Nachkommastellen m\u00f6glich, wichtig f\u00fcr den HighEnd Farbbereich.\" \/>\n\t\t<meta property=\"og:url\" content=\"https:\/\/blog.proofs.de\/tr\/adobe-farbwaehler-2019-nachkommastellen-in-indesign-und-illustrator-moeglich\/\" \/>\n\t\t<meta property=\"og:image\" content=\"https:\/\/blog.proofs.de\/wp-content\/uploads\/2018\/11\/Adobe_Illustrator_2019_Farbw\u00e4hler_CMYK_Eingabe_mit_Nachkommastellen.png\" \/>\n\t\t<meta property=\"og:image:secure_url\" content=\"https:\/\/blog.proofs.de\/wp-content\/uploads\/2018\/11\/Adobe_Illustrator_2019_Farbw\u00e4hler_CMYK_Eingabe_mit_Nachkommastellen.png\" \/>\n\t\t<meta property=\"og:image:width\" content=\"1468\" \/>\n\t\t<meta property=\"og:image:height\" content=\"880\" \/>\n\t\t<meta property=\"article:published_time\" content=\"2018-11-12T00:15:25+00:00\" \/>\n\t\t<meta property=\"article:modified_time\" content=\"2023-07-20T07:24:31+00:00\" \/>\n\t\t<meta property=\"article:publisher\" content=\"https:\/\/www.facebook.com\/Proof.de\/\" \/>\n\t\t<meta name=\"twitter:card\" content=\"summary\" \/>\n\t\t<meta name=\"twitter:title\" content=\"Adobe Farbw\u00e4hler: Komma in InDesign\/Illustrator | proof.de\" \/>\n\t\t<meta name=\"twitter:description\" content=\"Adobe aktualisiert in der 2019er Version den Farbw\u00e4hler. In InDesign sind jetzt f\u00fcr LAB und CMYK Nachkommastellen m\u00f6glich, wichtig f\u00fcr den HighEnd Farbbereich.\" \/>\n\t\t<meta name=\"twitter:image\" content=\"https:\/\/blog1.proofen.de\/wp-content\/uploads\/2020\/04\/proof_background.jpg\" \/>\n\t\t<script type=\"application\/ld+json\" class=\"aioseo-schema\">\n\t\t\t{\"@context\":\"https:\\\/\\\/schema.org\",\"@graph\":[{\"@type\":\"Article\",\"@id\":\"https:\\\/\\\/blog.proofs.de\\\/tr\\\/adobe-farbwaehler-2019-nachkommastellen-in-indesign-und-illustrator-moeglich\\\/#article\",\"name\":\"Adobe Farbw\\u00e4hler: Komma in InDesign\\\/Illustrator | proof.de\",\"headline\":\"Adobe Farbw\\u00e4hler 2019: Nachkommastellen in InDesign und Illustrator m\\u00f6glich\",\"author\":{\"@id\":\"https:\\\/\\\/blog.proofs.de\\\/tr\\\/author\\\/mbetz\\\/#author\"},\"publisher\":{\"@id\":\"https:\\\/\\\/blog.proofs.de\\\/tr\\\/#organization\"},\"image\":{\"@type\":\"ImageObject\",\"url\":\"https:\\\/\\\/blog.proofs.de\\\/wp-content\\\/uploads\\\/2018\\\/11\\\/Adobe_Illustrator_2019_Farbw\\u00e4hler_CMYK_Eingabe_mit_Nachkommastellen.png\",\"width\":1468,\"height\":880,\"caption\":\"Adobe Illustrator 2019 Farbw\\u00e4hler CMYK Eingabe mit zwei Nachkommastellen\"},\"datePublished\":\"2018-11-12T01:15:25+01:00\",\"dateModified\":\"2023-07-20T09:24:31+02:00\",\"inLanguage\":\"tr-TR\",\"mainEntityOfPage\":{\"@id\":\"https:\\\/\\\/blog.proofs.de\\\/tr\\\/adobe-farbwaehler-2019-nachkommastellen-in-indesign-und-illustrator-moeglich\\\/#webpage\"},\"isPartOf\":{\"@id\":\"https:\\\/\\\/blog.proofs.de\\\/tr\\\/adobe-farbwaehler-2019-nachkommastellen-in-indesign-und-illustrator-moeglich\\\/#webpage\"},\"articleSection\":\"Allgemein, Layout Tipps, Adobe, CIELAB, CMYK, Dezimalstellen, Farbw\\u00e4hler, HLC Colour Atlas, HLC Farbatlas, Illustator, Illustrator 2019, InDesign, InDesign 2019, LAB, Nachkommastellen, Photoshop\"},{\"@type\":\"BreadcrumbList\",\"@id\":\"https:\\\/\\\/blog.proofs.de\\\/tr\\\/adobe-farbwaehler-2019-nachkommastellen-in-indesign-und-illustrator-moeglich\\\/#breadcrumblist\",\"itemListElement\":[{\"@type\":\"ListItem\",\"@id\":\"https:\\\/\\\/blog.proofs.de\\\/tr#listItem\",\"position\":1,\"name\":\"Home\",\"item\":\"https:\\\/\\\/blog.proofs.de\\\/tr\",\"nextItem\":{\"@type\":\"ListItem\",\"@id\":\"https:\\\/\\\/blog.proofs.de\\\/tr\\\/thema\\\/proof-wissen\\\/#listItem\",\"name\":\"Proof Wissen\"}},{\"@type\":\"ListItem\",\"@id\":\"https:\\\/\\\/blog.proofs.de\\\/tr\\\/thema\\\/proof-wissen\\\/#listItem\",\"position\":2,\"name\":\"Proof Wissen\",\"item\":\"https:\\\/\\\/blog.proofs.de\\\/tr\\\/thema\\\/proof-wissen\\\/\",\"nextItem\":{\"@type\":\"ListItem\",\"@id\":\"https:\\\/\\\/blog.proofs.de\\\/tr\\\/thema\\\/proof-wissen\\\/layout-tipps-und-tricks\\\/#listItem\",\"name\":\"Layout Tipps\"},\"previousItem\":{\"@type\":\"ListItem\",\"@id\":\"https:\\\/\\\/blog.proofs.de\\\/tr#listItem\",\"name\":\"Home\"}},{\"@type\":\"ListItem\",\"@id\":\"https:\\\/\\\/blog.proofs.de\\\/tr\\\/thema\\\/proof-wissen\\\/layout-tipps-und-tricks\\\/#listItem\",\"position\":3,\"name\":\"Layout Tipps\",\"item\":\"https:\\\/\\\/blog.proofs.de\\\/tr\\\/thema\\\/proof-wissen\\\/layout-tipps-und-tricks\\\/\",\"nextItem\":{\"@type\":\"ListItem\",\"@id\":\"https:\\\/\\\/blog.proofs.de\\\/tr\\\/adobe-farbwaehler-2019-nachkommastellen-in-indesign-und-illustrator-moeglich\\\/#listItem\",\"name\":\"Adobe Farbw\\u00e4hler 2019: Nachkommastellen in InDesign und Illustrator m\\u00f6glich\"},\"previousItem\":{\"@type\":\"ListItem\",\"@id\":\"https:\\\/\\\/blog.proofs.de\\\/tr\\\/thema\\\/proof-wissen\\\/#listItem\",\"name\":\"Proof Wissen\"}},{\"@type\":\"ListItem\",\"@id\":\"https:\\\/\\\/blog.proofs.de\\\/tr\\\/adobe-farbwaehler-2019-nachkommastellen-in-indesign-und-illustrator-moeglich\\\/#listItem\",\"position\":4,\"name\":\"Adobe Farbw\\u00e4hler 2019: Nachkommastellen in InDesign und Illustrator m\\u00f6glich\",\"previousItem\":{\"@type\":\"ListItem\",\"@id\":\"https:\\\/\\\/blog.proofs.de\\\/tr\\\/thema\\\/proof-wissen\\\/layout-tipps-und-tricks\\\/#listItem\",\"name\":\"Layout Tipps\"}}]},{\"@type\":\"Organization\",\"@id\":\"https:\\\/\\\/blog.proofs.de\\\/tr\\\/#organization\",\"name\":\"Proof GmbH\",\"description\":\"Farbverbindlicher Proof, Farbproof, Digitalproof und Online-Proof.\",\"url\":\"https:\\\/\\\/blog.proofs.de\\\/tr\\\/\",\"telephone\":\"+4970717952740\",\"logo\":{\"@type\":\"ImageObject\",\"url\":\"https:\\\/\\\/blog1.proofen.de\\\/wp-content\\\/uploads\\\/2019\\\/09\\\/logo_proof_rgb_mit_balken_250px.png\",\"@id\":\"https:\\\/\\\/blog.proofs.de\\\/tr\\\/adobe-farbwaehler-2019-nachkommastellen-in-indesign-und-illustrator-moeglich\\\/#organizationLogo\"},\"image\":{\"@id\":\"https:\\\/\\\/blog.proofs.de\\\/tr\\\/adobe-farbwaehler-2019-nachkommastellen-in-indesign-und-illustrator-moeglich\\\/#organizationLogo\"},\"sameAs\":[\"https:\\\/\\\/www.facebook.com\\\/Proof.de\\\/\",\"https:\\\/\\\/www.instagram.com\\\/proof.de\\\/\",\"https:\\\/\\\/www.tiktok.com\\\/@proof_de\",\"https:\\\/\\\/www.youtube.com\\\/channel\\\/UCk80fQVQ25wC9wu3SywB-Nw\",\"https:\\\/\\\/www.linkedin.com\\\/company\\\/proof-de\"]},{\"@type\":\"Person\",\"@id\":\"https:\\\/\\\/blog.proofs.de\\\/tr\\\/author\\\/mbetz\\\/#author\",\"url\":\"https:\\\/\\\/blog.proofs.de\\\/tr\\\/author\\\/mbetz\\\/\",\"name\":\"Matthias Betz\",\"image\":{\"@type\":\"ImageObject\",\"@id\":\"https:\\\/\\\/blog.proofs.de\\\/tr\\\/adobe-farbwaehler-2019-nachkommastellen-in-indesign-und-illustrator-moeglich\\\/#authorImage\",\"url\":\"https:\\\/\\\/blog.proofs.de\\\/wp-content\\\/uploads\\\/2020\\\/10\\\/matthias-betz-e1603934518350-150x150.png\",\"width\":96,\"height\":96,\"caption\":\"Matthias Betz\"}},{\"@type\":\"WebPage\",\"@id\":\"https:\\\/\\\/blog.proofs.de\\\/tr\\\/adobe-farbwaehler-2019-nachkommastellen-in-indesign-und-illustrator-moeglich\\\/#webpage\",\"url\":\"https:\\\/\\\/blog.proofs.de\\\/tr\\\/adobe-farbwaehler-2019-nachkommastellen-in-indesign-und-illustrator-moeglich\\\/\",\"name\":\"Adobe Farbw\\u00e4hler: Komma in InDesign\\\/Illustrator | proof.de\",\"description\":\"Adobe aktualisiert in der 2019er Version den Farbw\\u00e4hler. In InDesign sind jetzt f\\u00fcr LAB und CMYK Nachkommastellen m\\u00f6glich, wichtig f\\u00fcr den HighEnd Farbbereich.\",\"inLanguage\":\"tr-TR\",\"isPartOf\":{\"@id\":\"https:\\\/\\\/blog.proofs.de\\\/tr\\\/#website\"},\"breadcrumb\":{\"@id\":\"https:\\\/\\\/blog.proofs.de\\\/tr\\\/adobe-farbwaehler-2019-nachkommastellen-in-indesign-und-illustrator-moeglich\\\/#breadcrumblist\"},\"author\":{\"@id\":\"https:\\\/\\\/blog.proofs.de\\\/tr\\\/author\\\/mbetz\\\/#author\"},\"creator\":{\"@id\":\"https:\\\/\\\/blog.proofs.de\\\/tr\\\/author\\\/mbetz\\\/#author\"},\"image\":{\"@type\":\"ImageObject\",\"url\":\"https:\\\/\\\/blog.proofs.de\\\/wp-content\\\/uploads\\\/2018\\\/11\\\/Adobe_Illustrator_2019_Farbw\\u00e4hler_CMYK_Eingabe_mit_Nachkommastellen.png\",\"@id\":\"https:\\\/\\\/blog.proofs.de\\\/tr\\\/adobe-farbwaehler-2019-nachkommastellen-in-indesign-und-illustrator-moeglich\\\/#mainImage\",\"width\":1468,\"height\":880,\"caption\":\"Adobe Illustrator 2019 Farbw\\u00e4hler CMYK Eingabe mit zwei Nachkommastellen\"},\"primaryImageOfPage\":{\"@id\":\"https:\\\/\\\/blog.proofs.de\\\/tr\\\/adobe-farbwaehler-2019-nachkommastellen-in-indesign-und-illustrator-moeglich\\\/#mainImage\"},\"datePublished\":\"2018-11-12T01:15:25+01:00\",\"dateModified\":\"2023-07-20T09:24:31+02:00\"},{\"@type\":\"WebSite\",\"@id\":\"https:\\\/\\\/blog.proofs.de\\\/tr\\\/#website\",\"url\":\"https:\\\/\\\/blog.proofs.de\\\/tr\\\/\",\"name\":\"Proof.de\",\"description\":\"Farbverbindlicher Proof, Farbproof, Digitalproof und Online-Proof.\",\"inLanguage\":\"tr-TR\",\"publisher\":{\"@id\":\"https:\\\/\\\/blog.proofs.de\\\/tr\\\/#organization\"}}]}\n\t\t<\/script>\n\t\t<!-- All in One SEO -->\n\n","aioseo_head_json":{"title":"Adobe Renk Se\u00e7ici: InDesign\/Illustrator'da Virg\u00fcl | proof.de","description":"Adobe, 2019 s\u00fcr\u00fcm\u00fcnde renk se\u00e7iciyi g\u00fcncelledi. InDesign'da LAB ve CMYK i\u00e7in ondal\u0131k basamaklar art\u0131k m\u00fcmk\u00fcn, bu da \u00fcst d\u00fczey renk aral\u0131\u011f\u0131 i\u00e7in \u00f6nemli.","canonical_url":"https:\/\/blog.proofs.de\/tr\/adobe-farbwaehler-2019-nachkommastellen-in-indesign-und-illustrator-moeglich\/","robots":"max-image-preview:large","keywords":"adobe,indesign,illustator,photoshop,indesign 2019,illustrator 2019,indesign 2019,farbw\u00e4hler,lab,cmyk,dezimalstellen,nachkommastellen,cielab,hlc farbatlas,hlc colour atlas,adobe,cielab,cmyk,dezimalstellen,farbw\u00e4hler,hlc colour atlas,hlc farbatlas,illustator,illustrator 2019,indesign,indesign 2019,lab,nachkommastellen,photoshop","webmasterTools":{"google-site-verification":"TuXxyRwxcEg2-WfOaQ8vScWQh3-uBAnxXmY7g3GT90A","miscellaneous":"&lt;meta name=\"seobility\" content=\"593a8578143db71543f014978c690d47\"&gt;"},"schema":{"@context":"https:\/\/schema.org","@graph":[{"@type":"Article","@id":"https:\/\/blog.proofs.de\/tr\/adobe-farbwaehler-2019-nachkommastellen-in-indesign-und-illustrator-moeglich\/#article","name":"Adobe Farbw\u00e4hler: Komma in InDesign\/Illustrator | proof.de","headline":"Adobe Farbw\u00e4hler 2019: Nachkommastellen in InDesign und Illustrator m\u00f6glich","author":{"@id":"https:\/\/blog.proofs.de\/tr\/author\/mbetz\/#author"},"publisher":{"@id":"https:\/\/blog.proofs.de\/tr\/#organization"},"image":{"@type":"ImageObject","url":"https:\/\/blog.proofs.de\/wp-content\/uploads\/2018\/11\/Adobe_Illustrator_2019_Farbw\u00e4hler_CMYK_Eingabe_mit_Nachkommastellen.png","width":1468,"height":880,"caption":"Adobe Illustrator 2019 Farbw\u00e4hler CMYK Eingabe mit zwei Nachkommastellen"},"datePublished":"2018-11-12T01:15:25+01:00","dateModified":"2023-07-20T09:24:31+02:00","inLanguage":"tr-TR","mainEntityOfPage":{"@id":"https:\/\/blog.proofs.de\/tr\/adobe-farbwaehler-2019-nachkommastellen-in-indesign-und-illustrator-moeglich\/#webpage"},"isPartOf":{"@id":"https:\/\/blog.proofs.de\/tr\/adobe-farbwaehler-2019-nachkommastellen-in-indesign-und-illustrator-moeglich\/#webpage"},"articleSection":"Allgemein, Layout Tipps, Adobe, CIELAB, CMYK, Dezimalstellen, Farbw\u00e4hler, HLC Colour Atlas, HLC Farbatlas, Illustator, Illustrator 2019, InDesign, InDesign 2019, LAB, Nachkommastellen, Photoshop"},{"@type":"BreadcrumbList","@id":"https:\/\/blog.proofs.de\/tr\/adobe-farbwaehler-2019-nachkommastellen-in-indesign-und-illustrator-moeglich\/#breadcrumblist","itemListElement":[{"@type":"ListItem","@id":"https:\/\/blog.proofs.de\/tr#listItem","position":1,"name":"Home","item":"https:\/\/blog.proofs.de\/tr","nextItem":{"@type":"ListItem","@id":"https:\/\/blog.proofs.de\/tr\/thema\/proof-wissen\/#listItem","name":"Proof Wissen"}},{"@type":"ListItem","@id":"https:\/\/blog.proofs.de\/tr\/thema\/proof-wissen\/#listItem","position":2,"name":"Proof Wissen","item":"https:\/\/blog.proofs.de\/tr\/thema\/proof-wissen\/","nextItem":{"@type":"ListItem","@id":"https:\/\/blog.proofs.de\/tr\/thema\/proof-wissen\/layout-tipps-und-tricks\/#listItem","name":"Layout Tipps"},"previousItem":{"@type":"ListItem","@id":"https:\/\/blog.proofs.de\/tr#listItem","name":"Home"}},{"@type":"ListItem","@id":"https:\/\/blog.proofs.de\/tr\/thema\/proof-wissen\/layout-tipps-und-tricks\/#listItem","position":3,"name":"Layout Tipps","item":"https:\/\/blog.proofs.de\/tr\/thema\/proof-wissen\/layout-tipps-und-tricks\/","nextItem":{"@type":"ListItem","@id":"https:\/\/blog.proofs.de\/tr\/adobe-farbwaehler-2019-nachkommastellen-in-indesign-und-illustrator-moeglich\/#listItem","name":"Adobe Farbw\u00e4hler 2019: Nachkommastellen in InDesign und Illustrator m\u00f6glich"},"previousItem":{"@type":"ListItem","@id":"https:\/\/blog.proofs.de\/tr\/thema\/proof-wissen\/#listItem","name":"Proof Wissen"}},{"@type":"ListItem","@id":"https:\/\/blog.proofs.de\/tr\/adobe-farbwaehler-2019-nachkommastellen-in-indesign-und-illustrator-moeglich\/#listItem","position":4,"name":"Adobe Farbw\u00e4hler 2019: Nachkommastellen in InDesign und Illustrator m\u00f6glich","previousItem":{"@type":"ListItem","@id":"https:\/\/blog.proofs.de\/tr\/thema\/proof-wissen\/layout-tipps-und-tricks\/#listItem","name":"Layout Tipps"}}]},{"@type":"Organization","@id":"https:\/\/blog.proofs.de\/tr\/#organization","name":"Proof GmbH","description":"Farbverbindlicher Proof, Farbproof, Digitalproof und Online-Proof.","url":"https:\/\/blog.proofs.de\/tr\/","telephone":"+4970717952740","logo":{"@type":"ImageObject","url":"https:\/\/blog1.proofen.de\/wp-content\/uploads\/2019\/09\/logo_proof_rgb_mit_balken_250px.png","@id":"https:\/\/blog.proofs.de\/tr\/adobe-farbwaehler-2019-nachkommastellen-in-indesign-und-illustrator-moeglich\/#organizationLogo"},"image":{"@id":"https:\/\/blog.proofs.de\/tr\/adobe-farbwaehler-2019-nachkommastellen-in-indesign-und-illustrator-moeglich\/#organizationLogo"},"sameAs":["https:\/\/www.facebook.com\/Proof.de\/","https:\/\/www.instagram.com\/proof.de\/","https:\/\/www.tiktok.com\/@proof_de","https:\/\/www.youtube.com\/channel\/UCk80fQVQ25wC9wu3SywB-Nw","https:\/\/www.linkedin.com\/company\/proof-de"]},{"@type":"Person","@id":"https:\/\/blog.proofs.de\/tr\/author\/mbetz\/#author","url":"https:\/\/blog.proofs.de\/tr\/author\/mbetz\/","name":"Matthias Betz","image":{"@type":"ImageObject","@id":"https:\/\/blog.proofs.de\/tr\/adobe-farbwaehler-2019-nachkommastellen-in-indesign-und-illustrator-moeglich\/#authorImage","url":"https:\/\/blog.proofs.de\/wp-content\/uploads\/2020\/10\/matthias-betz-e1603934518350-150x150.png","width":96,"height":96,"caption":"Matthias Betz"}},{"@type":"WebPage","@id":"https:\/\/blog.proofs.de\/tr\/adobe-farbwaehler-2019-nachkommastellen-in-indesign-und-illustrator-moeglich\/#webpage","url":"https:\/\/blog.proofs.de\/tr\/adobe-farbwaehler-2019-nachkommastellen-in-indesign-und-illustrator-moeglich\/","name":"Adobe Farbw\u00e4hler: Komma in InDesign\/Illustrator | proof.de","description":"Adobe aktualisiert in der 2019er Version den Farbw\u00e4hler. In InDesign sind jetzt f\u00fcr LAB und CMYK Nachkommastellen m\u00f6glich, wichtig f\u00fcr den HighEnd Farbbereich.","inLanguage":"tr-TR","isPartOf":{"@id":"https:\/\/blog.proofs.de\/tr\/#website"},"breadcrumb":{"@id":"https:\/\/blog.proofs.de\/tr\/adobe-farbwaehler-2019-nachkommastellen-in-indesign-und-illustrator-moeglich\/#breadcrumblist"},"author":{"@id":"https:\/\/blog.proofs.de\/tr\/author\/mbetz\/#author"},"creator":{"@id":"https:\/\/blog.proofs.de\/tr\/author\/mbetz\/#author"},"image":{"@type":"ImageObject","url":"https:\/\/blog.proofs.de\/wp-content\/uploads\/2018\/11\/Adobe_Illustrator_2019_Farbw\u00e4hler_CMYK_Eingabe_mit_Nachkommastellen.png","@id":"https:\/\/blog.proofs.de\/tr\/adobe-farbwaehler-2019-nachkommastellen-in-indesign-und-illustrator-moeglich\/#mainImage","width":1468,"height":880,"caption":"Adobe Illustrator 2019 Farbw\u00e4hler CMYK Eingabe mit zwei Nachkommastellen"},"primaryImageOfPage":{"@id":"https:\/\/blog.proofs.de\/tr\/adobe-farbwaehler-2019-nachkommastellen-in-indesign-und-illustrator-moeglich\/#mainImage"},"datePublished":"2018-11-12T01:15:25+01:00","dateModified":"2023-07-20T09:24:31+02:00"},{"@type":"WebSite","@id":"https:\/\/blog.proofs.de\/tr\/#website","url":"https:\/\/blog.proofs.de\/tr\/","name":"Proof.de","description":"Farbverbindlicher Proof, Farbproof, Digitalproof und Online-Proof.","inLanguage":"tr-TR","publisher":{"@id":"https:\/\/blog.proofs.de\/tr\/#organization"}}]},"og:locale":"tr_TR","og:site_name":"Proof.de | Alles zu Proof, Farbmanagement, Grafik, Messtechnik &amp; Co.","og:type":"article","og:title":"Adobe Farbw\u00e4hler: Komma in InDesign\/Illustrator | proof.de","og:description":"Adobe aktualisiert in der 2019er Version den Farbw\u00e4hler. In InDesign sind jetzt f\u00fcr LAB und CMYK Nachkommastellen m\u00f6glich, wichtig f\u00fcr den HighEnd Farbbereich.","og:url":"https:\/\/blog.proofs.de\/tr\/adobe-farbwaehler-2019-nachkommastellen-in-indesign-und-illustrator-moeglich\/","og:image":"https:\/\/blog.proofs.de\/wp-content\/uploads\/2018\/11\/Adobe_Illustrator_2019_Farbw\u00e4hler_CMYK_Eingabe_mit_Nachkommastellen.png","og:image:secure_url":"https:\/\/blog.proofs.de\/wp-content\/uploads\/2018\/11\/Adobe_Illustrator_2019_Farbw\u00e4hler_CMYK_Eingabe_mit_Nachkommastellen.png","og:image:width":1468,"og:image:height":880,"article:published_time":"2018-11-12T00:15:25+00:00","article:modified_time":"2023-07-20T07:24:31+00:00","article:publisher":"https:\/\/www.facebook.com\/Proof.de\/","twitter:card":"summary","twitter:title":"Adobe Farbw\u00e4hler: Komma in InDesign\/Illustrator | proof.de","twitter:description":"Adobe aktualisiert in der 2019er Version den Farbw\u00e4hler. In InDesign sind jetzt f\u00fcr LAB und CMYK Nachkommastellen m\u00f6glich, wichtig f\u00fcr den HighEnd Farbbereich.","twitter:image":"https:\/\/blog1.proofen.de\/wp-content\/uploads\/2020\/04\/proof_background.jpg"},"aioseo_meta_data":{"post_id":"2220","title":"Adobe Renk Se\u00e7ici: InDesign\/Illustrator\u2019da virg\u00fcl | proof.de","description":"Adobe, 2019 s\u00fcr\u00fcm\u00fcnde renk se\u00e7iciyi g\u00fcncelledi. InDesign'da LAB ve CMYK i\u00e7in ondal\u0131k basamaklar art\u0131k m\u00fcmk\u00fcn, bu da \u00fcst d\u00fczey renk aral\u0131\u011f\u0131 i\u00e7in \u00f6nemli.","keywords":[{"label":"Adobe,InDesign,Illustator,Photoshop,InDesign 2019,Illustrator 2019,InDesign 2019,Farbw\u00e4hler,LAB,CMYK,Dezimalstellen,Nachkommastellen,CIELAB,HLC Farbatlas,HLC Colour Atlas","value":"Adobe,InDesign,Illustator,Photoshop,InDesign 2019,Illustrator 2019,InDesign 2019,Farbw\u00e4hler,LAB,CMYK,Dezimalstellen,Nachkommastellen,CIELAB,HLC Farbatlas,HLC Colour Atlas"}],"keyphrases":{"focus":{"keyphrase":"","score":0,"analysis":{"keyphraseInTitle":{"score":0,"maxScore":9,"error":1}}},"additional":[]},"primary_term":null,"canonical_url":null,"og_title":null,"og_description":null,"og_object_type":"default","og_image_type":"default","og_image_url":null,"og_image_width":null,"og_image_height":null,"og_image_custom_url":null,"og_image_custom_fields":null,"og_video":"","og_custom_url":null,"og_article_section":null,"og_article_tags":[],"twitter_use_og":false,"twitter_card":"default","twitter_image_type":"default","twitter_image_url":null,"twitter_image_custom_url":null,"twitter_image_custom_fields":null,"twitter_title":null,"twitter_description":null,"schema":{"blockGraphs":[],"customGraphs":[],"default":{"data":{"Article":[],"Course":[],"Dataset":[],"FAQPage":[],"Movie":[],"Person":[],"Product":[],"ProductReview":[],"Car":[],"Recipe":[],"Service":[],"SoftwareApplication":[],"WebPage":[]},"graphName":"Article","isEnabled":true},"graphs":[],"defaultGraph":"","defaultPostTypeGraph":""},"schema_type":null,"schema_type_options":null,"pillar_content":false,"robots_default":true,"robots_noindex":false,"robots_noarchive":false,"robots_nosnippet":false,"robots_nofollow":false,"robots_noimageindex":false,"robots_noodp":false,"robots_notranslate":false,"robots_max_snippet":"-1","robots_max_videopreview":"-1","robots_max_imagepreview":"large","priority":null,"frequency":"default","local_seo":null,"breadcrumb_settings":null,"limit_modified_date":false,"ai":null,"created":"2020-12-21 00:33:58","updated":"2025-06-04 14:23:05","seo_analyzer_scan_date":null,"focus_keyword":null,"additional_keywords":null,"truseo_locale":null},"_links":{"self":[{"href":"https:\/\/blog.proofs.de\/tr\/wp-json\/wp\/v2\/posts\/2220","targetHints":{"allow":["GET"]}}],"collection":[{"href":"https:\/\/blog.proofs.de\/tr\/wp-json\/wp\/v2\/posts"}],"about":[{"href":"https:\/\/blog.proofs.de\/tr\/wp-json\/wp\/v2\/types\/post"}],"author":[{"embeddable":true,"href":"https:\/\/blog.proofs.de\/tr\/wp-json\/wp\/v2\/users\/2"}],"replies":[{"embeddable":true,"href":"https:\/\/blog.proofs.de\/tr\/wp-json\/wp\/v2\/comments?post=2220"}],"version-history":[{"count":7,"href":"https:\/\/blog.proofs.de\/tr\/wp-json\/wp\/v2\/posts\/2220\/revisions"}],"predecessor-version":[{"id":5455,"href":"https:\/\/blog.proofs.de\/tr\/wp-json\/wp\/v2\/posts\/2220\/revisions\/5455"}],"wp:featuredmedia":[{"embeddable":true,"href":"https:\/\/blog.proofs.de\/tr\/wp-json\/wp\/v2\/media\/2223"}],"wp:attachment":[{"href":"https:\/\/blog.proofs.de\/tr\/wp-json\/wp\/v2\/media?parent=2220"}],"wp:term":[{"taxonomy":"category","embeddable":true,"href":"https:\/\/blog.proofs.de\/tr\/wp-json\/wp\/v2\/categories?post=2220"},{"taxonomy":"post_tag","embeddable":true,"href":"https:\/\/blog.proofs.de\/tr\/wp-json\/wp\/v2\/tags?post=2220"}],"curies":[{"name":"wp","href":"https:\/\/api.w.org\/{rel}","templated":true}]}}