{"id":5629,"date":"2024-03-11T23:51:19","date_gmt":"2024-03-11T22:51:19","guid":{"rendered":"https:\/\/www.proof.de\/?p=5629"},"modified":"2024-04-09T15:50:35","modified_gmt":"2024-04-09T13:50:35","slug":"m1de-isocoatedv2ni%cc%87n-yeni%cc%87-baskisi-goerues-alaninda","status":"publish","type":"post","link":"https:\/\/blog.proofs.de\/tr\/neuauflage-von-isocoatedv2-in-m1-in-sicht\/","title":{"rendered":"M1'de ISOCoatedV2'nin yeni bask\u0131s\u0131 g\u00f6r\u00fcn\u00fcrde mi?"},"content":{"rendered":"<div class=\"kk-star-ratings kksr-auto kksr-align-right kksr-valign-top\" data-payload='{\"align\":\"right\",\"id\":\"5629\",\"slug\":\"default\",\"valign\":\"top\",\"ignore\":\"\",\"reference\":\"auto\",\"class\":\"\",\"count\":\"3\",\"legendonly\":\"\",\"readonly\":\"\",\"score\":\"4.7\",\"starsonly\":\"\",\"best\":\"5\",\"gap\":\"5\",\"greet\":\"Jetzt bewerten\",\"legend\":\"4.7\\\/5 - (3 votes)\",\"size\":\"24\",\"title\":\"Neuauflage von ISOCoatedV2 in M1 in Sicht?\",\"width\":\"133.8\",\"_legend\":\"{score}\\\/{best} - ({count} {votes})\",\"font_factor\":\"1.25\"}'>\n            \n<div class=\"kksr-stars\">\n    \n<div class=\"kksr-stars-inactive\">\n            <div class=\"kksr-star\" data-star=\"1\" style=\"padding-right: 5px\">\n            \n\n<div class=\"kksr-icon\" style=\"width: 24px; height: 24px;\"><\/div>\n        <\/div>\n            <div class=\"kksr-star\" data-star=\"2\" style=\"padding-right: 5px\">\n            \n\n<div class=\"kksr-icon\" style=\"width: 24px; height: 24px;\"><\/div>\n        <\/div>\n            <div class=\"kksr-star\" data-star=\"3\" style=\"padding-right: 5px\">\n            \n\n<div class=\"kksr-icon\" style=\"width: 24px; height: 24px;\"><\/div>\n        <\/div>\n            <div class=\"kksr-star\" data-star=\"4\" style=\"padding-right: 5px\">\n            \n\n<div class=\"kksr-icon\" style=\"width: 24px; height: 24px;\"><\/div>\n        <\/div>\n            <div class=\"kksr-star\" data-star=\"5\" style=\"padding-right: 5px\">\n            \n\n<div class=\"kksr-icon\" style=\"width: 24px; height: 24px;\"><\/div>\n        <\/div>\n    <\/div>\n    \n<div class=\"kksr-stars-active\" style=\"width: 133.8px;\">\n            <div class=\"kksr-star\" style=\"padding-right: 5px\">\n            \n\n<div class=\"kksr-icon\" style=\"width: 24px; height: 24px;\"><\/div>\n        <\/div>\n            <div class=\"kksr-star\" style=\"padding-right: 5px\">\n            \n\n<div class=\"kksr-icon\" style=\"width: 24px; height: 24px;\"><\/div>\n        <\/div>\n            <div class=\"kksr-star\" style=\"padding-right: 5px\">\n            \n\n<div class=\"kksr-icon\" style=\"width: 24px; height: 24px;\"><\/div>\n        <\/div>\n            <div class=\"kksr-star\" style=\"padding-right: 5px\">\n            \n\n<div class=\"kksr-icon\" style=\"width: 24px; height: 24px;\"><\/div>\n        <\/div>\n            <div class=\"kksr-star\" style=\"padding-right: 5px\">\n            \n\n<div class=\"kksr-icon\" style=\"width: 24px; height: 24px;\"><\/div>\n        <\/div>\n    <\/div>\n<\/div>\n                \n\n<div class=\"kksr-legend\" style=\"font-size: 19.2px;\">\n            4.7\/5 - (3 oy)    <\/div>\n    <\/div>\n\n<p class=\"wp-block-paragraph translation-block\">Halefi <a href=\"https:\/\/blog1.proofen.de\/es\/lexico-2\/espacio-cromatico\/\" target=\"_self\" class=\"encyclopedia tooltipstered\">colour space<\/a>es <a href=\"https:\/\/blog1.proofen.de\/es\/lexico-2\/pso\/\" target=\"_self\" class=\"encyclopedia tooltipstered\">PSO<\/a>CoatedV3'\u00fcn lansman\u0131ndan neredeyse 9 y\u0131l sonra bile <a href=\"https:\/\/blog1.proofen.de\/es\/lexico-2\/isocoatedv2\/\" target=\"_self\" class=\"encyclopedia tooltipstered\">ISOCoatedV2<\/a> \/ <a href=\"https:\/\/blog1.proofen.de\/es\/lexico-2\/fogra\/\" target=\"_self\" class=\"encyclopedia tooltipstered\">FOGRA<\/a>39 hala Avrupa'daki en yayg\u0131n renk alan\u0131d\u0131r. <a href=\"https:\/\/blog1.proofen.de\/es\/lexico-2\/prueba\/\" target=\"_self\" class=\"encyclopedia tooltipstered\">Proof<\/a> GmbH olarak, di\u011ferlerinin yan\u0131 s\u0131ra Alman Bask\u0131 ve Medya End\u00fcstrileri Federasyonu i\u00e7in yakla\u015f\u0131k 200 i\u015f say\u0131yoruz; son say\u0131mda, <a href=\"https:\/\/blog1.proofen.de\/es\/lexico-2\/pruebas\/\" target=\"_self\" class=\"encyclopedia tooltipstered\">Proofs<\/a> ISOCoatedV2'de bizimle yap\u0131lan t\u00fcm prova i\u015flerinin yakla\u015f\u0131k 68%'sine geldi. Bu da renk uzay\u0131n\u0131n yayg\u0131n kullan\u0131m\u0131n\u0131n devam etti\u011finin a\u00e7\u0131k bir g\u00f6stergesi.<\/p>\n\n\n\n<h2 class=\"wp-block-heading\">ISOCoatedV2: Klasik renk alan\u0131ndan sekt\u00f6r\u00fcn i\u015faret fi\u015fe\u011fine<\/h2>\n\n\n\n<p class=\"wp-block-paragraph translation-block\"><a href=\"https:\/\/blog1.proofen.de\/es\/lexico-2\/impresion-offset\/\" target=\"_self\" class=\"encyclopedia tooltipstered\">offset bask\u0131<\/a> i\u00e7in <a href=\"https:\/\/blog1.proofen.de\/es\/lexico-2\/papel-para-impresion-de-imagenes\/\" target=\"_self\" class=\"encyclopedia tooltipstered\">g\u00f6r\u00fcnt\u00fc bask\u0131 ka\u011f\u0131d\u0131<\/a> \u00fczerine bask\u0131 provalar\u0131n\u0131n yan\u0131 s\u0131ra, \u00e7ok say\u0131da ba\u015fka uygulama da akla gelmektedir: ISOCoatedV2, di\u011fer bir\u00e7ok standart d\u0131\u015f\u0131 veya daha az standartla\u015ft\u0131r\u0131lm\u0131\u015f bask\u0131 i\u015flemi i\u00e7in de kullan\u0131l\u0131yor ve bir de\u011fi\u015fim renk alan\u0131 olarak kullan\u0131l\u0131yor: Fuar stand\u0131 yap\u0131m\u0131nda dijital bask\u0131dan flekso ve <a href=\"https:\/\/blog1.proofen.de\/es\/lexico-2\/baja-presion\/\" target=\"_self\" class=\"encyclopedia tooltipstered\">grav\u00fcr bask\u0131da ambalaj bask\u0131s\u0131na kadar<\/a>: pazardaki neredeyse t\u00fcm b\u00fcy\u00fck oyuncular ISOCoatedV2'nin g\u00fcc\u00fcne g\u00fcveniyor.<\/p>\n\n\n\n<p class=\"wp-block-paragraph\">M\u00fcnih'teki Fogra 2024 renk y\u00f6netimi sempozyumunda, ofset bask\u0131 d\u0131\u015f\u0131ndaki bask\u0131 s\u00fcre\u00e7lerinden \u015firketlerin ve b\u00fcy\u00fck bask\u0131 hizmeti sa\u011flay\u0131c\u0131lar\u0131n\u0131n da uygulamalar\u0131 i\u00e7in renk alan\u0131 referans\u0131 olarak ISOCoatedV2'ye nas\u0131l g\u00fcvendikleri hakk\u0131nda \u00e7ok \u015fey duyduk. Neredeyse \"ana standart\" olarak ISOCoatedV2'yi temel al\u0131yorlar ve kendilerini ajanslar ve tasar\u0131mc\u0131lar gibi pazardaki t\u00fcm oyuncular aras\u0131nda iyi bir \u015fekilde yerle\u015fmi\u015f olan \"renk alan\u0131 denizindeki en b\u00fcy\u00fck gemi: ISOCoatedV2 \"ye y\u00f6nlendiriyorlar. Son birka\u00e7 y\u0131lda bu durum ba\u015far\u0131l\u0131 bir renk alan\u0131n\u0131 fiili bir standarda d\u00f6n\u00fc\u015ft\u00fcrm\u00fc\u015ft\u00fcr.<\/p>\n\n\n\n<h2 class=\"wp-block-heading\">G\u00fcncellenmi\u015f ve gelece\u011fe haz\u0131r m\u0131? ISOCoatedV2 \"b\u00fcy\u00fcyor\"<\/h2>\n\n\n\n<p class=\"wp-block-paragraph\">Bu nedenle, daha az pop\u00fcler olan PSOCoatedV3'e modernize edilmi\u015f bir a\u011fabey verilmesi i\u00e7in yap\u0131lan \u00e7a\u011fr\u0131lar \u015fa\u015f\u0131rt\u0131c\u0131 de\u011fildir: Neredeyse 18 ya\u015f\u0131nda, yenilenmi\u015f bir yedek renk alan\u0131 olarak deniz feneri i\u015flevini daha da iyi yerine getirmek i\u00e7in en \u00f6nemli eski sorunlar\u0131 geride b\u0131rakmas\u0131na izin verilen g\u00fcncellenmi\u015f bir FOGRA39 \/ ISOCoatedV2. <\/p>\n\n\n\n<h3 class=\"wp-block-heading\">M1'de yeni bir ISOCoatedV2'nin avantajlar\u0131:<\/h3>\n\n\n\n<ul class=\"wp-block-list\">\n<li class=\"translation-block\">2015'ten beri y\u00fcr\u00fcrl\u00fckte olan yeni \u00f6l\u00e7\u00fcm ko\u015fulu M1'e ve <a href=\"https:\/\/blog1.proofen.de\/es\/lexico-2\/luz-normal\/\" target=\"_self\" class=\"encyclopedia tooltipstered\">standart \u0131\u015f\u0131k<\/a> <a href=\"https:\/\/blog1.proofen.de\/es\/lexico-2\/d50\/\" target=\"_self\" class=\"encyclopedia tooltipstered\">D50<\/a>'ye g\u00f6re <a href=\"https:\/\/blog1.proofen.de\/es\/lexico-2\/iso-36642009\/\" target=\"_self\" class=\"encyclopedia tooltipstered\">ISO 3664:2009<\/a>'a uyarlama<\/li>\n\n\n\n<li>\u00d6l\u00e7\u00fcm de\u011ferlerinin daha iyi kar\u015f\u0131la\u015ft\u0131r\u0131labilirli\u011fi ve daha y\u00fcksek hassasiyet i\u00e7in eski GDMI Gretag-Macbeth \u00f6l\u00e7\u00fcm taban\u0131n\u0131n yeni XRGA'ya d\u00f6n\u00fc\u015ft\u00fcr\u00fclmesi<\/li>\n\n\n\n<li>Bu, camg\u00f6be\u011fi ve macenta i\u00e7in tam tonlara y\u00f6nelik g\u00fcncellenmi\u015f H de\u011ferleri sayesinde s\u00fcre\u00e7 kontrol\u00fcn\u00fc iyile\u015ftirir<\/li>\n\n\n\n<li>Beyaz noktas\u0131n\u0131 korumak <a href=\"https:\/\/blog.proofs.de\/tr\/lexikon\/lab\/\" target=\"_self\" title=\"CIELAB veya LAB, kesin renk hesaplamas\u0131n\u0131n gerekli oldu\u011fu her yerde kendini kabul ettirmi\u015f matematiksel bir renk modelidir. Bilgisayar renk y\u00f6netimi genellikle CIELAB \u00fczerinden \u00e7al\u0131\u015f\u0131r.\" class=\"encyclopedia\">LAB<\/a> 95\/0\/-2 ve optik \u00f6zellikleri az olan ka\u011f\u0131tlar \u00fczerinde prova bask\u0131 <a href=\"https:\/\/blog.proofs.de\/tr\/lexikon\/aufheller\/\" target=\"_self\" title=\"Parlat\u0131c\u0131lar (optik parlat\u0131c\u0131 maddeler veya OBA&#039;lar olarak da bilinir) bask\u0131 end\u00fcstrisinde ka\u011f\u0131d\u0131n parlakl\u0131\u011f\u0131n\u0131 ve beyazl\u0131\u011f\u0131n\u0131 art\u0131rmak i\u00e7in kullan\u0131lan kimyasal bile\u015fiklerdir. UV \u0131\u015f\u0131\u011f\u0131n\u0131 emer ve bunu g\u00f6r\u00fcn\u00fcr mavi \u0131\u015f\u0131k olarak yayarak ka\u011f\u0131da &quot;daha parlak&quot; ve &quot;daha taze&quot; bir beyaz ton verirler. Bu etki bask\u0131 kalitesini art\u0131r\u0131r...\" class=\"encyclopedia\">Parlat\u0131c\u0131<\/a>n (<a href=\"https:\/\/blog.proofs.de\/tr\/lexikon\/oba\/\" target=\"_self\" title='OBA, &quot;Optik Parlat\u0131c\u0131 Ajanlar&quot; veya &quot;Optik Parlat\u0131c\u0131lar &quot;\u0131n k\u0131saltmas\u0131d\u0131r.' class=\"encyclopedia\">OBA<\/a>) <\/li>\n\n\n\n<li>ISOCoatedV2'ye g\u00f6re klasik provalar hala ge\u00e7erli olacakt\u0131r, ancak yeni bask\u0131 ko\u015fulu ISOCoatedV2 M1 ile \"yeni\" provalar daha tutarl\u0131 ve daha iyi sonu\u00e7lar \u00fcretebilir<\/li>\n<\/ul>\n\n\n<div class=\"wp-block-image\">\n<figure class=\"alignright size-large is-resized\"><a href=\"https:\/\/blog1.proofen.de\/wp-content\/uploads\/2024\/03\/proof_de_ISOCoatedV2_M1-scaled.jpg\"><img loading=\"lazy\" decoding=\"async\" width=\"1024\" height=\"768\" src=\"https:\/\/blog1.proofen.de\/wp-content\/uploads\/2024\/03\/proof_de_ISOCoatedV2_M1-1024x768.jpg\" alt=\"proof.de ISOCoatedV2 \/ FOGRA39 M1&#039;de yeniden ba\u015flat\u0131l\u0131yor mu?\" class=\"wp-image-5636\" style=\"width:521px;height:auto\" srcset=\"https:\/\/blog.proofs.de\/wp-content\/uploads\/2024\/03\/proof_de_ISOCoatedV2_M1-1024x768.jpg 1024w, https:\/\/blog.proofs.de\/wp-content\/uploads\/2024\/03\/proof_de_ISOCoatedV2_M1-300x225.jpg 300w, https:\/\/blog.proofs.de\/wp-content\/uploads\/2024\/03\/proof_de_ISOCoatedV2_M1-768x576.jpg 768w, https:\/\/blog.proofs.de\/wp-content\/uploads\/2024\/03\/proof_de_ISOCoatedV2_M1-1536x1152.jpg 1536w, https:\/\/blog.proofs.de\/wp-content\/uploads\/2024\/03\/proof_de_ISOCoatedV2_M1-2048x1536.jpg 2048w, https:\/\/blog.proofs.de\/wp-content\/uploads\/2024\/03\/proof_de_ISOCoatedV2_M1-16x12.jpg 16w\" sizes=\"auto, (max-width: 1024px) 100vw, 1024px\"><\/a><figcaption class=\"wp-element-caption\">ISOCoatedV2 \/ FOGRA39 M1'de yeniden ba\u015flat\u0131l\u0131yor mu?<\/figcaption><\/figure>\n<\/div>\n\n\n<p class=\"wp-block-paragraph\">J\u00fcrgen Seitz'den <a href=\"https:\/\/blog.proofs.de\/tr\/lexikon\/gmg\/\" target=\"_self\" title=\"GMG Color, renk y\u00f6netimi yaz\u0131l\u0131m\u0131 geli\u015ftirerek ad\u0131n\u0131 duyurmu\u015f T\u00fcbingen merkezli bir \u015firkettir. GMG Color, 25 y\u0131l\u0131 a\u015fk\u0131n bir s\u00fcredir ticari kullan\u0131c\u0131lar i\u00e7in yaz\u0131c\u0131 s\u00fcr\u00fcc\u00fclerinden karma\u015f\u0131k prova yaz\u0131l\u0131mlar\u0131na kadar \u00e7ok say\u0131da \u00fcr\u00fcn geli\u015ftirmektedir.\" class=\"encyclopedia\">GMG<\/a> Fogra'n\u0131n Aschheim'daki son DPWG toplant\u0131s\u0131nda bu bak\u0131\u015f a\u00e7\u0131s\u0131n\u0131 sunmu\u015f ve tart\u0131\u015f\u0131lmak \u00fczere XRGA M1'de yeni bir FOGRA39 veri seti sunmu\u015ftur. Prova sekt\u00f6r\u00fcnde bizler de klasik bir FOGRA39 provas\u0131n\u0131 d\u00fc\u015f\u00fck \u0131\u015f\u0131kl\u0131 prova ka\u011f\u0131d\u0131na basabilir ve M1 ile \u00f6l\u00e7ebiliriz (t\u00fcm yeni standartlar gibi) - en iyi sonu\u00e7larla. Bununla birlikte, \u00f6ncelikli ama\u00e7 mevcut bir bask\u0131 ko\u015fulunu g\u00fcncellemekten ziyade, bir de\u011fi\u015fim renk alan\u0131n\u0131 gelece\u011fe uygun hale getirmektir. Profil ad\u0131 i\u00e7in \u00f6neri <a href=\"https:\/\/blog.proofs.de\/tr\/lexikon\/icc\/\" target=\"_self\" title=\"Uluslararas\u0131 Renk Konsorsiyumu, k\u0131saca ICC, renk profillerinin standardizasyonundan sorumlu uluslararas\u0131 bir komitedir.&nbsp;\" class=\"encyclopedia\">ICC<\/a> Profil i\u00e7in <a href=\"https:\/\/blog.proofs.de\/tr\/lexikon\/eci\/\" target=\"_self\" title=\"ECI - Avrupa Renk \u0130nisiyatifi - yay\u0131n sistemlerinde renk verilerinin i\u015flenmesiyle ilgilenen bir uzmanlar grubudur.\" class=\"encyclopedia\">ECI<\/a>ISOCoated_v2_M1.icc.<\/p>\n\n\n\n<h2 class=\"wp-block-heading\">G\u00fcncellenmi\u015f bir ISOCoatedV2'ye kar\u015f\u0131 ne konu\u015fuyor?<\/h2>\n\n\n\n<p class=\"wp-block-paragraph translation-block\">Berlin'den <a href=\"https:\/\/blog1.proofen.de\/es\/lexico-2\/gestion-del-color\/\" target=\"_self\" class=\"encyclopedia tooltipstered\">colour management<\/a> uzman\u0131 <a href=\"https:\/\/www.colormanagement.de\" target=\"_blank\" rel=\"noopener\" title=\"\">Jan-Peter Homann<\/a> \u015funlar\u0131 belirtiyor: Kullan\u0131c\u0131lar <a href=\"https:\/\/blog1.proofen.de\/es\/lexico-2\/utilice\/\" target=\"_self\" class=\"encyclopedia tooltipstered\">ay\u0131rma, prova ve bask\u0131 s\u00fcrecini kontrol etmek i\u00e7in karakterizasyon verilerini<\/a> kullanmaktad\u0131r. Ancak, yeni bir karakterizasyon veri seti, M1 ile beyaz nokta nedeniyle bask\u0131 s\u00fcreci kontrol\u00fc i\u00e7in uygun olmayacakt\u0131r. Klasik ISOCoatedV2 FOGRA39 veri setiyle k\u00fc\u00e7\u00fck ama hala mevcut olan farkl\u0131l\u0131klar kullan\u0131c\u0131lar\u0131 tedirgin edebilir ve bask\u0131 \u00f6ncesi, prova ve bask\u0131 aras\u0131ndaki ileti\u015fimi daha karma\u015f\u0131k hale getirebilir ve yanl\u0131\u015f anlamalara neden olabilir. Jan-Peter Homann bu nedenle g\u00fcncellenmi\u015f bir ISOCoatedV2'nin pazar taraf\u0131ndan g\u00f6z ard\u0131 edilece\u011finden korkuyor.<\/p>\n\n\n\n<p class=\"wp-block-paragraph\"><\/p>\n\n\n\n<p class=\"wp-block-paragraph\"><\/p>\n\n\n\n<p class=\"wp-block-paragraph\"><\/p>\n\n\n\n<p class=\"wp-block-paragraph\"><\/p>\n\n\n\n<p class=\"wp-block-paragraph\"><\/p>","protected":false},"excerpt":{"rendered":"<p>Halef renk alan\u0131 PSOCoatedV3'\u00fcn piyasaya s\u00fcr\u00fclmesinden neredeyse 9 y\u0131l sonra bile, ISOCoatedV2 \/ FOGRA39 hala Avrupa'daki en yayg\u0131n renk alan\u0131d\u0131r. Proof GmbH'de, di\u011ferlerinin yan\u0131 s\u0131ra Alman Bask\u0131 ve Medya End\u00fcstrileri Federasyonu i\u00e7in zaman zaman yakla\u015f\u0131k 200 i\u015f say\u0131yoruz. Son say\u0131mda, ISOCoatedV2'deki provalar \u015firketimizdeki t\u00fcm prova i\u015flerinin yakla\u015f\u0131k 68%'sini olu\u015fturuyordu. Bu, renk alan\u0131n\u0131n yayg\u0131n kullan\u0131m\u0131n\u0131n devam etti\u011finin a\u00e7\u0131k bir i\u015faretidir. ISOCoatedV2: Klasik renk uzay\u0131ndan sekt\u00f6r\u00fcn i\u015faret fi\u015fe\u011fine G\u00f6r\u00fcnt\u00fc bask\u0131 ka\u011f\u0131d\u0131na ofset bask\u0131 i\u00e7in provalar\u0131n yan\u0131 s\u0131ra, ISOCoatedV2 renk uzay\u0131nda \u00e7ok say\u0131da ba\u015fka uygulama da var... <\/p>\n<p class=\"read-more-container\"><a title=\"M1&#039;de ISOCoatedV2&#039;nin yeni bask\u0131s\u0131 g\u00f6r\u00fcn\u00fcrde mi?\" class=\"read-more button\" href=\"https:\/\/blog.proofs.de\/tr\/neuauflage-von-isocoatedv2-in-m1-in-sicht\/#more-5629\" aria-label=\"M1&#039;de ISOCoatedV2&#039;nin yeniden yay\u0131nlanmas\u0131 hakk\u0131nda daha fazla bilgi edinin.\">Daha fazla bilgi edinin<\/a><\/p>","protected":false},"author":2,"featured_media":5636,"comment_status":"open","ping_status":"open","sticky":false,"template":"","format":"standard","meta":{"om_disable_all_campaigns":false,"inline_featured_image":false,"_monsterinsights_skip_tracking":false,"footnotes":""},"categories":[1,435,25,442],"tags":[1371,522,122,46,562,423,484],"class_list":["post-5629","post","type-post","status-publish","format-standard","has-post-thumbnail","hentry","category-allgemein","category-farbraeume-und-farbprofile","category-licht-und-normlicht","category-prozessstandard-offsetdruck-proof-wissen","tag-cms2024","tag-fogra","tag-fogra39","tag-iso36642009","tag-isocoatedv2","tag-m1","tag-psocoatedv3","generate-columns","tablet-grid-50","mobile-grid-100","grid-parent","grid-50","no-featured-image-padding","resize-featured-image"],"aioseo_notices":[],"aioseo_head":"\n\t\t<!-- All in One SEO 5.0.1.1 - aioseo.com -->\n\t<meta name=\"description\" content=\"Ist nach fast 18 Jahren ISOCoatedV2 eine aktualisierte Neuauflage in Sicht? Was sind die Vorteile eines modernen Austauschfarbraums FOGRA39 \/ ISOCoatedV2_M1.\" \/>\n\t<meta name=\"robots\" content=\"max-image-preview:large\" \/>\n\t<meta name=\"author\" content=\"Matthias Betz\"\/>\n\t<meta name=\"google-site-verification\" content=\"TuXxyRwxcEg2-WfOaQ8vScWQh3-uBAnxXmY7g3GT90A\" \/>\n\t<meta name=\"keywords\" content=\"cms2024,fogra,fogra39,iso3664:2009,isocoatedv2,m1,psocoatedv3\" \/>\n\t<link rel=\"canonical\" href=\"https:\/\/blog.proofs.de\/tr\/neuauflage-von-isocoatedv2-in-m1-in-sicht\/\" \/>\n\t<meta name=\"generator\" content=\"All in One SEO (AIOSEO) 5.0.1.1\" \/>\n\n\t\t<meta name=\"seobility\" content=\"593a8578143db71543f014978c690d47\">\n\t\t<meta property=\"og:locale\" content=\"tr_TR\" \/>\n\t\t<meta property=\"og:site_name\" content=\"Proof.de | Alles zu Proof, Farbmanagement, Grafik, Messtechnik &amp; Co.\" \/>\n\t\t<meta property=\"og:type\" content=\"article\" \/>\n\t\t<meta property=\"og:title\" content=\"Neuauflage von ISOCoatedV2 in M1 geplant | proof.de\" \/>\n\t\t<meta property=\"og:description\" content=\"Ist nach fast 18 Jahren ISOCoatedV2 eine aktualisierte Neuauflage in Sicht? Was sind die Vorteile eines modernen Austauschfarbraums FOGRA39 \/ ISOCoatedV2_M1.\" \/>\n\t\t<meta property=\"og:url\" content=\"https:\/\/blog.proofs.de\/tr\/neuauflage-von-isocoatedv2-in-m1-in-sicht\/\" \/>\n\t\t<meta property=\"og:image\" content=\"https:\/\/blog.proofs.de\/wp-content\/uploads\/2024\/03\/proof_de_ISOCoatedV2_M1-scaled.jpg\" \/>\n\t\t<meta property=\"og:image:secure_url\" content=\"https:\/\/blog.proofs.de\/wp-content\/uploads\/2024\/03\/proof_de_ISOCoatedV2_M1-scaled.jpg\" \/>\n\t\t<meta property=\"og:image:width\" content=\"2560\" \/>\n\t\t<meta property=\"og:image:height\" content=\"1920\" \/>\n\t\t<meta property=\"article:published_time\" content=\"2024-03-11T22:51:19+00:00\" \/>\n\t\t<meta property=\"article:modified_time\" content=\"2024-04-09T13:50:35+00:00\" \/>\n\t\t<meta property=\"article:publisher\" content=\"https:\/\/www.facebook.com\/Proof.de\/\" \/>\n\t\t<meta name=\"twitter:card\" content=\"summary\" \/>\n\t\t<meta name=\"twitter:title\" content=\"Neuauflage von ISOCoatedV2 in M1 geplant | proof.de\" \/>\n\t\t<meta name=\"twitter:description\" content=\"Ist nach fast 18 Jahren ISOCoatedV2 eine aktualisierte Neuauflage in Sicht? Was sind die Vorteile eines modernen Austauschfarbraums FOGRA39 \/ ISOCoatedV2_M1.\" \/>\n\t\t<meta name=\"twitter:image\" content=\"https:\/\/blog.proofs.de\/wp-content\/uploads\/2024\/03\/proof_de_ISOCoatedV2_M1-scaled.jpg\" \/>\n\t\t<script type=\"application\/ld+json\" class=\"aioseo-schema\">\n\t\t\t{\"@context\":\"https:\\\/\\\/schema.org\",\"@graph\":[{\"@type\":\"Article\",\"@id\":\"https:\\\/\\\/blog.proofs.de\\\/tr\\\/neuauflage-von-isocoatedv2-in-m1-in-sicht\\\/#article\",\"name\":\"Neuauflage von ISOCoatedV2 in M1 geplant | proof.de\",\"headline\":\"Neuauflage von ISOCoatedV2 in M1 in Sicht?\",\"author\":{\"@id\":\"https:\\\/\\\/blog.proofs.de\\\/tr\\\/author\\\/mbetz\\\/#author\"},\"publisher\":{\"@id\":\"https:\\\/\\\/blog.proofs.de\\\/tr\\\/#organization\"},\"image\":{\"@type\":\"ImageObject\",\"url\":\"https:\\\/\\\/blog.proofs.de\\\/wp-content\\\/uploads\\\/2024\\\/03\\\/proof_de_ISOCoatedV2_M1-scaled.jpg\",\"width\":2560,\"height\":1920,\"caption\":\"proof.de ISOCoatedV2 \\\/ FOGRA39 Relaunch in M1?\"},\"datePublished\":\"2024-03-11T23:51:19+01:00\",\"dateModified\":\"2024-04-09T15:50:35+02:00\",\"inLanguage\":\"tr-TR\",\"mainEntityOfPage\":{\"@id\":\"https:\\\/\\\/blog.proofs.de\\\/tr\\\/neuauflage-von-isocoatedv2-in-m1-in-sicht\\\/#webpage\"},\"isPartOf\":{\"@id\":\"https:\\\/\\\/blog.proofs.de\\\/tr\\\/neuauflage-von-isocoatedv2-in-m1-in-sicht\\\/#webpage\"},\"articleSection\":\"Allgemein, Farbr\\u00e4ume und Farbprofile, Licht und Normlicht, Prozessstandard Offsetdruck, CMS2024, Fogra, Fogra39, ISO3664:2009, ISOCoatedV2, M1, PSOcoatedV3\"},{\"@type\":\"BreadcrumbList\",\"@id\":\"https:\\\/\\\/blog.proofs.de\\\/tr\\\/neuauflage-von-isocoatedv2-in-m1-in-sicht\\\/#breadcrumblist\",\"itemListElement\":[{\"@type\":\"ListItem\",\"@id\":\"https:\\\/\\\/blog.proofs.de\\\/tr#listItem\",\"position\":1,\"name\":\"Home\",\"item\":\"https:\\\/\\\/blog.proofs.de\\\/tr\",\"nextItem\":{\"@type\":\"ListItem\",\"@id\":\"https:\\\/\\\/blog.proofs.de\\\/tr\\\/thema\\\/proof-wissen\\\/#listItem\",\"name\":\"Proof Wissen\"}},{\"@type\":\"ListItem\",\"@id\":\"https:\\\/\\\/blog.proofs.de\\\/tr\\\/thema\\\/proof-wissen\\\/#listItem\",\"position\":2,\"name\":\"Proof Wissen\",\"item\":\"https:\\\/\\\/blog.proofs.de\\\/tr\\\/thema\\\/proof-wissen\\\/\",\"nextItem\":{\"@type\":\"ListItem\",\"@id\":\"https:\\\/\\\/blog.proofs.de\\\/tr\\\/thema\\\/proof-wissen\\\/licht-und-normlicht\\\/#listItem\",\"name\":\"Licht und Normlicht\"},\"previousItem\":{\"@type\":\"ListItem\",\"@id\":\"https:\\\/\\\/blog.proofs.de\\\/tr#listItem\",\"name\":\"Home\"}},{\"@type\":\"ListItem\",\"@id\":\"https:\\\/\\\/blog.proofs.de\\\/tr\\\/thema\\\/proof-wissen\\\/licht-und-normlicht\\\/#listItem\",\"position\":3,\"name\":\"Licht und Normlicht\",\"item\":\"https:\\\/\\\/blog.proofs.de\\\/tr\\\/thema\\\/proof-wissen\\\/licht-und-normlicht\\\/\",\"nextItem\":{\"@type\":\"ListItem\",\"@id\":\"https:\\\/\\\/blog.proofs.de\\\/tr\\\/neuauflage-von-isocoatedv2-in-m1-in-sicht\\\/#listItem\",\"name\":\"Neuauflage von ISOCoatedV2 in M1 in Sicht?\"},\"previousItem\":{\"@type\":\"ListItem\",\"@id\":\"https:\\\/\\\/blog.proofs.de\\\/tr\\\/thema\\\/proof-wissen\\\/#listItem\",\"name\":\"Proof Wissen\"}},{\"@type\":\"ListItem\",\"@id\":\"https:\\\/\\\/blog.proofs.de\\\/tr\\\/neuauflage-von-isocoatedv2-in-m1-in-sicht\\\/#listItem\",\"position\":4,\"name\":\"Neuauflage von ISOCoatedV2 in M1 in Sicht?\",\"previousItem\":{\"@type\":\"ListItem\",\"@id\":\"https:\\\/\\\/blog.proofs.de\\\/tr\\\/thema\\\/proof-wissen\\\/licht-und-normlicht\\\/#listItem\",\"name\":\"Licht und Normlicht\"}}]},{\"@type\":\"Organization\",\"@id\":\"https:\\\/\\\/blog.proofs.de\\\/tr\\\/#organization\",\"name\":\"Proof GmbH\",\"description\":\"Farbverbindlicher Proof, Farbproof, Digitalproof und Online-Proof.\",\"url\":\"https:\\\/\\\/blog.proofs.de\\\/tr\\\/\",\"telephone\":\"+4970717952740\",\"logo\":{\"@type\":\"ImageObject\",\"url\":\"https:\\\/\\\/blog1.proofen.de\\\/wp-content\\\/uploads\\\/2019\\\/09\\\/logo_proof_rgb_mit_balken_250px.png\",\"@id\":\"https:\\\/\\\/blog.proofs.de\\\/tr\\\/neuauflage-von-isocoatedv2-in-m1-in-sicht\\\/#organizationLogo\"},\"image\":{\"@id\":\"https:\\\/\\\/blog.proofs.de\\\/tr\\\/neuauflage-von-isocoatedv2-in-m1-in-sicht\\\/#organizationLogo\"},\"sameAs\":[\"https:\\\/\\\/www.facebook.com\\\/Proof.de\\\/\",\"https:\\\/\\\/www.instagram.com\\\/proof.de\\\/\",\"https:\\\/\\\/www.tiktok.com\\\/@proof_de\",\"https:\\\/\\\/www.youtube.com\\\/channel\\\/UCk80fQVQ25wC9wu3SywB-Nw\",\"https:\\\/\\\/www.linkedin.com\\\/company\\\/proof-de\"]},{\"@type\":\"Person\",\"@id\":\"https:\\\/\\\/blog.proofs.de\\\/tr\\\/author\\\/mbetz\\\/#author\",\"url\":\"https:\\\/\\\/blog.proofs.de\\\/tr\\\/author\\\/mbetz\\\/\",\"name\":\"Matthias Betz\",\"image\":{\"@type\":\"ImageObject\",\"@id\":\"https:\\\/\\\/blog.proofs.de\\\/tr\\\/neuauflage-von-isocoatedv2-in-m1-in-sicht\\\/#authorImage\",\"url\":\"https:\\\/\\\/blog.proofs.de\\\/wp-content\\\/uploads\\\/2020\\\/10\\\/matthias-betz-e1603934518350-150x150.png\",\"width\":96,\"height\":96,\"caption\":\"Matthias Betz\"}},{\"@type\":\"WebPage\",\"@id\":\"https:\\\/\\\/blog.proofs.de\\\/tr\\\/neuauflage-von-isocoatedv2-in-m1-in-sicht\\\/#webpage\",\"url\":\"https:\\\/\\\/blog.proofs.de\\\/tr\\\/neuauflage-von-isocoatedv2-in-m1-in-sicht\\\/\",\"name\":\"Neuauflage von ISOCoatedV2 in M1 geplant | proof.de\",\"description\":\"Ist nach fast 18 Jahren ISOCoatedV2 eine aktualisierte Neuauflage in Sicht? Was sind die Vorteile eines modernen Austauschfarbraums FOGRA39 \\\/ ISOCoatedV2_M1.\",\"inLanguage\":\"tr-TR\",\"isPartOf\":{\"@id\":\"https:\\\/\\\/blog.proofs.de\\\/tr\\\/#website\"},\"breadcrumb\":{\"@id\":\"https:\\\/\\\/blog.proofs.de\\\/tr\\\/neuauflage-von-isocoatedv2-in-m1-in-sicht\\\/#breadcrumblist\"},\"author\":{\"@id\":\"https:\\\/\\\/blog.proofs.de\\\/tr\\\/author\\\/mbetz\\\/#author\"},\"creator\":{\"@id\":\"https:\\\/\\\/blog.proofs.de\\\/tr\\\/author\\\/mbetz\\\/#author\"},\"image\":{\"@type\":\"ImageObject\",\"url\":\"https:\\\/\\\/blog.proofs.de\\\/wp-content\\\/uploads\\\/2024\\\/03\\\/proof_de_ISOCoatedV2_M1-scaled.jpg\",\"@id\":\"https:\\\/\\\/blog.proofs.de\\\/tr\\\/neuauflage-von-isocoatedv2-in-m1-in-sicht\\\/#mainImage\",\"width\":2560,\"height\":1920,\"caption\":\"proof.de ISOCoatedV2 \\\/ FOGRA39 Relaunch in M1?\"},\"primaryImageOfPage\":{\"@id\":\"https:\\\/\\\/blog.proofs.de\\\/tr\\\/neuauflage-von-isocoatedv2-in-m1-in-sicht\\\/#mainImage\"},\"datePublished\":\"2024-03-11T23:51:19+01:00\",\"dateModified\":\"2024-04-09T15:50:35+02:00\"},{\"@type\":\"WebSite\",\"@id\":\"https:\\\/\\\/blog.proofs.de\\\/tr\\\/#website\",\"url\":\"https:\\\/\\\/blog.proofs.de\\\/tr\\\/\",\"name\":\"Proof.de\",\"description\":\"Farbverbindlicher Proof, Farbproof, Digitalproof und Online-Proof.\",\"inLanguage\":\"tr-TR\",\"publisher\":{\"@id\":\"https:\\\/\\\/blog.proofs.de\\\/tr\\\/#organization\"}}]}\n\t\t<\/script>\n\t\t<!-- All in One SEO -->\n\n","aioseo_head_json":{"title":"M1 | proof.de'de planlanan ISOCoatedV2'nin yeni s\u00fcr\u00fcm\u00fc","description":"Neredeyse 18 y\u0131ll\u0131k ISOCoatedV2'nin ard\u0131ndan, g\u00fcncellenmi\u015f yeni bir bask\u0131 g\u00f6r\u00fcn\u00fcrde mi? Modern de\u011fi\u015fim renk alan\u0131 FOGRA39 \/ ISOCoatedV2_M1'in avantajlar\u0131 nelerdir?","canonical_url":"https:\/\/blog.proofs.de\/tr\/neuauflage-von-isocoatedv2-in-m1-in-sicht\/","robots":"max-image-preview:large","keywords":"cms2024,fogra,fogra39,iso3664:2009,isocoatedv2,m1,psocoatedv3","webmasterTools":{"google-site-verification":"TuXxyRwxcEg2-WfOaQ8vScWQh3-uBAnxXmY7g3GT90A","miscellaneous":"&lt;meta name=\"seobility\" content=\"593a8578143db71543f014978c690d47\"&gt;"},"schema":{"@context":"https:\/\/schema.org","@graph":[{"@type":"Article","@id":"https:\/\/blog.proofs.de\/tr\/neuauflage-von-isocoatedv2-in-m1-in-sicht\/#article","name":"Neuauflage von ISOCoatedV2 in M1 geplant | proof.de","headline":"Neuauflage von ISOCoatedV2 in M1 in Sicht?","author":{"@id":"https:\/\/blog.proofs.de\/tr\/author\/mbetz\/#author"},"publisher":{"@id":"https:\/\/blog.proofs.de\/tr\/#organization"},"image":{"@type":"ImageObject","url":"https:\/\/blog.proofs.de\/wp-content\/uploads\/2024\/03\/proof_de_ISOCoatedV2_M1-scaled.jpg","width":2560,"height":1920,"caption":"proof.de ISOCoatedV2 \/ FOGRA39 Relaunch in M1?"},"datePublished":"2024-03-11T23:51:19+01:00","dateModified":"2024-04-09T15:50:35+02:00","inLanguage":"tr-TR","mainEntityOfPage":{"@id":"https:\/\/blog.proofs.de\/tr\/neuauflage-von-isocoatedv2-in-m1-in-sicht\/#webpage"},"isPartOf":{"@id":"https:\/\/blog.proofs.de\/tr\/neuauflage-von-isocoatedv2-in-m1-in-sicht\/#webpage"},"articleSection":"Allgemein, Farbr\u00e4ume und Farbprofile, Licht und Normlicht, Prozessstandard Offsetdruck, CMS2024, Fogra, Fogra39, ISO3664:2009, ISOCoatedV2, M1, PSOcoatedV3"},{"@type":"BreadcrumbList","@id":"https:\/\/blog.proofs.de\/tr\/neuauflage-von-isocoatedv2-in-m1-in-sicht\/#breadcrumblist","itemListElement":[{"@type":"ListItem","@id":"https:\/\/blog.proofs.de\/tr#listItem","position":1,"name":"Home","item":"https:\/\/blog.proofs.de\/tr","nextItem":{"@type":"ListItem","@id":"https:\/\/blog.proofs.de\/tr\/thema\/proof-wissen\/#listItem","name":"Proof Wissen"}},{"@type":"ListItem","@id":"https:\/\/blog.proofs.de\/tr\/thema\/proof-wissen\/#listItem","position":2,"name":"Proof Wissen","item":"https:\/\/blog.proofs.de\/tr\/thema\/proof-wissen\/","nextItem":{"@type":"ListItem","@id":"https:\/\/blog.proofs.de\/tr\/thema\/proof-wissen\/licht-und-normlicht\/#listItem","name":"Licht und Normlicht"},"previousItem":{"@type":"ListItem","@id":"https:\/\/blog.proofs.de\/tr#listItem","name":"Home"}},{"@type":"ListItem","@id":"https:\/\/blog.proofs.de\/tr\/thema\/proof-wissen\/licht-und-normlicht\/#listItem","position":3,"name":"Licht und Normlicht","item":"https:\/\/blog.proofs.de\/tr\/thema\/proof-wissen\/licht-und-normlicht\/","nextItem":{"@type":"ListItem","@id":"https:\/\/blog.proofs.de\/tr\/neuauflage-von-isocoatedv2-in-m1-in-sicht\/#listItem","name":"Neuauflage von ISOCoatedV2 in M1 in Sicht?"},"previousItem":{"@type":"ListItem","@id":"https:\/\/blog.proofs.de\/tr\/thema\/proof-wissen\/#listItem","name":"Proof Wissen"}},{"@type":"ListItem","@id":"https:\/\/blog.proofs.de\/tr\/neuauflage-von-isocoatedv2-in-m1-in-sicht\/#listItem","position":4,"name":"Neuauflage von ISOCoatedV2 in M1 in Sicht?","previousItem":{"@type":"ListItem","@id":"https:\/\/blog.proofs.de\/tr\/thema\/proof-wissen\/licht-und-normlicht\/#listItem","name":"Licht und Normlicht"}}]},{"@type":"Organization","@id":"https:\/\/blog.proofs.de\/tr\/#organization","name":"Proof GmbH","description":"Farbverbindlicher Proof, Farbproof, Digitalproof und Online-Proof.","url":"https:\/\/blog.proofs.de\/tr\/","telephone":"+4970717952740","logo":{"@type":"ImageObject","url":"https:\/\/blog1.proofen.de\/wp-content\/uploads\/2019\/09\/logo_proof_rgb_mit_balken_250px.png","@id":"https:\/\/blog.proofs.de\/tr\/neuauflage-von-isocoatedv2-in-m1-in-sicht\/#organizationLogo"},"image":{"@id":"https:\/\/blog.proofs.de\/tr\/neuauflage-von-isocoatedv2-in-m1-in-sicht\/#organizationLogo"},"sameAs":["https:\/\/www.facebook.com\/Proof.de\/","https:\/\/www.instagram.com\/proof.de\/","https:\/\/www.tiktok.com\/@proof_de","https:\/\/www.youtube.com\/channel\/UCk80fQVQ25wC9wu3SywB-Nw","https:\/\/www.linkedin.com\/company\/proof-de"]},{"@type":"Person","@id":"https:\/\/blog.proofs.de\/tr\/author\/mbetz\/#author","url":"https:\/\/blog.proofs.de\/tr\/author\/mbetz\/","name":"Matthias Betz","image":{"@type":"ImageObject","@id":"https:\/\/blog.proofs.de\/tr\/neuauflage-von-isocoatedv2-in-m1-in-sicht\/#authorImage","url":"https:\/\/blog.proofs.de\/wp-content\/uploads\/2020\/10\/matthias-betz-e1603934518350-150x150.png","width":96,"height":96,"caption":"Matthias Betz"}},{"@type":"WebPage","@id":"https:\/\/blog.proofs.de\/tr\/neuauflage-von-isocoatedv2-in-m1-in-sicht\/#webpage","url":"https:\/\/blog.proofs.de\/tr\/neuauflage-von-isocoatedv2-in-m1-in-sicht\/","name":"Neuauflage von ISOCoatedV2 in M1 geplant | proof.de","description":"Ist nach fast 18 Jahren ISOCoatedV2 eine aktualisierte Neuauflage in Sicht? Was sind die Vorteile eines modernen Austauschfarbraums FOGRA39 \/ ISOCoatedV2_M1.","inLanguage":"tr-TR","isPartOf":{"@id":"https:\/\/blog.proofs.de\/tr\/#website"},"breadcrumb":{"@id":"https:\/\/blog.proofs.de\/tr\/neuauflage-von-isocoatedv2-in-m1-in-sicht\/#breadcrumblist"},"author":{"@id":"https:\/\/blog.proofs.de\/tr\/author\/mbetz\/#author"},"creator":{"@id":"https:\/\/blog.proofs.de\/tr\/author\/mbetz\/#author"},"image":{"@type":"ImageObject","url":"https:\/\/blog.proofs.de\/wp-content\/uploads\/2024\/03\/proof_de_ISOCoatedV2_M1-scaled.jpg","@id":"https:\/\/blog.proofs.de\/tr\/neuauflage-von-isocoatedv2-in-m1-in-sicht\/#mainImage","width":2560,"height":1920,"caption":"proof.de ISOCoatedV2 \/ FOGRA39 Relaunch in M1?"},"primaryImageOfPage":{"@id":"https:\/\/blog.proofs.de\/tr\/neuauflage-von-isocoatedv2-in-m1-in-sicht\/#mainImage"},"datePublished":"2024-03-11T23:51:19+01:00","dateModified":"2024-04-09T15:50:35+02:00"},{"@type":"WebSite","@id":"https:\/\/blog.proofs.de\/tr\/#website","url":"https:\/\/blog.proofs.de\/tr\/","name":"Proof.de","description":"Farbverbindlicher Proof, Farbproof, Digitalproof und Online-Proof.","inLanguage":"tr-TR","publisher":{"@id":"https:\/\/blog.proofs.de\/tr\/#organization"}}]},"og:locale":"tr_TR","og:site_name":"Proof.de | Alles zu Proof, Farbmanagement, Grafik, Messtechnik &amp; Co.","og:type":"article","og:title":"Neuauflage von ISOCoatedV2 in M1 geplant | proof.de","og:description":"Ist nach fast 18 Jahren ISOCoatedV2 eine aktualisierte Neuauflage in Sicht? Was sind die Vorteile eines modernen Austauschfarbraums FOGRA39 \/ ISOCoatedV2_M1.","og:url":"https:\/\/blog.proofs.de\/tr\/neuauflage-von-isocoatedv2-in-m1-in-sicht\/","og:image":"https:\/\/blog.proofs.de\/wp-content\/uploads\/2024\/03\/proof_de_ISOCoatedV2_M1-scaled.jpg","og:image:secure_url":"https:\/\/blog.proofs.de\/wp-content\/uploads\/2024\/03\/proof_de_ISOCoatedV2_M1-scaled.jpg","og:image:width":2560,"og:image:height":1920,"article:published_time":"2024-03-11T22:51:19+00:00","article:modified_time":"2024-04-09T13:50:35+00:00","article:publisher":"https:\/\/www.facebook.com\/Proof.de\/","twitter:card":"summary","twitter:title":"Neuauflage von ISOCoatedV2 in M1 geplant | proof.de","twitter:description":"Ist nach fast 18 Jahren ISOCoatedV2 eine aktualisierte Neuauflage in Sicht? Was sind die Vorteile eines modernen Austauschfarbraums FOGRA39 \/ ISOCoatedV2_M1.","twitter:image":"https:\/\/blog.proofs.de\/wp-content\/uploads\/2024\/03\/proof_de_ISOCoatedV2_M1-scaled.jpg"},"aioseo_meta_data":{"post_id":"5629","title":"M1 | proof.de'de planlanan ISOCoatedV2'nin yeni s\u00fcr\u00fcm\u00fc","description":"Neredeyse 18 y\u0131ll\u0131k ISOCoatedV2'nin ard\u0131ndan, g\u00fcncellenmi\u015f yeni bir bask\u0131 g\u00f6r\u00fcn\u00fcrde mi? Modern de\u011fi\u015fim renk alan\u0131 FOGRA39 \/ ISOCoatedV2_M1'in avantajlar\u0131 nelerdir?","keywords":[],"keyphrases":{"focus":{"keyphrase":"ISOCotedV2","score":37,"analysis":{"keyphraseInTitle":{"score":3,"maxScore":9,"error":1},"keyphraseInDescription":{"score":3,"maxScore":9,"error":1},"keyphraseLength":{"score":9,"maxScore":9,"error":0,"length":1},"keyphraseInURL":{"score":1,"maxScore":5,"error":1},"keyphraseInIntroduction":{"score":3,"maxScore":9,"error":1},"keyphraseInSubHeadings":{"score":3,"maxScore":9,"error":1},"keyphraseInImageAlt":{"score":3,"maxScore":9,"error":1},"keywordDensity":{"score":0,"type":"low","maxScore":9,"error":1}}},"additional":[]},"primary_term":null,"canonical_url":null,"og_title":null,"og_description":null,"og_object_type":"default","og_image_type":"default","og_image_url":null,"og_image_width":null,"og_image_height":null,"og_image_custom_url":null,"og_image_custom_fields":null,"og_video":"","og_custom_url":null,"og_article_section":null,"og_article_tags":[],"twitter_use_og":true,"twitter_card":"default","twitter_image_type":"default","twitter_image_url":null,"twitter_image_custom_url":null,"twitter_image_custom_fields":null,"twitter_title":null,"twitter_description":null,"schema":{"blockGraphs":[],"customGraphs":[],"default":{"data":{"Article":[],"Course":[],"Dataset":[],"FAQPage":[],"Movie":[],"Person":[],"Product":[],"ProductReview":[],"Car":[],"Recipe":[],"Service":[],"SoftwareApplication":[],"WebPage":[]},"graphName":"Article","isEnabled":true},"graphs":[]},"schema_type":"default","schema_type_options":null,"pillar_content":false,"robots_default":true,"robots_noindex":false,"robots_noarchive":false,"robots_nosnippet":false,"robots_nofollow":false,"robots_noimageindex":false,"robots_noodp":false,"robots_notranslate":false,"robots_max_snippet":"-1","robots_max_videopreview":"-1","robots_max_imagepreview":"large","priority":null,"frequency":"default","local_seo":null,"breadcrumb_settings":null,"limit_modified_date":false,"ai":null,"created":"2024-03-10 18:28:40","updated":"2025-06-04 14:29:05","seo_analyzer_scan_date":null,"focus_keyword":"ISOCotedV2","additional_keywords":null,"truseo_locale":null},"_links":{"self":[{"href":"https:\/\/blog.proofs.de\/tr\/wp-json\/wp\/v2\/posts\/5629","targetHints":{"allow":["GET"]}}],"collection":[{"href":"https:\/\/blog.proofs.de\/tr\/wp-json\/wp\/v2\/posts"}],"about":[{"href":"https:\/\/blog.proofs.de\/tr\/wp-json\/wp\/v2\/types\/post"}],"author":[{"embeddable":true,"href":"https:\/\/blog.proofs.de\/tr\/wp-json\/wp\/v2\/users\/2"}],"replies":[{"embeddable":true,"href":"https:\/\/blog.proofs.de\/tr\/wp-json\/wp\/v2\/comments?post=5629"}],"version-history":[{"count":8,"href":"https:\/\/blog.proofs.de\/tr\/wp-json\/wp\/v2\/posts\/5629\/revisions"}],"predecessor-version":[{"id":5718,"href":"https:\/\/blog.proofs.de\/tr\/wp-json\/wp\/v2\/posts\/5629\/revisions\/5718"}],"wp:featuredmedia":[{"embeddable":true,"href":"https:\/\/blog.proofs.de\/tr\/wp-json\/wp\/v2\/media\/5636"}],"wp:attachment":[{"href":"https:\/\/blog.proofs.de\/tr\/wp-json\/wp\/v2\/media?parent=5629"}],"wp:term":[{"taxonomy":"category","embeddable":true,"href":"https:\/\/blog.proofs.de\/tr\/wp-json\/wp\/v2\/categories?post=5629"},{"taxonomy":"post_tag","embeddable":true,"href":"https:\/\/blog.proofs.de\/tr\/wp-json\/wp\/v2\/tags?post=5629"}],"curies":[{"name":"wp","href":"https:\/\/api.w.org\/{rel}","templated":true}]}}