{"id":875,"date":"2014-03-02T00:04:24","date_gmt":"2014-03-01T23:04:24","guid":{"rendered":"http:\/\/www.proof.de\/?p=875"},"modified":"2025-04-07T16:54:10","modified_gmt":"2025-04-07T14:54:10","slug":"prova-yaparken-mutlaka-goez-oenuende-bulundurmaniz-gereken-on-nokta","status":"publish","type":"post","link":"https:\/\/blog.proofs.de\/tr\/zehn-punkte-die-sie-beim-proof-unbedingt-beachten-sollten\/","title":{"rendered":"prova yaparken mutlaka g\u00f6z \u00f6n\u00fcnde bulundurmaniz gereken on nokta"},"content":{"rendered":"<div class=\"kk-star-ratings kksr-auto kksr-align-right kksr-valign-top\" data-payload='{\"align\":\"right\",\"id\":\"875\",\"slug\":\"default\",\"valign\":\"top\",\"ignore\":\"\",\"reference\":\"auto\",\"class\":\"\",\"count\":\"0\",\"legendonly\":\"\",\"readonly\":\"\",\"score\":\"0\",\"starsonly\":\"\",\"best\":\"5\",\"gap\":\"5\",\"greet\":\"Jetzt bewerten\",\"legend\":\"0\\\/5 - (0 votes)\",\"size\":\"24\",\"title\":\"Zehn Punkte, die Sie beim Proof unbedingt beachten sollten.\",\"width\":\"0\",\"_legend\":\"{score}\\\/{best} - ({count} {votes})\",\"font_factor\":\"1.25\"}'>\n            \n<div class=\"kksr-stars\">\n    \n<div class=\"kksr-stars-inactive\">\n            <div class=\"kksr-star\" data-star=\"1\" style=\"padding-right: 5px\">\n            \n\n<div class=\"kksr-icon\" style=\"width: 24px; height: 24px;\"><\/div>\n        <\/div>\n            <div class=\"kksr-star\" data-star=\"2\" style=\"padding-right: 5px\">\n            \n\n<div class=\"kksr-icon\" style=\"width: 24px; height: 24px;\"><\/div>\n        <\/div>\n            <div class=\"kksr-star\" data-star=\"3\" style=\"padding-right: 5px\">\n            \n\n<div class=\"kksr-icon\" style=\"width: 24px; height: 24px;\"><\/div>\n        <\/div>\n            <div class=\"kksr-star\" data-star=\"4\" style=\"padding-right: 5px\">\n            \n\n<div class=\"kksr-icon\" style=\"width: 24px; height: 24px;\"><\/div>\n        <\/div>\n            <div class=\"kksr-star\" data-star=\"5\" style=\"padding-right: 5px\">\n            \n\n<div class=\"kksr-icon\" style=\"width: 24px; height: 24px;\"><\/div>\n        <\/div>\n    <\/div>\n    \n<div class=\"kksr-stars-active\" style=\"width: 0px;\">\n            <div class=\"kksr-star\" style=\"padding-right: 5px\">\n            \n\n<div class=\"kksr-icon\" style=\"width: 24px; height: 24px;\"><\/div>\n        <\/div>\n            <div class=\"kksr-star\" style=\"padding-right: 5px\">\n            \n\n<div class=\"kksr-icon\" style=\"width: 24px; height: 24px;\"><\/div>\n        <\/div>\n            <div class=\"kksr-star\" style=\"padding-right: 5px\">\n            \n\n<div class=\"kksr-icon\" style=\"width: 24px; height: 24px;\"><\/div>\n        <\/div>\n            <div class=\"kksr-star\" style=\"padding-right: 5px\">\n            \n\n<div class=\"kksr-icon\" style=\"width: 24px; height: 24px;\"><\/div>\n        <\/div>\n            <div class=\"kksr-star\" style=\"padding-right: 5px\">\n            \n\n<div class=\"kksr-icon\" style=\"width: 24px; height: 24px;\"><\/div>\n        <\/div>\n    <\/div>\n<\/div>\n                \n\n<div class=\"kksr-legend\" style=\"font-size: 19.2px;\">\n            <span class=\"kksr-muted\">\u015eimdi de\u011ferlendirin<\/span>\n    <\/div>\n    <\/div>\n<p><a href=\"https:\/\/blog.proofs.de\/tr\/lexikon\/proofs\/\" target=\"_self\" title=\"Bask\u0131 sekt\u00f6r\u00fcnde provalar (veya test bask\u0131lar\u0131), kontrol amac\u0131yla bir bask\u0131 sonucunun renk a\u00e7\u0131s\u0131ndan do\u011fru ve yasal olarak ba\u011flay\u0131c\u0131 sim\u00fclasyonunu ifade eder. Provalardan sorumlu standart ISO 12647-7:2016&#039;d\u0131r, yani 2016&#039;daki g\u00fcncel revizyondur.\" class=\"encyclopedia\">Kan\u0131tlar<\/a> asl\u0131nda olduk\u00e7a basittir. Ancak deneyimler, bir\u00e7ok m\u00fc\u015fterinin ayn\u0131 hatalara tekrar tekrar d\u00fc\u015ft\u00fc\u011f\u00fcn\u00fc g\u00f6stermektedir. Ba\u015far\u0131l\u0131 bir proje i\u00e7in en \u00f6nemli on noktay\u0131 \u00f6zetledik <a href=\"https:\/\/blog.proofs.de\/tr\/lexikon\/proof\/\" target=\"_self\" title=\"Dijital prova (do\u011frusu: kontrat provas\u0131), grafik sanatlar end\u00fcstrisi i\u00e7in ISO 12647-7 sertifikal\u0131 bir test cihaz\u0131d\u0131r. Dijital prova, ofset bask\u0131 veya grav\u00fcr bask\u0131n\u0131n renklili\u011fini ISO standard\u0131n\u0131n dar toleranslar\u0131 dahilinde renkli ve yasal olarak ba\u011flay\u0131c\u0131 bir \u015fekilde sim\u00fcle eder.\" class=\"encyclopedia\">Kan\u0131t<\/a>i\u015f:<\/p>\n<p>1.: <a href=\"https:\/\/blog.proofs.de\/tr\/lexikon\/proofen\/\" target=\"_self\" title='&quot;Prova&quot;, bir prova \u00fcretmek veya \u00fcrettirmek anlam\u0131na gelir. &quot;Bro\u015f\u00fcr\u00fcn provas\u0131n\u0131 yapt\u0131rmam gerekiyor&quot; ifadesi, &quot;prova&quot; kelimesinin tipik form\u00fclasyonudur. Bu nedenle prova, mevcut ISO 12647-7 standard\u0131na uygun olarak renkli ve yasal olarak ba\u011flay\u0131c\u0131 bir prova \u00fcretilmesi anlam\u0131na gelir.' class=\"encyclopedia\">Kan\u0131tlama<\/a> \u00fcretim s\u00fcrecinde m\u00fcmk\u00fcn oldu\u011funca ge\u00e7<br>\n2: Ama\u00e7lar\u0131n\u0131z i\u00e7in do\u011fru kan\u0131t profilini se\u00e7in<br>\n3: D\u00f6n\u00fc\u015ft\u00fcrme <a href=\"https:\/\/blog.proofs.de\/tr\/lexikon\/rgb\/\" target=\"_self\" title=\"RGB k\u0131rm\u0131z\u0131, ye\u015fil ve mavi renkleri ifade eder. \u0130nsanlar\u0131n renk g\u00f6r\u00fc\u015f\u00fc bu renklere dayan\u0131r.\" class=\"encyclopedia\">RGB<\/a> veya <a href=\"https:\/\/blog.proofs.de\/tr\/lexikon\/lab\/\" target=\"_self\" title=\"CIELAB veya LAB, kesin renk hesaplamas\u0131n\u0131n gerekli oldu\u011fu her yerde kendini kabul ettirmi\u015f matematiksel bir renk modelidir. Bilgisayar renk y\u00f6netimi genellikle CIELAB \u00fczerinden \u00e7al\u0131\u015f\u0131r.\" class=\"encyclopedia\">LAB<\/a> Sonraki resimler <a href=\"https:\/\/blog.proofs.de\/tr\/lexikon\/cmyk\/\" target=\"_self\" title='CMYK, d\u00f6rt bask\u0131 rengi olan camg\u00f6be\u011fi, macenta, sar\u0131 ve &quot;anahtar&quot; (siyah veya siyah bile\u015fen) anlam\u0131na gelir.' class=\"encyclopedia\">CMYK<\/a> at<br>\n4: \u0130sim <a href=\"https:\/\/blog.proofs.de\/tr\/lexikon\/pantone\/\" target=\"_self\" title='Pantone, 2010 y\u0131l\u0131nda &quot;Pantone Plus Serisi&quot; olarak yeniden adland\u0131r\u0131lan ve o zamandan beri 1755 renge geni\u015fletilen, d\u00fcnya \u00e7ap\u0131nda bask\u0131da pop\u00fcler bir renk sistemi olan Pantone Matching System&#039;in \u00fcreticisidir.' class=\"encyclopedia\">Pantone<\/a> ve <a href=\"https:\/\/blog.proofs.de\/tr\/lexikon\/hks\/\" target=\"_self\" title=\"HKS, Horstmann-Steinberg, Kast + Ehinger ve H. Schmincke und Co. \u015firketleri taraf\u0131ndan geli\u015ftirilen bir Alman renk sistemidir, dolay\u0131s\u0131yla ad\u0131 HKS&#039;dir.\" class=\"encyclopedia\">HKS<\/a> Renkler do\u011fru<br>\n5: Verilerinizi 1:1 oran\u0131nda ve k\u00fc\u00e7\u00fclt\u00fclmemi\u015f olarak kan\u0131tlay\u0131n<br>\n6: Her zaman a\u015fa\u011f\u0131dakilerle kan\u0131tlay\u0131n <a href=\"https:\/\/blog.proofs.de\/tr\/lexikon\/ugra\/\" target=\"_self\" title=\"UGRA, medya ve bask\u0131 teknolojisi alan\u0131nda yetkinlik merkezidir.\" class=\"encyclopedia\">UGRA<\/a>\/<a href=\"https:\/\/blog.proofs.de\/tr\/lexikon\/fogra\/\" target=\"_self\" title=\"Merkezi M\u00fcnih&#039;te bulunan Fogra Forschungsgesellschaft Druck e.V..\" class=\"encyclopedia\">Fogra<\/a> <a href=\"https:\/\/blog.proofs.de\/tr\/lexikon\/medienkeil\/\" target=\"_self\" title=\"Medya takozu, bask\u0131 end\u00fcstrisinde ve renk y\u00f6netiminde kullan\u0131lan standartla\u015ft\u0131r\u0131lm\u0131\u015f bir test desenidir. Medya takozu, bilinen renk de\u011ferleri ve renk yo\u011funluklar\u0131na sahip bir dizi renk yamas\u0131ndan olu\u015fur. \u00d6zellikle renk y\u00f6netim sistemlerini kalibre ederken bask\u0131lar\u0131n renk do\u011frulu\u011funu ve renk reprod\u00fcksiyonunu kontrol etmek i\u00e7in kullan\u0131l\u0131r. Medya takozu, farkl\u0131 renklere sahip bir dizi renk yamas\u0131 i\u00e7erir...\" class=\"encyclopedia\">Medya takozu<\/a> 3.0<br>\n7: Do\u011fru i\u015f biletine sahip oldu\u011funuzdan emin olun<br>\n8: Hizmet sa\u011flay\u0131c\u0131n\u0131z\u0131n en yeni prova yaz\u0131l\u0131m\u0131 ve donan\u0131m\u0131na sahip oldu\u011fundan emin olun<br>\n9: Yaln\u0131zca ger\u00e7ek \"s\u00f6zle\u015fme kan\u0131tlar\u0131n\u0131\" kabul edin <a href=\"https:\/\/blog.proofs.de\/tr\/lexikon\/iso-12647\/\" target=\"_self\" title=\"ISO 12647, bask\u0131dan sorumlu ISO standard\u0131d\u0131r. Standartla\u015ft\u0131r\u0131lm\u0131\u015f, renk do\u011frulu\u011fu olan bask\u0131lar i\u00e7in en \u00f6nemli kilit noktalar\u0131 tan\u0131mlar.\" class=\"encyclopedia\">ISO 12647<\/a>-7<br>\n10: Prova hizmeti sa\u011flay\u0131c\u0131n\u0131z\u0131n ge\u00e7erli sertifikalara sahip oldu\u011fundan emin olun<\/p>\n<p>Bu hususlar\u0131 a\u015fa\u011f\u0131da size daha ayr\u0131nt\u0131l\u0131 olarak sunmak istiyoruz.<\/p>\n<h2><!--more-->&nbsp;\u00dcretim s\u00fcrecinde m\u00fcmk\u00fcn oldu\u011funca ge\u00e7 kan\u0131tlama<\/h2>\n<p>\u0130deal \u00e7\u00f6z\u00fcm a\u00e7\u0131kt\u0131r: bask\u0131 at\u00f6lyesine g\u00f6nderdi\u011finiz verilerin ayn\u0131s\u0131n\u0131 provaya da g\u00f6nderin. Bu, provan\u0131n bask\u0131 ile ger\u00e7ekten e\u015fle\u015fmesini sa\u011flar. \u00dczerinde bir binan\u0131n terk edilmi\u015f bir koridorunun resmi bulunan ve provas\u0131n\u0131 yapt\u0131\u011f\u0131m\u0131z bir reklamla ilgili bir \u015fikayetin yap\u0131ld\u0131\u011f\u0131 bir vakay\u0131 hat\u0131rl\u0131yorum: \"Prova, bask\u0131dan tamamen farkl\u0131 renkte g\u00f6r\u00fcn\u00fcyor\". Renk alanlar\u0131 ve g\u00f6r\u00fcnt\u00fc formatlar\u0131ndaki hatalar i\u00e7in uzun bir ara\u015ft\u0131rmadan sonra durum netle\u015fti: Prova koridorunun perspektifi, ger\u00e7ek bas\u0131l\u0131 koridordan biraz farkl\u0131yd\u0131. Neden? Ajans son dakikada orijinal -ve provas\u0131 yap\u0131lm\u0131\u015f- g\u00f6r\u00fcnt\u00fcy\u00fc ayn\u0131 koridorun biraz farkl\u0131 foto\u011fraflanm\u0131\u015f bir g\u00f6r\u00fcnt\u00fcs\u00fcyle de\u011fi\u015ftirmi\u015fti. Renklerin art\u0131k do\u011fru olamayaca\u011f\u0131 hemen anla\u015f\u0131ld\u0131.<br>\nM\u00fcmk\u00fcnse, bask\u0131ya g\u00f6nderdi\u011finiz verilerin ayn\u0131s\u0131n\u0131 prova edin veya prova ve bask\u0131 i\u00e7in g\u00f6r\u00fcnt\u00fclerin ve PDF d\u0131\u015fa aktarma ayarlar\u0131n\u0131n ayn\u0131 oldu\u011fundan emin olun.<\/p>\n<h2>Ama\u00e7lar\u0131n\u0131z i\u00e7in do\u011fru kan\u0131t profilini se\u00e7in.<\/h2>\n<p>Bir prova yaln\u0131zca uygun prova profili ile olu\u015fturulmu\u015fsa renk a\u00e7\u0131s\u0131ndan do\u011frudur. Bir antetli ka\u011f\u0131d\u0131n provas\u0131n\u0131 yapmak istiyorsan\u0131z, a\u015fa\u011f\u0131dakileri kullanamazs\u0131n\u0131z <a href=\"https:\/\/blog.proofs.de\/tr\/lexikon\/isocoatedv2\/\" target=\"_self\" title=\"ISOCoatedV2, Avrupa&#039;da bask\u0131 end\u00fcstrisinde en yayg\u0131n kullan\u0131lan profildir. En yayg\u0131n bask\u0131 s\u00fcrecini temsil eder: Mat veya parlak resim bask\u0131 ka\u011f\u0131d\u0131 \u00fczerine ofset bask\u0131.\" class=\"encyclopedia\">ISOCoatedV2<\/a> Kan\u0131t. ISOCoatedV2 bir <a href=\"https:\/\/blog.proofs.de\/tr\/lexikon\/bilderdruckpapier\/\" target=\"_self\" title=\"Resim bask\u0131 ka\u011f\u0131d\u0131 (veya sanat ka\u011f\u0131d\u0131) her iki y\u00fcz\u00fc de kaplanm\u0131\u015f bir ka\u011f\u0131t t\u00fcr\u00fcd\u00fcr ve \u00e7ok yayg\u0131nd\u0131r. Mat, yar\u0131 parlak veya parlak ku\u015fe olmak \u00fczere \u00e7e\u015fitli gramajlarda mevcuttur ve t\u00fcm bask\u0131 i\u015flemleri i\u00e7in uygundur.\" class=\"encyclopedia\">Resim bask\u0131 ka\u011f\u0131d\u0131<\/a>-ge\u00e7irmez bir standartt\u0131r, oysa antetli ka\u011f\u0131t her zaman <a href=\"https:\/\/blog.proofs.de\/tr\/lexikon\/naturpapier\/\" target=\"_self\" title=\"Bir kaplama ile bitirilmemi\u015f t\u00fcm ka\u011f\u0131tlar\u0131 ifade eder. Kaplamas\u0131z ka\u011f\u0131t, kaplanmam\u0131\u015f ka\u011f\u0131t olarak da adland\u0131r\u0131l\u0131r.\" class=\"encyclopedia\">Do\u011fal ka\u011f\u0131t<\/a> yazd\u0131r\u0131l\u0131r. Bunun yerine, \u015funlar\u0131 yapmal\u0131s\u0131n\u0131z <a href=\"https:\/\/blog.proofs.de\/tr\/lexikon\/pso\/\" target=\"_self\" title='PSO, Fogra ve Alman Bask\u0131 ve Medya End\u00fcstrileri Federasyonu taraf\u0131ndan ortakla\u015fa geli\u015ftirilen bir standart olan &quot;ProzessStandard Offsetdruck&quot; anlam\u0131na gelmektedir. ProzessStandard Offset, ofset bask\u0131 i\u00e7in normlar ve standardizasyonlardan olu\u015fan bir koleksiyondur.' class=\"encyclopedia\">PSO<\/a>Prova standard\u0131 olarak Uncoated'yi se\u00e7in. Bir ISOCoatedV2 provas\u0131, kaplanmam\u0131\u015f ka\u011f\u0131da bas\u0131labilecek olandan \u00e7ok daha renkli olacakt\u0131r. Ayr\u0131ca ISOCoatedV2 gazete bask\u0131s\u0131 i\u00e7in de iyi de\u011fildir, burada ISONewspaper 26v4 veya benzerine ihtiyac\u0131n\u0131z vard\u0131r.<br>\n<a title=\"G\u00fcncel kan\u0131t standartlar\u0131 2021\" href=\"https:\/\/blog1.proofen.de\/aktuelle-proofstandards\/\">T\u00fcm g\u00fcncel kan\u0131t profillerine genel bir bak\u0131\u015f\u0131 burada bulabilirsiniz.<\/a><\/p>\n<p>Son bask\u0131 ve dolay\u0131s\u0131yla prova profili hen\u00fcz belirlenmemi\u015fse veya bask\u0131 profili bilinmiyorsa (\u00f6rn. roll-up'lar vb. i\u00e7in), ISOCoatedV2'de prova yap\u0131n.<\/p>\n<h2>RGB veya LAB g\u00f6r\u00fcnt\u00fcleri CMYK'ya d\u00f6n\u00fc\u015ft\u00fcrme<\/h2>\n<p>T\u00fcm provalar\u0131n b\u00fcy\u00fck \u00e7o\u011funlu\u011fu PDF dosyalar\u0131ndan X1-a veya X3 olarak olu\u015fturulur. Ajanslar ve grafik tasar\u0131mc\u0131lar verilerini ya CMYK olarak olu\u015fturur ya da PDF d\u0131\u015fa aktar\u0131m\u0131 s\u0131ras\u0131nda RGB veya LAB gibi renk uzaylar\u0131n\u0131 CMYK'ya d\u00f6n\u00fc\u015ft\u00fcr\u00fcr. Bunun hakl\u0131 gerek\u00e7eleri vard\u0131r:<br>\nModernite <a href=\"https:\/\/blog.proofs.de\/tr\/lexikon\/rip\/\" target=\"_self\" title='RIP bir raster g\u00f6r\u00fcnt\u00fc i\u015flemcisidir, yani bir &quot;raster g\u00f6r\u00fcnt\u00fc i\u015flemcisi&quot;. PDF veya Postscript verilerini i\u015fler ve ba\u011fl\u0131 g\u00f6r\u00fcnt\u00fc ayarlay\u0131c\u0131lara veya prova yaz\u0131c\u0131lar\u0131na g\u00f6nderir.' class=\"encyclopedia\">RIP<\/a> Matbaalardaki veya prova hizmeti sa\u011flay\u0131c\u0131lar\u0131ndaki yaz\u0131l\u0131mlar, prova s\u0131ras\u0131nda RGB veya LAB renklerini kolayca CMYK prova renklerine d\u00f6n\u00fc\u015ft\u00fcrebilir.<a href=\"https:\/\/blog.proofs.de\/tr\/lexikon\/farbraum\/\" target=\"_self\" title=\"Renk uzay\u0131 bir renk modeline dayan\u0131r ve onun bir renk \u00fcretim y\u00f6ntemine (yaz\u0131c\u0131, ekran, vb.) somut uygulamas\u0131d\u0131r. Bu nedenle, bu y\u00f6ntem ve ilgili malzemeler kullan\u0131larak ger\u00e7ekten g\u00f6r\u00fcnt\u00fclenebilen t\u00fcm renkleri i\u00e7erir.\" class=\"encyclopedia\">Renk alan\u0131<\/a> d\u00f6n\u00fc\u015ft\u00fcr\u00fcn. Ancak, bask\u0131 at\u00f6lyesi ba\u015fka RGB profilleri kullanabilir (\u00f6rn. <a href=\"https:\/\/blog.proofs.de\/tr\/lexikon\/eci\/\" target=\"_self\" title=\"ECI - Avrupa Renk \u0130nisiyatifi - yay\u0131n sistemlerinde renk verilerinin i\u015flenmesiyle ilgilenen bir uzmanlar grubudur.\" class=\"encyclopedia\">ECI<\/a>AdobeRGB 1998 yerine -RGB) veya di\u011fer <a href=\"https:\/\/blog.proofs.de\/tr\/lexikon\/rendering-intent\/\" target=\"_self\" title=\"Gamut e\u015flemede, i\u015fleme amac\u0131 (i\u015fleme \u00f6nceli\u011fi, d\u00f6n\u00fc\u015ft\u00fcrme \u00f6nceli\u011fi) renklerin bir renk uzay\u0131ndan di\u011ferine d\u00f6n\u00fc\u015ft\u00fcr\u00fclme prosed\u00fcr\u00fcd\u00fcr. ICC taraf\u0131ndan tan\u0131mlanan d\u00f6rt t\u00fcr i\u015fleme amac\u0131 vard\u0131r: Alg\u0131sal, Doygunluk odakl\u0131, Mutlak kolorimetrik ve Ba\u011f\u0131l kolorimetrik\" class=\"encyclopedia\">Rendering amac\u0131<\/a>s (\u00f6rne\u011fin, \" yerine \"kesinlikle kolorimetrik\"<a href=\"https:\/\/blog.proofs.de\/tr\/lexikon\/perzeptivi\/\" target=\"_self\" title='Renk y\u00f6netiminde m\u00fcmk\u00fcn olan en ho\u015f ve g\u00f6rsel olarak \u00e7ekici renk \u00fcretimini elde etmek i\u00e7in &quot;alg\u0131sal&quot; i\u015fleme amac\u0131 kullan\u0131l\u0131r. Bu i\u015fleme amac\u0131, renklerin insan alg\u0131s\u0131na dayan\u0131r ve renkleri nas\u0131l alg\u0131lad\u0131\u011f\u0131m\u0131z\u0131 ve yorumlad\u0131\u011f\u0131m\u0131z\u0131 dikkate al\u0131r. &quot;Alg\u0131sal&quot; veya &quot;alg\u0131sal&quot; i\u015fleme amac\u0131 kullan\u0131ld\u0131\u011f\u0131nda, orijinalin renk de\u011ferleri, renkleri daha ho\u015f g\u00f6sterecek \u015fekilde ayarlan\u0131r...' class=\"encyclopedia\">alg\u0131lay\u0131c\u0131<\/a>\") ajans veya prova \u00fcreticisi gibi RGB\/LAB'den CMYK'ya renk d\u00f6n\u00fc\u015f\u00fcm\u00fc i\u00e7in kullanabilir ve bu da elbette farkl\u0131 bir renk sonucuna yol a\u00e7ar. Bu nedenle, prova i\u00e7in t\u00fcm verileri CMYK olarak sa\u011flarsan\u0131z her zaman g\u00fcvenli tarafta olursunuz. <a href=\"https:\/\/blog.proofs.de\/tr\/lexikon\/schmuckfarbe\/\" target=\"_self\" title=\"Spot renkler veya \u00f6zel renkler CMYK renk uzay\u0131na ait olmayan ancak ek bir m\u00fcrekkep \u00fcnitesinde ger\u00e7ek renkler olarak bas\u0131lan renklerdir. En \u00f6nemli temsilcileri HKS ve PANTONE renkleridir.\" class=\"encyclopedia\">Spot renk<\/a>n elbette bunun d\u0131\u015f\u0131ndad\u0131r; bunlar ek bir renk ayr\u0131m\u0131 olarak olu\u015fturulmal\u0131d\u0131r.<\/p>\n<h2>Pantone ve HKS renklerini do\u011fru adland\u0131r\u0131n<\/h2>\n<p>Sizin i\u00e7in \"Son yazd\u0131rma i\u015findeki ye\u015fil\" veya \"M\u00fc\u015fteri k\u0131rm\u0131z\u0131s\u0131\" gibi renk adlar\u0131 net renk adlar\u0131 olabilir. Ancak prova RIP bu t\u00fcr renk adlar\u0131n\u0131 do\u011fru yorumlayamaz. Bu nedenle renkleri a\u00e7\u0131k bir \u015fekilde \"HKS 41 K\" ve \"PANTONE 217 C\" olarak adland\u0131r\u0131n. Adobe programlar\u0131nda renkleri sa\u011flanan Pantone ve HKS k\u00fct\u00fcphanelerinden se\u00e7erseniz bu olduk\u00e7a basit bir \u015fekilde \u00e7al\u0131\u015f\u0131r. \u015eunu da not etmek \u00f6nemlidir: Yaz\u0131c\u0131 i\u00e7in HKS 41, HKS 41'dir. RIP i\u00e7in \"HKS 41 K\", \"HKS 41 N \"den tamamen farkl\u0131 bir renktir ve \"PANTONE 217 C\", \"PANTONE 217 U \"dan farkl\u0131 bir renktir. Bu nedenle, kaplanmam\u0131\u015f ka\u011f\u0131da veya resim bask\u0131s\u0131na ba\u011fl\u0131 olarak do\u011fru rengi se\u00e7in. Profesyonel bir prova RIP \"HKS 41\" veya \"PANTONE 217\" renklerini tan\u0131maz.<\/p>\n<h2>Verilerinizi 1:1 oran\u0131nda kan\u0131tlay\u0131n ve daha k\u00fc\u00e7\u00fck \u00f6l\u00e7eklendirmeyin<\/h2>\n<p>Bir prova yaln\u0131zca sonraki bask\u0131 ile ayn\u0131 boyutta olu\u015fturulursa anlaml\u0131d\u0131r. Neden mi? Veriler k\u00fc\u00e7\u00fclt\u00fcld\u00fc\u011f\u00fcnde ayr\u0131nt\u0131lar yutulur ve g\u00f6r\u00fcnt\u00fc bile\u015fenleri farkl\u0131 hesaplanabilir. A3 orijinalinde k\u0131rm\u0131z\u0131 ve beyaz ekose desenli bir g\u00f6mlek hala net bir \u015fekilde ay\u0131rt edilebilir renklere sahipken, A6'ya \u00f6l\u00e7eklendirilmi\u015f pedant\u0131 sadece d\u00fcz bir pembe olabilir, \u00e7\u00fcnk\u00fc \u00f6l\u00e7eklendirme ekoseyi bir y\u00fczeye d\u00f6n\u00fc\u015ft\u00fcr\u00fcr. Bu durumda prova hem \u00f6n de\u011ferlendirme hem de bask\u0131 i\u00e7in i\u015fe yaramaz. Bu nedenle, t\u00fcm motifi k\u00fc\u00e7\u00fcltmektense nihai format\u0131n 1:1'lik bir b\u00f6l\u00fcm\u00fcn\u00fc prova etmek daha iyidir.<\/p>\n<h2>UGRA\/Fogra Media Wedge 3.0 ile kan\u0131tlama<\/h2>\n<p>Bir prova yaln\u0131zca bir medya takozuna sahipse renkli ve yasal olarak ba\u011flay\u0131c\u0131d\u0131r. Her ne kadar 2.2 s\u00fcr\u00fcm\u00fcndeki eski medya takozu baz\u0131 hizmet sa\u011flay\u0131c\u0131larda hala standart olsa da, medya takozunun 3.0 s\u00fcr\u00fcm\u00fc 8 y\u0131ld\u0131r yay\u0131nlanmaktad\u0131r. Yani hala 2 medya takozunu kullananlar muhtemelen 2008'den beri prova yaz\u0131l\u0131mlar\u0131n\u0131 g\u00fcncellememi\u015flerdir. Bu hizmet sa\u011flay\u0131c\u0131lardan ka\u00e7\u0131n\u0131n. Ayr\u0131ca medya takozunu bir test raporuyla birlikte al\u0131rsan\u0131z, siz ve matbaa prova verilerinin ISO standard\u0131n\u0131n toleranslar\u0131 dahilinde oldu\u011funu ilk bak\u0131\u015fta anlayabilirsiniz.<\/p>\n<p>Test raporuyla birlikte g\u00fcncel bir UGRA\/Fogra medya takozu CMYK V3.0'\u0131 burada g\u00f6rebilirsiniz:<a href=\"https:\/\/blog1.proofen.de\/wp-content\/uploads\/2014\/02\/medienkeil_mit_pruefprotokoll.jpg\"><img loading=\"lazy\" decoding=\"async\" class=\"alignright size-full wp-image-881\" src=\"https:\/\/blog1.proofen.de\/wp-content\/uploads\/2014\/02\/medienkeil_mit_pruefprotokoll.jpg\" alt=\"media_wedge_with_test_log\" width=\"540\" height=\"315\" srcset=\"https:\/\/blog.proofs.de\/wp-content\/uploads\/2014\/02\/medienkeil_mit_pruefprotokoll.jpg 540w, https:\/\/blog.proofs.de\/wp-content\/uploads\/2014\/02\/medienkeil_mit_pruefprotokoll-300x175.jpg 300w, https:\/\/blog.proofs.de\/wp-content\/uploads\/2014\/02\/medienkeil_mit_pruefprotokoll-500x291.jpg 500w\" sizes=\"auto, (max-width: 540px) 100vw, 540px\"><\/a><\/p>\n<h2>Do\u011fru i\u015f biletine sahip oldu\u011funuzdan emin olun<\/h2>\n<p>ISO 12647-7'ye g\u00f6re, her bir kan\u0131t a\u015fa\u011f\u0131dakileri i\u00e7ermelidir <a href=\"https:\/\/blog.proofs.de\/tr\/lexikon\/jobticket\/\" target=\"_self\" title=\"Her renkli ve yasal olarak ba\u011flay\u0131c\u0131 prova, prova ve veri i\u015fleme ile ilgili en \u00f6nemli temel verilerin listelendi\u011fi bir i\u015f biletine sahiptir.\" class=\"encyclopedia\">\u0130\u015f bileti<\/a> en az\u0131ndan a\u015fa\u011f\u0131daki gerekliliklere sahip olmal\u0131d\u0131r: \"basit ve anla\u015f\u0131l\u0131r\":<\/p>\n<ul>\n<li>Bask\u0131 sisteminin ad\u0131 (yaz\u0131c\u0131, yaz\u0131l\u0131m)<\/li>\n<li>Renklendiricilerin (m\u00fcrekkeplerin) tan\u0131mlanmas\u0131<\/li>\n<li>Kullan\u0131lan alt tabakan\u0131n tan\u0131m\u0131<\/li>\n<li>Sim\u00fcle edilecek bas\u0131n\u00e7 ko\u015fulunun etiketlenmesi<\/li>\n<li>Kan\u0131t olu\u015fturma tarihi ve saati<\/li>\n<li>Son kalibrasyonun tarihi ve saati<\/li>\n<li>Kullan\u0131lm\u0131\u015f <a href=\"https:\/\/blog.proofs.de\/tr\/lexikon\/farbprofil\/\" target=\"_self\" title=\"Bir renk i\u015fleme cihaz\u0131n\u0131n \u00f6zellikleri bir renk profilinde saklan\u0131r.  Bu t\u00fcr cihazlar taray\u0131c\u0131lar, yaz\u0131c\u0131lar ve monit\u00f6rler olabilir.  Renk profillerinin yard\u0131m\u0131yla bir cihaz\u0131n hangi renk aral\u0131\u011f\u0131n\u0131 g\u00f6sterebilece\u011fini g\u00f6rmek m\u00fcmk\u00fcnd\u00fcr.&nbsp;\" class=\"encyclopedia\">Renk profili<\/a>e, ancak en az\u0131ndan kullan\u0131lan sim\u00fclasyon profili ve sim\u00fclasyon i\u00e7in i\u015fleme amac\u0131<\/li>\n<\/ul>\n<p>Prova \u00fczerine daha az\u0131 de\u011fil, daha fazlas\u0131 da bas\u0131lmal\u0131d\u0131r.<\/p>\n<h2><span style=\"color: #000000; font-weight: bold;\">Hizmet sa\u011flay\u0131c\u0131n\u0131z\u0131n en yeni prova yaz\u0131l\u0131m\u0131 ve donan\u0131m\u0131na sahip oldu\u011fundan emin olun<\/span><\/h2>\n<p>Ne yaz\u0131k ki, 10 y\u0131l\u0131 a\u015fk\u0131n s\u00fcredir prova sistemlerini kalibre etmemi\u015f hizmet sa\u011flay\u0131c\u0131lar\u0131 biliyoruz. Prova yaz\u0131l\u0131mlar\u0131 da hala 2003 y\u0131l\u0131ndan kalma, dolay\u0131s\u0131yla art\u0131k ISO 12647-7'ye uygun prova \u00fcretemedikleri a\u015fikar. Bu t\u00fcr \u015firketler prova satmalar\u0131na ra\u011fmen <a href=\"https:\/\/blog.proofs.de\/tr\/lexikon\/led\/\" target=\"_self\" title='LED, &quot;\u0131\u015f\u0131k yayan diyot&quot; anlam\u0131na gelir ve grafik end\u00fcstrisinde neon t\u00fcpler ve tungsten lambalar gibi eski \u0131\u015f\u0131k kaynaklar\u0131n\u0131n yerini alan yeni &quot;LED&quot; \u0131\u015f\u0131k anlam\u0131na gelir. Neon t\u00fcpler \u00e7o\u011funlukla D50 veya D65 standart \u0131\u015f\u0131k aral\u0131\u011f\u0131ndan bilinirken, tungsten \u0131\u015f\u0131k kaynaklar\u0131 \u00e7o\u011funlukla spektrofotometreler ve kolorimetreler gibi renk \u00f6l\u00e7\u00fcm cihazlar\u0131nda kullan\u0131l\u0131yordu....' class=\"encyclopedia\">led<\/a>Yaln\u0131zca renkli ka\u011f\u0131t. Bu nedenle prova hizmeti sa\u011flay\u0131c\u0131n\u0131z\u0131n en yeni yaz\u0131l\u0131m ve donan\u0131m\u0131 kulland\u0131\u011f\u0131ndan emin olun. \u00d6zellikle HKS ve Pantone renklerini sim\u00fcle ederken, her yeni donan\u0131m ve yeni yaz\u0131l\u0131m g\u00f6zle g\u00f6r\u00fcl\u00fcr iyile\u015ftirmeler getirir. Ve PDF X-4 gibi modern PDF formatlar\u0131 bile eski RIP'lerde do\u011fru \u015fekilde i\u015flenemez.<\/p>\n<h2>Sadece ISO 12647-7 uyar\u0131nca ger\u00e7ek \"s\u00f6zle\u015fme kan\u0131tlar\u0131n\u0131\" kabul edin<\/h2>\n<p>ISO standard\u0131 a\u00e7\u0131k ve nettir:<br>\nISO 12647-7 = \"S\u00f6zle\u015fme <strong>Kan\u0131t<\/strong>\"<br>\nISO 12648-8 = \"Do\u011frulama <strong>Yazd\u0131r<\/strong>\"<br>\nBununla birlikte, baz\u0131 hizmet sa\u011flay\u0131c\u0131lar\u0131n hayal g\u00fcc\u00fc s\u0131n\u0131r tan\u0131m\u0131yor: ISO yar\u0131 ton provalar\u0131, Schwaben provalar\u0131 ... bunlar\u0131n arkas\u0131nda genellikle bir \"<a href=\"https:\/\/blog.proofs.de\/tr\/lexikon\/validation-print\/\" target=\"_self\" title=\"Do\u011frulama bask\u0131s\u0131, ISO 12647-8 uyar\u0131nca renk do\u011frulu\u011fu olan bir bask\u0131d\u0131r. Do\u011frulama bask\u0131s\u0131, ISO 12647-7 uyar\u0131nca s\u00f6zle\u015fme provas\u0131ndan daha y\u00fcksek renk toleranslar\u0131na sahiptir ve ikincisinden farkl\u0131 olarak renk ve yasal ba\u011flay\u0131c\u0131l\u0131\u011f\u0131 OLMAYAN bir bask\u0131d\u0131r.\" class=\"encyclopedia\">Do\u011frulama Bask\u0131s\u0131<\/a>\" ISO 12647'ye g\u00f6re<strong>-8<\/strong>. \u0130lk bak\u0131\u015fta, bu sadece ISO 12647'nin arkas\u0131nda yedi yerine sekiz gibi g\u00f6r\u00fcn\u00fcyor, ancak: <strong>Bu s\u00f6zde \"provalar\" asl\u0131nda sadece \"bask\u0131lard\u0131r\" ve renkli ve yasal olarak ba\u011flay\u0131c\u0131 DE\u011e\u0130LD\u0130R,&nbsp;<\/strong>\u00e7\u00fcnk\u00fc -8 i\u00e7in -7'ye g\u00f6re daha y\u00fcksek toleranslar ge\u00e7erlidir! Bu nedenle, baz\u0131 hizmet sa\u011flay\u0131c\u0131lardan \u00e7ok ucuz \"\u00f6zenti provalar\" sipari\u015f etmeden \u00f6nce, ger\u00e7ekten renkli ve yasal olarak ba\u011flay\u0131c\u0131 bir \"<a href=\"https:\/\/blog.proofs.de\/tr\/lexikon\/kontrakt-proof\/\" target=\"_self\" title='S\u00f6zle\u015fme provas\u0131, ISO 12647-7 uyar\u0131nca renk ba\u011flay\u0131c\u0131 ve yasal olarak ba\u011flay\u0131c\u0131 bir provad\u0131r. S\u00f6zle\u015fme provas\u0131 \u015fu anda en s\u0131k\u0131 toleranslara sahip en y\u00fcksek prova standard\u0131d\u0131r ve bu nedenle bir &quot;s\u00f6zle\u015fme&quot;, yani prova olu\u015fturucu ile matbaa aras\u0131nda bir s\u00f6zle\u015fme olarak kabul edilir.' class=\"encyclopedia\">S\u00f6zle\u015fme Kan\u0131t\u0131<\/a>\" ISO 12647-7'ye g\u00f6re. \"Kontrakt\" prova ve bask\u0131 aras\u0131ndaki \"s\u00f6zle\u015fme\" anlam\u0131na gelir. Fogra ve ISO sadece bir \u00fcr\u00fcn\u00fc \"prova\" ve di\u011ferini sadece \"bask\u0131\" olarak adland\u0131rmakla iyi yapm\u0131\u015flard\u0131r. Bu y\u00fczden l\u00fctfen kimsenin size \"prova\" yerine \"bask\u0131\" satmas\u0131na izin vermeyin. Biri renkli ve yasal olarak ba\u011flay\u0131c\u0131d\u0131r, di\u011feri de\u011fildir.<\/p>\n<h2>Prova hizmeti sa\u011flay\u0131c\u0131n\u0131z\u0131n ge\u00e7erli sertifikalara sahip oldu\u011fundan emin olun<\/h2>\n<p>\u00c7ok say\u0131da prova hizmeti sa\u011flay\u0131c\u0131s\u0131 web sitelerinde Fogra logolar\u0131 ile reklam yapmaktad\u0131r. Fogra asl\u0131nda, provalar\u0131 ayr\u0131nt\u0131l\u0131 bir incelemeden ge\u00e7mek zorunda olan prova \u015firketlerini de sertifikaland\u0131rmaktad\u0131r. Fogra sertifikalar\u0131 sadece bir medya takozunun test edilmesinin \u00e7ok \u00f6tesine ge\u00e7er ve sertifika i\u00e7in yerine getirilmesi gereken bir\u00e7ok ba\u015fka test kriterini de i\u00e7erir. Fogra sertifikalar\u0131 bir y\u0131l sonra ge\u00e7erlili\u011fini yitirir. Prova kalitesi daha sonra yeniden sertifikaland\u0131rma s\u0131ras\u0131nda Fogra taraf\u0131ndan yeniden onaylanmal\u0131d\u0131r.<\/p>\n<p>Bir\u00e7ok hizmet sa\u011flay\u0131c\u0131, kalitelerinin Fogra taraf\u0131ndan yeniden incelenmesinden \u00e7ekinmekte, ancak baz\u0131lar\u0131 2008 y\u0131l\u0131nda sona eren sertifikalar\u0131n\u0131n reklam\u0131n\u0131 y\u0131llar sonra yapmaya devam etmektedir. Fogra sertifikalar\u0131n\u0131 yaln\u0131zca a\u015fa\u011f\u0131dakileri sa\u011flayabiliyorsan\u0131z kabul edin \"<a href=\"https:\/\/blog.proofs.de\/tr\/lexikon\/contract-proof\/\" target=\"_self\" title='S\u00f6zle\u015fme provas\u0131, ISO 12647-7 uyar\u0131nca renk ba\u011flay\u0131c\u0131 ve yasal olarak ba\u011flay\u0131c\u0131 bir provad\u0131r. S\u00f6zle\u015fme provas\u0131 \u015fu anda en s\u0131k\u0131 toleranslara sahip en y\u00fcksek prova standard\u0131d\u0131r ve bu nedenle bir &quot;s\u00f6zle\u015fme&quot;, yani prova olu\u015fturucu ile matbaa aras\u0131nda bir s\u00f6zle\u015fme olarak kabul edilir.' class=\"encyclopedia\">S\u00f6zle\u015fme Kan\u0131t\u0131<\/a> Yarat\u0131l\u0131\u015f\" ve be\u015f basamakl\u0131 bir numara ta\u015f\u0131r. Bu numaray\u0131 Fogra'da ara\u015ft\u0131rabilirsiniz:&nbsp;<a title=\"S\u00f6zle\u015fme Kan\u0131t\u0131 Olu\u015fturma sertifikas\u0131n\u0131n Fogra do\u011frulamas\u0131\" href=\"https:\/\/fogra.org\/zertifizieren\/zertifizierte-partner-und-unternehmen\/contract-proof-creation-cpc\">https:\/\/fogra.org\/zertifizieren\/zertifizierte-partner-und-unternehmen\/contract-proof-creation-cpc<\/a><\/p>\n<p>Sertifika numaras\u0131 girildikten sonra bir sonu\u00e7 \u00e7\u0131karsa, kan\u0131t hizmet sa\u011flay\u0131c\u0131s\u0131n\u0131n g\u00f6r\u00fcnt\u00fclenebilecek ge\u00e7erli bir sertifikas\u0131 vard\u0131r. Herhangi bir sonu\u00e7 \u00e7\u0131kmazsa, hizmet sa\u011flay\u0131c\u0131 yaln\u0131zca bunun reklam\u0131n\u0131 yapar, ancak ge\u00e7erli bir Fogra sertifikas\u0131na sahip de\u011fildir. Ne yaz\u0131k ki, Fogra sertifikalar\u0131n\u0131 yeterince kontrol etmedi\u011finden, bu durum \u015fu anda bir\u00e7ok kan\u0131t hizmeti sa\u011flay\u0131c\u0131s\u0131 i\u00e7in ge\u00e7erlidir.<\/p>\n<p><a title=\"Fogra 39 i\u00e7in Proof GmbH Fogra sertifikas\u0131\" href=\"https:\/\/fogra.org\/zertifizieren\/zertifizierte-partner-und-unternehmen\/pruefdrucksubstrat?filter%5Bcompany%5D=Proof+GmbH&amp;filter%5Bsubstrate%5D=&amp;filter%5Boba_category%5D=all&amp;filter%5Bpapertype%5D=all&amp;filter%5Breport_number%5D=&amp;filter%5Blogo_number%5D=&amp;filter%5Bfull_text%5D=\">Burada Fogra 39'a g\u00f6re kan\u0131t \u00fcretimi i\u00e7in ge\u00e7erli Fogra sertifikam\u0131z\u0131 g\u00f6rebilirsiniz<\/a><br>\n<a title=\"Proof GmbH&#039;nin Fogra sertifikas\u0131\" href=\"https:\/\/blog1.proofen.de\/wp-content\/uploads\/2013\/09\/Fogra_zertifikat_titel.pdf\">Ge\u00e7erli bir Fogra sertifikas\u0131n\u0131 burada g\u00f6rebilirsiniz<\/a><br>\n<a title=\"Proof GmbH&#039;nin ayr\u0131nt\u0131l\u0131 Fogra test raporu\" href=\"https:\/\/blog1.proofen.de\/wp-content\/uploads\/2013\/09\/Fogra_zertifikat.pdf\">Sertifikasyonla ilgili ayr\u0131nt\u0131l\u0131 Fogra test raporunu burada g\u00f6rebilirsiniz<\/a><\/p>","protected":false},"excerpt":{"rendered":"<p>Prova olu\u015fturmak asl\u0131nda olduk\u00e7a basittir. Ancak deneyimler, bir\u00e7ok m\u00fc\u015fterinin ayn\u0131 hatalara tekrar tekrar d\u00fc\u015ft\u00fc\u011f\u00fcn\u00fc g\u00f6stermi\u015ftir. Ba\u015far\u0131l\u0131 bir prova i\u015fi i\u00e7in en \u00f6nemli on noktay\u0131 bir araya getirdik: 1: \u00dcretim s\u00fcrecinde m\u00fcmk\u00fcn oldu\u011funca ge\u00e7 prova yap\u0131n 2: Ama\u00e7lar\u0131n\u0131z i\u00e7in do\u011fru prova profilini se\u00e7in 3: RGB veya LAB g\u00f6r\u00fcnt\u00fcleri CMYK'ya d\u00f6n\u00fc\u015ft\u00fcr\u00fcn 4: Pantone ve HKS renklerini do\u011fru adland\u0131r\u0131n 5: Verilerinizi 1:1 oran\u0131nda prova edin ve k\u00fc\u00e7\u00fcltmeyin 6: Her zaman UGRA\/Fogra media wedge 3.0 ile prova yap\u0131n 7: Do\u011fru bir i\u015f biletiniz oldu\u011fundan emin olun 8: ... <\/p>\n<p class=\"read-more-container\"><a title=\"prova yaparken mutlaka g\u00f6z \u00f6n\u00fcnde bulundurmaniz gereken on nokta\" class=\"read-more button\" href=\"https:\/\/blog.proofs.de\/tr\/zehn-punkte-die-sie-beim-proof-unbedingt-beachten-sollten\/#more-875\" aria-label=\"Proof s\u0131ras\u0131nda mutlaka dikkat etmeniz gereken on nokta hakk\u0131nda daha fazla bilgi edinin.\">Daha fazla bilgi edinin<\/a><\/p>","protected":false},"author":2,"featured_media":0,"comment_status":"open","ping_status":"open","sticky":false,"template":"","format":"standard","meta":{"om_disable_all_campaigns":false,"inline_featured_image":false,"_monsterinsights_skip_tracking":false,"footnotes":""},"categories":[1,443,441,7],"tags":[281,520,521,522,544,282,19,535,519,280,525],"class_list":["post-875","post","type-post","status-publish","format-standard","hentry","category-allgemein","category-haeufige-fragen-zu-proofs","category-layout-tipps-und-tricks","category-proof-wissen","tag-digital-proof","tag-digitalproof","tag-farbproof","tag-fogra","tag-iso-12647","tag-jobticket","tag-medienkeil","tag-online-proof","tag-proof","tag-proof-tips","tag-ugra","generate-columns","tablet-grid-50","mobile-grid-100","grid-parent","grid-50","no-featured-image-padding"],"aioseo_notices":[],"aioseo_head":"\n\t\t<!-- All in One SEO 5.0.1.1 - aioseo.com -->\n\t<meta name=\"description\" content=\"Was unterscheidet gute von schlechten Proofs? Wir erkl\u00e4ren, was Sie beim Proof beachten m\u00fcssen, damit Ihr &quot;Proof&quot; auch wirklich farb- und rechtsverbindlich ist.\" \/>\n\t<meta name=\"robots\" content=\"max-image-preview:large\" \/>\n\t<meta name=\"author\" content=\"Matthias Betz\"\/>\n\t<meta name=\"google-site-verification\" content=\"TuXxyRwxcEg2-WfOaQ8vScWQh3-uBAnxXmY7g3GT90A\" \/>\n\t<meta name=\"keywords\" content=\"proof,farbproof,digitalproof,online proof,proof tips,digital proof,fogra,iso 12647,jobticket,medienkeil,ugra\" \/>\n\t<link rel=\"canonical\" href=\"https:\/\/blog.proofs.de\/tr\/zehn-punkte-die-sie-beim-proof-unbedingt-beachten-sollten\/\" \/>\n\t<meta name=\"generator\" content=\"All in One SEO (AIOSEO) 5.0.1.1\" \/>\n\n\t\t<meta name=\"seobility\" content=\"593a8578143db71543f014978c690d47\">\n\t\t<meta property=\"og:locale\" content=\"tr_TR\" \/>\n\t\t<meta property=\"og:site_name\" content=\"Proof.de | Alles zu Proof, Farbmanagement, Grafik, Messtechnik &amp; Co.\" \/>\n\t\t<meta property=\"og:type\" content=\"article\" \/>\n\t\t<meta property=\"og:title\" content=\"Zehn Punkte, die Sie beim Proof beachten m\u00fcssen. | proof.de\" \/>\n\t\t<meta property=\"og:description\" content=\"Was unterscheidet gute von schlechten Proofs? Wir erkl\u00e4ren, was Sie beim Proof beachten m\u00fcssen, damit Ihr &quot;Proof&quot; auch wirklich farb- und rechtsverbindlich ist.\" \/>\n\t\t<meta property=\"og:url\" content=\"https:\/\/blog.proofs.de\/tr\/zehn-punkte-die-sie-beim-proof-unbedingt-beachten-sollten\/\" \/>\n\t\t<meta property=\"og:image\" content=\"https:\/\/blog1.proofen.de\/wp-content\/uploads\/2020\/04\/proof_background.jpg\" \/>\n\t\t<meta property=\"og:image:secure_url\" content=\"https:\/\/blog1.proofen.de\/wp-content\/uploads\/2020\/04\/proof_background.jpg\" \/>\n\t\t<meta property=\"article:published_time\" content=\"2014-03-01T23:04:24+00:00\" \/>\n\t\t<meta property=\"article:modified_time\" content=\"2025-04-07T14:54:10+00:00\" \/>\n\t\t<meta property=\"article:publisher\" content=\"https:\/\/www.facebook.com\/Proof.de\/\" \/>\n\t\t<meta name=\"twitter:card\" content=\"summary\" \/>\n\t\t<meta name=\"twitter:title\" content=\"Zehn Punkte, die Sie beim Proof beachten m\u00fcssen. | proof.de\" \/>\n\t\t<meta name=\"twitter:description\" content=\"Was unterscheidet gute von schlechten Proofs? Wir erkl\u00e4ren, was Sie beim Proof beachten m\u00fcssen, damit Ihr &quot;Proof&quot; auch wirklich farb- und rechtsverbindlich ist.\" \/>\n\t\t<meta name=\"twitter:image\" content=\"https:\/\/blog1.proofen.de\/wp-content\/uploads\/2020\/04\/proof_background.jpg\" \/>\n\t\t<script type=\"application\/ld+json\" class=\"aioseo-schema\">\n\t\t\t{\"@context\":\"https:\\\/\\\/schema.org\",\"@graph\":[{\"@type\":\"Article\",\"@id\":\"https:\\\/\\\/blog.proofs.de\\\/tr\\\/zehn-punkte-die-sie-beim-proof-unbedingt-beachten-sollten\\\/#article\",\"name\":\"Zehn Punkte, die Sie beim Proof beachten m\\u00fcssen. | proof.de\",\"headline\":\"Zehn Punkte, die Sie beim Proof unbedingt beachten sollten.\",\"author\":{\"@id\":\"https:\\\/\\\/blog.proofs.de\\\/tr\\\/author\\\/mbetz\\\/#author\"},\"publisher\":{\"@id\":\"https:\\\/\\\/blog.proofs.de\\\/tr\\\/#organization\"},\"image\":{\"@type\":\"ImageObject\",\"url\":\"https:\\\/\\\/blog1.proofen.de\\\/wp-content\\\/uploads\\\/2014\\\/02\\\/medienkeil_mit_pruefprotokoll.jpg\",\"@id\":\"https:\\\/\\\/blog.proofs.de\\\/tr\\\/zehn-punkte-die-sie-beim-proof-unbedingt-beachten-sollten\\\/#articleImage\"},\"datePublished\":\"2014-03-02T00:04:24+01:00\",\"dateModified\":\"2025-04-07T16:54:10+02:00\",\"inLanguage\":\"tr-TR\",\"commentCount\":6,\"mainEntityOfPage\":{\"@id\":\"https:\\\/\\\/blog.proofs.de\\\/tr\\\/zehn-punkte-die-sie-beim-proof-unbedingt-beachten-sollten\\\/#webpage\"},\"isPartOf\":{\"@id\":\"https:\\\/\\\/blog.proofs.de\\\/tr\\\/zehn-punkte-die-sie-beim-proof-unbedingt-beachten-sollten\\\/#webpage\"},\"articleSection\":\"Allgemein, H\\u00e4ufige Fragen zu Proofs, Layout Tipps, Proof Wissen, Digital Proof, Digitalproof, Farbproof, Fogra, ISO 12647, Jobticket, Medienkeil, Online Proof, Proof, Proof Tips, UGRA\"},{\"@type\":\"BreadcrumbList\",\"@id\":\"https:\\\/\\\/blog.proofs.de\\\/tr\\\/zehn-punkte-die-sie-beim-proof-unbedingt-beachten-sollten\\\/#breadcrumblist\",\"itemListElement\":[{\"@type\":\"ListItem\",\"@id\":\"https:\\\/\\\/blog.proofs.de\\\/tr#listItem\",\"position\":1,\"name\":\"Home\",\"item\":\"https:\\\/\\\/blog.proofs.de\\\/tr\",\"nextItem\":{\"@type\":\"ListItem\",\"@id\":\"https:\\\/\\\/blog.proofs.de\\\/tr\\\/thema\\\/proof-wissen\\\/#listItem\",\"name\":\"Proof Wissen\"}},{\"@type\":\"ListItem\",\"@id\":\"https:\\\/\\\/blog.proofs.de\\\/tr\\\/thema\\\/proof-wissen\\\/#listItem\",\"position\":2,\"name\":\"Proof Wissen\",\"item\":\"https:\\\/\\\/blog.proofs.de\\\/tr\\\/thema\\\/proof-wissen\\\/\",\"nextItem\":{\"@type\":\"ListItem\",\"@id\":\"https:\\\/\\\/blog.proofs.de\\\/tr\\\/thema\\\/proof-wissen\\\/layout-tipps-und-tricks\\\/#listItem\",\"name\":\"Layout Tipps\"},\"previousItem\":{\"@type\":\"ListItem\",\"@id\":\"https:\\\/\\\/blog.proofs.de\\\/tr#listItem\",\"name\":\"Home\"}},{\"@type\":\"ListItem\",\"@id\":\"https:\\\/\\\/blog.proofs.de\\\/tr\\\/thema\\\/proof-wissen\\\/layout-tipps-und-tricks\\\/#listItem\",\"position\":3,\"name\":\"Layout Tipps\",\"item\":\"https:\\\/\\\/blog.proofs.de\\\/tr\\\/thema\\\/proof-wissen\\\/layout-tipps-und-tricks\\\/\",\"nextItem\":{\"@type\":\"ListItem\",\"@id\":\"https:\\\/\\\/blog.proofs.de\\\/tr\\\/zehn-punkte-die-sie-beim-proof-unbedingt-beachten-sollten\\\/#listItem\",\"name\":\"Zehn Punkte, die Sie beim Proof unbedingt beachten sollten.\"},\"previousItem\":{\"@type\":\"ListItem\",\"@id\":\"https:\\\/\\\/blog.proofs.de\\\/tr\\\/thema\\\/proof-wissen\\\/#listItem\",\"name\":\"Proof Wissen\"}},{\"@type\":\"ListItem\",\"@id\":\"https:\\\/\\\/blog.proofs.de\\\/tr\\\/zehn-punkte-die-sie-beim-proof-unbedingt-beachten-sollten\\\/#listItem\",\"position\":4,\"name\":\"Zehn Punkte, die Sie beim Proof unbedingt beachten sollten.\",\"previousItem\":{\"@type\":\"ListItem\",\"@id\":\"https:\\\/\\\/blog.proofs.de\\\/tr\\\/thema\\\/proof-wissen\\\/layout-tipps-und-tricks\\\/#listItem\",\"name\":\"Layout Tipps\"}}]},{\"@type\":\"Organization\",\"@id\":\"https:\\\/\\\/blog.proofs.de\\\/tr\\\/#organization\",\"name\":\"Proof GmbH\",\"description\":\"Farbverbindlicher Proof, Farbproof, Digitalproof und Online-Proof.\",\"url\":\"https:\\\/\\\/blog.proofs.de\\\/tr\\\/\",\"telephone\":\"+4970717952740\",\"logo\":{\"@type\":\"ImageObject\",\"url\":\"https:\\\/\\\/blog1.proofen.de\\\/wp-content\\\/uploads\\\/2019\\\/09\\\/logo_proof_rgb_mit_balken_250px.png\",\"@id\":\"https:\\\/\\\/blog.proofs.de\\\/tr\\\/zehn-punkte-die-sie-beim-proof-unbedingt-beachten-sollten\\\/#organizationLogo\"},\"image\":{\"@id\":\"https:\\\/\\\/blog.proofs.de\\\/tr\\\/zehn-punkte-die-sie-beim-proof-unbedingt-beachten-sollten\\\/#organizationLogo\"},\"sameAs\":[\"https:\\\/\\\/www.facebook.com\\\/Proof.de\\\/\",\"https:\\\/\\\/www.instagram.com\\\/proof.de\\\/\",\"https:\\\/\\\/www.tiktok.com\\\/@proof_de\",\"https:\\\/\\\/www.youtube.com\\\/channel\\\/UCk80fQVQ25wC9wu3SywB-Nw\",\"https:\\\/\\\/www.linkedin.com\\\/company\\\/proof-de\"]},{\"@type\":\"Person\",\"@id\":\"https:\\\/\\\/blog.proofs.de\\\/tr\\\/author\\\/mbetz\\\/#author\",\"url\":\"https:\\\/\\\/blog.proofs.de\\\/tr\\\/author\\\/mbetz\\\/\",\"name\":\"Matthias Betz\",\"image\":{\"@type\":\"ImageObject\",\"@id\":\"https:\\\/\\\/blog.proofs.de\\\/tr\\\/zehn-punkte-die-sie-beim-proof-unbedingt-beachten-sollten\\\/#authorImage\",\"url\":\"https:\\\/\\\/blog.proofs.de\\\/wp-content\\\/uploads\\\/2020\\\/10\\\/matthias-betz-e1603934518350-150x150.png\",\"width\":96,\"height\":96,\"caption\":\"Matthias Betz\"}},{\"@type\":\"WebPage\",\"@id\":\"https:\\\/\\\/blog.proofs.de\\\/tr\\\/zehn-punkte-die-sie-beim-proof-unbedingt-beachten-sollten\\\/#webpage\",\"url\":\"https:\\\/\\\/blog.proofs.de\\\/tr\\\/zehn-punkte-die-sie-beim-proof-unbedingt-beachten-sollten\\\/\",\"name\":\"Zehn Punkte, die Sie beim Proof beachten m\\u00fcssen. | proof.de\",\"description\":\"Was unterscheidet gute von schlechten Proofs? Wir erkl\\u00e4ren, was Sie beim Proof beachten m\\u00fcssen, damit Ihr \\\"Proof\\\" auch wirklich farb- und rechtsverbindlich ist.\",\"inLanguage\":\"tr-TR\",\"isPartOf\":{\"@id\":\"https:\\\/\\\/blog.proofs.de\\\/tr\\\/#website\"},\"breadcrumb\":{\"@id\":\"https:\\\/\\\/blog.proofs.de\\\/tr\\\/zehn-punkte-die-sie-beim-proof-unbedingt-beachten-sollten\\\/#breadcrumblist\"},\"author\":{\"@id\":\"https:\\\/\\\/blog.proofs.de\\\/tr\\\/author\\\/mbetz\\\/#author\"},\"creator\":{\"@id\":\"https:\\\/\\\/blog.proofs.de\\\/tr\\\/author\\\/mbetz\\\/#author\"},\"datePublished\":\"2014-03-02T00:04:24+01:00\",\"dateModified\":\"2025-04-07T16:54:10+02:00\"},{\"@type\":\"WebSite\",\"@id\":\"https:\\\/\\\/blog.proofs.de\\\/tr\\\/#website\",\"url\":\"https:\\\/\\\/blog.proofs.de\\\/tr\\\/\",\"name\":\"Proof.de\",\"description\":\"Farbverbindlicher Proof, Farbproof, Digitalproof und Online-Proof.\",\"inLanguage\":\"tr-TR\",\"publisher\":{\"@id\":\"https:\\\/\\\/blog.proofs.de\\\/tr\\\/#organization\"}}]}\n\t\t<\/script>\n\t\t<!-- All in One SEO -->\n\n","aioseo_head_json":{"title":"Prova yaparken g\u00f6z \u00f6n\u00fcnde bulundurman\u0131z gereken on nokta. | proof.de","description":"\u0130yi provalar\u0131 k\u00f6t\u00fc olanlardan ay\u0131ran nedir? \"\u0130spat\u0131n\u0131z\u0131n\" ger\u00e7ekten renkli ve yasal olarak ba\u011flay\u0131c\u0131 olmas\u0131n\u0131 sa\u011flamak i\u00e7in ispat yaparken nelere dikkat etmeniz gerekti\u011fini a\u00e7\u0131kl\u0131yoruz.","canonical_url":"https:\/\/blog.proofs.de\/tr\/zehn-punkte-die-sie-beim-proof-unbedingt-beachten-sollten\/","robots":"max-image-preview:large","keywords":"proof,farbproof,digitalproof,online proof,proof tips,digital proof,fogra,iso 12647,jobticket,medienkeil,ugra","webmasterTools":{"google-site-verification":"TuXxyRwxcEg2-WfOaQ8vScWQh3-uBAnxXmY7g3GT90A","miscellaneous":"&lt;meta name=\"seobility\" content=\"593a8578143db71543f014978c690d47\"&gt;"},"schema":{"@context":"https:\/\/schema.org","@graph":[{"@type":"Article","@id":"https:\/\/blog.proofs.de\/tr\/zehn-punkte-die-sie-beim-proof-unbedingt-beachten-sollten\/#article","name":"Zehn Punkte, die Sie beim Proof beachten m\u00fcssen. | proof.de","headline":"Zehn Punkte, die Sie beim Proof unbedingt beachten sollten.","author":{"@id":"https:\/\/blog.proofs.de\/tr\/author\/mbetz\/#author"},"publisher":{"@id":"https:\/\/blog.proofs.de\/tr\/#organization"},"image":{"@type":"ImageObject","url":"https:\/\/blog1.proofen.de\/wp-content\/uploads\/2014\/02\/medienkeil_mit_pruefprotokoll.jpg","@id":"https:\/\/blog.proofs.de\/tr\/zehn-punkte-die-sie-beim-proof-unbedingt-beachten-sollten\/#articleImage"},"datePublished":"2014-03-02T00:04:24+01:00","dateModified":"2025-04-07T16:54:10+02:00","inLanguage":"tr-TR","commentCount":6,"mainEntityOfPage":{"@id":"https:\/\/blog.proofs.de\/tr\/zehn-punkte-die-sie-beim-proof-unbedingt-beachten-sollten\/#webpage"},"isPartOf":{"@id":"https:\/\/blog.proofs.de\/tr\/zehn-punkte-die-sie-beim-proof-unbedingt-beachten-sollten\/#webpage"},"articleSection":"Allgemein, H\u00e4ufige Fragen zu Proofs, Layout Tipps, Proof Wissen, Digital Proof, Digitalproof, Farbproof, Fogra, ISO 12647, Jobticket, Medienkeil, Online Proof, Proof, Proof Tips, UGRA"},{"@type":"BreadcrumbList","@id":"https:\/\/blog.proofs.de\/tr\/zehn-punkte-die-sie-beim-proof-unbedingt-beachten-sollten\/#breadcrumblist","itemListElement":[{"@type":"ListItem","@id":"https:\/\/blog.proofs.de\/tr#listItem","position":1,"name":"Home","item":"https:\/\/blog.proofs.de\/tr","nextItem":{"@type":"ListItem","@id":"https:\/\/blog.proofs.de\/tr\/thema\/proof-wissen\/#listItem","name":"Proof Wissen"}},{"@type":"ListItem","@id":"https:\/\/blog.proofs.de\/tr\/thema\/proof-wissen\/#listItem","position":2,"name":"Proof Wissen","item":"https:\/\/blog.proofs.de\/tr\/thema\/proof-wissen\/","nextItem":{"@type":"ListItem","@id":"https:\/\/blog.proofs.de\/tr\/thema\/proof-wissen\/layout-tipps-und-tricks\/#listItem","name":"Layout Tipps"},"previousItem":{"@type":"ListItem","@id":"https:\/\/blog.proofs.de\/tr#listItem","name":"Home"}},{"@type":"ListItem","@id":"https:\/\/blog.proofs.de\/tr\/thema\/proof-wissen\/layout-tipps-und-tricks\/#listItem","position":3,"name":"Layout Tipps","item":"https:\/\/blog.proofs.de\/tr\/thema\/proof-wissen\/layout-tipps-und-tricks\/","nextItem":{"@type":"ListItem","@id":"https:\/\/blog.proofs.de\/tr\/zehn-punkte-die-sie-beim-proof-unbedingt-beachten-sollten\/#listItem","name":"Zehn Punkte, die Sie beim Proof unbedingt beachten sollten."},"previousItem":{"@type":"ListItem","@id":"https:\/\/blog.proofs.de\/tr\/thema\/proof-wissen\/#listItem","name":"Proof Wissen"}},{"@type":"ListItem","@id":"https:\/\/blog.proofs.de\/tr\/zehn-punkte-die-sie-beim-proof-unbedingt-beachten-sollten\/#listItem","position":4,"name":"Zehn Punkte, die Sie beim Proof unbedingt beachten sollten.","previousItem":{"@type":"ListItem","@id":"https:\/\/blog.proofs.de\/tr\/thema\/proof-wissen\/layout-tipps-und-tricks\/#listItem","name":"Layout Tipps"}}]},{"@type":"Organization","@id":"https:\/\/blog.proofs.de\/tr\/#organization","name":"Proof GmbH","description":"Farbverbindlicher Proof, Farbproof, Digitalproof und Online-Proof.","url":"https:\/\/blog.proofs.de\/tr\/","telephone":"+4970717952740","logo":{"@type":"ImageObject","url":"https:\/\/blog1.proofen.de\/wp-content\/uploads\/2019\/09\/logo_proof_rgb_mit_balken_250px.png","@id":"https:\/\/blog.proofs.de\/tr\/zehn-punkte-die-sie-beim-proof-unbedingt-beachten-sollten\/#organizationLogo"},"image":{"@id":"https:\/\/blog.proofs.de\/tr\/zehn-punkte-die-sie-beim-proof-unbedingt-beachten-sollten\/#organizationLogo"},"sameAs":["https:\/\/www.facebook.com\/Proof.de\/","https:\/\/www.instagram.com\/proof.de\/","https:\/\/www.tiktok.com\/@proof_de","https:\/\/www.youtube.com\/channel\/UCk80fQVQ25wC9wu3SywB-Nw","https:\/\/www.linkedin.com\/company\/proof-de"]},{"@type":"Person","@id":"https:\/\/blog.proofs.de\/tr\/author\/mbetz\/#author","url":"https:\/\/blog.proofs.de\/tr\/author\/mbetz\/","name":"Matthias Betz","image":{"@type":"ImageObject","@id":"https:\/\/blog.proofs.de\/tr\/zehn-punkte-die-sie-beim-proof-unbedingt-beachten-sollten\/#authorImage","url":"https:\/\/blog.proofs.de\/wp-content\/uploads\/2020\/10\/matthias-betz-e1603934518350-150x150.png","width":96,"height":96,"caption":"Matthias Betz"}},{"@type":"WebPage","@id":"https:\/\/blog.proofs.de\/tr\/zehn-punkte-die-sie-beim-proof-unbedingt-beachten-sollten\/#webpage","url":"https:\/\/blog.proofs.de\/tr\/zehn-punkte-die-sie-beim-proof-unbedingt-beachten-sollten\/","name":"Zehn Punkte, die Sie beim Proof beachten m\u00fcssen. | proof.de","description":"Was unterscheidet gute von schlechten Proofs? Wir erkl\u00e4ren, was Sie beim Proof beachten m\u00fcssen, damit Ihr \"Proof\" auch wirklich farb- und rechtsverbindlich ist.","inLanguage":"tr-TR","isPartOf":{"@id":"https:\/\/blog.proofs.de\/tr\/#website"},"breadcrumb":{"@id":"https:\/\/blog.proofs.de\/tr\/zehn-punkte-die-sie-beim-proof-unbedingt-beachten-sollten\/#breadcrumblist"},"author":{"@id":"https:\/\/blog.proofs.de\/tr\/author\/mbetz\/#author"},"creator":{"@id":"https:\/\/blog.proofs.de\/tr\/author\/mbetz\/#author"},"datePublished":"2014-03-02T00:04:24+01:00","dateModified":"2025-04-07T16:54:10+02:00"},{"@type":"WebSite","@id":"https:\/\/blog.proofs.de\/tr\/#website","url":"https:\/\/blog.proofs.de\/tr\/","name":"Proof.de","description":"Farbverbindlicher Proof, Farbproof, Digitalproof und Online-Proof.","inLanguage":"tr-TR","publisher":{"@id":"https:\/\/blog.proofs.de\/tr\/#organization"}}]},"og:locale":"tr_TR","og:site_name":"Proof.de | Alles zu Proof, Farbmanagement, Grafik, Messtechnik &amp; Co.","og:type":"article","og:title":"Zehn Punkte, die Sie beim Proof beachten m\u00fcssen. | proof.de","og:description":"Was unterscheidet gute von schlechten Proofs? Wir erkl\u00e4ren, was Sie beim Proof beachten m\u00fcssen, damit Ihr &quot;Proof&quot; auch wirklich farb- und rechtsverbindlich ist.","og:url":"https:\/\/blog.proofs.de\/tr\/zehn-punkte-die-sie-beim-proof-unbedingt-beachten-sollten\/","og:image":"https:\/\/blog1.proofen.de\/wp-content\/uploads\/2020\/04\/proof_background.jpg","og:image:secure_url":"https:\/\/blog1.proofen.de\/wp-content\/uploads\/2020\/04\/proof_background.jpg","article:published_time":"2014-03-01T23:04:24+00:00","article:modified_time":"2025-04-07T14:54:10+00:00","article:publisher":"https:\/\/www.facebook.com\/Proof.de\/","twitter:card":"summary","twitter:title":"Zehn Punkte, die Sie beim Proof beachten m\u00fcssen. | proof.de","twitter:description":"Was unterscheidet gute von schlechten Proofs? Wir erkl\u00e4ren, was Sie beim Proof beachten m\u00fcssen, damit Ihr &quot;Proof&quot; auch wirklich farb- und rechtsverbindlich ist.","twitter:image":"https:\/\/blog1.proofen.de\/wp-content\/uploads\/2020\/04\/proof_background.jpg"},"aioseo_meta_data":{"post_id":"875","title":"Zehn Punkte, die Sie beim Proof beachten m\u00fcssen. |\u00a0proof.de","description":"\u0130yi provalar\u0131 k\u00f6t\u00fc olanlardan ay\u0131ran nedir? \"\u0130spat\u0131n\u0131z\u0131n\" ger\u00e7ekten renkli ve yasal olarak ba\u011flay\u0131c\u0131 olmas\u0131n\u0131 sa\u011flamak i\u00e7in ispat yaparken nelere dikkat etmeniz gerekti\u011fini a\u00e7\u0131kl\u0131yoruz.","keywords":[{"label":"Proof","value":"Proof"},{"label":"Farbproof","value":"Farbproof"},{"label":"Digitalproof","value":"Digitalproof"},{"label":"Online Proof","value":"Online Proof"},{"label":"Proof Tips","value":"Proof Tips"}],"keyphrases":{"focus":{"keyphrase":"","score":0,"analysis":{"keyphraseInTitle":{"score":0,"maxScore":9,"error":1}}},"additional":[]},"primary_term":null,"canonical_url":null,"og_title":null,"og_description":null,"og_object_type":"default","og_image_type":"default","og_image_url":null,"og_image_width":null,"og_image_height":null,"og_image_custom_url":null,"og_image_custom_fields":null,"og_video":"","og_custom_url":null,"og_article_section":null,"og_article_tags":null,"twitter_use_og":false,"twitter_card":"default","twitter_image_type":"default","twitter_image_url":null,"twitter_image_custom_url":null,"twitter_image_custom_fields":null,"twitter_title":null,"twitter_description":null,"schema":{"blockGraphs":[],"customGraphs":[],"default":{"data":{"Article":[],"Course":[],"Dataset":[],"FAQPage":[],"Movie":[],"Person":[],"Product":[],"ProductReview":[],"Car":[],"Recipe":[],"Service":[],"SoftwareApplication":[],"WebPage":[]},"graphName":"Article","isEnabled":true},"graphs":[],"defaultGraph":"Article","defaultPostTypeGraph":""},"schema_type":"default","schema_type_options":"{\"article\":{\"articleType\":\"BlogPosting\"},\"course\":{\"name\":\"\",\"description\":\"\",\"provider\":\"\"},\"faq\":{\"pages\":[]},\"product\":{\"reviews\":[]},\"recipe\":{\"ingredients\":[],\"instructions\":[],\"keywords\":[]},\"software\":{\"reviews\":[],\"operatingSystems\":[]},\"webPage\":{\"webPageType\":\"WebPage\"}}","pillar_content":false,"robots_default":true,"robots_noindex":false,"robots_noarchive":false,"robots_nosnippet":false,"robots_nofollow":false,"robots_noimageindex":false,"robots_noodp":false,"robots_notranslate":false,"robots_max_snippet":"-1","robots_max_videopreview":"-1","robots_max_imagepreview":"large","priority":null,"frequency":"default","local_seo":null,"breadcrumb_settings":null,"limit_modified_date":false,"ai":null,"created":"2020-12-21 00:36:00","updated":"2025-06-04 14:14:59","seo_analyzer_scan_date":null,"focus_keyword":null,"additional_keywords":null,"truseo_locale":null},"_links":{"self":[{"href":"https:\/\/blog.proofs.de\/tr\/wp-json\/wp\/v2\/posts\/875","targetHints":{"allow":["GET"]}}],"collection":[{"href":"https:\/\/blog.proofs.de\/tr\/wp-json\/wp\/v2\/posts"}],"about":[{"href":"https:\/\/blog.proofs.de\/tr\/wp-json\/wp\/v2\/types\/post"}],"author":[{"embeddable":true,"href":"https:\/\/blog.proofs.de\/tr\/wp-json\/wp\/v2\/users\/2"}],"replies":[{"embeddable":true,"href":"https:\/\/blog.proofs.de\/tr\/wp-json\/wp\/v2\/comments?post=875"}],"version-history":[{"count":9,"href":"https:\/\/blog.proofs.de\/tr\/wp-json\/wp\/v2\/posts\/875\/revisions"}],"predecessor-version":[{"id":6006,"href":"https:\/\/blog.proofs.de\/tr\/wp-json\/wp\/v2\/posts\/875\/revisions\/6006"}],"wp:attachment":[{"href":"https:\/\/blog.proofs.de\/tr\/wp-json\/wp\/v2\/media?parent=875"}],"wp:term":[{"taxonomy":"category","embeddable":true,"href":"https:\/\/blog.proofs.de\/tr\/wp-json\/wp\/v2\/categories?post=875"},{"taxonomy":"post_tag","embeddable":true,"href":"https:\/\/blog.proofs.de\/tr\/wp-json\/wp\/v2\/tags?post=875"}],"curies":[{"name":"wp","href":"https:\/\/api.w.org\/{rel}","templated":true}]}}